{"id":1014,"date":"2009-02-15T16:01:31","date_gmt":"2009-02-15T15:01:31","guid":{"rendered":"http:\/\/wp.kristdemokraterna.se\/solna2\/?p=1014"},"modified":"2018-01-10T16:01:49","modified_gmt":"2018-01-10T15:01:49","slug":"arsmote-pa-sockerbiten-i-ritorp","status":"publish","type":"post","link":"https:\/\/wp.kristdemokraterna.se\/solna\/arsmote-pa-sockerbiten-i-ritorp\/","title":{"rendered":"\u00c5rsm\u00f6te p\u00e5 Sockerbiten i Ritorp!"},"content":{"rendered":"<p>\u00c5rsm\u00f6tet inleddes med ett inspirerande tal av Magnus Kolsj\u00f6 som arbetar som politiskt sakkunnig \u00e5t Kummun- och Finansmarknadsminister Mats Odell. Magnus talade om regeringens f\u00f6rsta 130 dagar vid makten. \u00c5rsm\u00f6tet tackade av Erling Medefjord som nu har slutat som Politisk sekreterare f\u00f6r kristdemokraterna. B\u00e5de Tommy och Lena h\u00f6ll varma tal d\u00e4r Erling fick ber\u00f6m f\u00f6r b\u00e5de sitt arbete och sin m\u00e4nskliga v\u00e4rme. Hans insats f\u00f6r lokalavdelningen kan inte \u00f6verskattas\u2026 Tack Erling! \u00c5rsm\u00f6tet beslutade bl.a att minska styrelsen f\u00f6r att effektivisera arbetet. Dessutom sker en f\u00f6ryngring. Till den nya styrelsen valdes: Tommy Peterson, Ordf\u00f6rande Malin Appelgren, v.Ordf. Ledam\u00f6ter: Lena Appelgren Andreas Hulusj\u00f6 Kerstin H\u00f6\u00f6k Ingela Sellin Kent-Rune Sj\u00f6holm Ers\u00e4ttare: Allan Klingstr\u00f6m (representerar seniorf\u00f6rbundet) Nagwa Mourad Guilherme O. Cursino (representerar kdu)<\/p>\n","protected":false},"excerpt":{"rendered":"<p>\u00c5rsm\u00f6tet inleddes med ett inspirerande tal av Magnus Kolsj\u00f6 som arbetar som politiskt sakkunnig \u00e5t Kummun- och Finansmarknadsminister Mats Odell. Magnus talade om regeringens f\u00f6rsta 130 dagar vid makten. \u00c5rsm\u00f6tet tackade av Erling Medefjord som nu har slutat som Politisk sekreterare f\u00f6r kristdemokraterna. B\u00e5de Tommy och Lena h\u00f6ll varma tal d\u00e4r Erling fick ber\u00f6m f\u00f6r <a class=\"read-more-link\" href=\"https:\/\/wp.kristdemokraterna.se\/solna\/arsmote-pa-sockerbiten-i-ritorp\/\">Read More<\/a><\/p>\n","protected":false},"author":769,"featured_media":0,"comment_status":"closed","ping_status":"closed","sticky":false,"template":"","format":"standard","meta":{"_acf_changed":false,"footnotes":""},"categories":[4],"tags":[],"class_list":["post-1014","post","type-post","status-publish","format-standard","hentry","category-aktuellt"],"acf":[],"yoast_head":"<!-- This site is optimized with the Yoast SEO plugin v27.4 - https:\/\/yoast.com\/product\/yoast-seo-wordpress\/ -->\n<title>\u00c5rsm\u00f6te p\u00e5 Sockerbiten i Ritorp! - Kristdemokraterna i Solna<\/title>\n<meta name=\"robots\" content=\"index, follow, max-snippet:-1, max-image-preview:large, max-video-preview:-1\" \/>\n<link rel=\"canonical\" href=\"https:\/\/wp.kristdemokraterna.se\/solna\/arsmote-pa-sockerbiten-i-ritorp\/\" \/>\n<meta property=\"og:locale\" content=\"sv_SE\" \/>\n<meta property=\"og:type\" content=\"article\" \/>\n<meta property=\"og:title\" content=\"\u00c5rsm\u00f6te p\u00e5 Sockerbiten i Ritorp! - Kristdemokraterna i Solna\" \/>\n<meta property=\"og:description\" content=\"\u00c5rsm\u00f6tet inleddes med ett inspirerande tal av Magnus Kolsj\u00f6 som arbetar som politiskt sakkunnig \u00e5t Kummun- och Finansmarknadsminister Mats Odell. Magnus talade om regeringens f\u00f6rsta 130 dagar vid makten. \u00c5rsm\u00f6tet tackade av Erling Medefjord som nu har slutat som Politisk sekreterare f\u00f6r kristdemokraterna. B\u00e5de Tommy och Lena h\u00f6ll varma tal d\u00e4r Erling fick ber\u00f6m f\u00f6r Read More\" \/>\n<meta property=\"og:url\" content=\"https:\/\/wp.kristdemokraterna.se\/solna\/arsmote-pa-sockerbiten-i-ritorp\/\" \/>\n<meta property=\"og:site_name\" content=\"Kristdemokraterna i Solna\" \/>\n<meta property=\"article:published_time\" content=\"2009-02-15T15:01:31+00:00\" \/>\n<meta property=\"article:modified_time\" content=\"2018-01-10T15:01:49+00:00\" \/>\n<meta name=\"author\" content=\"solna2\" \/>\n<meta name=\"twitter:card\" content=\"summary_large_image\" \/>\n<meta name=\"twitter:label1\" content=\"Skriven av\" \/>\n\t<meta name=\"twitter:data1\" content=\"solna2\" \/>\n\t<meta name=\"twitter:label2\" content=\"Ber\u00e4knad l\u00e4stid\" \/>\n\t<meta name=\"twitter:data2\" content=\"1 minut\" \/>\n<script type=\"application\/ld+json\" class=\"yoast-schema-graph\">{\"@context\":\"https:\\\/\\\/schema.org\",\"@graph\":[{\"@type\":\"Article\",\"@id\":\"https:\\\/\\\/wp.kristdemokraterna.se\\\/solna\\\/arsmote-pa-sockerbiten-i-ritorp\\\/#article\",\"isPartOf\":{\"@id\":\"https:\\\/\\\/wp.kristdemokraterna.se\\\/solna\\\/arsmote-pa-sockerbiten-i-ritorp\\\/\"},\"author\":{\"name\":\"solna2\",\"@id\":\"https:\\\/\\\/wp.kristdemokraterna.se\\\/solna\\\/#\\\/schema\\\/person\\\/712d13bb8cb0816b1c5064a9033a35f2\"},\"headline\":\"\u00c5rsm\u00f6te p\u00e5 Sockerbiten i Ritorp!\",\"datePublished\":\"2009-02-15T15:01:31+00:00\",\"dateModified\":\"2018-01-10T15:01:49+00:00\",\"mainEntityOfPage\":{\"@id\":\"https:\\\/\\\/wp.kristdemokraterna.se\\\/solna\\\/arsmote-pa-sockerbiten-i-ritorp\\\/\"},\"wordCount\":149,\"articleSection\":[\"Aktuellt\"],\"inLanguage\":\"sv-SE\"},{\"@type\":\"WebPage\",\"@id\":\"https:\\\/\\\/wp.kristdemokraterna.se\\\/solna\\\/arsmote-pa-sockerbiten-i-ritorp\\\/\",\"url\":\"https:\\\/\\\/wp.kristdemokraterna.se\\\/solna\\\/arsmote-pa-sockerbiten-i-ritorp\\\/\",\"name\":\"\u00c5rsm\u00f6te p\u00e5 Sockerbiten i Ritorp! - Kristdemokraterna i Solna\",\"isPartOf\":{\"@id\":\"https:\\\/\\\/wp.kristdemokraterna.se\\\/solna\\\/#website\"},\"datePublished\":\"2009-02-15T15:01:31+00:00\",\"dateModified\":\"2018-01-10T15:01:49+00:00\",\"author\":{\"@id\":\"https:\\\/\\\/wp.kristdemokraterna.se\\\/solna\\\/#\\\/schema\\\/person\\\/712d13bb8cb0816b1c5064a9033a35f2\"},\"breadcrumb\":{\"@id\":\"https:\\\/\\\/wp.kristdemokraterna.se\\\/solna\\\/arsmote-pa-sockerbiten-i-ritorp\\\/#breadcrumb\"},\"inLanguage\":\"sv-SE\",\"potentialAction\":[{\"@type\":\"ReadAction\",\"target\":[\"https:\\\/\\\/wp.kristdemokraterna.se\\\/solna\\\/arsmote-pa-sockerbiten-i-ritorp\\\/\"]}]},{\"@type\":\"BreadcrumbList\",\"@id\":\"https:\\\/\\\/wp.kristdemokraterna.se\\\/solna\\\/arsmote-pa-sockerbiten-i-ritorp\\\/#breadcrumb\",\"itemListElement\":[{\"@type\":\"ListItem\",\"position\":1,\"name\":\"Hem\",\"item\":\"https:\\\/\\\/wp.kristdemokraterna.se\\\/solna\\\/\"},{\"@type\":\"ListItem\",\"position\":2,\"name\":\"\u00c5rsm\u00f6te p\u00e5 Sockerbiten i Ritorp!\"}]},{\"@type\":\"WebSite\",\"@id\":\"https:\\\/\\\/wp.kristdemokraterna.se\\\/solna\\\/#website\",\"url\":\"https:\\\/\\\/wp.kristdemokraterna.se\\\/solna\\\/\",\"name\":\"Kristdemokraterna i Solna\",\"description\":\"Med \ud83d\udc99 f\u00f6r Solna\",\"inLanguage\":\"sv-SE\"},{\"@type\":\"Person\",\"@id\":\"https:\\\/\\\/wp.kristdemokraterna.se\\\/solna\\\/#\\\/schema\\\/person\\\/712d13bb8cb0816b1c5064a9033a35f2\",\"name\":\"solna2\",\"image\":{\"@type\":\"ImageObject\",\"inLanguage\":\"sv-SE\",\"@id\":\"https:\\\/\\\/secure.gravatar.com\\\/avatar\\\/c47156d8f469e439727cc363e6968b2f5ab12cd38563467e0076a31756980b3c?s=96&d=mm&r=g\",\"url\":\"https:\\\/\\\/secure.gravatar.com\\\/avatar\\\/c47156d8f469e439727cc363e6968b2f5ab12cd38563467e0076a31756980b3c?s=96&d=mm&r=g\",\"contentUrl\":\"https:\\\/\\\/secure.gravatar.com\\\/avatar\\\/c47156d8f469e439727cc363e6968b2f5ab12cd38563467e0076a31756980b3c?s=96&d=mm&r=g\",\"caption\":\"solna2\"},\"url\":\"https:\\\/\\\/wp.kristdemokraterna.se\\\/solna\\\/author\\\/solna2\\\/\"}]}<\/script>\n<!-- \/ Yoast SEO plugin. -->","yoast_head_json":{"title":"\u00c5rsm\u00f6te p\u00e5 Sockerbiten i Ritorp! - Kristdemokraterna i Solna","robots":{"index":"index","follow":"follow","max-snippet":"max-snippet:-1","max-image-preview":"max-image-preview:large","max-video-preview":"max-video-preview:-1"},"canonical":"https:\/\/wp.kristdemokraterna.se\/solna\/arsmote-pa-sockerbiten-i-ritorp\/","og_locale":"sv_SE","og_type":"article","og_title":"\u00c5rsm\u00f6te p\u00e5 Sockerbiten i Ritorp! - Kristdemokraterna i Solna","og_description":"\u00c5rsm\u00f6tet inleddes med ett inspirerande tal av Magnus Kolsj\u00f6 som arbetar som politiskt sakkunnig \u00e5t Kummun- och Finansmarknadsminister Mats Odell. Magnus talade om regeringens f\u00f6rsta 130 dagar vid makten. \u00c5rsm\u00f6tet tackade av Erling Medefjord som nu har slutat som Politisk sekreterare f\u00f6r kristdemokraterna. B\u00e5de Tommy och Lena h\u00f6ll varma tal d\u00e4r Erling fick ber\u00f6m f\u00f6r Read More","og_url":"https:\/\/wp.kristdemokraterna.se\/solna\/arsmote-pa-sockerbiten-i-ritorp\/","og_site_name":"Kristdemokraterna i Solna","article_published_time":"2009-02-15T15:01:31+00:00","article_modified_time":"2018-01-10T15:01:49+00:00","author":"solna2","twitter_card":"summary_large_image","twitter_misc":{"Skriven av":"solna2","Ber\u00e4knad l\u00e4stid":"1 minut"},"schema":{"@context":"https:\/\/schema.org","@graph":[{"@type":"Article","@id":"https:\/\/wp.kristdemokraterna.se\/solna\/arsmote-pa-sockerbiten-i-ritorp\/#article","isPartOf":{"@id":"https:\/\/wp.kristdemokraterna.se\/solna\/arsmote-pa-sockerbiten-i-ritorp\/"},"author":{"name":"solna2","@id":"https:\/\/wp.kristdemokraterna.se\/solna\/#\/schema\/person\/712d13bb8cb0816b1c5064a9033a35f2"},"headline":"\u00c5rsm\u00f6te p\u00e5 Sockerbiten i Ritorp!","datePublished":"2009-02-15T15:01:31+00:00","dateModified":"2018-01-10T15:01:49+00:00","mainEntityOfPage":{"@id":"https:\/\/wp.kristdemokraterna.se\/solna\/arsmote-pa-sockerbiten-i-ritorp\/"},"wordCount":149,"articleSection":["Aktuellt"],"inLanguage":"sv-SE"},{"@type":"WebPage","@id":"https:\/\/wp.kristdemokraterna.se\/solna\/arsmote-pa-sockerbiten-i-ritorp\/","url":"https:\/\/wp.kristdemokraterna.se\/solna\/arsmote-pa-sockerbiten-i-ritorp\/","name":"\u00c5rsm\u00f6te p\u00e5 Sockerbiten i Ritorp! - Kristdemokraterna i Solna","isPartOf":{"@id":"https:\/\/wp.kristdemokraterna.se\/solna\/#website"},"datePublished":"2009-02-15T15:01:31+00:00","dateModified":"2018-01-10T15:01:49+00:00","author":{"@id":"https:\/\/wp.kristdemokraterna.se\/solna\/#\/schema\/person\/712d13bb8cb0816b1c5064a9033a35f2"},"breadcrumb":{"@id":"https:\/\/wp.kristdemokraterna.se\/solna\/arsmote-pa-sockerbiten-i-ritorp\/#breadcrumb"},"inLanguage":"sv-SE","potentialAction":[{"@type":"ReadAction","target":["https:\/\/wp.kristdemokraterna.se\/solna\/arsmote-pa-sockerbiten-i-ritorp\/"]}]},{"@type":"BreadcrumbList","@id":"https:\/\/wp.kristdemokraterna.se\/solna\/arsmote-pa-sockerbiten-i-ritorp\/#breadcrumb","itemListElement":[{"@type":"ListItem","position":1,"name":"Hem","item":"https:\/\/wp.kristdemokraterna.se\/solna\/"},{"@type":"ListItem","position":2,"name":"\u00c5rsm\u00f6te p\u00e5 Sockerbiten i Ritorp!"}]},{"@type":"WebSite","@id":"https:\/\/wp.kristdemokraterna.se\/solna\/#website","url":"https:\/\/wp.kristdemokraterna.se\/solna\/","name":"Kristdemokraterna i Solna","description":"Med \ud83d\udc99 f\u00f6r Solna","inLanguage":"sv-SE"},{"@type":"Person","@id":"https:\/\/wp.kristdemokraterna.se\/solna\/#\/schema\/person\/712d13bb8cb0816b1c5064a9033a35f2","name":"solna2","image":{"@type":"ImageObject","inLanguage":"sv-SE","@id":"https:\/\/secure.gravatar.com\/avatar\/c47156d8f469e439727cc363e6968b2f5ab12cd38563467e0076a31756980b3c?s=96&d=mm&r=g","url":"https:\/\/secure.gravatar.com\/avatar\/c47156d8f469e439727cc363e6968b2f5ab12cd38563467e0076a31756980b3c?s=96&d=mm&r=g","contentUrl":"https:\/\/secure.gravatar.com\/avatar\/c47156d8f469e439727cc363e6968b2f5ab12cd38563467e0076a31756980b3c?s=96&d=mm&r=g","caption":"solna2"},"url":"https:\/\/wp.kristdemokraterna.se\/solna\/author\/solna2\/"}]}},"_links":{"self":[{"href":"https:\/\/wp.kristdemokraterna.se\/solna\/wp-json\/wp\/v2\/posts\/1014","targetHints":{"allow":["GET"]}}],"collection":[{"href":"https:\/\/wp.kristdemokraterna.se\/solna\/wp-json\/wp\/v2\/posts"}],"about":[{"href":"https:\/\/wp.kristdemokraterna.se\/solna\/wp-json\/wp\/v2\/types\/post"}],"author":[{"embeddable":true,"href":"https:\/\/wp.kristdemokraterna.se\/solna\/wp-json\/wp\/v2\/users\/769"}],"replies":[{"embeddable":true,"href":"https:\/\/wp.kristdemokraterna.se\/solna\/wp-json\/wp\/v2\/comments?post=1014"}],"version-history":[{"count":1,"href":"https:\/\/wp.kristdemokraterna.se\/solna\/wp-json\/wp\/v2\/posts\/1014\/revisions"}],"predecessor-version":[{"id":1015,"href":"https:\/\/wp.kristdemokraterna.se\/solna\/wp-json\/wp\/v2\/posts\/1014\/revisions\/1015"}],"wp:attachment":[{"href":"https:\/\/wp.kristdemokraterna.se\/solna\/wp-json\/wp\/v2\/media?parent=1014"}],"wp:term":[{"taxonomy":"category","embeddable":true,"href":"https:\/\/wp.kristdemokraterna.se\/solna\/wp-json\/wp\/v2\/categories?post=1014"},{"taxonomy":"post_tag","embeddable":true,"href":"https:\/\/wp.kristdemokraterna.se\/solna\/wp-json\/wp\/v2\/tags?post=1014"}],"curies":[{"name":"wp","href":"https:\/\/api.w.org\/{rel}","templated":true}]}}