{"id":1016,"date":"2008-02-15T16:01:58","date_gmt":"2008-02-15T15:01:58","guid":{"rendered":"http:\/\/wp.kristdemokraterna.se\/solna2\/?p=1016"},"modified":"2018-01-10T16:02:23","modified_gmt":"2018-01-10T15:02:23","slug":"solna-for-ett-offensivt-miljoarbete","status":"publish","type":"post","link":"https:\/\/wp.kristdemokraterna.se\/solna\/solna-for-ett-offensivt-miljoarbete\/","title":{"rendered":"Solna f\u00f6r ett offensivt milj\u00f6arbete"},"content":{"rendered":"<p><em>Svar p\u00e5 ins\u00e4ndare av Leena Nystrand v3:<\/em><\/p>\n<p>Samtidigt som Nystrands (mp) ins\u00e4ndare om Solnas d\u00e5liga milj\u00f6 publiceras (v3), \u00e4r ett tjugotal representanter fr\u00e5n EU-l\u00e4nder p\u00e5 bes\u00f6k f\u00f6r att l\u00e4ra av v\u00e5rt milj\u00f6arbete. Som tur \u00e4r ligger EUs bild av v\u00e5rt milj\u00f6arbete n\u00e4rmare verkligheten \u00e4n mp:s. F\u00f6r att reda ut villfarelserna om milj\u00f6politiken \u00e4r det viktigt att k\u00e4nna till f\u00f6ljande; Alliansregeringen har fastslagit en mer l\u00e5ngtg\u00e5ende klimatpolitik \u00e4n vad den socialistiska regeringen med mp lyckades med. Den tydliga skillnaden \u00e4r att symbolpolitik nu byts ut mot handling. Samma g\u00e4ller i Solna d\u00e4r v\u00e5r linje \u00e4r att tillv\u00e4xt, forskning och utveckling g\u00e5r hand i hand med milj\u00f6arbetet \u2013 inte emot. D\u00e4r skiljer vi oss fr\u00e5n mp som ist\u00e4llet vill agera som \u201db\u00e4ttre vetande\u201d politiker och p\u00e5tvinga medborgarna livsstilsf\u00f6r\u00e4ndringar. Vi vill st\u00f6dja \u2013inte styra \u2013m\u00e4nniskor. D\u00e4rf\u00f6r arbetar vi exempelvis f\u00f6r att underl\u00e4tta kollektivt resande genom att bygga och f\u00f6rt\u00e4ta d\u00e4r det finns goda kollektivtrafikanslutningar. De stora gr\u00f6nomr\u00e5den som finns i Solna fyller en viktig funktion f\u00f6r oss alla. D\u00e4rf\u00f6r \u00e4r vi m\u00e5na om att sk\u00f6ta dem, och h\u00e5lla de tillg\u00e4ngliga. Vi kommer ocks\u00e5 inom kort uppdatera och utveckla Solnas milj\u00f6program. Detta \u00e4r bara n\u00e5gra exempel p\u00e5 att Solna \u00e4r, och kommer att f\u00f6rbli, en kommun som arbetar aktivt f\u00f6r en bra milj\u00f6. S\u00e5 Nystrand beh\u00f6ver inte ligga s\u00f6mnl\u00f6s i oro \u00f6ver kommunens milj\u00f6arbete!<\/p>\n<p><strong>Ordf\u00f6rande i Milj\u00f6- och H\u00e4lsoskyddsn\u00e4mnden, Pehr Granfalk (m)<\/strong><\/p>\n<p><strong>vice ordf\u00f6rande i Milj\u00f6- och H\u00e4lsoskyddsn\u00e4mnden\u00a0Malin Appelgren (kd)<\/strong><\/p>\n","protected":false},"excerpt":{"rendered":"<p>Svar p\u00e5 ins\u00e4ndare av Leena Nystrand v3: Samtidigt som Nystrands (mp) ins\u00e4ndare om Solnas d\u00e5liga milj\u00f6 publiceras (v3), \u00e4r ett tjugotal representanter fr\u00e5n EU-l\u00e4nder p\u00e5 bes\u00f6k f\u00f6r att l\u00e4ra av v\u00e5rt milj\u00f6arbete. Som tur \u00e4r ligger EUs bild av v\u00e5rt milj\u00f6arbete n\u00e4rmare verkligheten \u00e4n mp:s. F\u00f6r att reda ut villfarelserna om milj\u00f6politiken \u00e4r det viktigt <a class=\"read-more-link\" href=\"https:\/\/wp.kristdemokraterna.se\/solna\/solna-for-ett-offensivt-miljoarbete\/\">Read More<\/a><\/p>\n","protected":false},"author":769,"featured_media":0,"comment_status":"closed","ping_status":"closed","sticky":false,"template":"","format":"standard","meta":{"_acf_changed":false,"footnotes":""},"categories":[4],"tags":[38,209],"class_list":["post-1016","post","type-post","status-publish","format-standard","hentry","category-aktuellt","tag-debattartikel","tag-miljo"],"acf":[],"yoast_head":"<!-- This site is optimized with the Yoast SEO plugin v27.4 - https:\/\/yoast.com\/product\/yoast-seo-wordpress\/ -->\n<title>Solna f\u00f6r ett offensivt milj\u00f6arbete - Kristdemokraterna i Solna<\/title>\n<meta name=\"robots\" content=\"index, follow, max-snippet:-1, max-image-preview:large, max-video-preview:-1\" \/>\n<link rel=\"canonical\" href=\"https:\/\/wp.kristdemokraterna.se\/solna\/solna-for-ett-offensivt-miljoarbete\/\" \/>\n<meta property=\"og:locale\" content=\"sv_SE\" \/>\n<meta property=\"og:type\" content=\"article\" \/>\n<meta property=\"og:title\" content=\"Solna f\u00f6r ett offensivt milj\u00f6arbete - Kristdemokraterna i Solna\" \/>\n<meta property=\"og:description\" content=\"Svar p\u00e5 ins\u00e4ndare av Leena Nystrand v3: Samtidigt som Nystrands (mp) ins\u00e4ndare om Solnas d\u00e5liga milj\u00f6 publiceras (v3), \u00e4r ett tjugotal representanter fr\u00e5n EU-l\u00e4nder p\u00e5 bes\u00f6k f\u00f6r att l\u00e4ra av v\u00e5rt milj\u00f6arbete. Som tur \u00e4r ligger EUs bild av v\u00e5rt milj\u00f6arbete n\u00e4rmare verkligheten \u00e4n mp:s. F\u00f6r att reda ut villfarelserna om milj\u00f6politiken \u00e4r det viktigt Read More\" \/>\n<meta property=\"og:url\" content=\"https:\/\/wp.kristdemokraterna.se\/solna\/solna-for-ett-offensivt-miljoarbete\/\" \/>\n<meta property=\"og:site_name\" content=\"Kristdemokraterna i Solna\" \/>\n<meta property=\"article:published_time\" content=\"2008-02-15T15:01:58+00:00\" \/>\n<meta property=\"article:modified_time\" content=\"2018-01-10T15:02:23+00:00\" \/>\n<meta name=\"author\" content=\"solna2\" \/>\n<meta name=\"twitter:card\" content=\"summary_large_image\" \/>\n<meta name=\"twitter:label1\" content=\"Skriven av\" \/>\n\t<meta name=\"twitter:data1\" content=\"solna2\" \/>\n\t<meta name=\"twitter:label2\" content=\"Ber\u00e4knad l\u00e4stid\" \/>\n\t<meta name=\"twitter:data2\" content=\"2 minuter\" \/>\n<script type=\"application\/ld+json\" class=\"yoast-schema-graph\">{\"@context\":\"https:\\\/\\\/schema.org\",\"@graph\":[{\"@type\":\"Article\",\"@id\":\"https:\\\/\\\/wp.kristdemokraterna.se\\\/solna\\\/solna-for-ett-offensivt-miljoarbete\\\/#article\",\"isPartOf\":{\"@id\":\"https:\\\/\\\/wp.kristdemokraterna.se\\\/solna\\\/solna-for-ett-offensivt-miljoarbete\\\/\"},\"author\":{\"name\":\"solna2\",\"@id\":\"https:\\\/\\\/wp.kristdemokraterna.se\\\/solna\\\/#\\\/schema\\\/person\\\/712d13bb8cb0816b1c5064a9033a35f2\"},\"headline\":\"Solna f\u00f6r ett offensivt milj\u00f6arbete\",\"datePublished\":\"2008-02-15T15:01:58+00:00\",\"dateModified\":\"2018-01-10T15:02:23+00:00\",\"mainEntityOfPage\":{\"@id\":\"https:\\\/\\\/wp.kristdemokraterna.se\\\/solna\\\/solna-for-ett-offensivt-miljoarbete\\\/\"},\"wordCount\":310,\"keywords\":[\"Debattartikel\",\"Milj\u00f6\"],\"articleSection\":[\"Aktuellt\"],\"inLanguage\":\"sv-SE\"},{\"@type\":\"WebPage\",\"@id\":\"https:\\\/\\\/wp.kristdemokraterna.se\\\/solna\\\/solna-for-ett-offensivt-miljoarbete\\\/\",\"url\":\"https:\\\/\\\/wp.kristdemokraterna.se\\\/solna\\\/solna-for-ett-offensivt-miljoarbete\\\/\",\"name\":\"Solna f\u00f6r ett offensivt milj\u00f6arbete - Kristdemokraterna i Solna\",\"isPartOf\":{\"@id\":\"https:\\\/\\\/wp.kristdemokraterna.se\\\/solna\\\/#website\"},\"datePublished\":\"2008-02-15T15:01:58+00:00\",\"dateModified\":\"2018-01-10T15:02:23+00:00\",\"author\":{\"@id\":\"https:\\\/\\\/wp.kristdemokraterna.se\\\/solna\\\/#\\\/schema\\\/person\\\/712d13bb8cb0816b1c5064a9033a35f2\"},\"breadcrumb\":{\"@id\":\"https:\\\/\\\/wp.kristdemokraterna.se\\\/solna\\\/solna-for-ett-offensivt-miljoarbete\\\/#breadcrumb\"},\"inLanguage\":\"sv-SE\",\"potentialAction\":[{\"@type\":\"ReadAction\",\"target\":[\"https:\\\/\\\/wp.kristdemokraterna.se\\\/solna\\\/solna-for-ett-offensivt-miljoarbete\\\/\"]}]},{\"@type\":\"BreadcrumbList\",\"@id\":\"https:\\\/\\\/wp.kristdemokraterna.se\\\/solna\\\/solna-for-ett-offensivt-miljoarbete\\\/#breadcrumb\",\"itemListElement\":[{\"@type\":\"ListItem\",\"position\":1,\"name\":\"Hem\",\"item\":\"https:\\\/\\\/wp.kristdemokraterna.se\\\/solna\\\/\"},{\"@type\":\"ListItem\",\"position\":2,\"name\":\"Solna f\u00f6r ett offensivt milj\u00f6arbete\"}]},{\"@type\":\"WebSite\",\"@id\":\"https:\\\/\\\/wp.kristdemokraterna.se\\\/solna\\\/#website\",\"url\":\"https:\\\/\\\/wp.kristdemokraterna.se\\\/solna\\\/\",\"name\":\"Kristdemokraterna i Solna\",\"description\":\"Med \ud83d\udc99 f\u00f6r Solna\",\"inLanguage\":\"sv-SE\"},{\"@type\":\"Person\",\"@id\":\"https:\\\/\\\/wp.kristdemokraterna.se\\\/solna\\\/#\\\/schema\\\/person\\\/712d13bb8cb0816b1c5064a9033a35f2\",\"name\":\"solna2\",\"image\":{\"@type\":\"ImageObject\",\"inLanguage\":\"sv-SE\",\"@id\":\"https:\\\/\\\/secure.gravatar.com\\\/avatar\\\/c47156d8f469e439727cc363e6968b2f5ab12cd38563467e0076a31756980b3c?s=96&d=mm&r=g\",\"url\":\"https:\\\/\\\/secure.gravatar.com\\\/avatar\\\/c47156d8f469e439727cc363e6968b2f5ab12cd38563467e0076a31756980b3c?s=96&d=mm&r=g\",\"contentUrl\":\"https:\\\/\\\/secure.gravatar.com\\\/avatar\\\/c47156d8f469e439727cc363e6968b2f5ab12cd38563467e0076a31756980b3c?s=96&d=mm&r=g\",\"caption\":\"solna2\"},\"url\":\"https:\\\/\\\/wp.kristdemokraterna.se\\\/solna\\\/author\\\/solna2\\\/\"}]}<\/script>\n<!-- \/ Yoast SEO plugin. -->","yoast_head_json":{"title":"Solna f\u00f6r ett offensivt milj\u00f6arbete - Kristdemokraterna i Solna","robots":{"index":"index","follow":"follow","max-snippet":"max-snippet:-1","max-image-preview":"max-image-preview:large","max-video-preview":"max-video-preview:-1"},"canonical":"https:\/\/wp.kristdemokraterna.se\/solna\/solna-for-ett-offensivt-miljoarbete\/","og_locale":"sv_SE","og_type":"article","og_title":"Solna f\u00f6r ett offensivt milj\u00f6arbete - Kristdemokraterna i Solna","og_description":"Svar p\u00e5 ins\u00e4ndare av Leena Nystrand v3: Samtidigt som Nystrands (mp) ins\u00e4ndare om Solnas d\u00e5liga milj\u00f6 publiceras (v3), \u00e4r ett tjugotal representanter fr\u00e5n EU-l\u00e4nder p\u00e5 bes\u00f6k f\u00f6r att l\u00e4ra av v\u00e5rt milj\u00f6arbete. Som tur \u00e4r ligger EUs bild av v\u00e5rt milj\u00f6arbete n\u00e4rmare verkligheten \u00e4n mp:s. F\u00f6r att reda ut villfarelserna om milj\u00f6politiken \u00e4r det viktigt Read More","og_url":"https:\/\/wp.kristdemokraterna.se\/solna\/solna-for-ett-offensivt-miljoarbete\/","og_site_name":"Kristdemokraterna i Solna","article_published_time":"2008-02-15T15:01:58+00:00","article_modified_time":"2018-01-10T15:02:23+00:00","author":"solna2","twitter_card":"summary_large_image","twitter_misc":{"Skriven av":"solna2","Ber\u00e4knad l\u00e4stid":"2 minuter"},"schema":{"@context":"https:\/\/schema.org","@graph":[{"@type":"Article","@id":"https:\/\/wp.kristdemokraterna.se\/solna\/solna-for-ett-offensivt-miljoarbete\/#article","isPartOf":{"@id":"https:\/\/wp.kristdemokraterna.se\/solna\/solna-for-ett-offensivt-miljoarbete\/"},"author":{"name":"solna2","@id":"https:\/\/wp.kristdemokraterna.se\/solna\/#\/schema\/person\/712d13bb8cb0816b1c5064a9033a35f2"},"headline":"Solna f\u00f6r ett offensivt milj\u00f6arbete","datePublished":"2008-02-15T15:01:58+00:00","dateModified":"2018-01-10T15:02:23+00:00","mainEntityOfPage":{"@id":"https:\/\/wp.kristdemokraterna.se\/solna\/solna-for-ett-offensivt-miljoarbete\/"},"wordCount":310,"keywords":["Debattartikel","Milj\u00f6"],"articleSection":["Aktuellt"],"inLanguage":"sv-SE"},{"@type":"WebPage","@id":"https:\/\/wp.kristdemokraterna.se\/solna\/solna-for-ett-offensivt-miljoarbete\/","url":"https:\/\/wp.kristdemokraterna.se\/solna\/solna-for-ett-offensivt-miljoarbete\/","name":"Solna f\u00f6r ett offensivt milj\u00f6arbete - Kristdemokraterna i Solna","isPartOf":{"@id":"https:\/\/wp.kristdemokraterna.se\/solna\/#website"},"datePublished":"2008-02-15T15:01:58+00:00","dateModified":"2018-01-10T15:02:23+00:00","author":{"@id":"https:\/\/wp.kristdemokraterna.se\/solna\/#\/schema\/person\/712d13bb8cb0816b1c5064a9033a35f2"},"breadcrumb":{"@id":"https:\/\/wp.kristdemokraterna.se\/solna\/solna-for-ett-offensivt-miljoarbete\/#breadcrumb"},"inLanguage":"sv-SE","potentialAction":[{"@type":"ReadAction","target":["https:\/\/wp.kristdemokraterna.se\/solna\/solna-for-ett-offensivt-miljoarbete\/"]}]},{"@type":"BreadcrumbList","@id":"https:\/\/wp.kristdemokraterna.se\/solna\/solna-for-ett-offensivt-miljoarbete\/#breadcrumb","itemListElement":[{"@type":"ListItem","position":1,"name":"Hem","item":"https:\/\/wp.kristdemokraterna.se\/solna\/"},{"@type":"ListItem","position":2,"name":"Solna f\u00f6r ett offensivt milj\u00f6arbete"}]},{"@type":"WebSite","@id":"https:\/\/wp.kristdemokraterna.se\/solna\/#website","url":"https:\/\/wp.kristdemokraterna.se\/solna\/","name":"Kristdemokraterna i Solna","description":"Med \ud83d\udc99 f\u00f6r Solna","inLanguage":"sv-SE"},{"@type":"Person","@id":"https:\/\/wp.kristdemokraterna.se\/solna\/#\/schema\/person\/712d13bb8cb0816b1c5064a9033a35f2","name":"solna2","image":{"@type":"ImageObject","inLanguage":"sv-SE","@id":"https:\/\/secure.gravatar.com\/avatar\/c47156d8f469e439727cc363e6968b2f5ab12cd38563467e0076a31756980b3c?s=96&d=mm&r=g","url":"https:\/\/secure.gravatar.com\/avatar\/c47156d8f469e439727cc363e6968b2f5ab12cd38563467e0076a31756980b3c?s=96&d=mm&r=g","contentUrl":"https:\/\/secure.gravatar.com\/avatar\/c47156d8f469e439727cc363e6968b2f5ab12cd38563467e0076a31756980b3c?s=96&d=mm&r=g","caption":"solna2"},"url":"https:\/\/wp.kristdemokraterna.se\/solna\/author\/solna2\/"}]}},"_links":{"self":[{"href":"https:\/\/wp.kristdemokraterna.se\/solna\/wp-json\/wp\/v2\/posts\/1016","targetHints":{"allow":["GET"]}}],"collection":[{"href":"https:\/\/wp.kristdemokraterna.se\/solna\/wp-json\/wp\/v2\/posts"}],"about":[{"href":"https:\/\/wp.kristdemokraterna.se\/solna\/wp-json\/wp\/v2\/types\/post"}],"author":[{"embeddable":true,"href":"https:\/\/wp.kristdemokraterna.se\/solna\/wp-json\/wp\/v2\/users\/769"}],"replies":[{"embeddable":true,"href":"https:\/\/wp.kristdemokraterna.se\/solna\/wp-json\/wp\/v2\/comments?post=1016"}],"version-history":[{"count":1,"href":"https:\/\/wp.kristdemokraterna.se\/solna\/wp-json\/wp\/v2\/posts\/1016\/revisions"}],"predecessor-version":[{"id":1017,"href":"https:\/\/wp.kristdemokraterna.se\/solna\/wp-json\/wp\/v2\/posts\/1016\/revisions\/1017"}],"wp:attachment":[{"href":"https:\/\/wp.kristdemokraterna.se\/solna\/wp-json\/wp\/v2\/media?parent=1016"}],"wp:term":[{"taxonomy":"category","embeddable":true,"href":"https:\/\/wp.kristdemokraterna.se\/solna\/wp-json\/wp\/v2\/categories?post=1016"},{"taxonomy":"post_tag","embeddable":true,"href":"https:\/\/wp.kristdemokraterna.se\/solna\/wp-json\/wp\/v2\/tags?post=1016"}],"curies":[{"name":"wp","href":"https:\/\/api.w.org\/{rel}","templated":true}]}}