{"id":1020,"date":"2007-05-05T16:03:04","date_gmt":"2007-05-05T14:03:04","guid":{"rendered":"http:\/\/wp.kristdemokraterna.se\/solna2\/?p=1020"},"modified":"2018-01-10T16:03:28","modified_gmt":"2018-01-10T15:03:28","slug":"arets-vitsippspris-utdelat","status":"publish","type":"post","link":"https:\/\/wp.kristdemokraterna.se\/solna\/arets-vitsippspris-utdelat\/","title":{"rendered":"\u00c5rets Vitsippspris utdelat!"},"content":{"rendered":"<p>L\u00f6rdagen 5 maj\u00a0anordnade Solnas Kristdemokrater en Familjedag i Augustendal. Vi bj\u00f6d p\u00e5 grillad korv och fika och \u00f6ver 150 korvar gick \u00e5t! Det var en mycket lyckad tr\u00e4ff, d\u00e4r m\u00e5nga barnfamiljer passade p\u00e5 att tr\u00e4ffa kristdemokratiska politiker, f\u00f6r att s\u00e4ga vad de tyckte var bra eller d\u00e5ligt med landets familjepolitik. M\u00e5nga familjer l\u00e4ngtade efter inf\u00f6randet av v\u00e5rdnadsbidrag. Vi kunde gl\u00e4djande ber\u00e4tta att vi i Solna f\u00e5tt inskrivet i b\u00e5de regeringsf\u00f6rklaring och budget att v\u00e5rdnadsbidrag ska inf\u00f6ras \u2013 nu v\u00e4ntar vi bara p\u00e5 en lag\u00e4ndring som till\u00e5ter det!<\/p>\n<div>\n<div>\n<div>\n<div>Under dagen delades ocks\u00e5 \u00e5rets Vitsippspris ut till solnabon Madeleine Lidman, redakt\u00f6r f\u00f6r webtidningen Hemmaf\u00f6r\u00e4ldrar. Priset bestod av en vacker glastallrik, designad av Kerstin Carlsson Gullvert.<\/div>\n<div>S\u00e5 h\u00e4r sa Kristdemokraternas i Solna ordf\u00f6rande Tommy Peterson i samband med prisutdelningen:<\/div>\n<div><\/div>\n<div>\u2013 Madeleine arbetar p\u00e5 ett storartat s\u00e4tt med att belysa hemmaf\u00f6r\u00e4ldrars situation i Sverige. Hemmaf\u00f6r\u00e4ldrar \u00e4r en h\u00e5rt arbetande grupp som s\u00e4llan uppm\u00e4rksammas eller uppmuntras f\u00f6r den viktiga uppgift de fyller genom att prioritera tid med de sm\u00e5 barnen. Hon \u00e4r en duktig debatt\u00f6r som v\u00e5gar ifr\u00e5gas\u00e4tta det idag politiskt korrekta syns\u00e4ttet att endast de som f\u00f6rv\u00e4rvsarbetar bidrar till samh\u00e4llet. Madeleine \u00e4r ocks\u00e5 aktiv i n\u00e4tverkandet, och webtidningen Hemmaf\u00f6r\u00e4ldrar \u00e4r en del i det landsomfattande F\u00f6r\u00e4ldraupproret.<\/div>\n<\/div>\n<\/div>\n<\/div>\n","protected":false},"excerpt":{"rendered":"<p>L\u00f6rdagen 5 maj\u00a0anordnade Solnas Kristdemokrater en Familjedag i Augustendal. Vi bj\u00f6d p\u00e5 grillad korv och fika och \u00f6ver 150 korvar gick \u00e5t! Det var en mycket lyckad tr\u00e4ff, d\u00e4r m\u00e5nga barnfamiljer passade p\u00e5 att tr\u00e4ffa kristdemokratiska politiker, f\u00f6r att s\u00e4ga vad de tyckte var bra eller d\u00e5ligt med landets familjepolitik. M\u00e5nga familjer l\u00e4ngtade efter inf\u00f6randet <a class=\"read-more-link\" href=\"https:\/\/wp.kristdemokraterna.se\/solna\/arets-vitsippspris-utdelat\/\">Read More<\/a><\/p>\n","protected":false},"author":769,"featured_media":0,"comment_status":"closed","ping_status":"closed","sticky":false,"template":"","format":"standard","meta":{"_acf_changed":false,"footnotes":""},"categories":[4],"tags":[25,26],"class_list":["post-1020","post","type-post","status-publish","format-standard","hentry","category-aktuellt","tag-vitsippspris","tag-vitsippspriset"],"acf":[],"yoast_head":"<!-- This site is optimized with the Yoast SEO plugin v27.4 - https:\/\/yoast.com\/product\/yoast-seo-wordpress\/ -->\n<title>\u00c5rets Vitsippspris utdelat! - Kristdemokraterna i Solna<\/title>\n<meta name=\"robots\" content=\"index, follow, max-snippet:-1, max-image-preview:large, max-video-preview:-1\" \/>\n<link rel=\"canonical\" href=\"https:\/\/wp.kristdemokraterna.se\/solna\/arets-vitsippspris-utdelat\/\" \/>\n<meta property=\"og:locale\" content=\"sv_SE\" \/>\n<meta property=\"og:type\" content=\"article\" \/>\n<meta property=\"og:title\" content=\"\u00c5rets Vitsippspris utdelat! - Kristdemokraterna i Solna\" \/>\n<meta property=\"og:description\" content=\"L\u00f6rdagen 5 maj\u00a0anordnade Solnas Kristdemokrater en Familjedag i Augustendal. Vi bj\u00f6d p\u00e5 grillad korv och fika och \u00f6ver 150 korvar gick \u00e5t! Det var en mycket lyckad tr\u00e4ff, d\u00e4r m\u00e5nga barnfamiljer passade p\u00e5 att tr\u00e4ffa kristdemokratiska politiker, f\u00f6r att s\u00e4ga vad de tyckte var bra eller d\u00e5ligt med landets familjepolitik. M\u00e5nga familjer l\u00e4ngtade efter inf\u00f6randet Read More\" \/>\n<meta property=\"og:url\" content=\"https:\/\/wp.kristdemokraterna.se\/solna\/arets-vitsippspris-utdelat\/\" \/>\n<meta property=\"og:site_name\" content=\"Kristdemokraterna i Solna\" \/>\n<meta property=\"article:published_time\" content=\"2007-05-05T14:03:04+00:00\" \/>\n<meta property=\"article:modified_time\" content=\"2018-01-10T15:03:28+00:00\" \/>\n<meta name=\"author\" content=\"solna2\" \/>\n<meta name=\"twitter:card\" content=\"summary_large_image\" \/>\n<meta name=\"twitter:label1\" content=\"Skriven av\" \/>\n\t<meta name=\"twitter:data1\" content=\"solna2\" \/>\n\t<meta name=\"twitter:label2\" content=\"Ber\u00e4knad l\u00e4stid\" \/>\n\t<meta name=\"twitter:data2\" content=\"1 minut\" \/>\n<script type=\"application\/ld+json\" class=\"yoast-schema-graph\">{\"@context\":\"https:\\\/\\\/schema.org\",\"@graph\":[{\"@type\":\"Article\",\"@id\":\"https:\\\/\\\/wp.kristdemokraterna.se\\\/solna\\\/arets-vitsippspris-utdelat\\\/#article\",\"isPartOf\":{\"@id\":\"https:\\\/\\\/wp.kristdemokraterna.se\\\/solna\\\/arets-vitsippspris-utdelat\\\/\"},\"author\":{\"name\":\"solna2\",\"@id\":\"https:\\\/\\\/wp.kristdemokraterna.se\\\/solna\\\/#\\\/schema\\\/person\\\/712d13bb8cb0816b1c5064a9033a35f2\"},\"headline\":\"\u00c5rets Vitsippspris utdelat!\",\"datePublished\":\"2007-05-05T14:03:04+00:00\",\"dateModified\":\"2018-01-10T15:03:28+00:00\",\"mainEntityOfPage\":{\"@id\":\"https:\\\/\\\/wp.kristdemokraterna.se\\\/solna\\\/arets-vitsippspris-utdelat\\\/\"},\"wordCount\":253,\"keywords\":[\"Vitsippspris\",\"Vitsippspriset\"],\"articleSection\":[\"Aktuellt\"],\"inLanguage\":\"sv-SE\"},{\"@type\":\"WebPage\",\"@id\":\"https:\\\/\\\/wp.kristdemokraterna.se\\\/solna\\\/arets-vitsippspris-utdelat\\\/\",\"url\":\"https:\\\/\\\/wp.kristdemokraterna.se\\\/solna\\\/arets-vitsippspris-utdelat\\\/\",\"name\":\"\u00c5rets Vitsippspris utdelat! - Kristdemokraterna i Solna\",\"isPartOf\":{\"@id\":\"https:\\\/\\\/wp.kristdemokraterna.se\\\/solna\\\/#website\"},\"datePublished\":\"2007-05-05T14:03:04+00:00\",\"dateModified\":\"2018-01-10T15:03:28+00:00\",\"author\":{\"@id\":\"https:\\\/\\\/wp.kristdemokraterna.se\\\/solna\\\/#\\\/schema\\\/person\\\/712d13bb8cb0816b1c5064a9033a35f2\"},\"breadcrumb\":{\"@id\":\"https:\\\/\\\/wp.kristdemokraterna.se\\\/solna\\\/arets-vitsippspris-utdelat\\\/#breadcrumb\"},\"inLanguage\":\"sv-SE\",\"potentialAction\":[{\"@type\":\"ReadAction\",\"target\":[\"https:\\\/\\\/wp.kristdemokraterna.se\\\/solna\\\/arets-vitsippspris-utdelat\\\/\"]}]},{\"@type\":\"BreadcrumbList\",\"@id\":\"https:\\\/\\\/wp.kristdemokraterna.se\\\/solna\\\/arets-vitsippspris-utdelat\\\/#breadcrumb\",\"itemListElement\":[{\"@type\":\"ListItem\",\"position\":1,\"name\":\"Hem\",\"item\":\"https:\\\/\\\/wp.kristdemokraterna.se\\\/solna\\\/\"},{\"@type\":\"ListItem\",\"position\":2,\"name\":\"\u00c5rets Vitsippspris utdelat!\"}]},{\"@type\":\"WebSite\",\"@id\":\"https:\\\/\\\/wp.kristdemokraterna.se\\\/solna\\\/#website\",\"url\":\"https:\\\/\\\/wp.kristdemokraterna.se\\\/solna\\\/\",\"name\":\"Kristdemokraterna i Solna\",\"description\":\"Med \ud83d\udc99 f\u00f6r Solna\",\"inLanguage\":\"sv-SE\"},{\"@type\":\"Person\",\"@id\":\"https:\\\/\\\/wp.kristdemokraterna.se\\\/solna\\\/#\\\/schema\\\/person\\\/712d13bb8cb0816b1c5064a9033a35f2\",\"name\":\"solna2\",\"image\":{\"@type\":\"ImageObject\",\"inLanguage\":\"sv-SE\",\"@id\":\"https:\\\/\\\/secure.gravatar.com\\\/avatar\\\/c47156d8f469e439727cc363e6968b2f5ab12cd38563467e0076a31756980b3c?s=96&d=mm&r=g\",\"url\":\"https:\\\/\\\/secure.gravatar.com\\\/avatar\\\/c47156d8f469e439727cc363e6968b2f5ab12cd38563467e0076a31756980b3c?s=96&d=mm&r=g\",\"contentUrl\":\"https:\\\/\\\/secure.gravatar.com\\\/avatar\\\/c47156d8f469e439727cc363e6968b2f5ab12cd38563467e0076a31756980b3c?s=96&d=mm&r=g\",\"caption\":\"solna2\"},\"url\":\"https:\\\/\\\/wp.kristdemokraterna.se\\\/solna\\\/author\\\/solna2\\\/\"}]}<\/script>\n<!-- \/ Yoast SEO plugin. -->","yoast_head_json":{"title":"\u00c5rets Vitsippspris utdelat! - Kristdemokraterna i Solna","robots":{"index":"index","follow":"follow","max-snippet":"max-snippet:-1","max-image-preview":"max-image-preview:large","max-video-preview":"max-video-preview:-1"},"canonical":"https:\/\/wp.kristdemokraterna.se\/solna\/arets-vitsippspris-utdelat\/","og_locale":"sv_SE","og_type":"article","og_title":"\u00c5rets Vitsippspris utdelat! - Kristdemokraterna i Solna","og_description":"L\u00f6rdagen 5 maj\u00a0anordnade Solnas Kristdemokrater en Familjedag i Augustendal. Vi bj\u00f6d p\u00e5 grillad korv och fika och \u00f6ver 150 korvar gick \u00e5t! Det var en mycket lyckad tr\u00e4ff, d\u00e4r m\u00e5nga barnfamiljer passade p\u00e5 att tr\u00e4ffa kristdemokratiska politiker, f\u00f6r att s\u00e4ga vad de tyckte var bra eller d\u00e5ligt med landets familjepolitik. M\u00e5nga familjer l\u00e4ngtade efter inf\u00f6randet Read More","og_url":"https:\/\/wp.kristdemokraterna.se\/solna\/arets-vitsippspris-utdelat\/","og_site_name":"Kristdemokraterna i Solna","article_published_time":"2007-05-05T14:03:04+00:00","article_modified_time":"2018-01-10T15:03:28+00:00","author":"solna2","twitter_card":"summary_large_image","twitter_misc":{"Skriven av":"solna2","Ber\u00e4knad l\u00e4stid":"1 minut"},"schema":{"@context":"https:\/\/schema.org","@graph":[{"@type":"Article","@id":"https:\/\/wp.kristdemokraterna.se\/solna\/arets-vitsippspris-utdelat\/#article","isPartOf":{"@id":"https:\/\/wp.kristdemokraterna.se\/solna\/arets-vitsippspris-utdelat\/"},"author":{"name":"solna2","@id":"https:\/\/wp.kristdemokraterna.se\/solna\/#\/schema\/person\/712d13bb8cb0816b1c5064a9033a35f2"},"headline":"\u00c5rets Vitsippspris utdelat!","datePublished":"2007-05-05T14:03:04+00:00","dateModified":"2018-01-10T15:03:28+00:00","mainEntityOfPage":{"@id":"https:\/\/wp.kristdemokraterna.se\/solna\/arets-vitsippspris-utdelat\/"},"wordCount":253,"keywords":["Vitsippspris","Vitsippspriset"],"articleSection":["Aktuellt"],"inLanguage":"sv-SE"},{"@type":"WebPage","@id":"https:\/\/wp.kristdemokraterna.se\/solna\/arets-vitsippspris-utdelat\/","url":"https:\/\/wp.kristdemokraterna.se\/solna\/arets-vitsippspris-utdelat\/","name":"\u00c5rets Vitsippspris utdelat! - Kristdemokraterna i Solna","isPartOf":{"@id":"https:\/\/wp.kristdemokraterna.se\/solna\/#website"},"datePublished":"2007-05-05T14:03:04+00:00","dateModified":"2018-01-10T15:03:28+00:00","author":{"@id":"https:\/\/wp.kristdemokraterna.se\/solna\/#\/schema\/person\/712d13bb8cb0816b1c5064a9033a35f2"},"breadcrumb":{"@id":"https:\/\/wp.kristdemokraterna.se\/solna\/arets-vitsippspris-utdelat\/#breadcrumb"},"inLanguage":"sv-SE","potentialAction":[{"@type":"ReadAction","target":["https:\/\/wp.kristdemokraterna.se\/solna\/arets-vitsippspris-utdelat\/"]}]},{"@type":"BreadcrumbList","@id":"https:\/\/wp.kristdemokraterna.se\/solna\/arets-vitsippspris-utdelat\/#breadcrumb","itemListElement":[{"@type":"ListItem","position":1,"name":"Hem","item":"https:\/\/wp.kristdemokraterna.se\/solna\/"},{"@type":"ListItem","position":2,"name":"\u00c5rets Vitsippspris utdelat!"}]},{"@type":"WebSite","@id":"https:\/\/wp.kristdemokraterna.se\/solna\/#website","url":"https:\/\/wp.kristdemokraterna.se\/solna\/","name":"Kristdemokraterna i Solna","description":"Med \ud83d\udc99 f\u00f6r Solna","inLanguage":"sv-SE"},{"@type":"Person","@id":"https:\/\/wp.kristdemokraterna.se\/solna\/#\/schema\/person\/712d13bb8cb0816b1c5064a9033a35f2","name":"solna2","image":{"@type":"ImageObject","inLanguage":"sv-SE","@id":"https:\/\/secure.gravatar.com\/avatar\/c47156d8f469e439727cc363e6968b2f5ab12cd38563467e0076a31756980b3c?s=96&d=mm&r=g","url":"https:\/\/secure.gravatar.com\/avatar\/c47156d8f469e439727cc363e6968b2f5ab12cd38563467e0076a31756980b3c?s=96&d=mm&r=g","contentUrl":"https:\/\/secure.gravatar.com\/avatar\/c47156d8f469e439727cc363e6968b2f5ab12cd38563467e0076a31756980b3c?s=96&d=mm&r=g","caption":"solna2"},"url":"https:\/\/wp.kristdemokraterna.se\/solna\/author\/solna2\/"}]}},"_links":{"self":[{"href":"https:\/\/wp.kristdemokraterna.se\/solna\/wp-json\/wp\/v2\/posts\/1020","targetHints":{"allow":["GET"]}}],"collection":[{"href":"https:\/\/wp.kristdemokraterna.se\/solna\/wp-json\/wp\/v2\/posts"}],"about":[{"href":"https:\/\/wp.kristdemokraterna.se\/solna\/wp-json\/wp\/v2\/types\/post"}],"author":[{"embeddable":true,"href":"https:\/\/wp.kristdemokraterna.se\/solna\/wp-json\/wp\/v2\/users\/769"}],"replies":[{"embeddable":true,"href":"https:\/\/wp.kristdemokraterna.se\/solna\/wp-json\/wp\/v2\/comments?post=1020"}],"version-history":[{"count":1,"href":"https:\/\/wp.kristdemokraterna.se\/solna\/wp-json\/wp\/v2\/posts\/1020\/revisions"}],"predecessor-version":[{"id":1021,"href":"https:\/\/wp.kristdemokraterna.se\/solna\/wp-json\/wp\/v2\/posts\/1020\/revisions\/1021"}],"wp:attachment":[{"href":"https:\/\/wp.kristdemokraterna.se\/solna\/wp-json\/wp\/v2\/media?parent=1020"}],"wp:term":[{"taxonomy":"category","embeddable":true,"href":"https:\/\/wp.kristdemokraterna.se\/solna\/wp-json\/wp\/v2\/categories?post=1020"},{"taxonomy":"post_tag","embeddable":true,"href":"https:\/\/wp.kristdemokraterna.se\/solna\/wp-json\/wp\/v2\/tags?post=1020"}],"curies":[{"name":"wp","href":"https:\/\/api.w.org\/{rel}","templated":true}]}}