{"id":1136,"date":"2026-08-19T18:52:01","date_gmt":"2026-08-19T16:52:01","guid":{"rendered":"http:\/\/wp.kristdemokraterna.se\/solna2\/?p=1136"},"modified":"2026-08-21T13:37:20","modified_gmt":"2026-08-21T11:37:20","slug":"jordenarv","status":"publish","type":"post","link":"https:\/\/wp.kristdemokraterna.se\/solna\/jordenarv\/","title":{"rendered":"\ud83c\udf3f Milj\u00f6 och klimat:  Ett kristdemokratiskt  f\u00f6rvaltarskap"},"content":{"rendered":"<p class=\"p1\"><b>F\u00f6r Kristdemokraterna handlar f\u00f6rvaltarskap om att ta hand om jorden och l\u00e4mna den i b\u00e4ttre skick till n\u00e4sta generation. I v\u00e5rt Solna finns h\u00e5llbara trafikl\u00f6sningar, fossilfri energi, sunda bostadsmilj\u00f6er och minskad milj\u00f6p\u00e5verkan. Vi v\u00e4rnar v\u00e5ra parker, natur- och vattenmilj\u00f6er och ser till att resurser tas tillvara i ett kretslopp.<\/b><\/p>\n<ul>\n<li class=\"p1\">Plantera nya och ers\u00e4tt borttagna tr\u00e4d i Solna. Vi vill plantera tr\u00e4d l\u00e4ngs mittremsan p\u00e5 Fr\u00f6sundaleden vid infarten fr\u00e5n E4 vid Haga norra f\u00f6r att skapa en trevlig infart till staden.<\/li>\n<li class=\"p1\">Utrota invasiva och skadliga arter s\u00e5som kanadag\u00e4ss, r\u00e5ttor, m\u00f6rdarsniglar, j\u00e4tteloka och parkslide.<\/li>\n<li class=\"p1\">Rusta upp och levandeg\u00f6r Solnas park- och naturmilj\u00f6er. Bevara v\u00e5rt naturarv och den biologiska m\u00e5ngfalden.<\/li>\n<li class=\"p1\">Forts\u00e4tta arbetet med renare vattendrag f\u00f6r god ekologisk och kemisk status.<\/li>\n<li class=\"p1\">Kartl\u00e4gg skr\u00e4p under vattenytan med bottenscanning, rensa sedan bort skr\u00e4p l\u00e4ngs Solnas kuster.<\/li>\n<li class=\"p1\">Tack vare KD genomf\u00f6rs en ny bullerkartl\u00e4ggning. Den ska ligga till grund f\u00f6r nya bullerd\u00e4mpande \u00e5tg\u00e4rder d\u00e4r det beh\u00f6vs, i form av bl.a. bullerplank.<\/li>\n<li class=\"p1\">Forts\u00e4tta arbeta f\u00f6r b\u00e4ttre luftkvalitet i k\u00e4nsliga omr\u00e5den genom bl.a. luftm\u00e4tningsstationer.<\/li>\n<li class=\"p1\">Solna beh\u00f6ver \u00e4ven f\u00f6rvalta sina fastigheter b\u00e4ttre. Solnas stadshus har s\u00e5 d\u00e5lig inomhusluft att medarbetare har fysiska besv\u00e4r. Vi \u00e4r \u00f6ppna f\u00f6r att renovera befintligt stadshus, f\u00f6rv\u00e4rva ett nytt alternativt bygga ett nytt.<\/li>\n<li class=\"p1\">I samband med Norrenergis utbyggnad \u00e4ven m\u00f6jligg\u00f6ra produktion av el. Norrenergi ska utveckla utbudet av fj\u00e4rrkyla i Solna.<\/li>\n<li class=\"p1\">Ta fram en plan f\u00f6r hur Solna ska hantera ett hundra\u00e5rsregn.<\/li>\n<li class=\"p1\">Bygg vidare p\u00e5 gr\u00f6na samband genom att g\u00f6ra en ekodukt mellan s\u00f6dra och norra Bergshamra, till gagn f\u00f6r v\u00e4xter och djur.<\/li>\n<li class=\"p1\">Bevara bef\u00e4stningskullen i Fr\u00f6sunda fr\u00e5n kl\u00e5fingriga politiker som vill bygga. G\u00f6r ett utegym i skogen och ett motionssp\u00e5r.<\/li>\n<li class=\"p1\">Vi vill se bullersk\u00e4rmar som en bullerd\u00e4mpande \u00e5tg\u00e4rd, vilket saknas p\u00e5 flera h\u00e5ll i staden. Exempelvis saknas det i Fr\u00f6sunda d\u00e4r vissa fasader p\u00e5 bostadshus vetter direkt mot E4 utan bullerd\u00e4mpande \u00e5tg\u00e4rder.<\/li>\n<\/ul>\n<p><a href=\"http:\/\/wp.kristdemokraterna.se\/solna\/files\/2022\/08\/miljo.jpg\"><img loading=\"lazy\" decoding=\"async\" class=\"alignnone size-medium wp-image-4092\" src=\"http:\/\/wp.kristdemokraterna.se\/solna\/files\/2022\/08\/miljo-300x226.jpg\" alt=\"\" width=\"300\" height=\"226\" srcset=\"https:\/\/wp.kristdemokraterna.se\/solna\/files\/2022\/08\/miljo-300x226.jpg 300w, https:\/\/wp.kristdemokraterna.se\/solna\/files\/2022\/08\/miljo-1024x771.jpg 1024w, https:\/\/wp.kristdemokraterna.se\/solna\/files\/2022\/08\/miljo-768x578.jpg 768w, https:\/\/wp.kristdemokraterna.se\/solna\/files\/2022\/08\/miljo-266x200.jpg 266w, https:\/\/wp.kristdemokraterna.se\/solna\/files\/2022\/08\/miljo-370x279.jpg 370w, https:\/\/wp.kristdemokraterna.se\/solna\/files\/2022\/08\/miljo-770x580.jpg 770w, https:\/\/wp.kristdemokraterna.se\/solna\/files\/2022\/08\/miljo-450x339.jpg 450w, https:\/\/wp.kristdemokraterna.se\/solna\/files\/2022\/08\/miljo-280x211.jpg 280w, https:\/\/wp.kristdemokraterna.se\/solna\/files\/2022\/08\/miljo-340x256.jpg 340w, https:\/\/wp.kristdemokraterna.se\/solna\/files\/2022\/08\/miljo-200x151.jpg 200w, https:\/\/wp.kristdemokraterna.se\/solna\/files\/2022\/08\/miljo-74x56.jpg 74w, https:\/\/wp.kristdemokraterna.se\/solna\/files\/2022\/08\/miljo.jpg 1376w\" sizes=\"auto, (max-width: 300px) 100vw, 300px\" \/><\/a><\/p>\n","protected":false},"excerpt":{"rendered":"<p>F\u00f6r Kristdemokraterna handlar f\u00f6rvaltarskap om att ta hand om jorden och l\u00e4mna den i b\u00e4ttre skick till n\u00e4sta generation. I v\u00e5rt Solna finns h\u00e5llbara trafikl\u00f6sningar, fossilfri energi, sunda bostadsmilj\u00f6er och minskad milj\u00f6p\u00e5verkan. Vi v\u00e4rnar v\u00e5ra parker, natur- och vattenmilj\u00f6er och ser till att resurser tas tillvara i ett kretslopp. Plantera nya och ers\u00e4tt borttagna tr\u00e4d <a class=\"read-more-link\" href=\"https:\/\/wp.kristdemokraterna.se\/solna\/jordenarv\/\">Read More<\/a><\/p>\n","protected":false},"author":769,"featured_media":0,"comment_status":"closed","ping_status":"closed","sticky":false,"template":"","format":"standard","meta":{"_acf_changed":false,"footnotes":""},"categories":[211],"tags":[],"class_list":["post-1136","post","type-post","status-publish","format-standard","hentry","category-valprogram"],"acf":[],"_links":{"self":[{"href":"https:\/\/wp.kristdemokraterna.se\/solna\/wp-json\/wp\/v2\/posts\/1136","targetHints":{"allow":["GET"]}}],"collection":[{"href":"https:\/\/wp.kristdemokraterna.se\/solna\/wp-json\/wp\/v2\/posts"}],"about":[{"href":"https:\/\/wp.kristdemokraterna.se\/solna\/wp-json\/wp\/v2\/types\/post"}],"author":[{"embeddable":true,"href":"https:\/\/wp.kristdemokraterna.se\/solna\/wp-json\/wp\/v2\/users\/769"}],"replies":[{"embeddable":true,"href":"https:\/\/wp.kristdemokraterna.se\/solna\/wp-json\/wp\/v2\/comments?post=1136"}],"version-history":[{"count":6,"href":"https:\/\/wp.kristdemokraterna.se\/solna\/wp-json\/wp\/v2\/posts\/1136\/revisions"}],"predecessor-version":[{"id":4141,"href":"https:\/\/wp.kristdemokraterna.se\/solna\/wp-json\/wp\/v2\/posts\/1136\/revisions\/4141"}],"wp:attachment":[{"href":"https:\/\/wp.kristdemokraterna.se\/solna\/wp-json\/wp\/v2\/media?parent=1136"}],"wp:term":[{"taxonomy":"category","embeddable":true,"href":"https:\/\/wp.kristdemokraterna.se\/solna\/wp-json\/wp\/v2\/categories?post=1136"},{"taxonomy":"post_tag","embeddable":true,"href":"https:\/\/wp.kristdemokraterna.se\/solna\/wp-json\/wp\/v2\/tags?post=1136"}],"curies":[{"name":"wp","href":"https:\/\/api.w.org\/{rel}","templated":true}]}}