{"id":1138,"date":"2026-08-19T16:53:20","date_gmt":"2026-08-19T14:53:20","guid":{"rendered":"http:\/\/wp.kristdemokraterna.se\/solna2\/?p=1138"},"modified":"2026-08-21T13:37:58","modified_gmt":"2026-08-21T11:37:58","slug":"foretagintegration","status":"publish","type":"post","link":"https:\/\/wp.kristdemokraterna.se\/solna\/foretagintegration\/","title":{"rendered":"\u2705 F\u00f6retagande och  integration: Solna ska bli ledande igen"},"content":{"rendered":"<p class=\"p1\"><b>Ett starkt f\u00f6retagande \u00e4r en garant f\u00f6r nya arbetstillf\u00e4llen och ett \u00f6kat v\u00e4lst\u00e5nd. Det privata n\u00e4ringslivet och enskilda m\u00e4nniskors innovationer \u00e4r och kommer alltid att vara grunden f\u00f6r Solnas framg\u00e5ngar.<\/b><\/p>\n<ul>\n<li class=\"p1\">Kommunalskatten ska vara s\u00e5 l\u00e5g som m\u00f6jligt och s\u00e5 h\u00f6g som n\u00f6dv\u00e4ndigt.<\/li>\n<li class=\"p1\">Solna stad upphandlar varor och tj\u00e4nster till miljardbelopp. Vi vill st\u00e4rka uppf\u00f6ljningen av upphandlingarna.<\/li>\n<li class=\"p1\">F\u00f6lja upp samh\u00e4llsintroduktionen efter ett \u00e5r, och fokusera mer p\u00e5 v\u00e4rderingar, j\u00e4mst\u00e4lldhet och sociala koder som g\u00e4ller i Sverige.<\/li>\n<li class=\"p1\">Forts\u00e4tta erbjuda Solnaungdomar kvalitativa sommarjobb.<\/li>\n<li class=\"p1\">Ett regelverk ska utarbetas som m\u00f6jligg\u00f6r samverkan med ideella<br \/>\norganisationer och sociala f\u00f6retag genom IOP.<\/li>\n<li class=\"p1\">Solna ska \u00e5terigen inta topp-placeringen i f\u00f6retagsv\u00e4nlighet genom att \u00e5teruppr\u00e4tta n\u00e4ringslivets f\u00f6rtroende f\u00f6r staden.<\/li>\n<\/ul>\n<p><a href=\"http:\/\/wp.kristdemokraterna.se\/solna\/files\/2022\/08\/foretagande.jpg\"><img loading=\"lazy\" decoding=\"async\" class=\"alignnone size-medium wp-image-4100\" src=\"http:\/\/wp.kristdemokraterna.se\/solna\/files\/2022\/08\/foretagande-300x293.jpg\" alt=\"\" width=\"300\" height=\"293\" srcset=\"https:\/\/wp.kristdemokraterna.se\/solna\/files\/2022\/08\/foretagande-300x293.jpg 300w, https:\/\/wp.kristdemokraterna.se\/solna\/files\/2022\/08\/foretagande-1024x999.jpg 1024w, https:\/\/wp.kristdemokraterna.se\/solna\/files\/2022\/08\/foretagande-768x750.jpg 768w, https:\/\/wp.kristdemokraterna.se\/solna\/files\/2022\/08\/foretagande-205x200.jpg 205w, https:\/\/wp.kristdemokraterna.se\/solna\/files\/2022\/08\/foretagande-370x361.jpg 370w, https:\/\/wp.kristdemokraterna.se\/solna\/files\/2022\/08\/foretagande-770x752.jpg 770w, https:\/\/wp.kristdemokraterna.se\/solna\/files\/2022\/08\/foretagande-450x439.jpg 450w, https:\/\/wp.kristdemokraterna.se\/solna\/files\/2022\/08\/foretagande-280x273.jpg 280w, https:\/\/wp.kristdemokraterna.se\/solna\/files\/2022\/08\/foretagande-340x332.jpg 340w, https:\/\/wp.kristdemokraterna.se\/solna\/files\/2022\/08\/foretagande-200x195.jpg 200w, https:\/\/wp.kristdemokraterna.se\/solna\/files\/2022\/08\/foretagande-57x56.jpg 57w, https:\/\/wp.kristdemokraterna.se\/solna\/files\/2022\/08\/foretagande.jpg 1170w\" sizes=\"auto, (max-width: 300px) 100vw, 300px\" \/><\/a><\/p>\n","protected":false},"excerpt":{"rendered":"<p>Ett starkt f\u00f6retagande \u00e4r en garant f\u00f6r nya arbetstillf\u00e4llen och ett \u00f6kat v\u00e4lst\u00e5nd. Det privata n\u00e4ringslivet och enskilda m\u00e4nniskors innovationer \u00e4r och kommer alltid att vara grunden f\u00f6r Solnas framg\u00e5ngar. Kommunalskatten ska vara s\u00e5 l\u00e5g som m\u00f6jligt och s\u00e5 h\u00f6g som n\u00f6dv\u00e4ndigt. Solna stad upphandlar varor och tj\u00e4nster till miljardbelopp. Vi vill st\u00e4rka uppf\u00f6ljningen av <a class=\"read-more-link\" href=\"https:\/\/wp.kristdemokraterna.se\/solna\/foretagintegration\/\">Read More<\/a><\/p>\n","protected":false},"author":769,"featured_media":0,"comment_status":"closed","ping_status":"closed","sticky":false,"template":"","format":"standard","meta":{"_acf_changed":false,"footnotes":""},"categories":[211],"tags":[],"class_list":["post-1138","post","type-post","status-publish","format-standard","hentry","category-valprogram"],"acf":[],"_links":{"self":[{"href":"https:\/\/wp.kristdemokraterna.se\/solna\/wp-json\/wp\/v2\/posts\/1138","targetHints":{"allow":["GET"]}}],"collection":[{"href":"https:\/\/wp.kristdemokraterna.se\/solna\/wp-json\/wp\/v2\/posts"}],"about":[{"href":"https:\/\/wp.kristdemokraterna.se\/solna\/wp-json\/wp\/v2\/types\/post"}],"author":[{"embeddable":true,"href":"https:\/\/wp.kristdemokraterna.se\/solna\/wp-json\/wp\/v2\/users\/769"}],"replies":[{"embeddable":true,"href":"https:\/\/wp.kristdemokraterna.se\/solna\/wp-json\/wp\/v2\/comments?post=1138"}],"version-history":[{"count":7,"href":"https:\/\/wp.kristdemokraterna.se\/solna\/wp-json\/wp\/v2\/posts\/1138\/revisions"}],"predecessor-version":[{"id":4143,"href":"https:\/\/wp.kristdemokraterna.se\/solna\/wp-json\/wp\/v2\/posts\/1138\/revisions\/4143"}],"wp:attachment":[{"href":"https:\/\/wp.kristdemokraterna.se\/solna\/wp-json\/wp\/v2\/media?parent=1138"}],"wp:term":[{"taxonomy":"category","embeddable":true,"href":"https:\/\/wp.kristdemokraterna.se\/solna\/wp-json\/wp\/v2\/categories?post=1138"},{"taxonomy":"post_tag","embeddable":true,"href":"https:\/\/wp.kristdemokraterna.se\/solna\/wp-json\/wp\/v2\/tags?post=1138"}],"curies":[{"name":"wp","href":"https:\/\/api.w.org\/{rel}","templated":true}]}}