{"id":4198,"date":"2026-09-03T15:59:42","date_gmt":"2026-09-03T13:59:42","guid":{"rendered":"https:\/\/wp.kristdemokraterna.se\/solna\/?p=4198"},"modified":"2026-09-03T15:59:42","modified_gmt":"2026-09-03T13:59:42","slug":"kd-vill-vacka-liv-i-gammalt-stationshus","status":"publish","type":"post","link":"https:\/\/wp.kristdemokraterna.se\/solna\/kd-vill-vacka-liv-i-gammalt-stationshus\/","title":{"rendered":"KD vill v\u00e4cka liv i gammalt stationshus"},"content":{"rendered":"<p>KD vill v\u00e4cka liv i gammalt stationshus!<\/p>\n<p>\u2013 Det skulle ge den gamla Tomteboda station en naturlig placering direkt vid en milj\u00f6 som fortfarande pr\u00e4glas av j\u00e4rnv\u00e4gen, och \u00e5terigen g\u00f6ra den vackra byggnaden tillg\u00e4nglig f\u00f6r Solnabor, s\u00e4ger Samuel Klippfalk (KD).<\/p>\n<p><a href=\"https:\/\/www.mitti.se\/nyheter\/kd-vill-vacka-liv-i-gammalt-stationshus-6.19.381789.8ae6e2cc12?fbclid=IwY2xjawUGXJFwZG9mAWV4dG4DYWVtAjExAHNydGMGYXBwX2lkEDIyMjAzOTE3ODgyMDA4OTIAAR7CjAbVxj-72wAqCutaTkqhdTNTTIi3IxnC4wpU-BExOTYmMYhTmSU6W4HPiQ_aem_jLMWdRLWqKZqMK_vbmp77g\">L\u00e4s mer p\u00e5 lokaltidningens webbplats.\u00a0<\/a><\/p>\n","protected":false},"excerpt":{"rendered":"<p>KD vill v\u00e4cka liv i gammalt stationshus! \u2013 Det skulle ge den gamla Tomteboda station en naturlig placering direkt vid en milj\u00f6 som fortfarande pr\u00e4glas av j\u00e4rnv\u00e4gen, och \u00e5terigen g\u00f6ra den vackra byggnaden tillg\u00e4nglig f\u00f6r Solnabor, s\u00e4ger Samuel Klippfalk (KD). L\u00e4s mer p\u00e5 lokaltidningens webbplats.\u00a0<\/p>\n","protected":false},"author":769,"featured_media":0,"comment_status":"closed","ping_status":"closed","sticky":false,"template":"","format":"standard","meta":{"_acf_changed":false,"footnotes":""},"categories":[4],"tags":[],"class_list":["post-4198","post","type-post","status-publish","format-standard","hentry","category-aktuellt"],"acf":[],"_links":{"self":[{"href":"https:\/\/wp.kristdemokraterna.se\/solna\/wp-json\/wp\/v2\/posts\/4198","targetHints":{"allow":["GET"]}}],"collection":[{"href":"https:\/\/wp.kristdemokraterna.se\/solna\/wp-json\/wp\/v2\/posts"}],"about":[{"href":"https:\/\/wp.kristdemokraterna.se\/solna\/wp-json\/wp\/v2\/types\/post"}],"author":[{"embeddable":true,"href":"https:\/\/wp.kristdemokraterna.se\/solna\/wp-json\/wp\/v2\/users\/769"}],"replies":[{"embeddable":true,"href":"https:\/\/wp.kristdemokraterna.se\/solna\/wp-json\/wp\/v2\/comments?post=4198"}],"version-history":[{"count":1,"href":"https:\/\/wp.kristdemokraterna.se\/solna\/wp-json\/wp\/v2\/posts\/4198\/revisions"}],"predecessor-version":[{"id":4200,"href":"https:\/\/wp.kristdemokraterna.se\/solna\/wp-json\/wp\/v2\/posts\/4198\/revisions\/4200"}],"wp:attachment":[{"href":"https:\/\/wp.kristdemokraterna.se\/solna\/wp-json\/wp\/v2\/media?parent=4198"}],"wp:term":[{"taxonomy":"category","embeddable":true,"href":"https:\/\/wp.kristdemokraterna.se\/solna\/wp-json\/wp\/v2\/categories?post=4198"},{"taxonomy":"post_tag","embeddable":true,"href":"https:\/\/wp.kristdemokraterna.se\/solna\/wp-json\/wp\/v2\/tags?post=4198"}],"curies":[{"name":"wp","href":"https:\/\/api.w.org\/{rel}","templated":true}]}}