{"id":533,"date":"2016-09-06T11:06:33","date_gmt":"2016-09-06T09:06:33","guid":{"rendered":"http:\/\/wp.kristdemokraterna.se\/solna2\/?p=533"},"modified":"2018-01-08T11:07:24","modified_gmt":"2018-01-08T10:07:24","slug":"en-reell-aldreboendegaranti","status":"publish","type":"post","link":"https:\/\/wp.kristdemokraterna.se\/solna\/en-reell-aldreboendegaranti\/","title":{"rendered":"En reell \u00e4ldreboendegaranti"},"content":{"rendered":"<p><strong>Alltf\u00f6r m\u00e5nga k\u00e4nner bristande tilltro till samh\u00e4llets f\u00f6rm\u00e5ga att garantera trygghet och oberoende p\u00e5 \u00e4ldre dagar. Det m\u00e5ste m\u00f6tas med politiska l\u00f6sningar som tar h\u00e4nsyn till v\u00e5ra olikheter och v\u00e5ra olika behov.<\/strong><\/p>\n<p><!--more--><\/p>\n<p>D\u00e4rf\u00f6r vill vi inf\u00f6ra en \u00e4ldreboendegaranti som garanterar varje person \u00f6ver 85 \u00e5r en r\u00e4tt att f\u00e5 en plats p\u00e5 ett s\u00e4rskilt boende, trygghetsboende eller serviceboende n\u00e4r och om de s\u00e5 vill.<\/p>\n<p>M\u00e5nga efterstr\u00e4var att bo kvar i sitt hem s\u00e5 l\u00e4nge som m\u00f6jligt. Det hemvanda sk\u00e4nker trygghet. Att kunna f\u00e5 hj\u00e4lp i sitt eget hem, s\u00e5 l\u00e4nge som du sj\u00e4lv \u00f6nskar \u00e4r viktigt. Men lika viktigt \u00e4r det att inte f\u00f6rhindras en plats i ett \u00e4ldreboende n\u00e4r du inte l\u00e4ngre \u00e4r trygg i hemmet.<\/p>\n<p>Det finns ber\u00e4ttelser om \u00e4ldre som beskriver sitt hem som ett f\u00e4ngelse. Anh\u00f6riga som beskriver sin oro \u00f6ver att inte veta hur det har g\u00e5tt f\u00f6r pappa eller mamma under dagen. Att flytta till ett s\u00e4rskilt boende, trygghetsboende eller serviceboende \u00e4r inte n\u00e5got som en \u00e4ldre person g\u00f6r i on\u00f6dan. Sk\u00e4len \u00e4r ofta medicinska, n\u00e4r behoven av st\u00f6d \u00f6kar s\u00e5 att hemtj\u00e4nst inte l\u00e4ngre \u00e4r det b\u00e4sta alternativet. Men det finns ocks\u00e5 en stor grupp \u00e4ldre som upplever otrygghet och ensamhet och d\u00e4rf\u00f6r beh\u00f6ver en annan boendeform. Vi vill i lag garantera att denna m\u00f6jlighet erbjuds alla \u00f6ver 85 \u00e5r.<\/p>\n<p>V\u00e5rt f\u00f6rslag inneb\u00e4r att beslutet att flytta helt ska vara den enskildes. Kommunens ansvar \u00e4r inte att best\u00e4mma var den omsorgsbeh\u00f6vande ska bo. Deras ansvar \u00e4r att se till att det finns platser f\u00f6r dem som beh\u00f6ver det. Ingen ska tvingas ut fr\u00e5n sitt hem men ingen ska heller tvingas att bo kvar i hemmet. F\u00f6rst d\u00e5 lever vi upp till en reell \u00e4ldreboendegaranti.<\/p>\n<p>Emma Henriksson (KD), ordf\u00f6rande i riksdagens socialutskott<\/p>\n<p>Samuel Klippfalk (KD), Kommunalr\u00e5d och ordf\u00f6rande i omv\u00e5rdnadsn\u00e4mnden i Solna<\/p>\n","protected":false},"excerpt":{"rendered":"<p>Alltf\u00f6r m\u00e5nga k\u00e4nner bristande tilltro till samh\u00e4llets f\u00f6rm\u00e5ga att garantera trygghet och oberoende p\u00e5 \u00e4ldre dagar. Det m\u00e5ste m\u00f6tas med politiska l\u00f6sningar som tar h\u00e4nsyn till v\u00e5ra olikheter och v\u00e5ra olika behov.<\/p>\n","protected":false},"author":769,"featured_media":0,"comment_status":"closed","ping_status":"closed","sticky":false,"template":"","format":"standard","meta":{"_acf_changed":false,"footnotes":""},"categories":[4],"tags":[83,38,84,85],"class_list":["post-533","post","type-post","status-publish","format-standard","hentry","category-aktuellt","tag-aldreboendegaranti","tag-debattartikel","tag-emma-henriksson","tag-samuel-klippfalk"],"acf":[],"yoast_head":"<!-- This site is optimized with the Yoast SEO plugin v27.4 - https:\/\/yoast.com\/product\/yoast-seo-wordpress\/ -->\n<title>En reell \u00e4ldreboendegaranti - Kristdemokraterna i Solna<\/title>\n<meta name=\"robots\" content=\"index, follow, max-snippet:-1, max-image-preview:large, max-video-preview:-1\" \/>\n<link rel=\"canonical\" href=\"https:\/\/wp.kristdemokraterna.se\/solna\/en-reell-aldreboendegaranti\/\" \/>\n<meta property=\"og:locale\" content=\"sv_SE\" \/>\n<meta property=\"og:type\" content=\"article\" \/>\n<meta property=\"og:title\" content=\"En reell \u00e4ldreboendegaranti - Kristdemokraterna i Solna\" \/>\n<meta property=\"og:description\" content=\"Alltf\u00f6r m\u00e5nga k\u00e4nner bristande tilltro till samh\u00e4llets f\u00f6rm\u00e5ga att garantera trygghet och oberoende p\u00e5 \u00e4ldre dagar. Det m\u00e5ste m\u00f6tas med politiska l\u00f6sningar som tar h\u00e4nsyn till v\u00e5ra olikheter och v\u00e5ra olika behov.\" \/>\n<meta property=\"og:url\" content=\"https:\/\/wp.kristdemokraterna.se\/solna\/en-reell-aldreboendegaranti\/\" \/>\n<meta property=\"og:site_name\" content=\"Kristdemokraterna i Solna\" \/>\n<meta property=\"article:published_time\" content=\"2016-09-06T09:06:33+00:00\" \/>\n<meta property=\"article:modified_time\" content=\"2018-01-08T10:07:24+00:00\" \/>\n<meta name=\"author\" content=\"solna2\" \/>\n<meta name=\"twitter:card\" content=\"summary_large_image\" \/>\n<meta name=\"twitter:label1\" content=\"Skriven av\" \/>\n\t<meta name=\"twitter:data1\" content=\"solna2\" \/>\n\t<meta name=\"twitter:label2\" content=\"Ber\u00e4knad l\u00e4stid\" \/>\n\t<meta name=\"twitter:data2\" content=\"2 minuter\" \/>\n<script type=\"application\/ld+json\" class=\"yoast-schema-graph\">{\"@context\":\"https:\\\/\\\/schema.org\",\"@graph\":[{\"@type\":\"Article\",\"@id\":\"https:\\\/\\\/wp.kristdemokraterna.se\\\/solna\\\/en-reell-aldreboendegaranti\\\/#article\",\"isPartOf\":{\"@id\":\"https:\\\/\\\/wp.kristdemokraterna.se\\\/solna\\\/en-reell-aldreboendegaranti\\\/\"},\"author\":{\"name\":\"solna2\",\"@id\":\"https:\\\/\\\/wp.kristdemokraterna.se\\\/solna\\\/#\\\/schema\\\/person\\\/712d13bb8cb0816b1c5064a9033a35f2\"},\"headline\":\"En reell \u00e4ldreboendegaranti\",\"datePublished\":\"2016-09-06T09:06:33+00:00\",\"dateModified\":\"2018-01-08T10:07:24+00:00\",\"mainEntityOfPage\":{\"@id\":\"https:\\\/\\\/wp.kristdemokraterna.se\\\/solna\\\/en-reell-aldreboendegaranti\\\/\"},\"wordCount\":361,\"keywords\":[\"\u00c4ldreboendegaranti\",\"Debattartikel\",\"Emma Henriksson\",\"Samuel Klippfalk\"],\"articleSection\":[\"Aktuellt\"],\"inLanguage\":\"sv-SE\"},{\"@type\":\"WebPage\",\"@id\":\"https:\\\/\\\/wp.kristdemokraterna.se\\\/solna\\\/en-reell-aldreboendegaranti\\\/\",\"url\":\"https:\\\/\\\/wp.kristdemokraterna.se\\\/solna\\\/en-reell-aldreboendegaranti\\\/\",\"name\":\"En reell \u00e4ldreboendegaranti - Kristdemokraterna i Solna\",\"isPartOf\":{\"@id\":\"https:\\\/\\\/wp.kristdemokraterna.se\\\/solna\\\/#website\"},\"datePublished\":\"2016-09-06T09:06:33+00:00\",\"dateModified\":\"2018-01-08T10:07:24+00:00\",\"author\":{\"@id\":\"https:\\\/\\\/wp.kristdemokraterna.se\\\/solna\\\/#\\\/schema\\\/person\\\/712d13bb8cb0816b1c5064a9033a35f2\"},\"breadcrumb\":{\"@id\":\"https:\\\/\\\/wp.kristdemokraterna.se\\\/solna\\\/en-reell-aldreboendegaranti\\\/#breadcrumb\"},\"inLanguage\":\"sv-SE\",\"potentialAction\":[{\"@type\":\"ReadAction\",\"target\":[\"https:\\\/\\\/wp.kristdemokraterna.se\\\/solna\\\/en-reell-aldreboendegaranti\\\/\"]}]},{\"@type\":\"BreadcrumbList\",\"@id\":\"https:\\\/\\\/wp.kristdemokraterna.se\\\/solna\\\/en-reell-aldreboendegaranti\\\/#breadcrumb\",\"itemListElement\":[{\"@type\":\"ListItem\",\"position\":1,\"name\":\"Hem\",\"item\":\"https:\\\/\\\/wp.kristdemokraterna.se\\\/solna\\\/\"},{\"@type\":\"ListItem\",\"position\":2,\"name\":\"En reell \u00e4ldreboendegaranti\"}]},{\"@type\":\"WebSite\",\"@id\":\"https:\\\/\\\/wp.kristdemokraterna.se\\\/solna\\\/#website\",\"url\":\"https:\\\/\\\/wp.kristdemokraterna.se\\\/solna\\\/\",\"name\":\"Kristdemokraterna i Solna\",\"description\":\"Med \ud83d\udc99 f\u00f6r Solna\",\"inLanguage\":\"sv-SE\"},{\"@type\":\"Person\",\"@id\":\"https:\\\/\\\/wp.kristdemokraterna.se\\\/solna\\\/#\\\/schema\\\/person\\\/712d13bb8cb0816b1c5064a9033a35f2\",\"name\":\"solna2\",\"image\":{\"@type\":\"ImageObject\",\"inLanguage\":\"sv-SE\",\"@id\":\"https:\\\/\\\/secure.gravatar.com\\\/avatar\\\/c47156d8f469e439727cc363e6968b2f5ab12cd38563467e0076a31756980b3c?s=96&d=mm&r=g\",\"url\":\"https:\\\/\\\/secure.gravatar.com\\\/avatar\\\/c47156d8f469e439727cc363e6968b2f5ab12cd38563467e0076a31756980b3c?s=96&d=mm&r=g\",\"contentUrl\":\"https:\\\/\\\/secure.gravatar.com\\\/avatar\\\/c47156d8f469e439727cc363e6968b2f5ab12cd38563467e0076a31756980b3c?s=96&d=mm&r=g\",\"caption\":\"solna2\"},\"url\":\"https:\\\/\\\/wp.kristdemokraterna.se\\\/solna\\\/author\\\/solna2\\\/\"}]}<\/script>\n<!-- \/ Yoast SEO plugin. -->","yoast_head_json":{"title":"En reell \u00e4ldreboendegaranti - Kristdemokraterna i Solna","robots":{"index":"index","follow":"follow","max-snippet":"max-snippet:-1","max-image-preview":"max-image-preview:large","max-video-preview":"max-video-preview:-1"},"canonical":"https:\/\/wp.kristdemokraterna.se\/solna\/en-reell-aldreboendegaranti\/","og_locale":"sv_SE","og_type":"article","og_title":"En reell \u00e4ldreboendegaranti - Kristdemokraterna i Solna","og_description":"Alltf\u00f6r m\u00e5nga k\u00e4nner bristande tilltro till samh\u00e4llets f\u00f6rm\u00e5ga att garantera trygghet och oberoende p\u00e5 \u00e4ldre dagar. Det m\u00e5ste m\u00f6tas med politiska l\u00f6sningar som tar h\u00e4nsyn till v\u00e5ra olikheter och v\u00e5ra olika behov.","og_url":"https:\/\/wp.kristdemokraterna.se\/solna\/en-reell-aldreboendegaranti\/","og_site_name":"Kristdemokraterna i Solna","article_published_time":"2016-09-06T09:06:33+00:00","article_modified_time":"2018-01-08T10:07:24+00:00","author":"solna2","twitter_card":"summary_large_image","twitter_misc":{"Skriven av":"solna2","Ber\u00e4knad l\u00e4stid":"2 minuter"},"schema":{"@context":"https:\/\/schema.org","@graph":[{"@type":"Article","@id":"https:\/\/wp.kristdemokraterna.se\/solna\/en-reell-aldreboendegaranti\/#article","isPartOf":{"@id":"https:\/\/wp.kristdemokraterna.se\/solna\/en-reell-aldreboendegaranti\/"},"author":{"name":"solna2","@id":"https:\/\/wp.kristdemokraterna.se\/solna\/#\/schema\/person\/712d13bb8cb0816b1c5064a9033a35f2"},"headline":"En reell \u00e4ldreboendegaranti","datePublished":"2016-09-06T09:06:33+00:00","dateModified":"2018-01-08T10:07:24+00:00","mainEntityOfPage":{"@id":"https:\/\/wp.kristdemokraterna.se\/solna\/en-reell-aldreboendegaranti\/"},"wordCount":361,"keywords":["\u00c4ldreboendegaranti","Debattartikel","Emma Henriksson","Samuel Klippfalk"],"articleSection":["Aktuellt"],"inLanguage":"sv-SE"},{"@type":"WebPage","@id":"https:\/\/wp.kristdemokraterna.se\/solna\/en-reell-aldreboendegaranti\/","url":"https:\/\/wp.kristdemokraterna.se\/solna\/en-reell-aldreboendegaranti\/","name":"En reell \u00e4ldreboendegaranti - Kristdemokraterna i Solna","isPartOf":{"@id":"https:\/\/wp.kristdemokraterna.se\/solna\/#website"},"datePublished":"2016-09-06T09:06:33+00:00","dateModified":"2018-01-08T10:07:24+00:00","author":{"@id":"https:\/\/wp.kristdemokraterna.se\/solna\/#\/schema\/person\/712d13bb8cb0816b1c5064a9033a35f2"},"breadcrumb":{"@id":"https:\/\/wp.kristdemokraterna.se\/solna\/en-reell-aldreboendegaranti\/#breadcrumb"},"inLanguage":"sv-SE","potentialAction":[{"@type":"ReadAction","target":["https:\/\/wp.kristdemokraterna.se\/solna\/en-reell-aldreboendegaranti\/"]}]},{"@type":"BreadcrumbList","@id":"https:\/\/wp.kristdemokraterna.se\/solna\/en-reell-aldreboendegaranti\/#breadcrumb","itemListElement":[{"@type":"ListItem","position":1,"name":"Hem","item":"https:\/\/wp.kristdemokraterna.se\/solna\/"},{"@type":"ListItem","position":2,"name":"En reell \u00e4ldreboendegaranti"}]},{"@type":"WebSite","@id":"https:\/\/wp.kristdemokraterna.se\/solna\/#website","url":"https:\/\/wp.kristdemokraterna.se\/solna\/","name":"Kristdemokraterna i Solna","description":"Med \ud83d\udc99 f\u00f6r Solna","inLanguage":"sv-SE"},{"@type":"Person","@id":"https:\/\/wp.kristdemokraterna.se\/solna\/#\/schema\/person\/712d13bb8cb0816b1c5064a9033a35f2","name":"solna2","image":{"@type":"ImageObject","inLanguage":"sv-SE","@id":"https:\/\/secure.gravatar.com\/avatar\/c47156d8f469e439727cc363e6968b2f5ab12cd38563467e0076a31756980b3c?s=96&d=mm&r=g","url":"https:\/\/secure.gravatar.com\/avatar\/c47156d8f469e439727cc363e6968b2f5ab12cd38563467e0076a31756980b3c?s=96&d=mm&r=g","contentUrl":"https:\/\/secure.gravatar.com\/avatar\/c47156d8f469e439727cc363e6968b2f5ab12cd38563467e0076a31756980b3c?s=96&d=mm&r=g","caption":"solna2"},"url":"https:\/\/wp.kristdemokraterna.se\/solna\/author\/solna2\/"}]}},"_links":{"self":[{"href":"https:\/\/wp.kristdemokraterna.se\/solna\/wp-json\/wp\/v2\/posts\/533","targetHints":{"allow":["GET"]}}],"collection":[{"href":"https:\/\/wp.kristdemokraterna.se\/solna\/wp-json\/wp\/v2\/posts"}],"about":[{"href":"https:\/\/wp.kristdemokraterna.se\/solna\/wp-json\/wp\/v2\/types\/post"}],"author":[{"embeddable":true,"href":"https:\/\/wp.kristdemokraterna.se\/solna\/wp-json\/wp\/v2\/users\/769"}],"replies":[{"embeddable":true,"href":"https:\/\/wp.kristdemokraterna.se\/solna\/wp-json\/wp\/v2\/comments?post=533"}],"version-history":[{"count":1,"href":"https:\/\/wp.kristdemokraterna.se\/solna\/wp-json\/wp\/v2\/posts\/533\/revisions"}],"predecessor-version":[{"id":535,"href":"https:\/\/wp.kristdemokraterna.se\/solna\/wp-json\/wp\/v2\/posts\/533\/revisions\/535"}],"wp:attachment":[{"href":"https:\/\/wp.kristdemokraterna.se\/solna\/wp-json\/wp\/v2\/media?parent=533"}],"wp:term":[{"taxonomy":"category","embeddable":true,"href":"https:\/\/wp.kristdemokraterna.se\/solna\/wp-json\/wp\/v2\/categories?post=533"},{"taxonomy":"post_tag","embeddable":true,"href":"https:\/\/wp.kristdemokraterna.se\/solna\/wp-json\/wp\/v2\/tags?post=533"}],"curies":[{"name":"wp","href":"https:\/\/api.w.org\/{rel}","templated":true}]}}