{"id":536,"date":"2016-08-15T11:07:33","date_gmt":"2016-08-15T09:07:33","guid":{"rendered":"http:\/\/wp.kristdemokraterna.se\/solna2\/?p=536"},"modified":"2018-01-08T11:08:11","modified_gmt":"2018-01-08T10:08:11","slug":"migrationsverket-maste-fora-en-dialog-med-oss","status":"publish","type":"post","link":"https:\/\/wp.kristdemokraterna.se\/solna\/migrationsverket-maste-fora-en-dialog-med-oss\/","title":{"rendered":"Migrationsverket m\u00e5ste f\u00f6ra en dialog med oss"},"content":{"rendered":"<p><strong>Migrationsverket planerar att \u00f6ppna ett storskaligt boende i Solna f\u00f6r asyls\u00f6kande. Men myndigheten har inte f\u00f6rklarat var eller vilka som ska bo d\u00e4r. Hur ska v\u00e5r kommun d\u00e5 kunna ge en bra start i Sverige? undrar kommunalr\u00e5det Samuel Klippfalk (KD)<\/strong><\/p>\n<p><!--more--><\/p>\n<p>Flyktingkrisen \u00e4r i dag en av samh\u00e4llets stora utmaningar. Under 2015 s\u00f6kte totalt 162\u2009877 personer asyl i Sverige. Migrationsverket har \u00e4nnu inte hunnit b\u00f6rja med asylutredningar f\u00f6r de flesta som anl\u00e4nde till Sverige h\u00f6sten 2015. I dagsl\u00e4get vet man allts\u00e5 inte hur l\u00e4nge en person kommer beh\u00f6va v\u00e4nta p\u00e5 besked om sin asylans\u00f6kan. Sam\u00adtidigt som antalet asyl\u00e4renden \u00e4r rekordh\u00f6gt r\u00e5der en storskalig bostadsbrist i landet d\u00e4r 240 av Sveriges 290 kommuner uppger att de har otillr\u00e4ckligt med bost\u00e4der.<\/p>\n<p>Migrationsverkets uppgift att finna bost\u00e4der till alla asyls\u00f6kande \u00e4r minst sagt en utmaning. Att kombinationen med bostadsbrist och ett stort antal asyls\u00f6kande s\u00e4tter myndigheten under p\u00e5frestning m\u00e4rks tydligt i de storskaliga l\u00f6sningar som presenteras.<\/p>\n<p>I Solna har Migrationsverket till h\u00f6sten 2016 planerat att \u00f6ppna ett storskaligt boende med 852 platser. Om boendet realiseras kommer det att bli ett av Sveriges st\u00f6rsta. Tidigare var Migrationsverkets riktlinjer f\u00f6r maxantal asyls\u00f6kande per boende 200 personer, men i mars 2015 ut\u00f6kades maxantalet dramatiskt till 650 boende per anl\u00e4ggning. N\u00e4r \u00adtaket p\u00e5 antal boende per anl\u00e4ggning justerades upp\u00e5t sade Mikael Ribbenvik, operativ chef p\u00e5 Migrationsverket: \u201dL\u00f6sningen \u00e4r inte tillfredst\u00e4llande, men n\u00f6den har ingen lag\u201d. Anledningen till den otillfredsst\u00e4llda k\u00e4nslan beskrevs vara tr\u00e5ngboddhet i kombination med utbredd psykisk oh\u00e4lsa. Trots detta verkar det som att det \u00f6vre taket \u00e5ter justerats upp\u00e5t.<\/p>\n<p>Migrationsverkets planer p\u00e5 boendet har dessutom skett utan dialog med kommunen. Solnas f\u00f6rsta kontakt i fr\u00e5gan var ett brev som kom fr\u00e5n Migrationsverket i juni. I brevet f\u00f6rklarade Migrationsverket att de genom ett avtal med en fastighets\u00e4gare hade f\u00f6r avsikt att \u00f6ppna ett boende i september med kapacitet f\u00f6r 852 personer. Med h\u00e4nvisning till sekretess har kommunen inte f\u00e5tt n\u00e5gon ytterligare information om vart det tillt\u00e4nkta boendet kommer att ligga. Inte heller har kommunen f\u00e5tt veta n\u00e5got om de personer som \u00e4r tillt\u00e4nkta att bo d\u00e4r och \u00advilka behov de har.<\/p>\n<p>Migrationsverkets tystnad f\u00f6rsv\u00e5rar planeringen d\u00e5 kommunen har lagstadgade ansvar att f\u00f6rh\u00e5lla sig till, s\u00e5som att ordna skola inom tre m\u00e5nader \u2013 f\u00f6r ett ok\u00e4nt antal barn. Migrationsverket ger med sitt agerande kommunerna verkligt d\u00e5liga f\u00f6ruts\u00e4ttningar f\u00f6r att skapa ett gott mottagande.<\/p>\n<p>N\u00e4r maxantalet boende per anl\u00e4ggning justeras upp\u00e5t samtidigt som man undviker dialog med ber\u00f6rda kommuner f\u00f6rs\u00e4mras m\u00f6jligheterna f\u00f6r en god mottagning och i f\u00f6rl\u00e4ngningen p\u00e5verkas \u00e4ven m\u00f6jligheterna f\u00f6r en god integration.<\/p>\n<p>Migrationsverket, hur ska v\u00e5r kommun kunna ge en bra start p\u00e5 livet i Sverige n\u00e4r ni ger oss dessa f\u00f6ruts\u00e4ttningar? Det \u00e4r dags att Migrationsverket b\u00f6rjar f\u00f6ra dialog med ber\u00f6rda kommuner.<\/p>\n<p><strong>Samuel Klippfalk (KD)<br \/>\n<\/strong>Kommunalr\u00e5d i Solna<\/p>\n<p>Texten publicerades i SVD den 12 augusti 2016 och kan \u00e4ven l\u00e4sas\u00a0<a href=\"http:\/\/www.svd.se\/migrationsverket-maste-fora-en-dialog-med-oss\/om\/svenskt-flyktingmottagande\">h\u00e4r<\/a>.<\/p>\n","protected":false},"excerpt":{"rendered":"<p>Migrationsverket planerar att \u00f6ppna ett storskaligt boende i Solna f\u00f6r asyls\u00f6kande. Men myndigheten har inte f\u00f6rklarat var eller vilka som ska bo d\u00e4r. Hur ska v\u00e5r kommun d\u00e5 kunna ge en bra start i Sverige? undrar kommunalr\u00e5det Samuel Klippfalk (KD)<\/p>\n","protected":false},"author":769,"featured_media":0,"comment_status":"closed","ping_status":"closed","sticky":false,"template":"","format":"standard","meta":{"_acf_changed":false,"footnotes":""},"categories":[4],"tags":[38,86,87,88],"class_list":["post-536","post","type-post","status-publish","format-standard","hentry","category-aktuellt","tag-debattartikel","tag-migrationsverket","tag-nyanlanda","tag-svenska-dagbladet"],"acf":[],"yoast_head":"<!-- This site is optimized with the Yoast SEO plugin v27.4 - https:\/\/yoast.com\/product\/yoast-seo-wordpress\/ -->\n<title>Migrationsverket m\u00e5ste f\u00f6ra en dialog med oss - Kristdemokraterna i Solna<\/title>\n<meta name=\"robots\" content=\"index, follow, max-snippet:-1, max-image-preview:large, max-video-preview:-1\" \/>\n<link rel=\"canonical\" href=\"https:\/\/wp.kristdemokraterna.se\/solna\/migrationsverket-maste-fora-en-dialog-med-oss\/\" \/>\n<meta property=\"og:locale\" content=\"sv_SE\" \/>\n<meta property=\"og:type\" content=\"article\" \/>\n<meta property=\"og:title\" content=\"Migrationsverket m\u00e5ste f\u00f6ra en dialog med oss - Kristdemokraterna i Solna\" \/>\n<meta property=\"og:description\" content=\"Migrationsverket planerar att \u00f6ppna ett storskaligt boende i Solna f\u00f6r asyls\u00f6kande. Men myndigheten har inte f\u00f6rklarat var eller vilka som ska bo d\u00e4r. Hur ska v\u00e5r kommun d\u00e5 kunna ge en bra start i Sverige? undrar kommunalr\u00e5det Samuel Klippfalk (KD)\" \/>\n<meta property=\"og:url\" content=\"https:\/\/wp.kristdemokraterna.se\/solna\/migrationsverket-maste-fora-en-dialog-med-oss\/\" \/>\n<meta property=\"og:site_name\" content=\"Kristdemokraterna i Solna\" \/>\n<meta property=\"article:published_time\" content=\"2016-08-15T09:07:33+00:00\" \/>\n<meta property=\"article:modified_time\" content=\"2018-01-08T10:08:11+00:00\" \/>\n<meta name=\"author\" content=\"solna2\" \/>\n<meta name=\"twitter:card\" content=\"summary_large_image\" \/>\n<meta name=\"twitter:label1\" content=\"Skriven av\" \/>\n\t<meta name=\"twitter:data1\" content=\"solna2\" \/>\n\t<meta name=\"twitter:label2\" content=\"Ber\u00e4knad l\u00e4stid\" \/>\n\t<meta name=\"twitter:data2\" content=\"3 minuter\" \/>\n<script type=\"application\/ld+json\" class=\"yoast-schema-graph\">{\"@context\":\"https:\\\/\\\/schema.org\",\"@graph\":[{\"@type\":\"Article\",\"@id\":\"https:\\\/\\\/wp.kristdemokraterna.se\\\/solna\\\/migrationsverket-maste-fora-en-dialog-med-oss\\\/#article\",\"isPartOf\":{\"@id\":\"https:\\\/\\\/wp.kristdemokraterna.se\\\/solna\\\/migrationsverket-maste-fora-en-dialog-med-oss\\\/\"},\"author\":{\"name\":\"solna2\",\"@id\":\"https:\\\/\\\/wp.kristdemokraterna.se\\\/solna\\\/#\\\/schema\\\/person\\\/712d13bb8cb0816b1c5064a9033a35f2\"},\"headline\":\"Migrationsverket m\u00e5ste f\u00f6ra en dialog med oss\",\"datePublished\":\"2016-08-15T09:07:33+00:00\",\"dateModified\":\"2018-01-08T10:08:11+00:00\",\"mainEntityOfPage\":{\"@id\":\"https:\\\/\\\/wp.kristdemokraterna.se\\\/solna\\\/migrationsverket-maste-fora-en-dialog-med-oss\\\/\"},\"wordCount\":559,\"keywords\":[\"Debattartikel\",\"Migrationsverket\",\"Nyanl\u00e4nda\",\"Svenska Dagbladet\"],\"articleSection\":[\"Aktuellt\"],\"inLanguage\":\"sv-SE\"},{\"@type\":\"WebPage\",\"@id\":\"https:\\\/\\\/wp.kristdemokraterna.se\\\/solna\\\/migrationsverket-maste-fora-en-dialog-med-oss\\\/\",\"url\":\"https:\\\/\\\/wp.kristdemokraterna.se\\\/solna\\\/migrationsverket-maste-fora-en-dialog-med-oss\\\/\",\"name\":\"Migrationsverket m\u00e5ste f\u00f6ra en dialog med oss - Kristdemokraterna i Solna\",\"isPartOf\":{\"@id\":\"https:\\\/\\\/wp.kristdemokraterna.se\\\/solna\\\/#website\"},\"datePublished\":\"2016-08-15T09:07:33+00:00\",\"dateModified\":\"2018-01-08T10:08:11+00:00\",\"author\":{\"@id\":\"https:\\\/\\\/wp.kristdemokraterna.se\\\/solna\\\/#\\\/schema\\\/person\\\/712d13bb8cb0816b1c5064a9033a35f2\"},\"breadcrumb\":{\"@id\":\"https:\\\/\\\/wp.kristdemokraterna.se\\\/solna\\\/migrationsverket-maste-fora-en-dialog-med-oss\\\/#breadcrumb\"},\"inLanguage\":\"sv-SE\",\"potentialAction\":[{\"@type\":\"ReadAction\",\"target\":[\"https:\\\/\\\/wp.kristdemokraterna.se\\\/solna\\\/migrationsverket-maste-fora-en-dialog-med-oss\\\/\"]}]},{\"@type\":\"BreadcrumbList\",\"@id\":\"https:\\\/\\\/wp.kristdemokraterna.se\\\/solna\\\/migrationsverket-maste-fora-en-dialog-med-oss\\\/#breadcrumb\",\"itemListElement\":[{\"@type\":\"ListItem\",\"position\":1,\"name\":\"Hem\",\"item\":\"https:\\\/\\\/wp.kristdemokraterna.se\\\/solna\\\/\"},{\"@type\":\"ListItem\",\"position\":2,\"name\":\"Migrationsverket m\u00e5ste f\u00f6ra en dialog med oss\"}]},{\"@type\":\"WebSite\",\"@id\":\"https:\\\/\\\/wp.kristdemokraterna.se\\\/solna\\\/#website\",\"url\":\"https:\\\/\\\/wp.kristdemokraterna.se\\\/solna\\\/\",\"name\":\"Kristdemokraterna i Solna\",\"description\":\"Med \ud83d\udc99 f\u00f6r Solna\",\"inLanguage\":\"sv-SE\"},{\"@type\":\"Person\",\"@id\":\"https:\\\/\\\/wp.kristdemokraterna.se\\\/solna\\\/#\\\/schema\\\/person\\\/712d13bb8cb0816b1c5064a9033a35f2\",\"name\":\"solna2\",\"image\":{\"@type\":\"ImageObject\",\"inLanguage\":\"sv-SE\",\"@id\":\"https:\\\/\\\/secure.gravatar.com\\\/avatar\\\/c47156d8f469e439727cc363e6968b2f5ab12cd38563467e0076a31756980b3c?s=96&d=mm&r=g\",\"url\":\"https:\\\/\\\/secure.gravatar.com\\\/avatar\\\/c47156d8f469e439727cc363e6968b2f5ab12cd38563467e0076a31756980b3c?s=96&d=mm&r=g\",\"contentUrl\":\"https:\\\/\\\/secure.gravatar.com\\\/avatar\\\/c47156d8f469e439727cc363e6968b2f5ab12cd38563467e0076a31756980b3c?s=96&d=mm&r=g\",\"caption\":\"solna2\"},\"url\":\"https:\\\/\\\/wp.kristdemokraterna.se\\\/solna\\\/author\\\/solna2\\\/\"}]}<\/script>\n<!-- \/ Yoast SEO plugin. -->","yoast_head_json":{"title":"Migrationsverket m\u00e5ste f\u00f6ra en dialog med oss - Kristdemokraterna i Solna","robots":{"index":"index","follow":"follow","max-snippet":"max-snippet:-1","max-image-preview":"max-image-preview:large","max-video-preview":"max-video-preview:-1"},"canonical":"https:\/\/wp.kristdemokraterna.se\/solna\/migrationsverket-maste-fora-en-dialog-med-oss\/","og_locale":"sv_SE","og_type":"article","og_title":"Migrationsverket m\u00e5ste f\u00f6ra en dialog med oss - Kristdemokraterna i Solna","og_description":"Migrationsverket planerar att \u00f6ppna ett storskaligt boende i Solna f\u00f6r asyls\u00f6kande. Men myndigheten har inte f\u00f6rklarat var eller vilka som ska bo d\u00e4r. Hur ska v\u00e5r kommun d\u00e5 kunna ge en bra start i Sverige? undrar kommunalr\u00e5det Samuel Klippfalk (KD)","og_url":"https:\/\/wp.kristdemokraterna.se\/solna\/migrationsverket-maste-fora-en-dialog-med-oss\/","og_site_name":"Kristdemokraterna i Solna","article_published_time":"2016-08-15T09:07:33+00:00","article_modified_time":"2018-01-08T10:08:11+00:00","author":"solna2","twitter_card":"summary_large_image","twitter_misc":{"Skriven av":"solna2","Ber\u00e4knad l\u00e4stid":"3 minuter"},"schema":{"@context":"https:\/\/schema.org","@graph":[{"@type":"Article","@id":"https:\/\/wp.kristdemokraterna.se\/solna\/migrationsverket-maste-fora-en-dialog-med-oss\/#article","isPartOf":{"@id":"https:\/\/wp.kristdemokraterna.se\/solna\/migrationsverket-maste-fora-en-dialog-med-oss\/"},"author":{"name":"solna2","@id":"https:\/\/wp.kristdemokraterna.se\/solna\/#\/schema\/person\/712d13bb8cb0816b1c5064a9033a35f2"},"headline":"Migrationsverket m\u00e5ste f\u00f6ra en dialog med oss","datePublished":"2016-08-15T09:07:33+00:00","dateModified":"2018-01-08T10:08:11+00:00","mainEntityOfPage":{"@id":"https:\/\/wp.kristdemokraterna.se\/solna\/migrationsverket-maste-fora-en-dialog-med-oss\/"},"wordCount":559,"keywords":["Debattartikel","Migrationsverket","Nyanl\u00e4nda","Svenska Dagbladet"],"articleSection":["Aktuellt"],"inLanguage":"sv-SE"},{"@type":"WebPage","@id":"https:\/\/wp.kristdemokraterna.se\/solna\/migrationsverket-maste-fora-en-dialog-med-oss\/","url":"https:\/\/wp.kristdemokraterna.se\/solna\/migrationsverket-maste-fora-en-dialog-med-oss\/","name":"Migrationsverket m\u00e5ste f\u00f6ra en dialog med oss - Kristdemokraterna i Solna","isPartOf":{"@id":"https:\/\/wp.kristdemokraterna.se\/solna\/#website"},"datePublished":"2016-08-15T09:07:33+00:00","dateModified":"2018-01-08T10:08:11+00:00","author":{"@id":"https:\/\/wp.kristdemokraterna.se\/solna\/#\/schema\/person\/712d13bb8cb0816b1c5064a9033a35f2"},"breadcrumb":{"@id":"https:\/\/wp.kristdemokraterna.se\/solna\/migrationsverket-maste-fora-en-dialog-med-oss\/#breadcrumb"},"inLanguage":"sv-SE","potentialAction":[{"@type":"ReadAction","target":["https:\/\/wp.kristdemokraterna.se\/solna\/migrationsverket-maste-fora-en-dialog-med-oss\/"]}]},{"@type":"BreadcrumbList","@id":"https:\/\/wp.kristdemokraterna.se\/solna\/migrationsverket-maste-fora-en-dialog-med-oss\/#breadcrumb","itemListElement":[{"@type":"ListItem","position":1,"name":"Hem","item":"https:\/\/wp.kristdemokraterna.se\/solna\/"},{"@type":"ListItem","position":2,"name":"Migrationsverket m\u00e5ste f\u00f6ra en dialog med oss"}]},{"@type":"WebSite","@id":"https:\/\/wp.kristdemokraterna.se\/solna\/#website","url":"https:\/\/wp.kristdemokraterna.se\/solna\/","name":"Kristdemokraterna i Solna","description":"Med \ud83d\udc99 f\u00f6r Solna","inLanguage":"sv-SE"},{"@type":"Person","@id":"https:\/\/wp.kristdemokraterna.se\/solna\/#\/schema\/person\/712d13bb8cb0816b1c5064a9033a35f2","name":"solna2","image":{"@type":"ImageObject","inLanguage":"sv-SE","@id":"https:\/\/secure.gravatar.com\/avatar\/c47156d8f469e439727cc363e6968b2f5ab12cd38563467e0076a31756980b3c?s=96&d=mm&r=g","url":"https:\/\/secure.gravatar.com\/avatar\/c47156d8f469e439727cc363e6968b2f5ab12cd38563467e0076a31756980b3c?s=96&d=mm&r=g","contentUrl":"https:\/\/secure.gravatar.com\/avatar\/c47156d8f469e439727cc363e6968b2f5ab12cd38563467e0076a31756980b3c?s=96&d=mm&r=g","caption":"solna2"},"url":"https:\/\/wp.kristdemokraterna.se\/solna\/author\/solna2\/"}]}},"_links":{"self":[{"href":"https:\/\/wp.kristdemokraterna.se\/solna\/wp-json\/wp\/v2\/posts\/536","targetHints":{"allow":["GET"]}}],"collection":[{"href":"https:\/\/wp.kristdemokraterna.se\/solna\/wp-json\/wp\/v2\/posts"}],"about":[{"href":"https:\/\/wp.kristdemokraterna.se\/solna\/wp-json\/wp\/v2\/types\/post"}],"author":[{"embeddable":true,"href":"https:\/\/wp.kristdemokraterna.se\/solna\/wp-json\/wp\/v2\/users\/769"}],"replies":[{"embeddable":true,"href":"https:\/\/wp.kristdemokraterna.se\/solna\/wp-json\/wp\/v2\/comments?post=536"}],"version-history":[{"count":1,"href":"https:\/\/wp.kristdemokraterna.se\/solna\/wp-json\/wp\/v2\/posts\/536\/revisions"}],"predecessor-version":[{"id":537,"href":"https:\/\/wp.kristdemokraterna.se\/solna\/wp-json\/wp\/v2\/posts\/536\/revisions\/537"}],"wp:attachment":[{"href":"https:\/\/wp.kristdemokraterna.se\/solna\/wp-json\/wp\/v2\/media?parent=536"}],"wp:term":[{"taxonomy":"category","embeddable":true,"href":"https:\/\/wp.kristdemokraterna.se\/solna\/wp-json\/wp\/v2\/categories?post=536"},{"taxonomy":"post_tag","embeddable":true,"href":"https:\/\/wp.kristdemokraterna.se\/solna\/wp-json\/wp\/v2\/tags?post=536"}],"curies":[{"name":"wp","href":"https:\/\/api.w.org\/{rel}","templated":true}]}}