{"id":860,"date":"2013-12-01T15:12:21","date_gmt":"2013-12-01T14:12:21","guid":{"rendered":"http:\/\/wp.kristdemokraterna.se\/solna2\/?p=860"},"modified":"2018-01-10T15:12:47","modified_gmt":"2018-01-10T14:12:47","slug":"vi-satsar-pa-fler-sommarjobb-for-solnas-unga","status":"publish","type":"post","link":"https:\/\/wp.kristdemokraterna.se\/solna\/vi-satsar-pa-fler-sommarjobb-for-solnas-unga\/","title":{"rendered":"Vi satsar p\u00e5 fler sommarjobb f\u00f6r Solnas unga"},"content":{"rendered":"<h1>Vi satsar p\u00e5 fler sommarjobb f\u00f6r Solnas unga<\/h1>\n<p><strong>F\u00f6r att erbjuda fler ungdomar i Solna m\u00f6jlighet till sommarjobb utvidgar Kristdemokraterna och Alliansen stadens sommarjobbsatsning.<\/strong><\/p>\n<p>Solnas arbetsl\u00f6shet \u00e4r l\u00e4gre \u00e4n p\u00e5 m\u00e5nga andra h\u00e5ll i landet. Det g\u00e4ller \u00e4ven ungdomsarbetsl\u00f6sheten. F\u00f6r att Solna ska bli en av Sveriges b\u00e4sta st\u00e4der att v\u00e4xa upp i t\u00e4nker Kristdemokraterna dock forts\u00e4tta att f\u00f6rb\u00e4ttra stad\u00a0ens arbete f\u00f6r fler jobb och f\u00f6retagande.<\/p>\n<p>Vi utvidgade f\u00f6r en tid sedan stadens samarbete med lokala arbetsgivare och n\u00e4ringslivet f\u00f6r att gemensamt satsa p\u00e5 fler sommarjobb f\u00f6r Solnas unga. Satsningen har b\u00e5de resulterat i ett f\u00f6rdubblat antal platser och ett bredare urval av jobb f\u00f6r Solnas ungdomar under 2013.<\/p>\n<p>F\u00f6r att erbjuda fler ungdomar i Solna m\u00f6jlighet till sommarjobb utvidgar Kristdemokraterna och Alliansen stadens sommarjobbsatsning i budgeten f\u00f6r 2014. Detta sker genom att vi skjuter till ytterligare 500 000 kronor j\u00e4mf\u00f6rt med 2013.<\/p>\n<p>Jobb \u00e4r nyckeln till frihet och egenmakt, det ger arbetsgemenskap och samh\u00f6righet och vi kommer d\u00e4rf\u00f6r forts\u00e4tta att arbeta f\u00f6r \u00f6kade resurser och mer samverkan f\u00f6r att \u00e5stadkomma fler sommarjobb till Solnas unga.<\/p>\n<p><em>Carl Oleh\u00e4ll (KD), e<\/em><em>rs\u00e4ttare i \u00a0kompetensn\u00e4mnden<\/em><\/p>\n","protected":false},"excerpt":{"rendered":"<p>Vi satsar p\u00e5 fler sommarjobb f\u00f6r Solnas unga F\u00f6r att erbjuda fler ungdomar i Solna m\u00f6jlighet till sommarjobb utvidgar Kristdemokraterna och Alliansen stadens sommarjobbsatsning. Solnas arbetsl\u00f6shet \u00e4r l\u00e4gre \u00e4n p\u00e5 m\u00e5nga andra h\u00e5ll i landet. Det g\u00e4ller \u00e4ven ungdomsarbetsl\u00f6sheten. F\u00f6r att Solna ska bli en av Sveriges b\u00e4sta st\u00e4der att v\u00e4xa upp i t\u00e4nker Kristdemokraterna <a class=\"read-more-link\" href=\"https:\/\/wp.kristdemokraterna.se\/solna\/vi-satsar-pa-fler-sommarjobb-for-solnas-unga\/\">Read More<\/a><\/p>\n","protected":false},"author":769,"featured_media":0,"comment_status":"closed","ping_status":"closed","sticky":false,"template":"","format":"standard","meta":{"_acf_changed":false,"footnotes":""},"categories":[4],"tags":[189],"class_list":["post-860","post","type-post","status-publish","format-standard","hentry","category-aktuellt","tag-budget-2014"],"acf":[],"yoast_head":"<!-- This site is optimized with the Yoast SEO plugin v27.4 - https:\/\/yoast.com\/product\/yoast-seo-wordpress\/ -->\n<title>Vi satsar p\u00e5 fler sommarjobb f\u00f6r Solnas unga - Kristdemokraterna i Solna<\/title>\n<meta name=\"robots\" content=\"index, follow, max-snippet:-1, max-image-preview:large, max-video-preview:-1\" \/>\n<link rel=\"canonical\" href=\"https:\/\/wp.kristdemokraterna.se\/solna\/vi-satsar-pa-fler-sommarjobb-for-solnas-unga\/\" \/>\n<meta property=\"og:locale\" content=\"sv_SE\" \/>\n<meta property=\"og:type\" content=\"article\" \/>\n<meta property=\"og:title\" content=\"Vi satsar p\u00e5 fler sommarjobb f\u00f6r Solnas unga - Kristdemokraterna i Solna\" \/>\n<meta property=\"og:description\" content=\"Vi satsar p\u00e5 fler sommarjobb f\u00f6r Solnas unga F\u00f6r att erbjuda fler ungdomar i Solna m\u00f6jlighet till sommarjobb utvidgar Kristdemokraterna och Alliansen stadens sommarjobbsatsning. Solnas arbetsl\u00f6shet \u00e4r l\u00e4gre \u00e4n p\u00e5 m\u00e5nga andra h\u00e5ll i landet. Det g\u00e4ller \u00e4ven ungdomsarbetsl\u00f6sheten. F\u00f6r att Solna ska bli en av Sveriges b\u00e4sta st\u00e4der att v\u00e4xa upp i t\u00e4nker Kristdemokraterna Read More\" \/>\n<meta property=\"og:url\" content=\"https:\/\/wp.kristdemokraterna.se\/solna\/vi-satsar-pa-fler-sommarjobb-for-solnas-unga\/\" \/>\n<meta property=\"og:site_name\" content=\"Kristdemokraterna i Solna\" \/>\n<meta property=\"article:published_time\" content=\"2013-12-01T14:12:21+00:00\" \/>\n<meta property=\"article:modified_time\" content=\"2018-01-10T14:12:47+00:00\" \/>\n<meta name=\"author\" content=\"solna2\" \/>\n<meta name=\"twitter:card\" content=\"summary_large_image\" \/>\n<meta name=\"twitter:label1\" content=\"Skriven av\" \/>\n\t<meta name=\"twitter:data1\" content=\"solna2\" \/>\n\t<meta name=\"twitter:label2\" content=\"Ber\u00e4knad l\u00e4stid\" \/>\n\t<meta name=\"twitter:data2\" content=\"1 minut\" \/>\n<script type=\"application\/ld+json\" class=\"yoast-schema-graph\">{\"@context\":\"https:\\\/\\\/schema.org\",\"@graph\":[{\"@type\":\"Article\",\"@id\":\"https:\\\/\\\/wp.kristdemokraterna.se\\\/solna\\\/vi-satsar-pa-fler-sommarjobb-for-solnas-unga\\\/#article\",\"isPartOf\":{\"@id\":\"https:\\\/\\\/wp.kristdemokraterna.se\\\/solna\\\/vi-satsar-pa-fler-sommarjobb-for-solnas-unga\\\/\"},\"author\":{\"name\":\"solna2\",\"@id\":\"https:\\\/\\\/wp.kristdemokraterna.se\\\/solna\\\/#\\\/schema\\\/person\\\/712d13bb8cb0816b1c5064a9033a35f2\"},\"headline\":\"Vi satsar p\u00e5 fler sommarjobb f\u00f6r Solnas unga\",\"datePublished\":\"2013-12-01T14:12:21+00:00\",\"dateModified\":\"2018-01-10T14:12:47+00:00\",\"mainEntityOfPage\":{\"@id\":\"https:\\\/\\\/wp.kristdemokraterna.se\\\/solna\\\/vi-satsar-pa-fler-sommarjobb-for-solnas-unga\\\/\"},\"wordCount\":228,\"keywords\":[\"Budget 2014\"],\"articleSection\":[\"Aktuellt\"],\"inLanguage\":\"sv-SE\"},{\"@type\":\"WebPage\",\"@id\":\"https:\\\/\\\/wp.kristdemokraterna.se\\\/solna\\\/vi-satsar-pa-fler-sommarjobb-for-solnas-unga\\\/\",\"url\":\"https:\\\/\\\/wp.kristdemokraterna.se\\\/solna\\\/vi-satsar-pa-fler-sommarjobb-for-solnas-unga\\\/\",\"name\":\"Vi satsar p\u00e5 fler sommarjobb f\u00f6r Solnas unga - Kristdemokraterna i Solna\",\"isPartOf\":{\"@id\":\"https:\\\/\\\/wp.kristdemokraterna.se\\\/solna\\\/#website\"},\"datePublished\":\"2013-12-01T14:12:21+00:00\",\"dateModified\":\"2018-01-10T14:12:47+00:00\",\"author\":{\"@id\":\"https:\\\/\\\/wp.kristdemokraterna.se\\\/solna\\\/#\\\/schema\\\/person\\\/712d13bb8cb0816b1c5064a9033a35f2\"},\"breadcrumb\":{\"@id\":\"https:\\\/\\\/wp.kristdemokraterna.se\\\/solna\\\/vi-satsar-pa-fler-sommarjobb-for-solnas-unga\\\/#breadcrumb\"},\"inLanguage\":\"sv-SE\",\"potentialAction\":[{\"@type\":\"ReadAction\",\"target\":[\"https:\\\/\\\/wp.kristdemokraterna.se\\\/solna\\\/vi-satsar-pa-fler-sommarjobb-for-solnas-unga\\\/\"]}]},{\"@type\":\"BreadcrumbList\",\"@id\":\"https:\\\/\\\/wp.kristdemokraterna.se\\\/solna\\\/vi-satsar-pa-fler-sommarjobb-for-solnas-unga\\\/#breadcrumb\",\"itemListElement\":[{\"@type\":\"ListItem\",\"position\":1,\"name\":\"Hem\",\"item\":\"https:\\\/\\\/wp.kristdemokraterna.se\\\/solna\\\/\"},{\"@type\":\"ListItem\",\"position\":2,\"name\":\"Vi satsar p\u00e5 fler sommarjobb f\u00f6r Solnas unga\"}]},{\"@type\":\"WebSite\",\"@id\":\"https:\\\/\\\/wp.kristdemokraterna.se\\\/solna\\\/#website\",\"url\":\"https:\\\/\\\/wp.kristdemokraterna.se\\\/solna\\\/\",\"name\":\"Kristdemokraterna i Solna\",\"description\":\"Med \ud83d\udc99 f\u00f6r Solna\",\"inLanguage\":\"sv-SE\"},{\"@type\":\"Person\",\"@id\":\"https:\\\/\\\/wp.kristdemokraterna.se\\\/solna\\\/#\\\/schema\\\/person\\\/712d13bb8cb0816b1c5064a9033a35f2\",\"name\":\"solna2\",\"image\":{\"@type\":\"ImageObject\",\"inLanguage\":\"sv-SE\",\"@id\":\"https:\\\/\\\/secure.gravatar.com\\\/avatar\\\/c47156d8f469e439727cc363e6968b2f5ab12cd38563467e0076a31756980b3c?s=96&d=mm&r=g\",\"url\":\"https:\\\/\\\/secure.gravatar.com\\\/avatar\\\/c47156d8f469e439727cc363e6968b2f5ab12cd38563467e0076a31756980b3c?s=96&d=mm&r=g\",\"contentUrl\":\"https:\\\/\\\/secure.gravatar.com\\\/avatar\\\/c47156d8f469e439727cc363e6968b2f5ab12cd38563467e0076a31756980b3c?s=96&d=mm&r=g\",\"caption\":\"solna2\"},\"url\":\"https:\\\/\\\/wp.kristdemokraterna.se\\\/solna\\\/author\\\/solna2\\\/\"}]}<\/script>\n<!-- \/ Yoast SEO plugin. -->","yoast_head_json":{"title":"Vi satsar p\u00e5 fler sommarjobb f\u00f6r Solnas unga - Kristdemokraterna i Solna","robots":{"index":"index","follow":"follow","max-snippet":"max-snippet:-1","max-image-preview":"max-image-preview:large","max-video-preview":"max-video-preview:-1"},"canonical":"https:\/\/wp.kristdemokraterna.se\/solna\/vi-satsar-pa-fler-sommarjobb-for-solnas-unga\/","og_locale":"sv_SE","og_type":"article","og_title":"Vi satsar p\u00e5 fler sommarjobb f\u00f6r Solnas unga - Kristdemokraterna i Solna","og_description":"Vi satsar p\u00e5 fler sommarjobb f\u00f6r Solnas unga F\u00f6r att erbjuda fler ungdomar i Solna m\u00f6jlighet till sommarjobb utvidgar Kristdemokraterna och Alliansen stadens sommarjobbsatsning. Solnas arbetsl\u00f6shet \u00e4r l\u00e4gre \u00e4n p\u00e5 m\u00e5nga andra h\u00e5ll i landet. Det g\u00e4ller \u00e4ven ungdomsarbetsl\u00f6sheten. F\u00f6r att Solna ska bli en av Sveriges b\u00e4sta st\u00e4der att v\u00e4xa upp i t\u00e4nker Kristdemokraterna Read More","og_url":"https:\/\/wp.kristdemokraterna.se\/solna\/vi-satsar-pa-fler-sommarjobb-for-solnas-unga\/","og_site_name":"Kristdemokraterna i Solna","article_published_time":"2013-12-01T14:12:21+00:00","article_modified_time":"2018-01-10T14:12:47+00:00","author":"solna2","twitter_card":"summary_large_image","twitter_misc":{"Skriven av":"solna2","Ber\u00e4knad l\u00e4stid":"1 minut"},"schema":{"@context":"https:\/\/schema.org","@graph":[{"@type":"Article","@id":"https:\/\/wp.kristdemokraterna.se\/solna\/vi-satsar-pa-fler-sommarjobb-for-solnas-unga\/#article","isPartOf":{"@id":"https:\/\/wp.kristdemokraterna.se\/solna\/vi-satsar-pa-fler-sommarjobb-for-solnas-unga\/"},"author":{"name":"solna2","@id":"https:\/\/wp.kristdemokraterna.se\/solna\/#\/schema\/person\/712d13bb8cb0816b1c5064a9033a35f2"},"headline":"Vi satsar p\u00e5 fler sommarjobb f\u00f6r Solnas unga","datePublished":"2013-12-01T14:12:21+00:00","dateModified":"2018-01-10T14:12:47+00:00","mainEntityOfPage":{"@id":"https:\/\/wp.kristdemokraterna.se\/solna\/vi-satsar-pa-fler-sommarjobb-for-solnas-unga\/"},"wordCount":228,"keywords":["Budget 2014"],"articleSection":["Aktuellt"],"inLanguage":"sv-SE"},{"@type":"WebPage","@id":"https:\/\/wp.kristdemokraterna.se\/solna\/vi-satsar-pa-fler-sommarjobb-for-solnas-unga\/","url":"https:\/\/wp.kristdemokraterna.se\/solna\/vi-satsar-pa-fler-sommarjobb-for-solnas-unga\/","name":"Vi satsar p\u00e5 fler sommarjobb f\u00f6r Solnas unga - Kristdemokraterna i Solna","isPartOf":{"@id":"https:\/\/wp.kristdemokraterna.se\/solna\/#website"},"datePublished":"2013-12-01T14:12:21+00:00","dateModified":"2018-01-10T14:12:47+00:00","author":{"@id":"https:\/\/wp.kristdemokraterna.se\/solna\/#\/schema\/person\/712d13bb8cb0816b1c5064a9033a35f2"},"breadcrumb":{"@id":"https:\/\/wp.kristdemokraterna.se\/solna\/vi-satsar-pa-fler-sommarjobb-for-solnas-unga\/#breadcrumb"},"inLanguage":"sv-SE","potentialAction":[{"@type":"ReadAction","target":["https:\/\/wp.kristdemokraterna.se\/solna\/vi-satsar-pa-fler-sommarjobb-for-solnas-unga\/"]}]},{"@type":"BreadcrumbList","@id":"https:\/\/wp.kristdemokraterna.se\/solna\/vi-satsar-pa-fler-sommarjobb-for-solnas-unga\/#breadcrumb","itemListElement":[{"@type":"ListItem","position":1,"name":"Hem","item":"https:\/\/wp.kristdemokraterna.se\/solna\/"},{"@type":"ListItem","position":2,"name":"Vi satsar p\u00e5 fler sommarjobb f\u00f6r Solnas unga"}]},{"@type":"WebSite","@id":"https:\/\/wp.kristdemokraterna.se\/solna\/#website","url":"https:\/\/wp.kristdemokraterna.se\/solna\/","name":"Kristdemokraterna i Solna","description":"Med \ud83d\udc99 f\u00f6r Solna","inLanguage":"sv-SE"},{"@type":"Person","@id":"https:\/\/wp.kristdemokraterna.se\/solna\/#\/schema\/person\/712d13bb8cb0816b1c5064a9033a35f2","name":"solna2","image":{"@type":"ImageObject","inLanguage":"sv-SE","@id":"https:\/\/secure.gravatar.com\/avatar\/c47156d8f469e439727cc363e6968b2f5ab12cd38563467e0076a31756980b3c?s=96&d=mm&r=g","url":"https:\/\/secure.gravatar.com\/avatar\/c47156d8f469e439727cc363e6968b2f5ab12cd38563467e0076a31756980b3c?s=96&d=mm&r=g","contentUrl":"https:\/\/secure.gravatar.com\/avatar\/c47156d8f469e439727cc363e6968b2f5ab12cd38563467e0076a31756980b3c?s=96&d=mm&r=g","caption":"solna2"},"url":"https:\/\/wp.kristdemokraterna.se\/solna\/author\/solna2\/"}]}},"_links":{"self":[{"href":"https:\/\/wp.kristdemokraterna.se\/solna\/wp-json\/wp\/v2\/posts\/860","targetHints":{"allow":["GET"]}}],"collection":[{"href":"https:\/\/wp.kristdemokraterna.se\/solna\/wp-json\/wp\/v2\/posts"}],"about":[{"href":"https:\/\/wp.kristdemokraterna.se\/solna\/wp-json\/wp\/v2\/types\/post"}],"author":[{"embeddable":true,"href":"https:\/\/wp.kristdemokraterna.se\/solna\/wp-json\/wp\/v2\/users\/769"}],"replies":[{"embeddable":true,"href":"https:\/\/wp.kristdemokraterna.se\/solna\/wp-json\/wp\/v2\/comments?post=860"}],"version-history":[{"count":1,"href":"https:\/\/wp.kristdemokraterna.se\/solna\/wp-json\/wp\/v2\/posts\/860\/revisions"}],"predecessor-version":[{"id":861,"href":"https:\/\/wp.kristdemokraterna.se\/solna\/wp-json\/wp\/v2\/posts\/860\/revisions\/861"}],"wp:attachment":[{"href":"https:\/\/wp.kristdemokraterna.se\/solna\/wp-json\/wp\/v2\/media?parent=860"}],"wp:term":[{"taxonomy":"category","embeddable":true,"href":"https:\/\/wp.kristdemokraterna.se\/solna\/wp-json\/wp\/v2\/categories?post=860"},{"taxonomy":"post_tag","embeddable":true,"href":"https:\/\/wp.kristdemokraterna.se\/solna\/wp-json\/wp\/v2\/tags?post=860"}],"curies":[{"name":"wp","href":"https:\/\/api.w.org\/{rel}","templated":true}]}}