{"id":862,"date":"2013-11-26T15:12:59","date_gmt":"2013-11-26T14:12:59","guid":{"rendered":"http:\/\/wp.kristdemokraterna.se\/solna2\/?p=862"},"modified":"2018-01-10T15:13:33","modified_gmt":"2018-01-10T14:13:33","slug":"mer-skatter-och-mindre-valfrihet-i-rodgronas-budgetar","status":"publish","type":"post","link":"https:\/\/wp.kristdemokraterna.se\/solna\/mer-skatter-och-mindre-valfrihet-i-rodgronas-budgetar\/","title":{"rendered":"Mer skatter och mindre valfrihet i r\u00f6dgr\u00f6nas budgetar"},"content":{"rendered":"<p>N\u00e5gra ord om den r\u00f6dgr\u00f6na oppositionens olika budgetf\u00f6rslag i Solna inf\u00f6r 2014.<\/p>\n<p><strong><em>Socialdemokraterna<\/em><\/strong><\/p>\n<p>Jag vill den h\u00e4r g\u00e5ngen str\u00e4cka mig s\u00e5 l\u00e5ngt att jag ber\u00f6mmer socialdemokraterna f\u00f6r flera goda intentioner. Det \u00e4r positivt att man inte reflexm\u00e4ssigt f\u00f6resl\u00e5r h\u00f6jda skatter och det \u00e4r ocks\u00e5 gl\u00e4djande att se att de st\u00f6djer Kristdemokraterna i v\u00e5rt arbete f\u00f6r att minska barngrupperna i f\u00f6rskolan och \u00f6ka personalt\u00e4theten. N\u00e4r jag ser hur (S) vill finansiera sina h\u00f6gtflygande ambitioner blir jag dock mer orolig.\u00a0Den f\u00f6rsta besparingen \u00e4r att slopa valfriheten i barnomsorgen v\u00e5rdnadsbidraget, vilket man h\u00e4vdar sparar 1,5 miljoner. F\u00f6r mig \u00e4r det dock sv\u00e5rt att se att slopandet av ett m\u00e5natligt st\u00f6d till familjer om 3000 kr\/m\u00e5nad, vilket d\u00e5 barnen ist\u00e4llet b\u00f6rjar p\u00e5 dagis blir en utgift om c:a 10\u00a0000kr\/m\u00e5nad, kan bli en besparing. I min v\u00e4rld blir det ist\u00e4llet en rej\u00e4l\u00a0<i>kostnads\u00f6kning.<\/i><\/p>\n<p>Den andra \u00e4r att socialdemokraterna vill avskaffa kompetensn\u00e4mnden som s\u00e5 f\u00f6rtj\u00e4nstfullt, genom Solnamodellen, lyckats skapa l\u00e5g arbetsl\u00f6shet och f\u00f6ljaktligen l\u00e5ga niv\u00e5er av f\u00f6rs\u00f6rjningsst\u00f6d. Ett slopande av denna modell tenderar s\u00e5ledes ocks\u00e5 att resultera i en kostnads\u00f6kning och inte en besparing.<\/p>\n<p>Socialdemokraternas budgetf\u00f6rslag best\u00e5r av mycket os\u00e4kra och sv\u00e5rber\u00e4kneliga besparingar \u2013 eller vad s\u00e4gs om f\u00f6ljande:<\/p>\n<p>\u2013 Minskade utgifter genom effektivisering och f\u00e4rre konsulter 2\u00a0500\u00a0000 kr. Vilka konsulter handlar det om? Och vem ska g\u00f6ra det de g\u00f6r ist\u00e4llet? Och g\u00f6r de det i s\u00e5 fall gratis?<\/p>\n<p>\u2013 Effektivisering upphandling 2 miljoner. B\u00e4ttre upphandlingar med tydligare kravst\u00e4llande och tydligare uppf\u00f6ljning st\u00e4ller jag g\u00e4rna upp p\u00e5 \u2013 men det leder knappast automatiskt till l\u00e4gre kostnader.<\/p>\n<p>\u2013 Fungerande fastighetsunderh\u00e5ll\u00a0 2 miljoner. Absolut \u2013 vi beh\u00f6ver b\u00e4ttre underh\u00e5llsplaner. Men mer underh\u00e5ll kommer snarare kosta mer \u00e4n mindre.<\/p>\n<p>\u2013 Hyra ut tomma delar av stadshuset m fl lokaler 11 miljoner kr. Ja det l\u00e5ter onekligen intressant och v\u00e4rt att titta p\u00e5, men \u00e4r det rimligt att f\u00f6rv\u00e4nta sig 11 miljoner kronor fr\u00e5n n\u00e5gon som f\u00e5r hyra ett v\u00e5ningsplan i Solna stadshus?<\/p>\n<p>Det vore intressant att h\u00f6ra hur socialdemokraterna t\u00e4nker sig hur f\u00f6reslagna besparingar ska realiseras i praktiken. Kanske \u00e4r det tur f\u00f6r (s) att de r\u00f6dgr\u00f6na kollegorna i milj\u00f6- och v\u00e4nsterpartiet avser att h\u00f6ja skatten, och det rej\u00e4lt, om oppositionen vinner valet. P\u00e5 s\u00e5 vis kan man nu lova guld och gr\u00f6na skogar utan att f\u00f6resl\u00e5 skatteh\u00f6jning. Efter valet kan man sedan h\u00e4nvisa till de andra v\u00e4nsterpartierna n\u00e4r man visar sig tvungen att h\u00f6ja skatten f\u00f6r att ha r\u00e5d med sina egna och de r\u00f6dgr\u00f6nas samlade l\u00f6ften.<\/p>\n<p>Jag tycker att man kan s\u00e4ga att v\u00e4nsterpartiet i alla fall \u00e4r \u00e4rliga, de finansierar sina vidlyftiga planer med rej\u00e4la skatteh\u00f6jningar. S g\u00f6r p\u00e5 samma vis i Solna som p\u00e5 riksniv\u00e5, de lovar en massa som de inte har t\u00e4ckning f\u00f6r. Kanske en effektiv strategi \u2013 men i h\u00f6gsta grad ohederligt mot v\u00e4ljarna.<\/p>\n<p><strong><em>Milj\u00f6partiet<\/em><\/strong><\/p>\n<p>Jag m\u00e5ste ocks\u00e5 kommentera Milj\u00f6partiets budget som sammanfattas b\u00e4st med konstaterandet att deras skatteh\u00f6jningar, tr\u00e4ngselskatter och dubbd\u00e4cksavgifter verkligen kommer att beh\u00f6vas med tanke p\u00e5 den \u00f6kade kommunbyr\u00e5krati man f\u00f6resl\u00e5r. Det ska inr\u00e4ttas h\u00e5llbarhetsteam, demokratikommitt\u00e9, Solna ska g\u00f6ras till Fairtrade city, det ska st\u00e4llas fler och mer l\u00e5ngtg\u00e5ende krav vid upphandling, det ska genusbudgeteras, budgetuppf\u00f6ljningen ska g\u00f6ras k\u00f6nsuppdelad och vi ska anv\u00e4nda oss av genusorienterade konsekvensanalyser i alla verksamheter. Kan vara sv\u00e5rt att se vilka merv\u00e4rden det tillf\u00f6r solnaborna\u2026<\/p>\n<p><strong><em>V\u00e4nsterpartiet<\/em><\/strong><\/p>\n<p>V\u00e4nsterpartiet \u00e4r konsekventa, deras f\u00f6rslag f\u00f6rv\u00e5nar aldrig n\u00e5gon \u2013 om man inte r\u00e5kar bo i Fagersta d\u00e4r de \u00a0inf\u00f6rt Lagen om valfrihet i \u00e4ldreomsorgen. D\u00e4r har man t\u00e4nkt till!<\/p>\n<p>V\u00e4nsterpartiet i Solna avf\u00e4rdar i vanlig ordning den positiva betydelsen av det fria skolvalet och f\u00f6respr\u00e5kar ist\u00e4llet offentligt drivna skolor. Inga vinstdrivande f\u00f6retag inom v\u00e4lf\u00e4rden ska f\u00e5 f\u00f6rekomma och man vill inr\u00e4tta en utvecklingsavdelning (eller ska vi kalla det avvecklingsavdelning) som ska \u00f6verta all privat verksamhet och g\u00f6ra den kommunal. T\u00e4nk alla de f\u00f6r\u00e4ldrar i Solna som valt skola och barnomsorg i privat regi, eller de \u00e4ldre som valt hemtj\u00e4nst eller boende som drivs av f\u00f6retag som erbjuder det de efterfr\u00e5gar, och som trivs och \u00e4r n\u00f6jda. Vad tror ni de s\u00e4ger n\u00e4r v\u00e4nstern talar om f\u00f6r dem att de minsann inte f\u00f6rst\u00e5tt, att de valt fel, och att de nu med sin kl\u00e5fingrighet ska komma och l\u00e4gga allt till r\u00e4tta?<\/p>\n<p>V\u00e4nsterpartiet vittnar dessutom om en bristande tilltro till m\u00e4nniskors f\u00f6rm\u00e5ga och vilja att g\u00f6ra gott. Om anh\u00f6rigst\u00f6d och frivilligarbete skriver (v):\u00a0<i>\u201dDet f\u00e5r aldrig bli s\u00e5 att frivilliga krafter f\u00e5r axla det ansvar som \u00e4r kommunens\u201d<\/i>. Som om det offentliga skulle ha monopol p\u00e5 att utf\u00f6ra goda g\u00e4rningar i samh\u00e4llet. \u00a0Det \u00e4r en unken syn, hu.<\/p>\n<p>Sedan lovar man som vanligt allt \u00e5t alla. Allt \u00e5t alla utom Solnas barnfamiljer och alla andra skattebetalare. De f\u00e5r ist\u00e4llet betala kalaset. F\u00f6r en genomsnittlig familj inneb\u00e4r v\u00e4nsterpartiets skatteh\u00f6jning med 75 \u00f6re 6000 kr mer i skatt\/\u00e5r. Det blir ganska m\u00e5nga Skansenbes\u00f6k, fotbollsskor eller teaterbes\u00f6k med barnen som g\u00e5r f\u00f6rlorade p\u00e5 grund av minskat utrymme i familjens privatekonomi. Och de kompenseras f\u00f6ga av att stadens anst\u00e4llda erbjuds utbildning i feministisk stadsplanering\u2026<\/p>\n<p>Vi kristdemokrater \u00e4r verkligen v\u00e4nsterpartiets motpol i politiken. Vi \u00e4r familjens r\u00f6st som k\u00e4mpar f\u00f6r starkare familjer genom mer utrymme i m\u00e4nniskors privatekonomi \u2013 inte mindre. Vi \u00e4r partiet som existerar f\u00f6r att st\u00e5 upp f\u00f6r familjens r\u00e4tt att v\u00e4lja barnomsorgsform, skola och \u00e4ldreboende och att \u00f6ka m\u00e4nniskors egenmakt \u2013 inte f\u00f6r att minska den. Kristdemokraterna tror att solidaritet b\u00f6rjar hos m\u00e4nniskor och inte i kommunhuset och att samh\u00e4llet \u00e4r st\u00f6rre \u00e4n stat och kommun!<\/p>\n<p><em><strong>\u00a0Malin Appelgren, Kommunalr\u00e5d och gruppledare (KD)<\/strong><\/em><\/p>\n","protected":false},"excerpt":{"rendered":"<p>N\u00e5gra ord om den r\u00f6dgr\u00f6na oppositionens olika budgetf\u00f6rslag i Solna inf\u00f6r 2014. Socialdemokraterna Jag vill den h\u00e4r g\u00e5ngen str\u00e4cka mig s\u00e5 l\u00e5ngt att jag ber\u00f6mmer socialdemokraterna f\u00f6r flera goda intentioner. Det \u00e4r positivt att man inte reflexm\u00e4ssigt f\u00f6resl\u00e5r h\u00f6jda skatter och det \u00e4r ocks\u00e5 gl\u00e4djande att se att de st\u00f6djer Kristdemokraterna i v\u00e5rt arbete f\u00f6r <a class=\"read-more-link\" href=\"https:\/\/wp.kristdemokraterna.se\/solna\/mer-skatter-och-mindre-valfrihet-i-rodgronas-budgetar\/\">Read More<\/a><\/p>\n","protected":false},"author":769,"featured_media":0,"comment_status":"closed","ping_status":"closed","sticky":false,"template":"","format":"standard","meta":{"_acf_changed":false,"footnotes":""},"categories":[4],"tags":[189],"class_list":["post-862","post","type-post","status-publish","format-standard","hentry","category-aktuellt","tag-budget-2014"],"acf":[],"yoast_head":"<!-- This site is optimized with the Yoast SEO plugin v27.4 - https:\/\/yoast.com\/product\/yoast-seo-wordpress\/ -->\n<title>Mer skatter och mindre valfrihet i r\u00f6dgr\u00f6nas budgetar - Kristdemokraterna i Solna<\/title>\n<meta name=\"robots\" content=\"index, follow, max-snippet:-1, max-image-preview:large, max-video-preview:-1\" \/>\n<link rel=\"canonical\" href=\"https:\/\/wp.kristdemokraterna.se\/solna\/mer-skatter-och-mindre-valfrihet-i-rodgronas-budgetar\/\" \/>\n<meta property=\"og:locale\" content=\"sv_SE\" \/>\n<meta property=\"og:type\" content=\"article\" \/>\n<meta property=\"og:title\" content=\"Mer skatter och mindre valfrihet i r\u00f6dgr\u00f6nas budgetar - Kristdemokraterna i Solna\" \/>\n<meta property=\"og:description\" content=\"N\u00e5gra ord om den r\u00f6dgr\u00f6na oppositionens olika budgetf\u00f6rslag i Solna inf\u00f6r 2014. Socialdemokraterna Jag vill den h\u00e4r g\u00e5ngen str\u00e4cka mig s\u00e5 l\u00e5ngt att jag ber\u00f6mmer socialdemokraterna f\u00f6r flera goda intentioner. Det \u00e4r positivt att man inte reflexm\u00e4ssigt f\u00f6resl\u00e5r h\u00f6jda skatter och det \u00e4r ocks\u00e5 gl\u00e4djande att se att de st\u00f6djer Kristdemokraterna i v\u00e5rt arbete f\u00f6r Read More\" \/>\n<meta property=\"og:url\" content=\"https:\/\/wp.kristdemokraterna.se\/solna\/mer-skatter-och-mindre-valfrihet-i-rodgronas-budgetar\/\" \/>\n<meta property=\"og:site_name\" content=\"Kristdemokraterna i Solna\" \/>\n<meta property=\"article:published_time\" content=\"2013-11-26T14:12:59+00:00\" \/>\n<meta property=\"article:modified_time\" content=\"2018-01-10T14:13:33+00:00\" \/>\n<meta name=\"author\" content=\"solna2\" \/>\n<meta name=\"twitter:card\" content=\"summary_large_image\" \/>\n<meta name=\"twitter:label1\" content=\"Skriven av\" \/>\n\t<meta name=\"twitter:data1\" content=\"solna2\" \/>\n\t<meta name=\"twitter:label2\" content=\"Ber\u00e4knad l\u00e4stid\" \/>\n\t<meta name=\"twitter:data2\" content=\"5 minuter\" \/>\n<script type=\"application\/ld+json\" class=\"yoast-schema-graph\">{\"@context\":\"https:\\\/\\\/schema.org\",\"@graph\":[{\"@type\":\"Article\",\"@id\":\"https:\\\/\\\/wp.kristdemokraterna.se\\\/solna\\\/mer-skatter-och-mindre-valfrihet-i-rodgronas-budgetar\\\/#article\",\"isPartOf\":{\"@id\":\"https:\\\/\\\/wp.kristdemokraterna.se\\\/solna\\\/mer-skatter-och-mindre-valfrihet-i-rodgronas-budgetar\\\/\"},\"author\":{\"name\":\"solna2\",\"@id\":\"https:\\\/\\\/wp.kristdemokraterna.se\\\/solna\\\/#\\\/schema\\\/person\\\/712d13bb8cb0816b1c5064a9033a35f2\"},\"headline\":\"Mer skatter och mindre valfrihet i r\u00f6dgr\u00f6nas budgetar\",\"datePublished\":\"2013-11-26T14:12:59+00:00\",\"dateModified\":\"2018-01-10T14:13:33+00:00\",\"mainEntityOfPage\":{\"@id\":\"https:\\\/\\\/wp.kristdemokraterna.se\\\/solna\\\/mer-skatter-och-mindre-valfrihet-i-rodgronas-budgetar\\\/\"},\"wordCount\":1102,\"keywords\":[\"Budget 2014\"],\"articleSection\":[\"Aktuellt\"],\"inLanguage\":\"sv-SE\"},{\"@type\":\"WebPage\",\"@id\":\"https:\\\/\\\/wp.kristdemokraterna.se\\\/solna\\\/mer-skatter-och-mindre-valfrihet-i-rodgronas-budgetar\\\/\",\"url\":\"https:\\\/\\\/wp.kristdemokraterna.se\\\/solna\\\/mer-skatter-och-mindre-valfrihet-i-rodgronas-budgetar\\\/\",\"name\":\"Mer skatter och mindre valfrihet i r\u00f6dgr\u00f6nas budgetar - Kristdemokraterna i Solna\",\"isPartOf\":{\"@id\":\"https:\\\/\\\/wp.kristdemokraterna.se\\\/solna\\\/#website\"},\"datePublished\":\"2013-11-26T14:12:59+00:00\",\"dateModified\":\"2018-01-10T14:13:33+00:00\",\"author\":{\"@id\":\"https:\\\/\\\/wp.kristdemokraterna.se\\\/solna\\\/#\\\/schema\\\/person\\\/712d13bb8cb0816b1c5064a9033a35f2\"},\"breadcrumb\":{\"@id\":\"https:\\\/\\\/wp.kristdemokraterna.se\\\/solna\\\/mer-skatter-och-mindre-valfrihet-i-rodgronas-budgetar\\\/#breadcrumb\"},\"inLanguage\":\"sv-SE\",\"potentialAction\":[{\"@type\":\"ReadAction\",\"target\":[\"https:\\\/\\\/wp.kristdemokraterna.se\\\/solna\\\/mer-skatter-och-mindre-valfrihet-i-rodgronas-budgetar\\\/\"]}]},{\"@type\":\"BreadcrumbList\",\"@id\":\"https:\\\/\\\/wp.kristdemokraterna.se\\\/solna\\\/mer-skatter-och-mindre-valfrihet-i-rodgronas-budgetar\\\/#breadcrumb\",\"itemListElement\":[{\"@type\":\"ListItem\",\"position\":1,\"name\":\"Hem\",\"item\":\"https:\\\/\\\/wp.kristdemokraterna.se\\\/solna\\\/\"},{\"@type\":\"ListItem\",\"position\":2,\"name\":\"Mer skatter och mindre valfrihet i r\u00f6dgr\u00f6nas budgetar\"}]},{\"@type\":\"WebSite\",\"@id\":\"https:\\\/\\\/wp.kristdemokraterna.se\\\/solna\\\/#website\",\"url\":\"https:\\\/\\\/wp.kristdemokraterna.se\\\/solna\\\/\",\"name\":\"Kristdemokraterna i Solna\",\"description\":\"Med \ud83d\udc99 f\u00f6r Solna\",\"inLanguage\":\"sv-SE\"},{\"@type\":\"Person\",\"@id\":\"https:\\\/\\\/wp.kristdemokraterna.se\\\/solna\\\/#\\\/schema\\\/person\\\/712d13bb8cb0816b1c5064a9033a35f2\",\"name\":\"solna2\",\"image\":{\"@type\":\"ImageObject\",\"inLanguage\":\"sv-SE\",\"@id\":\"https:\\\/\\\/secure.gravatar.com\\\/avatar\\\/c47156d8f469e439727cc363e6968b2f5ab12cd38563467e0076a31756980b3c?s=96&d=mm&r=g\",\"url\":\"https:\\\/\\\/secure.gravatar.com\\\/avatar\\\/c47156d8f469e439727cc363e6968b2f5ab12cd38563467e0076a31756980b3c?s=96&d=mm&r=g\",\"contentUrl\":\"https:\\\/\\\/secure.gravatar.com\\\/avatar\\\/c47156d8f469e439727cc363e6968b2f5ab12cd38563467e0076a31756980b3c?s=96&d=mm&r=g\",\"caption\":\"solna2\"},\"url\":\"https:\\\/\\\/wp.kristdemokraterna.se\\\/solna\\\/author\\\/solna2\\\/\"}]}<\/script>\n<!-- \/ Yoast SEO plugin. -->","yoast_head_json":{"title":"Mer skatter och mindre valfrihet i r\u00f6dgr\u00f6nas budgetar - Kristdemokraterna i Solna","robots":{"index":"index","follow":"follow","max-snippet":"max-snippet:-1","max-image-preview":"max-image-preview:large","max-video-preview":"max-video-preview:-1"},"canonical":"https:\/\/wp.kristdemokraterna.se\/solna\/mer-skatter-och-mindre-valfrihet-i-rodgronas-budgetar\/","og_locale":"sv_SE","og_type":"article","og_title":"Mer skatter och mindre valfrihet i r\u00f6dgr\u00f6nas budgetar - Kristdemokraterna i Solna","og_description":"N\u00e5gra ord om den r\u00f6dgr\u00f6na oppositionens olika budgetf\u00f6rslag i Solna inf\u00f6r 2014. Socialdemokraterna Jag vill den h\u00e4r g\u00e5ngen str\u00e4cka mig s\u00e5 l\u00e5ngt att jag ber\u00f6mmer socialdemokraterna f\u00f6r flera goda intentioner. Det \u00e4r positivt att man inte reflexm\u00e4ssigt f\u00f6resl\u00e5r h\u00f6jda skatter och det \u00e4r ocks\u00e5 gl\u00e4djande att se att de st\u00f6djer Kristdemokraterna i v\u00e5rt arbete f\u00f6r Read More","og_url":"https:\/\/wp.kristdemokraterna.se\/solna\/mer-skatter-och-mindre-valfrihet-i-rodgronas-budgetar\/","og_site_name":"Kristdemokraterna i Solna","article_published_time":"2013-11-26T14:12:59+00:00","article_modified_time":"2018-01-10T14:13:33+00:00","author":"solna2","twitter_card":"summary_large_image","twitter_misc":{"Skriven av":"solna2","Ber\u00e4knad l\u00e4stid":"5 minuter"},"schema":{"@context":"https:\/\/schema.org","@graph":[{"@type":"Article","@id":"https:\/\/wp.kristdemokraterna.se\/solna\/mer-skatter-och-mindre-valfrihet-i-rodgronas-budgetar\/#article","isPartOf":{"@id":"https:\/\/wp.kristdemokraterna.se\/solna\/mer-skatter-och-mindre-valfrihet-i-rodgronas-budgetar\/"},"author":{"name":"solna2","@id":"https:\/\/wp.kristdemokraterna.se\/solna\/#\/schema\/person\/712d13bb8cb0816b1c5064a9033a35f2"},"headline":"Mer skatter och mindre valfrihet i r\u00f6dgr\u00f6nas budgetar","datePublished":"2013-11-26T14:12:59+00:00","dateModified":"2018-01-10T14:13:33+00:00","mainEntityOfPage":{"@id":"https:\/\/wp.kristdemokraterna.se\/solna\/mer-skatter-och-mindre-valfrihet-i-rodgronas-budgetar\/"},"wordCount":1102,"keywords":["Budget 2014"],"articleSection":["Aktuellt"],"inLanguage":"sv-SE"},{"@type":"WebPage","@id":"https:\/\/wp.kristdemokraterna.se\/solna\/mer-skatter-och-mindre-valfrihet-i-rodgronas-budgetar\/","url":"https:\/\/wp.kristdemokraterna.se\/solna\/mer-skatter-och-mindre-valfrihet-i-rodgronas-budgetar\/","name":"Mer skatter och mindre valfrihet i r\u00f6dgr\u00f6nas budgetar - Kristdemokraterna i Solna","isPartOf":{"@id":"https:\/\/wp.kristdemokraterna.se\/solna\/#website"},"datePublished":"2013-11-26T14:12:59+00:00","dateModified":"2018-01-10T14:13:33+00:00","author":{"@id":"https:\/\/wp.kristdemokraterna.se\/solna\/#\/schema\/person\/712d13bb8cb0816b1c5064a9033a35f2"},"breadcrumb":{"@id":"https:\/\/wp.kristdemokraterna.se\/solna\/mer-skatter-och-mindre-valfrihet-i-rodgronas-budgetar\/#breadcrumb"},"inLanguage":"sv-SE","potentialAction":[{"@type":"ReadAction","target":["https:\/\/wp.kristdemokraterna.se\/solna\/mer-skatter-och-mindre-valfrihet-i-rodgronas-budgetar\/"]}]},{"@type":"BreadcrumbList","@id":"https:\/\/wp.kristdemokraterna.se\/solna\/mer-skatter-och-mindre-valfrihet-i-rodgronas-budgetar\/#breadcrumb","itemListElement":[{"@type":"ListItem","position":1,"name":"Hem","item":"https:\/\/wp.kristdemokraterna.se\/solna\/"},{"@type":"ListItem","position":2,"name":"Mer skatter och mindre valfrihet i r\u00f6dgr\u00f6nas budgetar"}]},{"@type":"WebSite","@id":"https:\/\/wp.kristdemokraterna.se\/solna\/#website","url":"https:\/\/wp.kristdemokraterna.se\/solna\/","name":"Kristdemokraterna i Solna","description":"Med \ud83d\udc99 f\u00f6r Solna","inLanguage":"sv-SE"},{"@type":"Person","@id":"https:\/\/wp.kristdemokraterna.se\/solna\/#\/schema\/person\/712d13bb8cb0816b1c5064a9033a35f2","name":"solna2","image":{"@type":"ImageObject","inLanguage":"sv-SE","@id":"https:\/\/secure.gravatar.com\/avatar\/c47156d8f469e439727cc363e6968b2f5ab12cd38563467e0076a31756980b3c?s=96&d=mm&r=g","url":"https:\/\/secure.gravatar.com\/avatar\/c47156d8f469e439727cc363e6968b2f5ab12cd38563467e0076a31756980b3c?s=96&d=mm&r=g","contentUrl":"https:\/\/secure.gravatar.com\/avatar\/c47156d8f469e439727cc363e6968b2f5ab12cd38563467e0076a31756980b3c?s=96&d=mm&r=g","caption":"solna2"},"url":"https:\/\/wp.kristdemokraterna.se\/solna\/author\/solna2\/"}]}},"_links":{"self":[{"href":"https:\/\/wp.kristdemokraterna.se\/solna\/wp-json\/wp\/v2\/posts\/862","targetHints":{"allow":["GET"]}}],"collection":[{"href":"https:\/\/wp.kristdemokraterna.se\/solna\/wp-json\/wp\/v2\/posts"}],"about":[{"href":"https:\/\/wp.kristdemokraterna.se\/solna\/wp-json\/wp\/v2\/types\/post"}],"author":[{"embeddable":true,"href":"https:\/\/wp.kristdemokraterna.se\/solna\/wp-json\/wp\/v2\/users\/769"}],"replies":[{"embeddable":true,"href":"https:\/\/wp.kristdemokraterna.se\/solna\/wp-json\/wp\/v2\/comments?post=862"}],"version-history":[{"count":1,"href":"https:\/\/wp.kristdemokraterna.se\/solna\/wp-json\/wp\/v2\/posts\/862\/revisions"}],"predecessor-version":[{"id":864,"href":"https:\/\/wp.kristdemokraterna.se\/solna\/wp-json\/wp\/v2\/posts\/862\/revisions\/864"}],"wp:attachment":[{"href":"https:\/\/wp.kristdemokraterna.se\/solna\/wp-json\/wp\/v2\/media?parent=862"}],"wp:term":[{"taxonomy":"category","embeddable":true,"href":"https:\/\/wp.kristdemokraterna.se\/solna\/wp-json\/wp\/v2\/categories?post=862"},{"taxonomy":"post_tag","embeddable":true,"href":"https:\/\/wp.kristdemokraterna.se\/solna\/wp-json\/wp\/v2\/tags?post=862"}],"curies":[{"name":"wp","href":"https:\/\/api.w.org\/{rel}","templated":true}]}}