{"id":865,"date":"2013-11-26T15:14:04","date_gmt":"2013-11-26T14:14:04","guid":{"rendered":"http:\/\/wp.kristdemokraterna.se\/solna2\/?p=865"},"modified":"2018-01-10T15:14:43","modified_gmt":"2018-01-10T14:14:43","slug":"solnas-budget-2014","status":"publish","type":"post","link":"https:\/\/wp.kristdemokraterna.se\/solna\/solnas-budget-2014\/","title":{"rendered":"Solnas budget 2014"},"content":{"rendered":"<p><strong><em>Budgetanf\u00f6rande inf\u00f6r beslut om budget 2014<\/em><\/strong><\/p>\n<p>Ordf\u00f6rande, fullm\u00e4ktige och \u00e5h\u00f6rare,<\/p>\n<p>Idag l\u00e4gger Alliansen \u00e5ter fram en gemensam budget f\u00f6r Solna. Som vanligt \u00e4r det lite pin och kiv innan vi borgerliga partier \u00e4r \u00f6verens om ett f\u00f6rslag \u2013 men vi har hittills alltid lyckats. I \u00e5r \u00e4r vi kristdemokrater stolta \u00f6ver att v\u00e5r politik g\u00f6r tydliga avtryck \u00a0i budgeten.<\/p>\n<p>Kristdemokraterna \u00e4r familjens r\u00f6st i politiken. I Sverige och i Solna. Vi \u00e4r partiet som vill st\u00e4rka familjen och det civila samh\u00e4llet. Vi \u00e4r partiet f\u00f6r personlig frihet och socialt ansvar, som bevakar politikens gr\u00e4nser och som lyfter att ett starkt samh\u00e4lle \u00e4r n\u00e5got annat \u00e4n en stor stat. Vi menar att det \u00e4r i ett starkt samh\u00e4lle med starka familjer, v\u00e4xande f\u00f6retag och ett rikt f\u00f6reningsliv som Solnas barn och unga kan ges en trygg uppv\u00e4xt.<\/p>\n<p>Vi kristdemokrater formar v\u00e5r politik utifr\u00e5n en kristen m\u00e4nniskosyn och v\u00e4rdegrund om alla m\u00e4nniskors lika, unika och okr\u00e4nkbara v\u00e4rde och v\u00e5rt m\u00e5l \u00e4r ett samh\u00e4lle som ger varje m\u00e4nniska m\u00f6jlighet att f\u00f6rverkliga sin fulla potential, d\u00e4r det r\u00e5der samh\u00e4llsgemenskap och d\u00e4r varje m\u00e4nniska bem\u00f6ts med v\u00e4rdighet och respekt samt f\u00e5r m\u00f6jlighet att i gemenskap med n\u00e4ra och k\u00e4ra forma sin egen framtid och vardag.<\/p>\n<p>Mot bakgrund av det anser vi att Solna ska byggas underifr\u00e5n, med enskilda m\u00e4nniskor och familjers vardag som utg\u00e5ngspunkt.\u00a0Vi \u00e4r partiet som vill g\u00f6ra det l\u00e4ttare f\u00f6r solnaborna att l\u00e4gga livspussel, som satsar p\u00e5 en skola med kunskap i fokus, som arbetar f\u00f6r att minska barngrupperna i f\u00f6rskolan och som ser till att mormor har det bra i Solnas \u00e4ldreomsorg.<\/p>\n<p><i>Budgetprioriteringar<\/i><\/p>\n<p>Kristdemokraterna i Solna gick in i \u00e5rets budgetf\u00f6rhandlingar med tydliga prioriteringar:<\/p>\n<ul>\n<li>Valfrihet i barnomsorgen och \u00f6kad personalt\u00e4thet i f\u00f6rskolan.<\/li>\n<\/ul>\n<ul>\n<li>Satsningar p\u00e5 l\u00e4rarl\u00f6ner och skolupprustningar f\u00f6r en skola med ordning och kunskap i fokus.<\/li>\n<li>En f\u00f6rst\u00e4rkning av hemtj\u00e4nsten f\u00f6r att s\u00e4kerst\u00e4lla tillr\u00e4ckligt med tid hos de \u00e4ldre.<\/li>\n<\/ul>\n<ul>\n<li>L\u00e5g skatt \u2013 f\u00f6r att ge mer frihet och trygghet \u00e5t solnaborna.<\/li>\n<\/ul>\n<p>Vi kan konstatera att vi kristdemokrater har vunnit viktiga segrar i Alliansens f\u00f6rhandlingar d\u00e5 samtliga v\u00e5ra prioriteringar p\u00e5 ett eller annat s\u00e4tt \u00e5terfinns i Solnas budget f\u00f6r 2014.<\/p>\n<p><b><i>Mindre barngrupper i f\u00f6rskolan \u2013 mer tid f\u00f6r barnen<\/i><\/b><\/p>\n<p>Vi kristdemokrater \u00e4r s\u00e4rskilt stolta \u00f6ver att ha drivit igenom satsningarna p\u00e5 f\u00f6rskolan. Vi hade velat satsa \u00e4nnu mer men v\u00e5r ambition \u00e4r att de extra 7 miljonerna till barnomsorgen ska kunna s\u00e4kerst\u00e4lla h\u00f6gre personalt\u00e4thet i stadens f\u00f6rskolor och minska risken f\u00f6r alltf\u00f6r stora barngrupper, inte minst vid den ordinarie personalens fr\u00e5nvaro.<\/p>\n<p>M\u00e5nga barn skulle m\u00e5 bra av mer tid tillsammans med sina f\u00f6r\u00e4ldrar. Men i storstadsomr\u00e5dena v\u00e4ljer allt fler att ha sina barn allt mer tid i barnomsorgen. Det \u00e4r d\u00e4rf\u00f6r v\u00e5r ambition att se till att det i barnomsorgen finns gott om vuxna f\u00f6rebilder som har m\u00f6jlighet till mer tid med barnen. Med andra ord verkar vi f\u00f6r att skapa m\u00f6jlighet till mer tid f\u00f6r barnen oavsett om barnen finns i hemmet, hos dagmamma eller p\u00e5 f\u00f6rskola. Det beh\u00f6vs vuxna som har tid att lyssna, tr\u00f6sta, b\u00e4ra, l\u00e4sa sagor,\u00a0 rabbla bokstavsramsor och g\u00f6ra allt det d\u00e4r som barn beh\u00f6ver \u2013 \u00e4ven n\u00e4r barnens viktigaste vuxna, f\u00f6r\u00e4ldrarna, \u00e4r p\u00e5 jobbet. Vi ger i \u00e5rets budget ocks\u00e5 i uppdrag till BUN att utreda organisationen f\u00f6r f\u00f6rskolan i syfte att skapa optimala strukturer f\u00f6r styrning och ledning f\u00f6r att m\u00f6jligg\u00f6ra f\u00f6r personalen att \u00e4gna mer tid \u00e5t barnen och mindre tid \u00e5t administration.<\/p>\n<p>Kristdemokraterna anser att det ska finnas minst en h\u00f6gskoleutbildad f\u00f6rskoll\u00e4rare i varje barngrupp s\u00e5 att dessa kan leda verksamheten \u2013 men en r\u00f6st p\u00e5 KD \u00e4r d\u00e4rut\u00f6ver i f\u00f6rsta hand en r\u00f6st f\u00f6r mer tid f\u00f6r barnen. Det finns fantastiska barnsk\u00f6tare som g\u00f6r ett gott arbete i stadens f\u00f6rskolor och det \u00e4r k\u00e4rlek, omtanke och tid som de sm\u00e5 barnen beh\u00f6ver mest.<\/p>\n<p><b><i>Starkare familjer \u2013 valfrihet och l\u00e5g skatt<\/i><\/b><\/p>\n<p>Kristdemokraterna st\u00e5r inte endast f\u00f6r b\u00e4ttre kvalitet i f\u00f6rskolan utan ocks\u00e5 f\u00f6r valfrihet f\u00f6r familjen. Familjer \u00e4r olika och ser olika ut, ocks\u00e5 barn \u00e4r olika med lite olika behov. D\u00e4rf\u00f6r m\u00e5ste den offentligt finansierade barnomsorgen erbjuda olika l\u00f6sningar f\u00f6r att v\u00e5ra barn ska trivas och vi sj\u00e4lva f\u00e5 livspusslet att g\u00e5 ihop.<\/p>\n<p>Genom att erbjuda valfrihet i barnomsorgen i form av v\u00e5rdnadsbidrag, dagmammor, \u00f6ppen f\u00f6rskola och frist\u00e5ende f\u00f6rskolor \u2013 samt l\u00e5g skatt \u2013 st\u00e4rker Solna idag stadens barnfamiljer. Och det \u00e4r kristdemokraterna som \u00e4r garanten f\u00f6r valfrihet i barnomsorgen! \u00a0Vi \u00e4r de som st\u00e5r upp f\u00f6r familjens egenmakt mot de mer v\u00e4nsterinspirerade politikernas \u00f6nskan att styra det allra mest privata \u2013 hur man som f\u00f6r\u00e4lder ordnar den egna vardagen. Valfriheten \u00e4r sj\u00e4lvklar f\u00f6r oss kristdemokrater men de r\u00f6dgr\u00f6nas budgetar visar att den \u00e4r hotad i och med oppositionens f\u00f6rslag om att avskaffa v\u00e5rdnadsbidraget. Det finns m\u00e5nga h\u00e4pnadsv\u00e4ckande argument fr\u00e5n oppositionen om varf\u00f6r Arne, Susanne och Thomas ist\u00e4llet f\u00f6r f\u00f6r\u00e4ldrar sj\u00e4lva ska f\u00e5 avg\u00f6ra familjernas barnomsorgsform.<\/p>\n<p>Socialdemokraterna menar att erbjuda f\u00f6r\u00e4ldrar m\u00f6jlighet att ta hand om barnen lite l\u00e4ngre n\u00e4r de \u00e4r sm\u00e5 skulle leda till passivitet. Som om att ta hand om barn skulle leda till n\u00e5gon slags stillasittande. Det \u00e4r \u00e5tminstone inget jag som haft fyra sm\u00e5 barn hemma k\u00e4nner igen mig i.<\/p>\n<p>Vidare anf\u00f6r man att det skulle vara of\u00f6renligt med arbetslinjen att fullt arbetsf\u00f6ra f\u00f6r\u00e4ldrar skulle \u201dsubventioneras\u201d f\u00f6r att ta hand om sina barn. Som om alla pengar Solnas barnfamiljer betalat i skatt f\u00f6r den offentliga barnomsorgen fr\u00e5n b\u00f6rjan hade varit statens. De f\u00f6r\u00e4ldrar som idag nyttjar v\u00e5rdnadsbidraget f\u00f6r att erbjuda mer tid till sina barn betalar redan andras dagiskostnader via skattsedeln \u2013 v\u00e5rdnadsbidraget inneb\u00e4r att de f\u00e5r beh\u00e5lla en br\u00e5kdel av dessa pengar ocks\u00e5 till den egna barnomsorgen, fullt rimligt! Nog finns det perioder i livet d\u00e5 andra saker \u00e4n den egna karri\u00e4ren, eget sj\u00e4lvf\u00f6rverkligande eller att bidra till den kollektivistiska samh\u00e4llsnyttan kan f\u00e5 vara viktigt i m\u00e4nniskors liv och f\u00f6r samh\u00e4llet? Att f\u00f6r\u00e4ldrar tar hand om och ger tid till sina barn \u00e4r en s\u00e5dan sak f\u00f6r oss kristdemokrater. Man kan undra hur Arne \u00d6berg och hans socialistiska v\u00e4nner ser p\u00e5 betald f\u00f6r\u00e4ldraledighet, varf\u00f6r ska folk f\u00e5 g\u00e5 hemma med bebisar n\u00e4r det kunde g\u00f6ra samh\u00e4llsnytta p\u00e5 jobbet\u2026.?<\/p>\n<p>Samtliga v\u00e4nsterparter avf\u00e4rdar v\u00e5rdnadsbidraget, S som kvinnodiskriminerande, MP som en kvinnof\u00e4lla. Diskriminerande \u00e4r det inte, v\u00e5rdnadsbidraget tvingar ingen, vare sig kvinna eller man, v\u00e5rdnadsbidraget inneb\u00e4r ingen diskriminering \u2013 bara m\u00f6jligheter f\u00f6r familjen. \u00a0Och kvinnof\u00e4lla? \u00c4rligt talat vilka \u00e4r milj\u00f6partisterna att tala om f\u00f6r Sveriges kvinnor att de saknar f\u00f6rm\u00e5ga att best\u00e4mma barnomsorgsform \u00e5t sina barn utan att falla offer f\u00f6r en \u201dkvinnof\u00e4lla\u201d?<\/p>\n<p>Jag menar att Milj\u00f6partiet med de argumenten f\u00f6rser Sveriges kvinnor med offermentalitet. Som om kvinnor i Sverige idag inte skulle vara f\u00f6rm\u00f6gna att fatta rationella beslut och se konsekvenserna av sina egna handlingar? Det \u00e4r h\u00f6g tid att r\u00f6dgr\u00f6na debatt\u00f6rer slutar upp med att dumf\u00f6rklara Sveriges kvinnor.<\/p>\n<p><b><i>Skola och ungdomsjobb \u2013 vi satsar p\u00e5 barn och unga.<\/i><\/b><\/p>\n<p>Kristdemokraterna arbetar f\u00f6r att Sverige ska vara v\u00e4rldens b\u00e4sta land att v\u00e4xa upp i och Solna ska vara en av de b\u00e4sta st\u00e4derna. Ska ungarna i Solna f\u00e5 en bra start i livet d\u00e5 m\u00e5ste f\u00f6rst\u00e5s skolan vara bra. KD anser att v\u00e4rderingen som ska genomsyra hela skolan \u00e4r att varje elev ska f\u00e5 m\u00f6jlighet att f\u00f6rverkliga sin fulla potential. Vi ser hur utbildningsniv\u00e5n i landet sjunkit under l\u00e5ng tid och det kr\u00e4vs d\u00e4rf\u00f6r f\u00f6r\u00e4ndring.\u00a0 Solnas skolor ska f\u00f6rmedla goda v\u00e4rderingar till v\u00e5ra barn och unga, s\u00e4tta kunskapen i fokus och pr\u00e4glas av ordning och reda i klassrummet f\u00f6r att uppn\u00e5 trivsel och arbetsro.<\/p>\n<p>Det viktigaste f\u00f6r att \u00e5stadkomma en skola med kunskap i fokus \u00e4r f\u00f6rst\u00e5s bra l\u00e4rare. Skolans vuxna m\u00e5ste f\u00e5 vara auktoriteter, som kan leda med fasta h\u00e4nder och varmt hj\u00e4rta. Det beh\u00f6vs l\u00e4rare som b\u00e5de klarar att leda och inspirera eleverna till kunskap samt h\u00e5lla ordning i klassrummet. N\u00e5got annat som \u00e4r viktigt \u00e4r en trivsam studiemilj\u00f6. Vi l\u00e4gger d\u00e4rf\u00f6r 16 miljoner kronor extra till stadsbyggnadsn\u00e4mnden f\u00f6r att forts\u00e4tta rusta Solnas skolor.<\/p>\n<p>Regeringen satsar nu medel p\u00e5 s\u00e5 kallade f\u00f6rstal\u00e4rare, d\u00e4r l\u00e4rare med erk\u00e4nt god pedagogisk f\u00f6rm\u00e5ga f\u00e5r h\u00f6jd l\u00f6n och m\u00f6jlighet att arbeta liten del av tiden som inspirat\u00f6r f\u00f6r andra l\u00e4rare och d\u00e4rmed bidra till b\u00e4ttre undervisning. Alliansen i Solna skjuter d\u00e4rut\u00f6ver till extra medel, 2 miljoner kronor, till h\u00f6gre l\u00e4rarl\u00f6ner.<\/p>\n<p>F\u00f6r att erbjuda fler ungdomar i Solna m\u00f6jlighet till sommarjobb s\u00e5 utvidgar vi ocks\u00e5 stadens sommarjobbssatsning tillsammans med n\u00e4ringslivet med 500\u00a0000 kronor. Kristdemokraterna \u00e4r stolta \u00f6ver att barn och ungas uppv\u00e4xtvillkor st\u00e5r i fokus n\u00e4r Alliansen i Solna l\u00e4gger budgeten f\u00f6r 2014.\u00a0 F\u00f6r en god uppv\u00e4xt menar vi borgar f\u00f6r en god tillv\u00e4xt.<\/p>\n<p><b><i>Valfrihet och v\u00e4rdighet i \u00e4ldreomsorgen<\/i><\/b><\/p>\n<p>Det ska vara tryggt att \u00e5ldras i Solna. Man ska kunna k\u00e4nna sig f\u00f6rvissad om att erforderligt st\u00f6d finns att tillg\u00e5 den dagen man \u00e4r i behov av det, och man ska k\u00e4nna att man \u00e4r delaktig i samtliga beslut som p\u00e5verkar ens tillvaro, sj\u00e4lvklart har man ocks\u00e5 r\u00e4tt att f\u00e5 avg\u00f6ra vilken hemtj\u00e4nst man ska l\u00e5ta komma till ens hem, eller till vilket v\u00e5rd- och omsorgsboende man ska flytta.<\/p>\n<p>Svensk \u00e4ldreomsorg bygger idag mycket p\u00e5 att m\u00e4nniskor bor kvar hemma. Att passera n\u00e5ls\u00f6gat f\u00f6r att f\u00e5 plats i v\u00e5rd- och omsorgsboende \u00e4r sv\u00e5rt, m\u00e5nga bed\u00f6ms uppn\u00e5 den av socialtj\u00e4nstlagen stipulerade sk\u00e4liga levnadsniv\u00e5n i hemmet med hj\u00e4lp av hemtj\u00e4nst. D\u00e4rf\u00f6r \u00e4r det oerh\u00f6rt viktigt att hemtj\u00e4nsten fungerar och skapar trygghet. Vi har d\u00e4rf\u00f6r i budgeten drivit igenom en f\u00f6rst\u00e4rkning av hemtj\u00e4nsten med 6 miljoner kronor. En satsning som ska m\u00f6jligg\u00f6ra l\u00e4ngre tid f\u00f6r personalen hos de \u00e4ldre i syfte att ge b\u00e4ttre kvalitet och en \u00f6kad k\u00e4nsla av trygghet f\u00f6r den som \u00e4r i behov av hemtj\u00e4nstens omsorg. Personalen m\u00e5ste kunna k\u00e4nna att man har tillr\u00e4ckligt med tid f\u00f6r att garantera att Solnas \u00e4ldre bem\u00f6ts med v\u00e4rdighet och respekt och det skapar vi nu b\u00e4ttre f\u00f6ruts\u00e4ttningar f\u00f6r.<\/p>\n<p>Budgeten vi nu l\u00e4gger fram ser inte ut som den skulle ha gjort om vi regerat med egen majoritet. Men det faktum att samtliga Kristdemokraternas prioriteringar \u00e5terspeglas i\u00a0\u00e5rets budget\u00a0visar att Kristdemokraterna g\u00f6r skillnad i Alliansen. Solnas barn och \u00e4ldre ska kunna f\u00f6rv\u00e4nta sig trygghet och bra verksamheter. Vi genomf\u00f6r nu f\u00f6rb\u00e4ttringar av s\u00e5v\u00e4l barnomsorgen som \u00e4ldreomsorgen och det \u00e4r mycket gl\u00e4djande att vi samtidigt klarar att beh\u00e5lla den l\u00e5ga skatten f\u00f6r \u00f6kad ekonomisk frihet \u00e5t solnaborna.<\/p>\n<p>H\u00e4rmed yrkar jag bifall till majoritetens f\u00f6rslag till budget 2014!<\/p>\n<p><strong>Malin Appelgren, kommunalr\u00e5d och gruppledare (KD), \u00a0<\/strong><\/p>\n","protected":false},"excerpt":{"rendered":"<p>Budgetanf\u00f6rande inf\u00f6r beslut om budget 2014 Ordf\u00f6rande, fullm\u00e4ktige och \u00e5h\u00f6rare, Idag l\u00e4gger Alliansen \u00e5ter fram en gemensam budget f\u00f6r Solna. Som vanligt \u00e4r det lite pin och kiv innan vi borgerliga partier \u00e4r \u00f6verens om ett f\u00f6rslag \u2013 men vi har hittills alltid lyckats. I \u00e5r \u00e4r vi kristdemokrater stolta \u00f6ver att v\u00e5r politik g\u00f6r <a class=\"read-more-link\" href=\"https:\/\/wp.kristdemokraterna.se\/solna\/solnas-budget-2014\/\">Read More<\/a><\/p>\n","protected":false},"author":769,"featured_media":0,"comment_status":"closed","ping_status":"closed","sticky":false,"template":"","format":"standard","meta":{"_acf_changed":false,"footnotes":""},"categories":[4],"tags":[189],"class_list":["post-865","post","type-post","status-publish","format-standard","hentry","category-aktuellt","tag-budget-2014"],"acf":[],"yoast_head":"<!-- This site is optimized with the Yoast SEO plugin v27.4 - https:\/\/yoast.com\/product\/yoast-seo-wordpress\/ -->\n<title>Solnas budget 2014 - Kristdemokraterna i Solna<\/title>\n<meta name=\"robots\" content=\"index, follow, max-snippet:-1, max-image-preview:large, max-video-preview:-1\" \/>\n<link rel=\"canonical\" href=\"https:\/\/wp.kristdemokraterna.se\/solna\/solnas-budget-2014\/\" \/>\n<meta property=\"og:locale\" content=\"sv_SE\" \/>\n<meta property=\"og:type\" content=\"article\" \/>\n<meta property=\"og:title\" content=\"Solnas budget 2014 - Kristdemokraterna i Solna\" \/>\n<meta property=\"og:description\" content=\"Budgetanf\u00f6rande inf\u00f6r beslut om budget 2014 Ordf\u00f6rande, fullm\u00e4ktige och \u00e5h\u00f6rare, Idag l\u00e4gger Alliansen \u00e5ter fram en gemensam budget f\u00f6r Solna. Som vanligt \u00e4r det lite pin och kiv innan vi borgerliga partier \u00e4r \u00f6verens om ett f\u00f6rslag \u2013 men vi har hittills alltid lyckats. I \u00e5r \u00e4r vi kristdemokrater stolta \u00f6ver att v\u00e5r politik g\u00f6r Read More\" \/>\n<meta property=\"og:url\" content=\"https:\/\/wp.kristdemokraterna.se\/solna\/solnas-budget-2014\/\" \/>\n<meta property=\"og:site_name\" content=\"Kristdemokraterna i Solna\" \/>\n<meta property=\"article:published_time\" content=\"2013-11-26T14:14:04+00:00\" \/>\n<meta property=\"article:modified_time\" content=\"2018-01-10T14:14:43+00:00\" \/>\n<meta name=\"author\" content=\"solna2\" \/>\n<meta name=\"twitter:card\" content=\"summary_large_image\" \/>\n<meta name=\"twitter:label1\" content=\"Skriven av\" \/>\n\t<meta name=\"twitter:data1\" content=\"solna2\" \/>\n\t<meta name=\"twitter:label2\" content=\"Ber\u00e4knad l\u00e4stid\" \/>\n\t<meta name=\"twitter:data2\" content=\"10 minuter\" \/>\n<script type=\"application\/ld+json\" class=\"yoast-schema-graph\">{\"@context\":\"https:\\\/\\\/schema.org\",\"@graph\":[{\"@type\":\"Article\",\"@id\":\"https:\\\/\\\/wp.kristdemokraterna.se\\\/solna\\\/solnas-budget-2014\\\/#article\",\"isPartOf\":{\"@id\":\"https:\\\/\\\/wp.kristdemokraterna.se\\\/solna\\\/solnas-budget-2014\\\/\"},\"author\":{\"name\":\"solna2\",\"@id\":\"https:\\\/\\\/wp.kristdemokraterna.se\\\/solna\\\/#\\\/schema\\\/person\\\/712d13bb8cb0816b1c5064a9033a35f2\"},\"headline\":\"Solnas budget 2014\",\"datePublished\":\"2013-11-26T14:14:04+00:00\",\"dateModified\":\"2018-01-10T14:14:43+00:00\",\"mainEntityOfPage\":{\"@id\":\"https:\\\/\\\/wp.kristdemokraterna.se\\\/solna\\\/solnas-budget-2014\\\/\"},\"wordCount\":2067,\"keywords\":[\"Budget 2014\"],\"articleSection\":[\"Aktuellt\"],\"inLanguage\":\"sv-SE\"},{\"@type\":\"WebPage\",\"@id\":\"https:\\\/\\\/wp.kristdemokraterna.se\\\/solna\\\/solnas-budget-2014\\\/\",\"url\":\"https:\\\/\\\/wp.kristdemokraterna.se\\\/solna\\\/solnas-budget-2014\\\/\",\"name\":\"Solnas budget 2014 - Kristdemokraterna i Solna\",\"isPartOf\":{\"@id\":\"https:\\\/\\\/wp.kristdemokraterna.se\\\/solna\\\/#website\"},\"datePublished\":\"2013-11-26T14:14:04+00:00\",\"dateModified\":\"2018-01-10T14:14:43+00:00\",\"author\":{\"@id\":\"https:\\\/\\\/wp.kristdemokraterna.se\\\/solna\\\/#\\\/schema\\\/person\\\/712d13bb8cb0816b1c5064a9033a35f2\"},\"breadcrumb\":{\"@id\":\"https:\\\/\\\/wp.kristdemokraterna.se\\\/solna\\\/solnas-budget-2014\\\/#breadcrumb\"},\"inLanguage\":\"sv-SE\",\"potentialAction\":[{\"@type\":\"ReadAction\",\"target\":[\"https:\\\/\\\/wp.kristdemokraterna.se\\\/solna\\\/solnas-budget-2014\\\/\"]}]},{\"@type\":\"BreadcrumbList\",\"@id\":\"https:\\\/\\\/wp.kristdemokraterna.se\\\/solna\\\/solnas-budget-2014\\\/#breadcrumb\",\"itemListElement\":[{\"@type\":\"ListItem\",\"position\":1,\"name\":\"Hem\",\"item\":\"https:\\\/\\\/wp.kristdemokraterna.se\\\/solna\\\/\"},{\"@type\":\"ListItem\",\"position\":2,\"name\":\"Solnas budget 2014\"}]},{\"@type\":\"WebSite\",\"@id\":\"https:\\\/\\\/wp.kristdemokraterna.se\\\/solna\\\/#website\",\"url\":\"https:\\\/\\\/wp.kristdemokraterna.se\\\/solna\\\/\",\"name\":\"Kristdemokraterna i Solna\",\"description\":\"Med \ud83d\udc99 f\u00f6r Solna\",\"inLanguage\":\"sv-SE\"},{\"@type\":\"Person\",\"@id\":\"https:\\\/\\\/wp.kristdemokraterna.se\\\/solna\\\/#\\\/schema\\\/person\\\/712d13bb8cb0816b1c5064a9033a35f2\",\"name\":\"solna2\",\"image\":{\"@type\":\"ImageObject\",\"inLanguage\":\"sv-SE\",\"@id\":\"https:\\\/\\\/secure.gravatar.com\\\/avatar\\\/c47156d8f469e439727cc363e6968b2f5ab12cd38563467e0076a31756980b3c?s=96&d=mm&r=g\",\"url\":\"https:\\\/\\\/secure.gravatar.com\\\/avatar\\\/c47156d8f469e439727cc363e6968b2f5ab12cd38563467e0076a31756980b3c?s=96&d=mm&r=g\",\"contentUrl\":\"https:\\\/\\\/secure.gravatar.com\\\/avatar\\\/c47156d8f469e439727cc363e6968b2f5ab12cd38563467e0076a31756980b3c?s=96&d=mm&r=g\",\"caption\":\"solna2\"},\"url\":\"https:\\\/\\\/wp.kristdemokraterna.se\\\/solna\\\/author\\\/solna2\\\/\"}]}<\/script>\n<!-- \/ Yoast SEO plugin. -->","yoast_head_json":{"title":"Solnas budget 2014 - Kristdemokraterna i Solna","robots":{"index":"index","follow":"follow","max-snippet":"max-snippet:-1","max-image-preview":"max-image-preview:large","max-video-preview":"max-video-preview:-1"},"canonical":"https:\/\/wp.kristdemokraterna.se\/solna\/solnas-budget-2014\/","og_locale":"sv_SE","og_type":"article","og_title":"Solnas budget 2014 - Kristdemokraterna i Solna","og_description":"Budgetanf\u00f6rande inf\u00f6r beslut om budget 2014 Ordf\u00f6rande, fullm\u00e4ktige och \u00e5h\u00f6rare, Idag l\u00e4gger Alliansen \u00e5ter fram en gemensam budget f\u00f6r Solna. Som vanligt \u00e4r det lite pin och kiv innan vi borgerliga partier \u00e4r \u00f6verens om ett f\u00f6rslag \u2013 men vi har hittills alltid lyckats. I \u00e5r \u00e4r vi kristdemokrater stolta \u00f6ver att v\u00e5r politik g\u00f6r Read More","og_url":"https:\/\/wp.kristdemokraterna.se\/solna\/solnas-budget-2014\/","og_site_name":"Kristdemokraterna i Solna","article_published_time":"2013-11-26T14:14:04+00:00","article_modified_time":"2018-01-10T14:14:43+00:00","author":"solna2","twitter_card":"summary_large_image","twitter_misc":{"Skriven av":"solna2","Ber\u00e4knad l\u00e4stid":"10 minuter"},"schema":{"@context":"https:\/\/schema.org","@graph":[{"@type":"Article","@id":"https:\/\/wp.kristdemokraterna.se\/solna\/solnas-budget-2014\/#article","isPartOf":{"@id":"https:\/\/wp.kristdemokraterna.se\/solna\/solnas-budget-2014\/"},"author":{"name":"solna2","@id":"https:\/\/wp.kristdemokraterna.se\/solna\/#\/schema\/person\/712d13bb8cb0816b1c5064a9033a35f2"},"headline":"Solnas budget 2014","datePublished":"2013-11-26T14:14:04+00:00","dateModified":"2018-01-10T14:14:43+00:00","mainEntityOfPage":{"@id":"https:\/\/wp.kristdemokraterna.se\/solna\/solnas-budget-2014\/"},"wordCount":2067,"keywords":["Budget 2014"],"articleSection":["Aktuellt"],"inLanguage":"sv-SE"},{"@type":"WebPage","@id":"https:\/\/wp.kristdemokraterna.se\/solna\/solnas-budget-2014\/","url":"https:\/\/wp.kristdemokraterna.se\/solna\/solnas-budget-2014\/","name":"Solnas budget 2014 - Kristdemokraterna i Solna","isPartOf":{"@id":"https:\/\/wp.kristdemokraterna.se\/solna\/#website"},"datePublished":"2013-11-26T14:14:04+00:00","dateModified":"2018-01-10T14:14:43+00:00","author":{"@id":"https:\/\/wp.kristdemokraterna.se\/solna\/#\/schema\/person\/712d13bb8cb0816b1c5064a9033a35f2"},"breadcrumb":{"@id":"https:\/\/wp.kristdemokraterna.se\/solna\/solnas-budget-2014\/#breadcrumb"},"inLanguage":"sv-SE","potentialAction":[{"@type":"ReadAction","target":["https:\/\/wp.kristdemokraterna.se\/solna\/solnas-budget-2014\/"]}]},{"@type":"BreadcrumbList","@id":"https:\/\/wp.kristdemokraterna.se\/solna\/solnas-budget-2014\/#breadcrumb","itemListElement":[{"@type":"ListItem","position":1,"name":"Hem","item":"https:\/\/wp.kristdemokraterna.se\/solna\/"},{"@type":"ListItem","position":2,"name":"Solnas budget 2014"}]},{"@type":"WebSite","@id":"https:\/\/wp.kristdemokraterna.se\/solna\/#website","url":"https:\/\/wp.kristdemokraterna.se\/solna\/","name":"Kristdemokraterna i Solna","description":"Med \ud83d\udc99 f\u00f6r Solna","inLanguage":"sv-SE"},{"@type":"Person","@id":"https:\/\/wp.kristdemokraterna.se\/solna\/#\/schema\/person\/712d13bb8cb0816b1c5064a9033a35f2","name":"solna2","image":{"@type":"ImageObject","inLanguage":"sv-SE","@id":"https:\/\/secure.gravatar.com\/avatar\/c47156d8f469e439727cc363e6968b2f5ab12cd38563467e0076a31756980b3c?s=96&d=mm&r=g","url":"https:\/\/secure.gravatar.com\/avatar\/c47156d8f469e439727cc363e6968b2f5ab12cd38563467e0076a31756980b3c?s=96&d=mm&r=g","contentUrl":"https:\/\/secure.gravatar.com\/avatar\/c47156d8f469e439727cc363e6968b2f5ab12cd38563467e0076a31756980b3c?s=96&d=mm&r=g","caption":"solna2"},"url":"https:\/\/wp.kristdemokraterna.se\/solna\/author\/solna2\/"}]}},"_links":{"self":[{"href":"https:\/\/wp.kristdemokraterna.se\/solna\/wp-json\/wp\/v2\/posts\/865","targetHints":{"allow":["GET"]}}],"collection":[{"href":"https:\/\/wp.kristdemokraterna.se\/solna\/wp-json\/wp\/v2\/posts"}],"about":[{"href":"https:\/\/wp.kristdemokraterna.se\/solna\/wp-json\/wp\/v2\/types\/post"}],"author":[{"embeddable":true,"href":"https:\/\/wp.kristdemokraterna.se\/solna\/wp-json\/wp\/v2\/users\/769"}],"replies":[{"embeddable":true,"href":"https:\/\/wp.kristdemokraterna.se\/solna\/wp-json\/wp\/v2\/comments?post=865"}],"version-history":[{"count":1,"href":"https:\/\/wp.kristdemokraterna.se\/solna\/wp-json\/wp\/v2\/posts\/865\/revisions"}],"predecessor-version":[{"id":866,"href":"https:\/\/wp.kristdemokraterna.se\/solna\/wp-json\/wp\/v2\/posts\/865\/revisions\/866"}],"wp:attachment":[{"href":"https:\/\/wp.kristdemokraterna.se\/solna\/wp-json\/wp\/v2\/media?parent=865"}],"wp:term":[{"taxonomy":"category","embeddable":true,"href":"https:\/\/wp.kristdemokraterna.se\/solna\/wp-json\/wp\/v2\/categories?post=865"},{"taxonomy":"post_tag","embeddable":true,"href":"https:\/\/wp.kristdemokraterna.se\/solna\/wp-json\/wp\/v2\/tags?post=865"}],"curies":[{"name":"wp","href":"https:\/\/api.w.org\/{rel}","templated":true}]}}