{"id":867,"date":"2013-11-11T15:14:53","date_gmt":"2013-11-11T14:14:53","guid":{"rendered":"http:\/\/wp.kristdemokraterna.se\/solna2\/?p=867"},"modified":"2018-01-10T15:15:22","modified_gmt":"2018-01-10T14:15:22","slug":"vi-bygger-ut-t-banan-till-arenastaden","status":"publish","type":"post","link":"https:\/\/wp.kristdemokraterna.se\/solna\/vi-bygger-ut-t-banan-till-arenastaden\/","title":{"rendered":"Vi bygger ut t-banan till Arenastaden"},"content":{"rendered":"<p><strong>Kristdemokraterna i Solna v\u00e4lkomnar startskottet f\u00f6r den st\u00f6rsta utbyggnaden av Stoc<\/strong><strong>kholms tunnelbana sedan 1970-talet. Vi har l\u00e4nge drivit fr\u00e5gan om en utbyggnad av tunnelbana fr\u00e5n Odenplan via Hagastaden till Arenastaden och \u00e4r fantastiskt stolta och glada \u00f6ver att den nu blir verklighet.\u00a0<\/strong><\/p>\n<p>Idag presenterades ett samlat tunnelbanepaket av regeringens f\u00f6rhandlingsm\u00e4n, Stockholms l\u00e4ns landsting och de fyra ber\u00f6rda kommunerna \u2013 Solna, Stockholm, Nacka och J\u00e4rf\u00e4lla. Paketet inneh\u00e5ller en utbyggnad av tunnelbanan till Hagastaden och Arenastaden i Solna. Dessutom inneh\u00e5ller paketet en linje till Nacka, en f\u00f6rl\u00e4ngning av tunnelbanans bl\u00e5 linje fr\u00e5n Akalla till Barkarby och en utbyggnad av tunnelbanan till Gullmarsplan\/S\u00f6derort. Det \u00e4r den st\u00f6rsta kollektivtrafikutbyggnaden i Sverige sedan 1970-talet, d\u00e5 tunnelbanans bl\u00e5 linje \u00f6ppnade.<\/p>\n<p>Den totala investeringen f\u00f6r hela tunnelbaneutbyggnaden uppg\u00e5r till 25,7 miljarder kronor. Investeringen i linjen fr\u00e5n Odenplan via Hagastaden till Arenastaden uppg\u00e5r till 4,1 miljarder, varav Solna stad medfinansierar utbyggnaden med 600 miljoner. Princip\u00f6verenskommelsen g\u00e4ller f\u00f6rutsatt att alla parter ocks\u00e5 fattar formella beslut om sina \u00e5taganden f\u00f6r att f\u00f6rverkliga satsningen.<\/p>\n<p>Den nya tunnelbanelinjen \u00e4r b\u00e5de positiv f\u00f6r milj\u00f6n och viktig f\u00f6r den fortsatta utvecklingen av tv\u00e5 av Sveriges viktigaste tillv\u00e4xtomr\u00e5den \u2013 Hagastaden och Arenastaden. I och med den nya tunnelbanelinjen kommer Solna dessutom att kunna bidra med ytterligare 4500 nya bost\u00e4der. Byggstart f\u00f6r utbyggnaden \u00e4r satt till 2016 och trafikstart till Hagastaden ber\u00e4knas ske cirka 2020 och till Arenastaden cirka 2022.<\/p>\n<p>\u2013 Det h\u00e4r tunnelbanepaketet g\u00f6r det l\u00e4ttare att leva f\u00f6r hundratusentals barnfamiljer i Stockholm, s\u00e4ger Karl Henriksson (KD), trafikn\u00e4mnden i Stockholms l\u00e4ns landsting, i en kommentar.<\/p>\n<p>\u2013 Den nya tunnelbanelinjen kommer att f\u00f6rst\u00e4rka Solna som knutpunkt i regionens kollektivtrafiksystem. V\u00e5r stad kommer, efter denna satsning, att ha tre tunnelbanelinjer, pendelt\u00e5g, tv\u00e4rbana och bussar. Det kommer att underl\u00e4tta vardagen f\u00f6r m\u00e5nga solnabor och alla som varje dag reser till sina jobb i Solna. Det \u00e4r vi mycket glada f\u00f6r, s\u00e4ger kristdemokraternas kommunalr\u00e5d i Solna, Malin Appelgren (KD).<\/p>\n<p><strong>F\u00f6r mer information:<\/strong><\/p>\n<p>Malin Appelgren (KD), Kommunalr\u00e5d i Solna stad<\/p>\n<p>Christian Carlsson (KD), Politisk sekreterare, Solna stad<\/p>\n","protected":false},"excerpt":{"rendered":"<p>Kristdemokraterna i Solna v\u00e4lkomnar startskottet f\u00f6r den st\u00f6rsta utbyggnaden av Stockholms tunnelbana sedan 1970-talet. Vi har l\u00e4nge drivit fr\u00e5gan om en utbyggnad av tunnelbana fr\u00e5n Odenplan via Hagastaden till Arenastaden och \u00e4r fantastiskt stolta och glada \u00f6ver att den nu blir verklighet.\u00a0 Idag presenterades ett samlat tunnelbanepaket av regeringens f\u00f6rhandlingsm\u00e4n, Stockholms l\u00e4ns landsting och de <a class=\"read-more-link\" href=\"https:\/\/wp.kristdemokraterna.se\/solna\/vi-bygger-ut-t-banan-till-arenastaden\/\">Read More<\/a><\/p>\n","protected":false},"author":769,"featured_media":0,"comment_status":"closed","ping_status":"closed","sticky":false,"template":"","format":"standard","meta":{"_acf_changed":false,"footnotes":""},"categories":[4],"tags":[66,15,65],"class_list":["post-867","post","type-post","status-publish","format-standard","hentry","category-aktuellt","tag-gula-linjen","tag-infrastruktur","tag-tunnelbana"],"acf":[],"yoast_head":"<!-- This site is optimized with the Yoast SEO plugin v27.4 - https:\/\/yoast.com\/product\/yoast-seo-wordpress\/ -->\n<title>Vi bygger ut t-banan till Arenastaden - Kristdemokraterna i Solna<\/title>\n<meta name=\"robots\" content=\"index, follow, max-snippet:-1, max-image-preview:large, max-video-preview:-1\" \/>\n<link rel=\"canonical\" href=\"https:\/\/wp.kristdemokraterna.se\/solna\/vi-bygger-ut-t-banan-till-arenastaden\/\" \/>\n<meta property=\"og:locale\" content=\"sv_SE\" \/>\n<meta property=\"og:type\" content=\"article\" \/>\n<meta property=\"og:title\" content=\"Vi bygger ut t-banan till Arenastaden - Kristdemokraterna i Solna\" \/>\n<meta property=\"og:description\" content=\"Kristdemokraterna i Solna v\u00e4lkomnar startskottet f\u00f6r den st\u00f6rsta utbyggnaden av Stockholms tunnelbana sedan 1970-talet. Vi har l\u00e4nge drivit fr\u00e5gan om en utbyggnad av tunnelbana fr\u00e5n Odenplan via Hagastaden till Arenastaden och \u00e4r fantastiskt stolta och glada \u00f6ver att den nu blir verklighet.\u00a0 Idag presenterades ett samlat tunnelbanepaket av regeringens f\u00f6rhandlingsm\u00e4n, Stockholms l\u00e4ns landsting och de Read More\" \/>\n<meta property=\"og:url\" content=\"https:\/\/wp.kristdemokraterna.se\/solna\/vi-bygger-ut-t-banan-till-arenastaden\/\" \/>\n<meta property=\"og:site_name\" content=\"Kristdemokraterna i Solna\" \/>\n<meta property=\"article:published_time\" content=\"2013-11-11T14:14:53+00:00\" \/>\n<meta property=\"article:modified_time\" content=\"2018-01-10T14:15:22+00:00\" \/>\n<meta name=\"author\" content=\"solna2\" \/>\n<meta name=\"twitter:card\" content=\"summary_large_image\" \/>\n<meta name=\"twitter:label1\" content=\"Skriven av\" \/>\n\t<meta name=\"twitter:data1\" content=\"solna2\" \/>\n\t<meta name=\"twitter:label2\" content=\"Ber\u00e4knad l\u00e4stid\" \/>\n\t<meta name=\"twitter:data2\" content=\"2 minuter\" \/>\n<script type=\"application\/ld+json\" class=\"yoast-schema-graph\">{\"@context\":\"https:\\\/\\\/schema.org\",\"@graph\":[{\"@type\":\"Article\",\"@id\":\"https:\\\/\\\/wp.kristdemokraterna.se\\\/solna\\\/vi-bygger-ut-t-banan-till-arenastaden\\\/#article\",\"isPartOf\":{\"@id\":\"https:\\\/\\\/wp.kristdemokraterna.se\\\/solna\\\/vi-bygger-ut-t-banan-till-arenastaden\\\/\"},\"author\":{\"name\":\"solna2\",\"@id\":\"https:\\\/\\\/wp.kristdemokraterna.se\\\/solna\\\/#\\\/schema\\\/person\\\/712d13bb8cb0816b1c5064a9033a35f2\"},\"headline\":\"Vi bygger ut t-banan till Arenastaden\",\"datePublished\":\"2013-11-11T14:14:53+00:00\",\"dateModified\":\"2018-01-10T14:15:22+00:00\",\"mainEntityOfPage\":{\"@id\":\"https:\\\/\\\/wp.kristdemokraterna.se\\\/solna\\\/vi-bygger-ut-t-banan-till-arenastaden\\\/\"},\"wordCount\":381,\"keywords\":[\"Gula linjen\",\"Infrastruktur\",\"Tunnelbana\"],\"articleSection\":[\"Aktuellt\"],\"inLanguage\":\"sv-SE\"},{\"@type\":\"WebPage\",\"@id\":\"https:\\\/\\\/wp.kristdemokraterna.se\\\/solna\\\/vi-bygger-ut-t-banan-till-arenastaden\\\/\",\"url\":\"https:\\\/\\\/wp.kristdemokraterna.se\\\/solna\\\/vi-bygger-ut-t-banan-till-arenastaden\\\/\",\"name\":\"Vi bygger ut t-banan till Arenastaden - Kristdemokraterna i Solna\",\"isPartOf\":{\"@id\":\"https:\\\/\\\/wp.kristdemokraterna.se\\\/solna\\\/#website\"},\"datePublished\":\"2013-11-11T14:14:53+00:00\",\"dateModified\":\"2018-01-10T14:15:22+00:00\",\"author\":{\"@id\":\"https:\\\/\\\/wp.kristdemokraterna.se\\\/solna\\\/#\\\/schema\\\/person\\\/712d13bb8cb0816b1c5064a9033a35f2\"},\"breadcrumb\":{\"@id\":\"https:\\\/\\\/wp.kristdemokraterna.se\\\/solna\\\/vi-bygger-ut-t-banan-till-arenastaden\\\/#breadcrumb\"},\"inLanguage\":\"sv-SE\",\"potentialAction\":[{\"@type\":\"ReadAction\",\"target\":[\"https:\\\/\\\/wp.kristdemokraterna.se\\\/solna\\\/vi-bygger-ut-t-banan-till-arenastaden\\\/\"]}]},{\"@type\":\"BreadcrumbList\",\"@id\":\"https:\\\/\\\/wp.kristdemokraterna.se\\\/solna\\\/vi-bygger-ut-t-banan-till-arenastaden\\\/#breadcrumb\",\"itemListElement\":[{\"@type\":\"ListItem\",\"position\":1,\"name\":\"Hem\",\"item\":\"https:\\\/\\\/wp.kristdemokraterna.se\\\/solna\\\/\"},{\"@type\":\"ListItem\",\"position\":2,\"name\":\"Vi bygger ut t-banan till Arenastaden\"}]},{\"@type\":\"WebSite\",\"@id\":\"https:\\\/\\\/wp.kristdemokraterna.se\\\/solna\\\/#website\",\"url\":\"https:\\\/\\\/wp.kristdemokraterna.se\\\/solna\\\/\",\"name\":\"Kristdemokraterna i Solna\",\"description\":\"Med \ud83d\udc99 f\u00f6r Solna\",\"inLanguage\":\"sv-SE\"},{\"@type\":\"Person\",\"@id\":\"https:\\\/\\\/wp.kristdemokraterna.se\\\/solna\\\/#\\\/schema\\\/person\\\/712d13bb8cb0816b1c5064a9033a35f2\",\"name\":\"solna2\",\"image\":{\"@type\":\"ImageObject\",\"inLanguage\":\"sv-SE\",\"@id\":\"https:\\\/\\\/secure.gravatar.com\\\/avatar\\\/c47156d8f469e439727cc363e6968b2f5ab12cd38563467e0076a31756980b3c?s=96&d=mm&r=g\",\"url\":\"https:\\\/\\\/secure.gravatar.com\\\/avatar\\\/c47156d8f469e439727cc363e6968b2f5ab12cd38563467e0076a31756980b3c?s=96&d=mm&r=g\",\"contentUrl\":\"https:\\\/\\\/secure.gravatar.com\\\/avatar\\\/c47156d8f469e439727cc363e6968b2f5ab12cd38563467e0076a31756980b3c?s=96&d=mm&r=g\",\"caption\":\"solna2\"},\"url\":\"https:\\\/\\\/wp.kristdemokraterna.se\\\/solna\\\/author\\\/solna2\\\/\"}]}<\/script>\n<!-- \/ Yoast SEO plugin. -->","yoast_head_json":{"title":"Vi bygger ut t-banan till Arenastaden - Kristdemokraterna i Solna","robots":{"index":"index","follow":"follow","max-snippet":"max-snippet:-1","max-image-preview":"max-image-preview:large","max-video-preview":"max-video-preview:-1"},"canonical":"https:\/\/wp.kristdemokraterna.se\/solna\/vi-bygger-ut-t-banan-till-arenastaden\/","og_locale":"sv_SE","og_type":"article","og_title":"Vi bygger ut t-banan till Arenastaden - Kristdemokraterna i Solna","og_description":"Kristdemokraterna i Solna v\u00e4lkomnar startskottet f\u00f6r den st\u00f6rsta utbyggnaden av Stockholms tunnelbana sedan 1970-talet. Vi har l\u00e4nge drivit fr\u00e5gan om en utbyggnad av tunnelbana fr\u00e5n Odenplan via Hagastaden till Arenastaden och \u00e4r fantastiskt stolta och glada \u00f6ver att den nu blir verklighet.\u00a0 Idag presenterades ett samlat tunnelbanepaket av regeringens f\u00f6rhandlingsm\u00e4n, Stockholms l\u00e4ns landsting och de Read More","og_url":"https:\/\/wp.kristdemokraterna.se\/solna\/vi-bygger-ut-t-banan-till-arenastaden\/","og_site_name":"Kristdemokraterna i Solna","article_published_time":"2013-11-11T14:14:53+00:00","article_modified_time":"2018-01-10T14:15:22+00:00","author":"solna2","twitter_card":"summary_large_image","twitter_misc":{"Skriven av":"solna2","Ber\u00e4knad l\u00e4stid":"2 minuter"},"schema":{"@context":"https:\/\/schema.org","@graph":[{"@type":"Article","@id":"https:\/\/wp.kristdemokraterna.se\/solna\/vi-bygger-ut-t-banan-till-arenastaden\/#article","isPartOf":{"@id":"https:\/\/wp.kristdemokraterna.se\/solna\/vi-bygger-ut-t-banan-till-arenastaden\/"},"author":{"name":"solna2","@id":"https:\/\/wp.kristdemokraterna.se\/solna\/#\/schema\/person\/712d13bb8cb0816b1c5064a9033a35f2"},"headline":"Vi bygger ut t-banan till Arenastaden","datePublished":"2013-11-11T14:14:53+00:00","dateModified":"2018-01-10T14:15:22+00:00","mainEntityOfPage":{"@id":"https:\/\/wp.kristdemokraterna.se\/solna\/vi-bygger-ut-t-banan-till-arenastaden\/"},"wordCount":381,"keywords":["Gula linjen","Infrastruktur","Tunnelbana"],"articleSection":["Aktuellt"],"inLanguage":"sv-SE"},{"@type":"WebPage","@id":"https:\/\/wp.kristdemokraterna.se\/solna\/vi-bygger-ut-t-banan-till-arenastaden\/","url":"https:\/\/wp.kristdemokraterna.se\/solna\/vi-bygger-ut-t-banan-till-arenastaden\/","name":"Vi bygger ut t-banan till Arenastaden - Kristdemokraterna i Solna","isPartOf":{"@id":"https:\/\/wp.kristdemokraterna.se\/solna\/#website"},"datePublished":"2013-11-11T14:14:53+00:00","dateModified":"2018-01-10T14:15:22+00:00","author":{"@id":"https:\/\/wp.kristdemokraterna.se\/solna\/#\/schema\/person\/712d13bb8cb0816b1c5064a9033a35f2"},"breadcrumb":{"@id":"https:\/\/wp.kristdemokraterna.se\/solna\/vi-bygger-ut-t-banan-till-arenastaden\/#breadcrumb"},"inLanguage":"sv-SE","potentialAction":[{"@type":"ReadAction","target":["https:\/\/wp.kristdemokraterna.se\/solna\/vi-bygger-ut-t-banan-till-arenastaden\/"]}]},{"@type":"BreadcrumbList","@id":"https:\/\/wp.kristdemokraterna.se\/solna\/vi-bygger-ut-t-banan-till-arenastaden\/#breadcrumb","itemListElement":[{"@type":"ListItem","position":1,"name":"Hem","item":"https:\/\/wp.kristdemokraterna.se\/solna\/"},{"@type":"ListItem","position":2,"name":"Vi bygger ut t-banan till Arenastaden"}]},{"@type":"WebSite","@id":"https:\/\/wp.kristdemokraterna.se\/solna\/#website","url":"https:\/\/wp.kristdemokraterna.se\/solna\/","name":"Kristdemokraterna i Solna","description":"Med \ud83d\udc99 f\u00f6r Solna","inLanguage":"sv-SE"},{"@type":"Person","@id":"https:\/\/wp.kristdemokraterna.se\/solna\/#\/schema\/person\/712d13bb8cb0816b1c5064a9033a35f2","name":"solna2","image":{"@type":"ImageObject","inLanguage":"sv-SE","@id":"https:\/\/secure.gravatar.com\/avatar\/c47156d8f469e439727cc363e6968b2f5ab12cd38563467e0076a31756980b3c?s=96&d=mm&r=g","url":"https:\/\/secure.gravatar.com\/avatar\/c47156d8f469e439727cc363e6968b2f5ab12cd38563467e0076a31756980b3c?s=96&d=mm&r=g","contentUrl":"https:\/\/secure.gravatar.com\/avatar\/c47156d8f469e439727cc363e6968b2f5ab12cd38563467e0076a31756980b3c?s=96&d=mm&r=g","caption":"solna2"},"url":"https:\/\/wp.kristdemokraterna.se\/solna\/author\/solna2\/"}]}},"_links":{"self":[{"href":"https:\/\/wp.kristdemokraterna.se\/solna\/wp-json\/wp\/v2\/posts\/867","targetHints":{"allow":["GET"]}}],"collection":[{"href":"https:\/\/wp.kristdemokraterna.se\/solna\/wp-json\/wp\/v2\/posts"}],"about":[{"href":"https:\/\/wp.kristdemokraterna.se\/solna\/wp-json\/wp\/v2\/types\/post"}],"author":[{"embeddable":true,"href":"https:\/\/wp.kristdemokraterna.se\/solna\/wp-json\/wp\/v2\/users\/769"}],"replies":[{"embeddable":true,"href":"https:\/\/wp.kristdemokraterna.se\/solna\/wp-json\/wp\/v2\/comments?post=867"}],"version-history":[{"count":1,"href":"https:\/\/wp.kristdemokraterna.se\/solna\/wp-json\/wp\/v2\/posts\/867\/revisions"}],"predecessor-version":[{"id":868,"href":"https:\/\/wp.kristdemokraterna.se\/solna\/wp-json\/wp\/v2\/posts\/867\/revisions\/868"}],"wp:attachment":[{"href":"https:\/\/wp.kristdemokraterna.se\/solna\/wp-json\/wp\/v2\/media?parent=867"}],"wp:term":[{"taxonomy":"category","embeddable":true,"href":"https:\/\/wp.kristdemokraterna.se\/solna\/wp-json\/wp\/v2\/categories?post=867"},{"taxonomy":"post_tag","embeddable":true,"href":"https:\/\/wp.kristdemokraterna.se\/solna\/wp-json\/wp\/v2\/tags?post=867"}],"curies":[{"name":"wp","href":"https:\/\/api.w.org\/{rel}","templated":true}]}}