{"id":869,"date":"2013-11-11T15:16:24","date_gmt":"2013-11-11T14:16:24","guid":{"rendered":"http:\/\/wp.kristdemokraterna.se\/solna2\/?p=869"},"modified":"2018-01-10T15:16:46","modified_gmt":"2018-01-10T14:16:46","slug":"malin-appelgren-kd-lamnar-kommunpolitiken-i-solna","status":"publish","type":"post","link":"https:\/\/wp.kristdemokraterna.se\/solna\/malin-appelgren-kd-lamnar-kommunpolitiken-i-solna\/","title":{"rendered":"Malin Appelgren (KD) l\u00e4mnar kommunpolitiken i Solna"},"content":{"rendered":"<p><strong>Kristdemokraternas kommunalr\u00e5d i Solna, Malin Appelgren, l\u00e4mnar under v\u00e5ren kommunpolitiken f\u00f6r uppdrag inom n\u00e4ringslivet \u2013 blir vice vd f\u00f6r Silver Life.<\/strong><\/p>\n<p><!--more--><\/p>\n<p>Kristdemokraternas kommunalr\u00e5d i Solna, Malin Appelgren, har meddelat att hon under v\u00e5ren l\u00e4mnar kommunpolitiken f\u00f6r uppdrag inom n\u00e4ringslivet och att hon ej st\u00e4ller upp f\u00f6r omval till sin nuvarande position.<\/p>\n<p>Malin Appelgren har varit kommunalr\u00e5d i Solna sedan 2008, haft s\u00e4rskilt ansvar f\u00f6r \u00e4ldreomsorgen och profilerat sig genom sitt arbete f\u00f6r \u00f6kad valfrihet med tydlig styrning mot kvalitet. Fr\u00e5n och med den 1 april blir hon vice vd f\u00f6r Magnorakoncernens Silver Life, men m\u00e5let \u00e4r fortsatt att forma framtidens boende f\u00f6r \u00e4ldre<em>.<\/em><\/p>\n<p>\u2013 Jag har l\u00e4nge arbetat f\u00f6r kvalitativ \u00e4ldreomsorg d\u00e4r m\u00e4nniskors individuella behov och \u00f6nskem\u00e5l kan tillgodoses, det k\u00e4nns kul att nu f\u00e5 g\u00f6ra det utifr\u00e5n en ny plattform, s\u00e4ger Malin Appelgren.<\/p>\n<p>\u2013 Vi i KD Solnas lokalavdelning \u00f6nskar Malin ett varmt lycka till i hennes nya tj\u00e4nst som vice vd p\u00e5 f\u00f6retaget Silver Life och tackar f\u00f6r alla de \u00e5r hon arbetat h\u00e5rt och entr\u00e4get f\u00f6r att s\u00e4tta Solna och Kristdemokraterna p\u00e5 kartan, s\u00e4ger Madeleine Lidman, ordf\u00f6rande f\u00f6r Kristdemokraterna i Solna.<\/p>\n<p>\u2013 Malin har med sitt starka engagemang och brinnande intresse f\u00f6r \u00e4ldreomsorg, varit med och drivit igenom flera av Kristdemokraternas hj\u00e4rtefr\u00e5gor, s\u00e5 som valfrihet inom \u00e4ldreomsorgen och profilboenden f\u00f6r de \u00e4ldre i Solna, forts\u00e4tter hon.<\/p>\n<p>\u2013 Malin \u00e4r en stark, kvinnlig ledargestalt och har under sin tid som gruppledare f\u00f6r Kristdemokraterna i Solna varit med och skapat en levande, livfull och mycket aktiv lokalavdelning. Hon kommer att vara saknad, men har l\u00e4mnat en bra bas att st\u00e5 p\u00e5 f\u00f6r den som kommer att ta \u00f6ver, avslutar, Madeleine Lidman.<\/p>\n<p><strong>F\u00f6r mer information:<\/strong><\/p>\n<p>Madeleine Lidman, Ordf\u00f6rande KD Solna<\/p>\n<p>Malin Appelgren (KD), Kommunalr\u00e5d i Solna stad<\/p>\n","protected":false},"excerpt":{"rendered":"<p>Kristdemokraternas kommunalr\u00e5d i Solna, Malin Appelgren, l\u00e4mnar under v\u00e5ren kommunpolitiken f\u00f6r uppdrag inom n\u00e4ringslivet \u2013 blir vice vd f\u00f6r Silver Life.<\/p>\n","protected":false},"author":769,"featured_media":0,"comment_status":"closed","ping_status":"closed","sticky":false,"template":"","format":"standard","meta":{"_acf_changed":false,"footnotes":""},"categories":[4],"tags":[],"class_list":["post-869","post","type-post","status-publish","format-standard","hentry","category-aktuellt"],"acf":[],"yoast_head":"<!-- This site is optimized with the Yoast SEO plugin v27.4 - https:\/\/yoast.com\/product\/yoast-seo-wordpress\/ -->\n<title>Malin Appelgren (KD) l\u00e4mnar kommunpolitiken i Solna - Kristdemokraterna i Solna<\/title>\n<meta name=\"robots\" content=\"index, follow, max-snippet:-1, max-image-preview:large, max-video-preview:-1\" \/>\n<link rel=\"canonical\" href=\"https:\/\/wp.kristdemokraterna.se\/solna\/malin-appelgren-kd-lamnar-kommunpolitiken-i-solna\/\" \/>\n<meta property=\"og:locale\" content=\"sv_SE\" \/>\n<meta property=\"og:type\" content=\"article\" \/>\n<meta property=\"og:title\" content=\"Malin Appelgren (KD) l\u00e4mnar kommunpolitiken i Solna - Kristdemokraterna i Solna\" \/>\n<meta property=\"og:description\" content=\"Kristdemokraternas kommunalr\u00e5d i Solna, Malin Appelgren, l\u00e4mnar under v\u00e5ren kommunpolitiken f\u00f6r uppdrag inom n\u00e4ringslivet \u2013 blir vice vd f\u00f6r Silver Life.\" \/>\n<meta property=\"og:url\" content=\"https:\/\/wp.kristdemokraterna.se\/solna\/malin-appelgren-kd-lamnar-kommunpolitiken-i-solna\/\" \/>\n<meta property=\"og:site_name\" content=\"Kristdemokraterna i Solna\" \/>\n<meta property=\"article:published_time\" content=\"2013-11-11T14:16:24+00:00\" \/>\n<meta property=\"article:modified_time\" content=\"2018-01-10T14:16:46+00:00\" \/>\n<meta name=\"author\" content=\"solna2\" \/>\n<meta name=\"twitter:card\" content=\"summary_large_image\" \/>\n<meta name=\"twitter:label1\" content=\"Skriven av\" \/>\n\t<meta name=\"twitter:data1\" content=\"solna2\" \/>\n\t<meta name=\"twitter:label2\" content=\"Ber\u00e4knad l\u00e4stid\" \/>\n\t<meta name=\"twitter:data2\" content=\"2 minuter\" \/>\n<script type=\"application\/ld+json\" class=\"yoast-schema-graph\">{\"@context\":\"https:\\\/\\\/schema.org\",\"@graph\":[{\"@type\":\"Article\",\"@id\":\"https:\\\/\\\/wp.kristdemokraterna.se\\\/solna\\\/malin-appelgren-kd-lamnar-kommunpolitiken-i-solna\\\/#article\",\"isPartOf\":{\"@id\":\"https:\\\/\\\/wp.kristdemokraterna.se\\\/solna\\\/malin-appelgren-kd-lamnar-kommunpolitiken-i-solna\\\/\"},\"author\":{\"name\":\"solna2\",\"@id\":\"https:\\\/\\\/wp.kristdemokraterna.se\\\/solna\\\/#\\\/schema\\\/person\\\/712d13bb8cb0816b1c5064a9033a35f2\"},\"headline\":\"Malin Appelgren (KD) l\u00e4mnar kommunpolitiken i Solna\",\"datePublished\":\"2013-11-11T14:16:24+00:00\",\"dateModified\":\"2018-01-10T14:16:46+00:00\",\"mainEntityOfPage\":{\"@id\":\"https:\\\/\\\/wp.kristdemokraterna.se\\\/solna\\\/malin-appelgren-kd-lamnar-kommunpolitiken-i-solna\\\/\"},\"wordCount\":339,\"articleSection\":[\"Aktuellt\"],\"inLanguage\":\"sv-SE\"},{\"@type\":\"WebPage\",\"@id\":\"https:\\\/\\\/wp.kristdemokraterna.se\\\/solna\\\/malin-appelgren-kd-lamnar-kommunpolitiken-i-solna\\\/\",\"url\":\"https:\\\/\\\/wp.kristdemokraterna.se\\\/solna\\\/malin-appelgren-kd-lamnar-kommunpolitiken-i-solna\\\/\",\"name\":\"Malin Appelgren (KD) l\u00e4mnar kommunpolitiken i Solna - Kristdemokraterna i Solna\",\"isPartOf\":{\"@id\":\"https:\\\/\\\/wp.kristdemokraterna.se\\\/solna\\\/#website\"},\"datePublished\":\"2013-11-11T14:16:24+00:00\",\"dateModified\":\"2018-01-10T14:16:46+00:00\",\"author\":{\"@id\":\"https:\\\/\\\/wp.kristdemokraterna.se\\\/solna\\\/#\\\/schema\\\/person\\\/712d13bb8cb0816b1c5064a9033a35f2\"},\"breadcrumb\":{\"@id\":\"https:\\\/\\\/wp.kristdemokraterna.se\\\/solna\\\/malin-appelgren-kd-lamnar-kommunpolitiken-i-solna\\\/#breadcrumb\"},\"inLanguage\":\"sv-SE\",\"potentialAction\":[{\"@type\":\"ReadAction\",\"target\":[\"https:\\\/\\\/wp.kristdemokraterna.se\\\/solna\\\/malin-appelgren-kd-lamnar-kommunpolitiken-i-solna\\\/\"]}]},{\"@type\":\"BreadcrumbList\",\"@id\":\"https:\\\/\\\/wp.kristdemokraterna.se\\\/solna\\\/malin-appelgren-kd-lamnar-kommunpolitiken-i-solna\\\/#breadcrumb\",\"itemListElement\":[{\"@type\":\"ListItem\",\"position\":1,\"name\":\"Hem\",\"item\":\"https:\\\/\\\/wp.kristdemokraterna.se\\\/solna\\\/\"},{\"@type\":\"ListItem\",\"position\":2,\"name\":\"Malin Appelgren (KD) l\u00e4mnar kommunpolitiken i Solna\"}]},{\"@type\":\"WebSite\",\"@id\":\"https:\\\/\\\/wp.kristdemokraterna.se\\\/solna\\\/#website\",\"url\":\"https:\\\/\\\/wp.kristdemokraterna.se\\\/solna\\\/\",\"name\":\"Kristdemokraterna i Solna\",\"description\":\"Med \ud83d\udc99 f\u00f6r Solna\",\"inLanguage\":\"sv-SE\"},{\"@type\":\"Person\",\"@id\":\"https:\\\/\\\/wp.kristdemokraterna.se\\\/solna\\\/#\\\/schema\\\/person\\\/712d13bb8cb0816b1c5064a9033a35f2\",\"name\":\"solna2\",\"image\":{\"@type\":\"ImageObject\",\"inLanguage\":\"sv-SE\",\"@id\":\"https:\\\/\\\/secure.gravatar.com\\\/avatar\\\/c47156d8f469e439727cc363e6968b2f5ab12cd38563467e0076a31756980b3c?s=96&d=mm&r=g\",\"url\":\"https:\\\/\\\/secure.gravatar.com\\\/avatar\\\/c47156d8f469e439727cc363e6968b2f5ab12cd38563467e0076a31756980b3c?s=96&d=mm&r=g\",\"contentUrl\":\"https:\\\/\\\/secure.gravatar.com\\\/avatar\\\/c47156d8f469e439727cc363e6968b2f5ab12cd38563467e0076a31756980b3c?s=96&d=mm&r=g\",\"caption\":\"solna2\"},\"url\":\"https:\\\/\\\/wp.kristdemokraterna.se\\\/solna\\\/author\\\/solna2\\\/\"}]}<\/script>\n<!-- \/ Yoast SEO plugin. -->","yoast_head_json":{"title":"Malin Appelgren (KD) l\u00e4mnar kommunpolitiken i Solna - Kristdemokraterna i Solna","robots":{"index":"index","follow":"follow","max-snippet":"max-snippet:-1","max-image-preview":"max-image-preview:large","max-video-preview":"max-video-preview:-1"},"canonical":"https:\/\/wp.kristdemokraterna.se\/solna\/malin-appelgren-kd-lamnar-kommunpolitiken-i-solna\/","og_locale":"sv_SE","og_type":"article","og_title":"Malin Appelgren (KD) l\u00e4mnar kommunpolitiken i Solna - Kristdemokraterna i Solna","og_description":"Kristdemokraternas kommunalr\u00e5d i Solna, Malin Appelgren, l\u00e4mnar under v\u00e5ren kommunpolitiken f\u00f6r uppdrag inom n\u00e4ringslivet \u2013 blir vice vd f\u00f6r Silver Life.","og_url":"https:\/\/wp.kristdemokraterna.se\/solna\/malin-appelgren-kd-lamnar-kommunpolitiken-i-solna\/","og_site_name":"Kristdemokraterna i Solna","article_published_time":"2013-11-11T14:16:24+00:00","article_modified_time":"2018-01-10T14:16:46+00:00","author":"solna2","twitter_card":"summary_large_image","twitter_misc":{"Skriven av":"solna2","Ber\u00e4knad l\u00e4stid":"2 minuter"},"schema":{"@context":"https:\/\/schema.org","@graph":[{"@type":"Article","@id":"https:\/\/wp.kristdemokraterna.se\/solna\/malin-appelgren-kd-lamnar-kommunpolitiken-i-solna\/#article","isPartOf":{"@id":"https:\/\/wp.kristdemokraterna.se\/solna\/malin-appelgren-kd-lamnar-kommunpolitiken-i-solna\/"},"author":{"name":"solna2","@id":"https:\/\/wp.kristdemokraterna.se\/solna\/#\/schema\/person\/712d13bb8cb0816b1c5064a9033a35f2"},"headline":"Malin Appelgren (KD) l\u00e4mnar kommunpolitiken i Solna","datePublished":"2013-11-11T14:16:24+00:00","dateModified":"2018-01-10T14:16:46+00:00","mainEntityOfPage":{"@id":"https:\/\/wp.kristdemokraterna.se\/solna\/malin-appelgren-kd-lamnar-kommunpolitiken-i-solna\/"},"wordCount":339,"articleSection":["Aktuellt"],"inLanguage":"sv-SE"},{"@type":"WebPage","@id":"https:\/\/wp.kristdemokraterna.se\/solna\/malin-appelgren-kd-lamnar-kommunpolitiken-i-solna\/","url":"https:\/\/wp.kristdemokraterna.se\/solna\/malin-appelgren-kd-lamnar-kommunpolitiken-i-solna\/","name":"Malin Appelgren (KD) l\u00e4mnar kommunpolitiken i Solna - Kristdemokraterna i Solna","isPartOf":{"@id":"https:\/\/wp.kristdemokraterna.se\/solna\/#website"},"datePublished":"2013-11-11T14:16:24+00:00","dateModified":"2018-01-10T14:16:46+00:00","author":{"@id":"https:\/\/wp.kristdemokraterna.se\/solna\/#\/schema\/person\/712d13bb8cb0816b1c5064a9033a35f2"},"breadcrumb":{"@id":"https:\/\/wp.kristdemokraterna.se\/solna\/malin-appelgren-kd-lamnar-kommunpolitiken-i-solna\/#breadcrumb"},"inLanguage":"sv-SE","potentialAction":[{"@type":"ReadAction","target":["https:\/\/wp.kristdemokraterna.se\/solna\/malin-appelgren-kd-lamnar-kommunpolitiken-i-solna\/"]}]},{"@type":"BreadcrumbList","@id":"https:\/\/wp.kristdemokraterna.se\/solna\/malin-appelgren-kd-lamnar-kommunpolitiken-i-solna\/#breadcrumb","itemListElement":[{"@type":"ListItem","position":1,"name":"Hem","item":"https:\/\/wp.kristdemokraterna.se\/solna\/"},{"@type":"ListItem","position":2,"name":"Malin Appelgren (KD) l\u00e4mnar kommunpolitiken i Solna"}]},{"@type":"WebSite","@id":"https:\/\/wp.kristdemokraterna.se\/solna\/#website","url":"https:\/\/wp.kristdemokraterna.se\/solna\/","name":"Kristdemokraterna i Solna","description":"Med \ud83d\udc99 f\u00f6r Solna","inLanguage":"sv-SE"},{"@type":"Person","@id":"https:\/\/wp.kristdemokraterna.se\/solna\/#\/schema\/person\/712d13bb8cb0816b1c5064a9033a35f2","name":"solna2","image":{"@type":"ImageObject","inLanguage":"sv-SE","@id":"https:\/\/secure.gravatar.com\/avatar\/c47156d8f469e439727cc363e6968b2f5ab12cd38563467e0076a31756980b3c?s=96&d=mm&r=g","url":"https:\/\/secure.gravatar.com\/avatar\/c47156d8f469e439727cc363e6968b2f5ab12cd38563467e0076a31756980b3c?s=96&d=mm&r=g","contentUrl":"https:\/\/secure.gravatar.com\/avatar\/c47156d8f469e439727cc363e6968b2f5ab12cd38563467e0076a31756980b3c?s=96&d=mm&r=g","caption":"solna2"},"url":"https:\/\/wp.kristdemokraterna.se\/solna\/author\/solna2\/"}]}},"_links":{"self":[{"href":"https:\/\/wp.kristdemokraterna.se\/solna\/wp-json\/wp\/v2\/posts\/869","targetHints":{"allow":["GET"]}}],"collection":[{"href":"https:\/\/wp.kristdemokraterna.se\/solna\/wp-json\/wp\/v2\/posts"}],"about":[{"href":"https:\/\/wp.kristdemokraterna.se\/solna\/wp-json\/wp\/v2\/types\/post"}],"author":[{"embeddable":true,"href":"https:\/\/wp.kristdemokraterna.se\/solna\/wp-json\/wp\/v2\/users\/769"}],"replies":[{"embeddable":true,"href":"https:\/\/wp.kristdemokraterna.se\/solna\/wp-json\/wp\/v2\/comments?post=869"}],"version-history":[{"count":1,"href":"https:\/\/wp.kristdemokraterna.se\/solna\/wp-json\/wp\/v2\/posts\/869\/revisions"}],"predecessor-version":[{"id":870,"href":"https:\/\/wp.kristdemokraterna.se\/solna\/wp-json\/wp\/v2\/posts\/869\/revisions\/870"}],"wp:attachment":[{"href":"https:\/\/wp.kristdemokraterna.se\/solna\/wp-json\/wp\/v2\/media?parent=869"}],"wp:term":[{"taxonomy":"category","embeddable":true,"href":"https:\/\/wp.kristdemokraterna.se\/solna\/wp-json\/wp\/v2\/categories?post=869"},{"taxonomy":"post_tag","embeddable":true,"href":"https:\/\/wp.kristdemokraterna.se\/solna\/wp-json\/wp\/v2\/tags?post=869"}],"curies":[{"name":"wp","href":"https:\/\/api.w.org\/{rel}","templated":true}]}}