{"id":871,"date":"2013-11-05T15:16:55","date_gmt":"2013-11-05T14:16:55","guid":{"rendered":"http:\/\/wp.kristdemokraterna.se\/solna2\/?p=871"},"modified":"2018-01-10T15:17:24","modified_gmt":"2018-01-10T14:17:24","slug":"hemloshetssamordnaren-besoker-solna","status":"publish","type":"post","link":"https:\/\/wp.kristdemokraterna.se\/solna\/hemloshetssamordnaren-besoker-solna\/","title":{"rendered":"Heml\u00f6shetssamordnaren bes\u00f6ker Solna"},"content":{"rendered":"<p><strong>Sveriges nationella heml\u00f6shetssamordnare,\u00a0 Michael Anefur (KD), bes\u00f6ker idag Solna f\u00f6r en presskonferens om sitt eget och Solnas arbete mot heml\u00f6shet.<br \/>\n<\/strong><\/p>\n<p>Sveriges nationella heml\u00f6shetssamordnare,\u00a0 Michael Anefur (KD), bes\u00f6ker idag Solna f\u00f6r en presskonferens kl 15.15. Vi i Solna kommer att presentera v\u00e5rt arbete mot heml\u00f6shet och utest\u00e4ngning fr\u00e5n bostadsmarknad och Anefur kommer att ber\u00e4tta om sina erfarenheter av kommunbes\u00f6k, om goda exempel p\u00e5 metoder och arbetss\u00e4tt liksom de utmaningar som m\u00e5nga kommuner st\u00e5r inf\u00f6r.<\/p>\n<p>Sveriges regering beslutade i december 2011 att tills\u00e4tta kristdemokraten Michael Anefur som heml\u00f6shetssamordnare. Genom dialog ger han kommunerna st\u00f6d att skapa en l\u00e5ngsiktigt h\u00e5llbar struktur och\u00a0 rutiner f\u00f6r att motverka heml\u00f6shet.<\/p>\n<div>\n<div>\n<article>\u2013 Under det senaste \u00e5ret har jag bes\u00f6kt 45 kommuner runtom i landet. Det har varit mycket givande och l\u00e4rorika resor, d\u00e4r varje kommun har redovisat hur just deras arbete f\u00f6r att motverka heml\u00f6shet och utest\u00e4ngning fr\u00e5n bostadsmarknaden fungerar. Efter varje bes\u00f6k har vi gemensamt kommit fram till vad som skulle kunna f\u00f6r\u00e4ndras och f\u00f6rb\u00e4ttras \u2013 och nu, ett \u00e5r senare, kommer jag tillbaka f\u00f6r att se hur arbetet har fortskridit, s\u00e4ger heml\u00f6shetssamordnaren Michael Anefur.<\/article>\n<\/div>\n<\/div>\n<p>Medier \u00e4r v\u00e4lkomna att vid dagens presstr\u00e4ff st\u00e4lla fr\u00e5gor till Michael Anefur!<\/p>\n<p><strong>Tid och plats:\u00a0<\/strong>\u00a0Tisdag 5 november kl: 15.15, Solna stadshus, Stadshusg\u00e5ngen 2, Solna.<\/p>\n<p>L\u00e4nk till webbplatsen:\u00a0<a href=\"http:\/\/www.regeringen.se\/hemloshet\" target=\"_blank\" rel=\"nofollow noopener\">www.regeringen.se\/hemloshet\u00a0<\/a>L\u00e4nk till bloggen Heml\u00f6shet i fokus:\u00a0<a href=\"http:\/\/www.hemloshetifokus.se\/\" target=\"_blank\" rel=\"nofollow noopener\">www.hemloshetifoku<\/a><\/p>\n","protected":false},"excerpt":{"rendered":"<p>Sveriges nationella heml\u00f6shetssamordnare,\u00a0 Michael Anefur (KD), bes\u00f6ker idag Solna f\u00f6r en presskonferens om sitt eget och Solnas arbete mot heml\u00f6shet. Sveriges nationella heml\u00f6shetssamordnare,\u00a0 Michael Anefur (KD), bes\u00f6ker idag Solna f\u00f6r en presskonferens kl 15.15. Vi i Solna kommer att presentera v\u00e5rt arbete mot heml\u00f6shet och utest\u00e4ngning fr\u00e5n bostadsmarknad och Anefur kommer att ber\u00e4tta om sina <a class=\"read-more-link\" href=\"https:\/\/wp.kristdemokraterna.se\/solna\/hemloshetssamordnaren-besoker-solna\/\">Read More<\/a><\/p>\n","protected":false},"author":769,"featured_media":0,"comment_status":"closed","ping_status":"closed","sticky":false,"template":"","format":"standard","meta":{"_acf_changed":false,"footnotes":""},"categories":[4],"tags":[],"class_list":["post-871","post","type-post","status-publish","format-standard","hentry","category-aktuellt"],"acf":[],"yoast_head":"<!-- This site is optimized with the Yoast SEO plugin v27.4 - https:\/\/yoast.com\/product\/yoast-seo-wordpress\/ -->\n<title>Heml\u00f6shetssamordnaren bes\u00f6ker Solna - Kristdemokraterna i Solna<\/title>\n<meta name=\"robots\" content=\"index, follow, max-snippet:-1, max-image-preview:large, max-video-preview:-1\" \/>\n<link rel=\"canonical\" href=\"https:\/\/wp.kristdemokraterna.se\/solna\/hemloshetssamordnaren-besoker-solna\/\" \/>\n<meta property=\"og:locale\" content=\"sv_SE\" \/>\n<meta property=\"og:type\" content=\"article\" \/>\n<meta property=\"og:title\" content=\"Heml\u00f6shetssamordnaren bes\u00f6ker Solna - Kristdemokraterna i Solna\" \/>\n<meta property=\"og:description\" content=\"Sveriges nationella heml\u00f6shetssamordnare,\u00a0 Michael Anefur (KD), bes\u00f6ker idag Solna f\u00f6r en presskonferens om sitt eget och Solnas arbete mot heml\u00f6shet. Sveriges nationella heml\u00f6shetssamordnare,\u00a0 Michael Anefur (KD), bes\u00f6ker idag Solna f\u00f6r en presskonferens kl 15.15. Vi i Solna kommer att presentera v\u00e5rt arbete mot heml\u00f6shet och utest\u00e4ngning fr\u00e5n bostadsmarknad och Anefur kommer att ber\u00e4tta om sina Read More\" \/>\n<meta property=\"og:url\" content=\"https:\/\/wp.kristdemokraterna.se\/solna\/hemloshetssamordnaren-besoker-solna\/\" \/>\n<meta property=\"og:site_name\" content=\"Kristdemokraterna i Solna\" \/>\n<meta property=\"article:published_time\" content=\"2013-11-05T14:16:55+00:00\" \/>\n<meta property=\"article:modified_time\" content=\"2018-01-10T14:17:24+00:00\" \/>\n<meta name=\"author\" content=\"solna2\" \/>\n<meta name=\"twitter:card\" content=\"summary_large_image\" \/>\n<meta name=\"twitter:label1\" content=\"Skriven av\" \/>\n\t<meta name=\"twitter:data1\" content=\"solna2\" \/>\n\t<meta name=\"twitter:label2\" content=\"Ber\u00e4knad l\u00e4stid\" \/>\n\t<meta name=\"twitter:data2\" content=\"1 minut\" \/>\n<script type=\"application\/ld+json\" class=\"yoast-schema-graph\">{\"@context\":\"https:\\\/\\\/schema.org\",\"@graph\":[{\"@type\":\"Article\",\"@id\":\"https:\\\/\\\/wp.kristdemokraterna.se\\\/solna\\\/hemloshetssamordnaren-besoker-solna\\\/#article\",\"isPartOf\":{\"@id\":\"https:\\\/\\\/wp.kristdemokraterna.se\\\/solna\\\/hemloshetssamordnaren-besoker-solna\\\/\"},\"author\":{\"name\":\"solna2\",\"@id\":\"https:\\\/\\\/wp.kristdemokraterna.se\\\/solna\\\/#\\\/schema\\\/person\\\/712d13bb8cb0816b1c5064a9033a35f2\"},\"headline\":\"Heml\u00f6shetssamordnaren bes\u00f6ker Solna\",\"datePublished\":\"2013-11-05T14:16:55+00:00\",\"dateModified\":\"2018-01-10T14:17:24+00:00\",\"mainEntityOfPage\":{\"@id\":\"https:\\\/\\\/wp.kristdemokraterna.se\\\/solna\\\/hemloshetssamordnaren-besoker-solna\\\/\"},\"wordCount\":263,\"articleSection\":[\"Aktuellt\"],\"inLanguage\":\"sv-SE\"},{\"@type\":\"WebPage\",\"@id\":\"https:\\\/\\\/wp.kristdemokraterna.se\\\/solna\\\/hemloshetssamordnaren-besoker-solna\\\/\",\"url\":\"https:\\\/\\\/wp.kristdemokraterna.se\\\/solna\\\/hemloshetssamordnaren-besoker-solna\\\/\",\"name\":\"Heml\u00f6shetssamordnaren bes\u00f6ker Solna - Kristdemokraterna i Solna\",\"isPartOf\":{\"@id\":\"https:\\\/\\\/wp.kristdemokraterna.se\\\/solna\\\/#website\"},\"datePublished\":\"2013-11-05T14:16:55+00:00\",\"dateModified\":\"2018-01-10T14:17:24+00:00\",\"author\":{\"@id\":\"https:\\\/\\\/wp.kristdemokraterna.se\\\/solna\\\/#\\\/schema\\\/person\\\/712d13bb8cb0816b1c5064a9033a35f2\"},\"breadcrumb\":{\"@id\":\"https:\\\/\\\/wp.kristdemokraterna.se\\\/solna\\\/hemloshetssamordnaren-besoker-solna\\\/#breadcrumb\"},\"inLanguage\":\"sv-SE\",\"potentialAction\":[{\"@type\":\"ReadAction\",\"target\":[\"https:\\\/\\\/wp.kristdemokraterna.se\\\/solna\\\/hemloshetssamordnaren-besoker-solna\\\/\"]}]},{\"@type\":\"BreadcrumbList\",\"@id\":\"https:\\\/\\\/wp.kristdemokraterna.se\\\/solna\\\/hemloshetssamordnaren-besoker-solna\\\/#breadcrumb\",\"itemListElement\":[{\"@type\":\"ListItem\",\"position\":1,\"name\":\"Hem\",\"item\":\"https:\\\/\\\/wp.kristdemokraterna.se\\\/solna\\\/\"},{\"@type\":\"ListItem\",\"position\":2,\"name\":\"Heml\u00f6shetssamordnaren bes\u00f6ker Solna\"}]},{\"@type\":\"WebSite\",\"@id\":\"https:\\\/\\\/wp.kristdemokraterna.se\\\/solna\\\/#website\",\"url\":\"https:\\\/\\\/wp.kristdemokraterna.se\\\/solna\\\/\",\"name\":\"Kristdemokraterna i Solna\",\"description\":\"Med \ud83d\udc99 f\u00f6r Solna\",\"inLanguage\":\"sv-SE\"},{\"@type\":\"Person\",\"@id\":\"https:\\\/\\\/wp.kristdemokraterna.se\\\/solna\\\/#\\\/schema\\\/person\\\/712d13bb8cb0816b1c5064a9033a35f2\",\"name\":\"solna2\",\"image\":{\"@type\":\"ImageObject\",\"inLanguage\":\"sv-SE\",\"@id\":\"https:\\\/\\\/secure.gravatar.com\\\/avatar\\\/c47156d8f469e439727cc363e6968b2f5ab12cd38563467e0076a31756980b3c?s=96&d=mm&r=g\",\"url\":\"https:\\\/\\\/secure.gravatar.com\\\/avatar\\\/c47156d8f469e439727cc363e6968b2f5ab12cd38563467e0076a31756980b3c?s=96&d=mm&r=g\",\"contentUrl\":\"https:\\\/\\\/secure.gravatar.com\\\/avatar\\\/c47156d8f469e439727cc363e6968b2f5ab12cd38563467e0076a31756980b3c?s=96&d=mm&r=g\",\"caption\":\"solna2\"},\"url\":\"https:\\\/\\\/wp.kristdemokraterna.se\\\/solna\\\/author\\\/solna2\\\/\"}]}<\/script>\n<!-- \/ Yoast SEO plugin. -->","yoast_head_json":{"title":"Heml\u00f6shetssamordnaren bes\u00f6ker Solna - Kristdemokraterna i Solna","robots":{"index":"index","follow":"follow","max-snippet":"max-snippet:-1","max-image-preview":"max-image-preview:large","max-video-preview":"max-video-preview:-1"},"canonical":"https:\/\/wp.kristdemokraterna.se\/solna\/hemloshetssamordnaren-besoker-solna\/","og_locale":"sv_SE","og_type":"article","og_title":"Heml\u00f6shetssamordnaren bes\u00f6ker Solna - Kristdemokraterna i Solna","og_description":"Sveriges nationella heml\u00f6shetssamordnare,\u00a0 Michael Anefur (KD), bes\u00f6ker idag Solna f\u00f6r en presskonferens om sitt eget och Solnas arbete mot heml\u00f6shet. Sveriges nationella heml\u00f6shetssamordnare,\u00a0 Michael Anefur (KD), bes\u00f6ker idag Solna f\u00f6r en presskonferens kl 15.15. Vi i Solna kommer att presentera v\u00e5rt arbete mot heml\u00f6shet och utest\u00e4ngning fr\u00e5n bostadsmarknad och Anefur kommer att ber\u00e4tta om sina Read More","og_url":"https:\/\/wp.kristdemokraterna.se\/solna\/hemloshetssamordnaren-besoker-solna\/","og_site_name":"Kristdemokraterna i Solna","article_published_time":"2013-11-05T14:16:55+00:00","article_modified_time":"2018-01-10T14:17:24+00:00","author":"solna2","twitter_card":"summary_large_image","twitter_misc":{"Skriven av":"solna2","Ber\u00e4knad l\u00e4stid":"1 minut"},"schema":{"@context":"https:\/\/schema.org","@graph":[{"@type":"Article","@id":"https:\/\/wp.kristdemokraterna.se\/solna\/hemloshetssamordnaren-besoker-solna\/#article","isPartOf":{"@id":"https:\/\/wp.kristdemokraterna.se\/solna\/hemloshetssamordnaren-besoker-solna\/"},"author":{"name":"solna2","@id":"https:\/\/wp.kristdemokraterna.se\/solna\/#\/schema\/person\/712d13bb8cb0816b1c5064a9033a35f2"},"headline":"Heml\u00f6shetssamordnaren bes\u00f6ker Solna","datePublished":"2013-11-05T14:16:55+00:00","dateModified":"2018-01-10T14:17:24+00:00","mainEntityOfPage":{"@id":"https:\/\/wp.kristdemokraterna.se\/solna\/hemloshetssamordnaren-besoker-solna\/"},"wordCount":263,"articleSection":["Aktuellt"],"inLanguage":"sv-SE"},{"@type":"WebPage","@id":"https:\/\/wp.kristdemokraterna.se\/solna\/hemloshetssamordnaren-besoker-solna\/","url":"https:\/\/wp.kristdemokraterna.se\/solna\/hemloshetssamordnaren-besoker-solna\/","name":"Heml\u00f6shetssamordnaren bes\u00f6ker Solna - Kristdemokraterna i Solna","isPartOf":{"@id":"https:\/\/wp.kristdemokraterna.se\/solna\/#website"},"datePublished":"2013-11-05T14:16:55+00:00","dateModified":"2018-01-10T14:17:24+00:00","author":{"@id":"https:\/\/wp.kristdemokraterna.se\/solna\/#\/schema\/person\/712d13bb8cb0816b1c5064a9033a35f2"},"breadcrumb":{"@id":"https:\/\/wp.kristdemokraterna.se\/solna\/hemloshetssamordnaren-besoker-solna\/#breadcrumb"},"inLanguage":"sv-SE","potentialAction":[{"@type":"ReadAction","target":["https:\/\/wp.kristdemokraterna.se\/solna\/hemloshetssamordnaren-besoker-solna\/"]}]},{"@type":"BreadcrumbList","@id":"https:\/\/wp.kristdemokraterna.se\/solna\/hemloshetssamordnaren-besoker-solna\/#breadcrumb","itemListElement":[{"@type":"ListItem","position":1,"name":"Hem","item":"https:\/\/wp.kristdemokraterna.se\/solna\/"},{"@type":"ListItem","position":2,"name":"Heml\u00f6shetssamordnaren bes\u00f6ker Solna"}]},{"@type":"WebSite","@id":"https:\/\/wp.kristdemokraterna.se\/solna\/#website","url":"https:\/\/wp.kristdemokraterna.se\/solna\/","name":"Kristdemokraterna i Solna","description":"Med \ud83d\udc99 f\u00f6r Solna","inLanguage":"sv-SE"},{"@type":"Person","@id":"https:\/\/wp.kristdemokraterna.se\/solna\/#\/schema\/person\/712d13bb8cb0816b1c5064a9033a35f2","name":"solna2","image":{"@type":"ImageObject","inLanguage":"sv-SE","@id":"https:\/\/secure.gravatar.com\/avatar\/c47156d8f469e439727cc363e6968b2f5ab12cd38563467e0076a31756980b3c?s=96&d=mm&r=g","url":"https:\/\/secure.gravatar.com\/avatar\/c47156d8f469e439727cc363e6968b2f5ab12cd38563467e0076a31756980b3c?s=96&d=mm&r=g","contentUrl":"https:\/\/secure.gravatar.com\/avatar\/c47156d8f469e439727cc363e6968b2f5ab12cd38563467e0076a31756980b3c?s=96&d=mm&r=g","caption":"solna2"},"url":"https:\/\/wp.kristdemokraterna.se\/solna\/author\/solna2\/"}]}},"_links":{"self":[{"href":"https:\/\/wp.kristdemokraterna.se\/solna\/wp-json\/wp\/v2\/posts\/871","targetHints":{"allow":["GET"]}}],"collection":[{"href":"https:\/\/wp.kristdemokraterna.se\/solna\/wp-json\/wp\/v2\/posts"}],"about":[{"href":"https:\/\/wp.kristdemokraterna.se\/solna\/wp-json\/wp\/v2\/types\/post"}],"author":[{"embeddable":true,"href":"https:\/\/wp.kristdemokraterna.se\/solna\/wp-json\/wp\/v2\/users\/769"}],"replies":[{"embeddable":true,"href":"https:\/\/wp.kristdemokraterna.se\/solna\/wp-json\/wp\/v2\/comments?post=871"}],"version-history":[{"count":1,"href":"https:\/\/wp.kristdemokraterna.se\/solna\/wp-json\/wp\/v2\/posts\/871\/revisions"}],"predecessor-version":[{"id":873,"href":"https:\/\/wp.kristdemokraterna.se\/solna\/wp-json\/wp\/v2\/posts\/871\/revisions\/873"}],"wp:attachment":[{"href":"https:\/\/wp.kristdemokraterna.se\/solna\/wp-json\/wp\/v2\/media?parent=871"}],"wp:term":[{"taxonomy":"category","embeddable":true,"href":"https:\/\/wp.kristdemokraterna.se\/solna\/wp-json\/wp\/v2\/categories?post=871"},{"taxonomy":"post_tag","embeddable":true,"href":"https:\/\/wp.kristdemokraterna.se\/solna\/wp-json\/wp\/v2\/tags?post=871"}],"curies":[{"name":"wp","href":"https:\/\/api.w.org\/{rel}","templated":true}]}}