{"id":874,"date":"2013-10-30T15:17:31","date_gmt":"2013-10-30T14:17:31","guid":{"rendered":"http:\/\/wp.kristdemokraterna.se\/solna2\/?p=874"},"modified":"2018-01-10T15:18:00","modified_gmt":"2018-01-10T14:18:00","slug":"kristdemokratiska-segrar-i-solnas-budget-for-2014","status":"publish","type":"post","link":"https:\/\/wp.kristdemokraterna.se\/solna\/kristdemokratiska-segrar-i-solnas-budget-for-2014\/","title":{"rendered":"Kristdemokratiska segrar i Solnas budget f\u00f6r 2014"},"content":{"rendered":"<p><strong>Kristdemokraterna i Solna har vunnit viktiga segrar i Alliansens budgetf\u00f6rhandlingar. Satsningar p\u00e5 f\u00f6rskola och skola, \u00e4ldreomsorgen och den fortsatt l\u00e5ga skatten inneb\u00e4r att partiets samtliga prioriteringar inf\u00f6r \u00e5rets f\u00f6rhandling \u00e5terfinns i Solnas budget f\u00f6r 2014.\u00a0\u00a0\u00a0<\/strong><\/p>\n<p>Solnas budget \u00f6kar med 32 miljoner kronor inf\u00f6r verksamhets\u00e5r 2014 och ut\u00f6ver det g\u00f6rs extra satsningar p\u00e5 38 miljoner kronor. Kristdemokraterna i Solna har vunnit viktiga segrar i Alliansens budgetf\u00f6rhandlingar.<\/p>\n<p><strong>\u2013\u00a0<\/strong>Vi \u00e4r stolta \u00f6ver att ha drivit igenom satsningarna p\u00e5 f\u00f6rskolan. Kristdemokraternas ambition \u00e4r att s\u00e4kerst\u00e4lla personalt\u00e4theten i stadens f\u00f6rskolor och att minska risken f\u00f6r alltf\u00f6r stora barngrupper. Vi vill skapa mer tid f\u00f6r barnen och kommer att forts\u00e4tta arbeta f\u00f6r minskade barngrupper, s\u00e4ger Malin Appelgren (KD), kristdemokratiskt kommunalr\u00e5d.<\/p>\n<p>\u2013 Vi \u00e4r ocks\u00e5 stolta \u00f6ver att ha lyckats driva igenom \u00e5rets f\u00f6rst\u00e4rkning av hemtj\u00e4nsten. Satsningen p\u00e5 mer tid f\u00f6r personalen hos de \u00e4ldre syftar till att ge b\u00e4ttre kvalitet och en \u00f6kad k\u00e4nsla av trygghet f\u00f6r den som \u00e4r i behov av hemtj\u00e4nstens omsorg. Personalen m\u00e5ste kunna k\u00e4nna att man har tillr\u00e4ckligt med tid f\u00f6r att garantera att Solnas \u00e4ldre bem\u00f6ts med v\u00e4rdighet och respekt och det skapar vi nu b\u00e4ttre f\u00f6ruts\u00e4ttningar f\u00f6r, forts\u00e4tter Malin Appelgren.<\/p>\n<p>\u2013\u00a0Det faktum att samtliga Kristdemokraternas prioriteringar \u00e5terspeglas i\u00a0\u00e5rets budget\u00a0visar att Kristdemokraterna g\u00f6r skillnad i Alliansen. Solnas barn och \u00e4ldre ska kunna f\u00f6rv\u00e4nta sig trygghet och bra verksamheter. Vi genomf\u00f6r nu f\u00f6rb\u00e4ttringar av s\u00e5v\u00e4l barnomsorgen som \u00e4ldreomsorgen och det \u00e4r mycket gl\u00e4djande att vi samtidigt klarar att beh\u00e5lla den skattesats som g\u00f6r att solnaborna idag betalar Sveriges l\u00e4gsta kommunalskatt. Den l\u00e5ga skatten \u00e4r viktig eftersom den b\u00e5de ger ekonomisk frihet och trygghet \u00e5t solnaborna, avslutar Malin Appelgren.<\/p>\n<p><strong>Inf\u00f6r budgetf\u00f6rhandlingarna pekade Kristdemokraterna ut f\u00f6ljande prioriteringar:<\/strong><\/p>\n<ul>\n<li>Barnomsorg med valfrihet och mer tid f\u00f6r barnen \u2013 mindre barngrupper och \u00f6kad personalt\u00e4thet i f\u00f6rskolan.<\/li>\n<li>En skola med ordning och reda och kunskap i fokus.<\/li>\n<li>En v\u00e4rdig \u00e4ldreomsorg \u2013 f\u00f6rb\u00e4ttringar av hemtj\u00e4nsten.<\/li>\n<li>L\u00e5g skatt \u00e4r viktigt \u2013 det ger mer frihet \u00e5t individer och familjer.<\/li>\n<\/ul>\n<p><strong>N\u00e4r Alliansen presenterade sitt budgetf\u00f6rslag kan konstateras att samtliga kristdemokratiska prioriteringar inf\u00f6r f\u00f6rhandlingen \u00e5terfinns i budget 2014:<\/strong><\/p>\n<ul>\n<li>7 miljoner kronor till barnomsorgen \u2013 f\u00f6r att s\u00e4kerst\u00e4lla personalt\u00e4theten och f\u00f6rebygga alltf\u00f6r stora barngrupper i f\u00f6rskolan, inte minst vid ordinarie personalens fr\u00e5nvaro.<\/li>\n<li>2 miljoner kronor till skolan \u2013 f\u00f6r satsning p\u00e5 h\u00f6gre l\u00e4rarl\u00f6ner.<\/li>\n<li>6 miljoner till \u00e4ldreomsorgen \u2013 f\u00f6r att skapa mer tid f\u00f6r personalen hos de \u00e4ldre i hemtj\u00e4nsten.<\/li>\n<li>\u00a0Of\u00f6r\u00e4ndrad skatteniv\u00e5 \u2013 v\u00e4lf\u00e4rd \u00e4r ocks\u00e5 pengar i pl\u00e5nboken och eget sparande.<\/li>\n<\/ul>\n<p><strong>Ut\u00f6ver det genomf\u00f6r Alliansen f\u00f6ljande extrasatsningar:<\/strong><\/p>\n<ul>\n<li>16 miljoner kronor f\u00f6r att forts\u00e4tta rusta Solnas skolor.<\/li>\n<li>6 miljoner kronor till Solnas gator, parker och cykelplanen.<\/li>\n<li>1 miljon kronor f\u00f6r \u00f6kade \u00f6ppettider f\u00f6r biblioteket i Bergshamra och Villa Odin.<\/li>\n<li>500\u00a0000 kronor f\u00f6r ut\u00f6kad sommarjobbsatsning f\u00f6r unga.<\/li>\n<\/ul>\n","protected":false},"excerpt":{"rendered":"<p>Kristdemokraterna i Solna har vunnit viktiga segrar i Alliansens budgetf\u00f6rhandlingar. Satsningar p\u00e5 f\u00f6rskola och skola, \u00e4ldreomsorgen och den fortsatt l\u00e5ga skatten inneb\u00e4r att partiets samtliga prioriteringar inf\u00f6r \u00e5rets f\u00f6rhandling \u00e5terfinns i Solnas budget f\u00f6r 2014.\u00a0\u00a0\u00a0 Solnas budget \u00f6kar med 32 miljoner kronor inf\u00f6r verksamhets\u00e5r 2014 och ut\u00f6ver det g\u00f6rs extra satsningar p\u00e5 38 miljoner kronor. <a class=\"read-more-link\" href=\"https:\/\/wp.kristdemokraterna.se\/solna\/kristdemokratiska-segrar-i-solnas-budget-for-2014\/\">Read More<\/a><\/p>\n","protected":false},"author":769,"featured_media":0,"comment_status":"closed","ping_status":"closed","sticky":false,"template":"","format":"standard","meta":{"_acf_changed":false,"footnotes":""},"categories":[4],"tags":[189],"class_list":["post-874","post","type-post","status-publish","format-standard","hentry","category-aktuellt","tag-budget-2014"],"acf":[],"yoast_head":"<!-- This site is optimized with the Yoast SEO plugin v27.4 - https:\/\/yoast.com\/product\/yoast-seo-wordpress\/ -->\n<title>Kristdemokratiska segrar i Solnas budget f\u00f6r 2014 - Kristdemokraterna i Solna<\/title>\n<meta name=\"robots\" content=\"index, follow, max-snippet:-1, max-image-preview:large, max-video-preview:-1\" \/>\n<link rel=\"canonical\" href=\"https:\/\/wp.kristdemokraterna.se\/solna\/kristdemokratiska-segrar-i-solnas-budget-for-2014\/\" \/>\n<meta property=\"og:locale\" content=\"sv_SE\" \/>\n<meta property=\"og:type\" content=\"article\" \/>\n<meta property=\"og:title\" content=\"Kristdemokratiska segrar i Solnas budget f\u00f6r 2014 - Kristdemokraterna i Solna\" \/>\n<meta property=\"og:description\" content=\"Kristdemokraterna i Solna har vunnit viktiga segrar i Alliansens budgetf\u00f6rhandlingar. Satsningar p\u00e5 f\u00f6rskola och skola, \u00e4ldreomsorgen och den fortsatt l\u00e5ga skatten inneb\u00e4r att partiets samtliga prioriteringar inf\u00f6r \u00e5rets f\u00f6rhandling \u00e5terfinns i Solnas budget f\u00f6r 2014.\u00a0\u00a0\u00a0 Solnas budget \u00f6kar med 32 miljoner kronor inf\u00f6r verksamhets\u00e5r 2014 och ut\u00f6ver det g\u00f6rs extra satsningar p\u00e5 38 miljoner kronor. Read More\" \/>\n<meta property=\"og:url\" content=\"https:\/\/wp.kristdemokraterna.se\/solna\/kristdemokratiska-segrar-i-solnas-budget-for-2014\/\" \/>\n<meta property=\"og:site_name\" content=\"Kristdemokraterna i Solna\" \/>\n<meta property=\"article:published_time\" content=\"2013-10-30T14:17:31+00:00\" \/>\n<meta property=\"article:modified_time\" content=\"2018-01-10T14:18:00+00:00\" \/>\n<meta name=\"author\" content=\"solna2\" \/>\n<meta name=\"twitter:card\" content=\"summary_large_image\" \/>\n<meta name=\"twitter:label1\" content=\"Skriven av\" \/>\n\t<meta name=\"twitter:data1\" content=\"solna2\" \/>\n\t<meta name=\"twitter:label2\" content=\"Ber\u00e4knad l\u00e4stid\" \/>\n\t<meta name=\"twitter:data2\" content=\"3 minuter\" \/>\n<script type=\"application\/ld+json\" class=\"yoast-schema-graph\">{\"@context\":\"https:\\\/\\\/schema.org\",\"@graph\":[{\"@type\":\"Article\",\"@id\":\"https:\\\/\\\/wp.kristdemokraterna.se\\\/solna\\\/kristdemokratiska-segrar-i-solnas-budget-for-2014\\\/#article\",\"isPartOf\":{\"@id\":\"https:\\\/\\\/wp.kristdemokraterna.se\\\/solna\\\/kristdemokratiska-segrar-i-solnas-budget-for-2014\\\/\"},\"author\":{\"name\":\"solna2\",\"@id\":\"https:\\\/\\\/wp.kristdemokraterna.se\\\/solna\\\/#\\\/schema\\\/person\\\/712d13bb8cb0816b1c5064a9033a35f2\"},\"headline\":\"Kristdemokratiska segrar i Solnas budget f\u00f6r 2014\",\"datePublished\":\"2013-10-30T14:17:31+00:00\",\"dateModified\":\"2018-01-10T14:18:00+00:00\",\"mainEntityOfPage\":{\"@id\":\"https:\\\/\\\/wp.kristdemokraterna.se\\\/solna\\\/kristdemokratiska-segrar-i-solnas-budget-for-2014\\\/\"},\"wordCount\":535,\"keywords\":[\"Budget 2014\"],\"articleSection\":[\"Aktuellt\"],\"inLanguage\":\"sv-SE\"},{\"@type\":\"WebPage\",\"@id\":\"https:\\\/\\\/wp.kristdemokraterna.se\\\/solna\\\/kristdemokratiska-segrar-i-solnas-budget-for-2014\\\/\",\"url\":\"https:\\\/\\\/wp.kristdemokraterna.se\\\/solna\\\/kristdemokratiska-segrar-i-solnas-budget-for-2014\\\/\",\"name\":\"Kristdemokratiska segrar i Solnas budget f\u00f6r 2014 - Kristdemokraterna i Solna\",\"isPartOf\":{\"@id\":\"https:\\\/\\\/wp.kristdemokraterna.se\\\/solna\\\/#website\"},\"datePublished\":\"2013-10-30T14:17:31+00:00\",\"dateModified\":\"2018-01-10T14:18:00+00:00\",\"author\":{\"@id\":\"https:\\\/\\\/wp.kristdemokraterna.se\\\/solna\\\/#\\\/schema\\\/person\\\/712d13bb8cb0816b1c5064a9033a35f2\"},\"breadcrumb\":{\"@id\":\"https:\\\/\\\/wp.kristdemokraterna.se\\\/solna\\\/kristdemokratiska-segrar-i-solnas-budget-for-2014\\\/#breadcrumb\"},\"inLanguage\":\"sv-SE\",\"potentialAction\":[{\"@type\":\"ReadAction\",\"target\":[\"https:\\\/\\\/wp.kristdemokraterna.se\\\/solna\\\/kristdemokratiska-segrar-i-solnas-budget-for-2014\\\/\"]}]},{\"@type\":\"BreadcrumbList\",\"@id\":\"https:\\\/\\\/wp.kristdemokraterna.se\\\/solna\\\/kristdemokratiska-segrar-i-solnas-budget-for-2014\\\/#breadcrumb\",\"itemListElement\":[{\"@type\":\"ListItem\",\"position\":1,\"name\":\"Hem\",\"item\":\"https:\\\/\\\/wp.kristdemokraterna.se\\\/solna\\\/\"},{\"@type\":\"ListItem\",\"position\":2,\"name\":\"Kristdemokratiska segrar i Solnas budget f\u00f6r 2014\"}]},{\"@type\":\"WebSite\",\"@id\":\"https:\\\/\\\/wp.kristdemokraterna.se\\\/solna\\\/#website\",\"url\":\"https:\\\/\\\/wp.kristdemokraterna.se\\\/solna\\\/\",\"name\":\"Kristdemokraterna i Solna\",\"description\":\"Med \ud83d\udc99 f\u00f6r Solna\",\"inLanguage\":\"sv-SE\"},{\"@type\":\"Person\",\"@id\":\"https:\\\/\\\/wp.kristdemokraterna.se\\\/solna\\\/#\\\/schema\\\/person\\\/712d13bb8cb0816b1c5064a9033a35f2\",\"name\":\"solna2\",\"image\":{\"@type\":\"ImageObject\",\"inLanguage\":\"sv-SE\",\"@id\":\"https:\\\/\\\/secure.gravatar.com\\\/avatar\\\/c47156d8f469e439727cc363e6968b2f5ab12cd38563467e0076a31756980b3c?s=96&d=mm&r=g\",\"url\":\"https:\\\/\\\/secure.gravatar.com\\\/avatar\\\/c47156d8f469e439727cc363e6968b2f5ab12cd38563467e0076a31756980b3c?s=96&d=mm&r=g\",\"contentUrl\":\"https:\\\/\\\/secure.gravatar.com\\\/avatar\\\/c47156d8f469e439727cc363e6968b2f5ab12cd38563467e0076a31756980b3c?s=96&d=mm&r=g\",\"caption\":\"solna2\"},\"url\":\"https:\\\/\\\/wp.kristdemokraterna.se\\\/solna\\\/author\\\/solna2\\\/\"}]}<\/script>\n<!-- \/ Yoast SEO plugin. -->","yoast_head_json":{"title":"Kristdemokratiska segrar i Solnas budget f\u00f6r 2014 - Kristdemokraterna i Solna","robots":{"index":"index","follow":"follow","max-snippet":"max-snippet:-1","max-image-preview":"max-image-preview:large","max-video-preview":"max-video-preview:-1"},"canonical":"https:\/\/wp.kristdemokraterna.se\/solna\/kristdemokratiska-segrar-i-solnas-budget-for-2014\/","og_locale":"sv_SE","og_type":"article","og_title":"Kristdemokratiska segrar i Solnas budget f\u00f6r 2014 - Kristdemokraterna i Solna","og_description":"Kristdemokraterna i Solna har vunnit viktiga segrar i Alliansens budgetf\u00f6rhandlingar. Satsningar p\u00e5 f\u00f6rskola och skola, \u00e4ldreomsorgen och den fortsatt l\u00e5ga skatten inneb\u00e4r att partiets samtliga prioriteringar inf\u00f6r \u00e5rets f\u00f6rhandling \u00e5terfinns i Solnas budget f\u00f6r 2014.\u00a0\u00a0\u00a0 Solnas budget \u00f6kar med 32 miljoner kronor inf\u00f6r verksamhets\u00e5r 2014 och ut\u00f6ver det g\u00f6rs extra satsningar p\u00e5 38 miljoner kronor. Read More","og_url":"https:\/\/wp.kristdemokraterna.se\/solna\/kristdemokratiska-segrar-i-solnas-budget-for-2014\/","og_site_name":"Kristdemokraterna i Solna","article_published_time":"2013-10-30T14:17:31+00:00","article_modified_time":"2018-01-10T14:18:00+00:00","author":"solna2","twitter_card":"summary_large_image","twitter_misc":{"Skriven av":"solna2","Ber\u00e4knad l\u00e4stid":"3 minuter"},"schema":{"@context":"https:\/\/schema.org","@graph":[{"@type":"Article","@id":"https:\/\/wp.kristdemokraterna.se\/solna\/kristdemokratiska-segrar-i-solnas-budget-for-2014\/#article","isPartOf":{"@id":"https:\/\/wp.kristdemokraterna.se\/solna\/kristdemokratiska-segrar-i-solnas-budget-for-2014\/"},"author":{"name":"solna2","@id":"https:\/\/wp.kristdemokraterna.se\/solna\/#\/schema\/person\/712d13bb8cb0816b1c5064a9033a35f2"},"headline":"Kristdemokratiska segrar i Solnas budget f\u00f6r 2014","datePublished":"2013-10-30T14:17:31+00:00","dateModified":"2018-01-10T14:18:00+00:00","mainEntityOfPage":{"@id":"https:\/\/wp.kristdemokraterna.se\/solna\/kristdemokratiska-segrar-i-solnas-budget-for-2014\/"},"wordCount":535,"keywords":["Budget 2014"],"articleSection":["Aktuellt"],"inLanguage":"sv-SE"},{"@type":"WebPage","@id":"https:\/\/wp.kristdemokraterna.se\/solna\/kristdemokratiska-segrar-i-solnas-budget-for-2014\/","url":"https:\/\/wp.kristdemokraterna.se\/solna\/kristdemokratiska-segrar-i-solnas-budget-for-2014\/","name":"Kristdemokratiska segrar i Solnas budget f\u00f6r 2014 - Kristdemokraterna i Solna","isPartOf":{"@id":"https:\/\/wp.kristdemokraterna.se\/solna\/#website"},"datePublished":"2013-10-30T14:17:31+00:00","dateModified":"2018-01-10T14:18:00+00:00","author":{"@id":"https:\/\/wp.kristdemokraterna.se\/solna\/#\/schema\/person\/712d13bb8cb0816b1c5064a9033a35f2"},"breadcrumb":{"@id":"https:\/\/wp.kristdemokraterna.se\/solna\/kristdemokratiska-segrar-i-solnas-budget-for-2014\/#breadcrumb"},"inLanguage":"sv-SE","potentialAction":[{"@type":"ReadAction","target":["https:\/\/wp.kristdemokraterna.se\/solna\/kristdemokratiska-segrar-i-solnas-budget-for-2014\/"]}]},{"@type":"BreadcrumbList","@id":"https:\/\/wp.kristdemokraterna.se\/solna\/kristdemokratiska-segrar-i-solnas-budget-for-2014\/#breadcrumb","itemListElement":[{"@type":"ListItem","position":1,"name":"Hem","item":"https:\/\/wp.kristdemokraterna.se\/solna\/"},{"@type":"ListItem","position":2,"name":"Kristdemokratiska segrar i Solnas budget f\u00f6r 2014"}]},{"@type":"WebSite","@id":"https:\/\/wp.kristdemokraterna.se\/solna\/#website","url":"https:\/\/wp.kristdemokraterna.se\/solna\/","name":"Kristdemokraterna i Solna","description":"Med \ud83d\udc99 f\u00f6r Solna","inLanguage":"sv-SE"},{"@type":"Person","@id":"https:\/\/wp.kristdemokraterna.se\/solna\/#\/schema\/person\/712d13bb8cb0816b1c5064a9033a35f2","name":"solna2","image":{"@type":"ImageObject","inLanguage":"sv-SE","@id":"https:\/\/secure.gravatar.com\/avatar\/c47156d8f469e439727cc363e6968b2f5ab12cd38563467e0076a31756980b3c?s=96&d=mm&r=g","url":"https:\/\/secure.gravatar.com\/avatar\/c47156d8f469e439727cc363e6968b2f5ab12cd38563467e0076a31756980b3c?s=96&d=mm&r=g","contentUrl":"https:\/\/secure.gravatar.com\/avatar\/c47156d8f469e439727cc363e6968b2f5ab12cd38563467e0076a31756980b3c?s=96&d=mm&r=g","caption":"solna2"},"url":"https:\/\/wp.kristdemokraterna.se\/solna\/author\/solna2\/"}]}},"_links":{"self":[{"href":"https:\/\/wp.kristdemokraterna.se\/solna\/wp-json\/wp\/v2\/posts\/874","targetHints":{"allow":["GET"]}}],"collection":[{"href":"https:\/\/wp.kristdemokraterna.se\/solna\/wp-json\/wp\/v2\/posts"}],"about":[{"href":"https:\/\/wp.kristdemokraterna.se\/solna\/wp-json\/wp\/v2\/types\/post"}],"author":[{"embeddable":true,"href":"https:\/\/wp.kristdemokraterna.se\/solna\/wp-json\/wp\/v2\/users\/769"}],"replies":[{"embeddable":true,"href":"https:\/\/wp.kristdemokraterna.se\/solna\/wp-json\/wp\/v2\/comments?post=874"}],"version-history":[{"count":1,"href":"https:\/\/wp.kristdemokraterna.se\/solna\/wp-json\/wp\/v2\/posts\/874\/revisions"}],"predecessor-version":[{"id":875,"href":"https:\/\/wp.kristdemokraterna.se\/solna\/wp-json\/wp\/v2\/posts\/874\/revisions\/875"}],"wp:attachment":[{"href":"https:\/\/wp.kristdemokraterna.se\/solna\/wp-json\/wp\/v2\/media?parent=874"}],"wp:term":[{"taxonomy":"category","embeddable":true,"href":"https:\/\/wp.kristdemokraterna.se\/solna\/wp-json\/wp\/v2\/categories?post=874"},{"taxonomy":"post_tag","embeddable":true,"href":"https:\/\/wp.kristdemokraterna.se\/solna\/wp-json\/wp\/v2\/tags?post=874"}],"curies":[{"name":"wp","href":"https:\/\/api.w.org\/{rel}","templated":true}]}}