{"id":876,"date":"2013-10-30T15:18:16","date_gmt":"2013-10-30T14:18:16","guid":{"rendered":"http:\/\/wp.kristdemokraterna.se\/solna2\/?p=876"},"modified":"2018-01-10T15:18:46","modified_gmt":"2018-01-10T14:18:46","slug":"skola-och-forskola-prioriteras-i-solnas-budget-2014","status":"publish","type":"post","link":"https:\/\/wp.kristdemokraterna.se\/solna\/skola-och-forskola-prioriteras-i-solnas-budget-2014\/","title":{"rendered":"Skola och f\u00f6rskola prioriteras i Solnas budget 2014"},"content":{"rendered":"<p><strong>Med den mest offensiva budgeten sedan 2008 g\u00f6rs stora satsningar p\u00e5 v\u00e4lf\u00e4rden i Solna<\/strong>\u00a0<strong>under 2014. F\u00f6rskola och skola \u00e4r i fokus med friskv\u00e5rdssatsning, skolupprustning, vikariepool och h\u00f6gre l\u00e4rarl\u00f6ner.<\/strong><\/p>\n<p>Budgeten fr\u00e5n 2013 \u00f6kas med 32 Mkr och d\u00e4rtill g\u00f6rs politiska extrasatsningar p\u00e5 cirka 38 vilket inneb\u00e4r 70 Mkr mer. Extrasatsningarna \u00e4r de mest offensiva sedan 2008. Ut\u00f6ver satsningar p\u00e5 barnomsorgen och skolan med bland annat upprustning av skollokaler, g\u00f6rs f\u00f6rst\u00e4rkningar inom hemtj\u00e4nsten f\u00f6r att trygga \u00e4ldreomsorgen samt p\u00e5 sk\u00f6tsel av parker och sommarjobb. F\u00f6r att initiera stadsdelsutvecklingen satsas extra pengar p\u00e5 biblioteket i Bergshamra samt ungdomsg\u00e5rden Villa Odin i Hagalund.<\/p>\n<p align=\"left\">\u2013 Solna har tack vare det goda samarbetet med lokala f\u00f6retag lyckats f\u00f6rdubbla antalet sommarjobb 2013. D\u00e4rf\u00f6r f\u00f6rst\u00e4rker alliansen sommarjobbsatsningen 2014 genom att f\u00f6rdubbla pengarna, s\u00e4ger Pehr Granfalk (M), kommunstyrelsens ordf\u00f6rande.<\/p>\n<p align=\"left\">\u2013 Det k\u00e4nns v\u00e4ldigt roligt att Folkpartiet nu f\u00e5r utdelning f\u00f6r sitt engagemang i Bergshamra och i Hagalund. Att biblioteket i Bergshamra nu kan vara \u00f6ppet sex dagar i veckan med personal \u00e4r i linje med liberala ideal likv\u00e4l som att ungdomarna i Hagalund nu f\u00e5r tillg\u00e5ng till Villa Odin \u00e4ven p\u00e5 helgerna, s\u00e4ger Anders Ekegren (FP), 1:a vice kommunstyrelseordf\u00f6rande.<\/p>\n<p align=\"left\">\u2013 Vi \u00e4r stolta \u00f6ver att ha drivit igenom satsningarna p\u00e5 f\u00f6rskolan. Kristdemokraternas ambition \u00e4r att s\u00e4kerst\u00e4lla personalt\u00e4theten i stadens f\u00f6rskolor och att minska risken f\u00f6r alltf\u00f6r stora barngrupper. Vi vill skapa mer tid f\u00f6r barnen, s\u00e4ger Malin Appelgren (KD), kommunalr\u00e5d.<\/p>\n<p align=\"left\">\u2013 Solnas gr\u00f6na rum \u00e4r viktiga f\u00f6r medborgarna, d\u00e4rf\u00f6r satsar vi extra p\u00e5 sk\u00f6tsel och utveckling av stadens parker och utemilj\u00f6er, s\u00e4ger Anna C. Nilsson (C), kommunalr\u00e5d.<\/p>\n<p><strong>Ut\u00f6ver de 32 Mkr som tillf\u00f6rs g\u00f6rs f\u00f6ljande extrasatsningar 2014:<\/strong><\/p>\n<p><a href=\"http:\/\/wp.kristdemokraterna.se\/solna\/files\/2013\/10\/bduget2014.jpg\"><img loading=\"lazy\" decoding=\"async\" class=\"alignleft  wp-image-1627\" src=\"http:\/\/wp.kristdemokraterna.se\/solna\/files\/2013\/10\/bduget2014-300x133.jpg\" alt=\"bduget2014\" width=\"300\" height=\"133\" \/><\/a><\/p>\n","protected":false},"excerpt":{"rendered":"<p>Med den mest offensiva budgeten sedan 2008 g\u00f6rs stora satsningar p\u00e5 v\u00e4lf\u00e4rden i Solna\u00a0under 2014. F\u00f6rskola och skola \u00e4r i fokus med friskv\u00e5rdssatsning, skolupprustning, vikariepool och h\u00f6gre l\u00e4rarl\u00f6ner. Budgeten fr\u00e5n 2013 \u00f6kas med 32 Mkr och d\u00e4rtill g\u00f6rs politiska extrasatsningar p\u00e5 cirka 38 vilket inneb\u00e4r 70 Mkr mer. Extrasatsningarna \u00e4r de mest offensiva sedan 2008. <a class=\"read-more-link\" href=\"https:\/\/wp.kristdemokraterna.se\/solna\/skola-och-forskola-prioriteras-i-solnas-budget-2014\/\">Read More<\/a><\/p>\n","protected":false},"author":769,"featured_media":0,"comment_status":"closed","ping_status":"closed","sticky":false,"template":"","format":"standard","meta":{"_acf_changed":false,"footnotes":""},"categories":[4],"tags":[189],"class_list":["post-876","post","type-post","status-publish","format-standard","hentry","category-aktuellt","tag-budget-2014"],"acf":[],"yoast_head":"<!-- This site is optimized with the Yoast SEO plugin v27.4 - https:\/\/yoast.com\/product\/yoast-seo-wordpress\/ -->\n<title>Skola och f\u00f6rskola prioriteras i Solnas budget 2014 - Kristdemokraterna i Solna<\/title>\n<meta name=\"robots\" content=\"index, follow, max-snippet:-1, max-image-preview:large, max-video-preview:-1\" \/>\n<link rel=\"canonical\" href=\"https:\/\/wp.kristdemokraterna.se\/solna\/skola-och-forskola-prioriteras-i-solnas-budget-2014\/\" \/>\n<meta property=\"og:locale\" content=\"sv_SE\" \/>\n<meta property=\"og:type\" content=\"article\" \/>\n<meta property=\"og:title\" content=\"Skola och f\u00f6rskola prioriteras i Solnas budget 2014 - Kristdemokraterna i Solna\" \/>\n<meta property=\"og:description\" content=\"Med den mest offensiva budgeten sedan 2008 g\u00f6rs stora satsningar p\u00e5 v\u00e4lf\u00e4rden i Solna\u00a0under 2014. F\u00f6rskola och skola \u00e4r i fokus med friskv\u00e5rdssatsning, skolupprustning, vikariepool och h\u00f6gre l\u00e4rarl\u00f6ner. Budgeten fr\u00e5n 2013 \u00f6kas med 32 Mkr och d\u00e4rtill g\u00f6rs politiska extrasatsningar p\u00e5 cirka 38 vilket inneb\u00e4r 70 Mkr mer. Extrasatsningarna \u00e4r de mest offensiva sedan 2008. Read More\" \/>\n<meta property=\"og:url\" content=\"https:\/\/wp.kristdemokraterna.se\/solna\/skola-och-forskola-prioriteras-i-solnas-budget-2014\/\" \/>\n<meta property=\"og:site_name\" content=\"Kristdemokraterna i Solna\" \/>\n<meta property=\"article:published_time\" content=\"2013-10-30T14:18:16+00:00\" \/>\n<meta property=\"article:modified_time\" content=\"2018-01-10T14:18:46+00:00\" \/>\n<meta property=\"og:image\" content=\"http:\/\/wp.kristdemokraterna.se\/solna\/files\/2013\/10\/bduget2014-300x133.jpg\" \/>\n<meta name=\"author\" content=\"solna2\" \/>\n<meta name=\"twitter:card\" content=\"summary_large_image\" \/>\n<meta name=\"twitter:label1\" content=\"Skriven av\" \/>\n\t<meta name=\"twitter:data1\" content=\"solna2\" \/>\n\t<meta name=\"twitter:label2\" content=\"Ber\u00e4knad l\u00e4stid\" \/>\n\t<meta name=\"twitter:data2\" content=\"2 minuter\" \/>\n<script type=\"application\/ld+json\" class=\"yoast-schema-graph\">{\"@context\":\"https:\\\/\\\/schema.org\",\"@graph\":[{\"@type\":\"Article\",\"@id\":\"https:\\\/\\\/wp.kristdemokraterna.se\\\/solna\\\/skola-och-forskola-prioriteras-i-solnas-budget-2014\\\/#article\",\"isPartOf\":{\"@id\":\"https:\\\/\\\/wp.kristdemokraterna.se\\\/solna\\\/skola-och-forskola-prioriteras-i-solnas-budget-2014\\\/\"},\"author\":{\"name\":\"solna2\",\"@id\":\"https:\\\/\\\/wp.kristdemokraterna.se\\\/solna\\\/#\\\/schema\\\/person\\\/712d13bb8cb0816b1c5064a9033a35f2\"},\"headline\":\"Skola och f\u00f6rskola prioriteras i Solnas budget 2014\",\"datePublished\":\"2013-10-30T14:18:16+00:00\",\"dateModified\":\"2018-01-10T14:18:46+00:00\",\"mainEntityOfPage\":{\"@id\":\"https:\\\/\\\/wp.kristdemokraterna.se\\\/solna\\\/skola-och-forskola-prioriteras-i-solnas-budget-2014\\\/\"},\"wordCount\":323,\"image\":{\"@id\":\"https:\\\/\\\/wp.kristdemokraterna.se\\\/solna\\\/skola-och-forskola-prioriteras-i-solnas-budget-2014\\\/#primaryimage\"},\"thumbnailUrl\":\"http:\\\/\\\/wp.kristdemokraterna.se\\\/solna\\\/files\\\/2013\\\/10\\\/bduget2014-300x133.jpg\",\"keywords\":[\"Budget 2014\"],\"articleSection\":[\"Aktuellt\"],\"inLanguage\":\"sv-SE\"},{\"@type\":\"WebPage\",\"@id\":\"https:\\\/\\\/wp.kristdemokraterna.se\\\/solna\\\/skola-och-forskola-prioriteras-i-solnas-budget-2014\\\/\",\"url\":\"https:\\\/\\\/wp.kristdemokraterna.se\\\/solna\\\/skola-och-forskola-prioriteras-i-solnas-budget-2014\\\/\",\"name\":\"Skola och f\u00f6rskola prioriteras i Solnas budget 2014 - Kristdemokraterna i Solna\",\"isPartOf\":{\"@id\":\"https:\\\/\\\/wp.kristdemokraterna.se\\\/solna\\\/#website\"},\"primaryImageOfPage\":{\"@id\":\"https:\\\/\\\/wp.kristdemokraterna.se\\\/solna\\\/skola-och-forskola-prioriteras-i-solnas-budget-2014\\\/#primaryimage\"},\"image\":{\"@id\":\"https:\\\/\\\/wp.kristdemokraterna.se\\\/solna\\\/skola-och-forskola-prioriteras-i-solnas-budget-2014\\\/#primaryimage\"},\"thumbnailUrl\":\"http:\\\/\\\/wp.kristdemokraterna.se\\\/solna\\\/files\\\/2013\\\/10\\\/bduget2014-300x133.jpg\",\"datePublished\":\"2013-10-30T14:18:16+00:00\",\"dateModified\":\"2018-01-10T14:18:46+00:00\",\"author\":{\"@id\":\"https:\\\/\\\/wp.kristdemokraterna.se\\\/solna\\\/#\\\/schema\\\/person\\\/712d13bb8cb0816b1c5064a9033a35f2\"},\"breadcrumb\":{\"@id\":\"https:\\\/\\\/wp.kristdemokraterna.se\\\/solna\\\/skola-och-forskola-prioriteras-i-solnas-budget-2014\\\/#breadcrumb\"},\"inLanguage\":\"sv-SE\",\"potentialAction\":[{\"@type\":\"ReadAction\",\"target\":[\"https:\\\/\\\/wp.kristdemokraterna.se\\\/solna\\\/skola-och-forskola-prioriteras-i-solnas-budget-2014\\\/\"]}]},{\"@type\":\"ImageObject\",\"inLanguage\":\"sv-SE\",\"@id\":\"https:\\\/\\\/wp.kristdemokraterna.se\\\/solna\\\/skola-och-forskola-prioriteras-i-solnas-budget-2014\\\/#primaryimage\",\"url\":\"http:\\\/\\\/wp.kristdemokraterna.se\\\/solna\\\/files\\\/2013\\\/10\\\/bduget2014-300x133.jpg\",\"contentUrl\":\"http:\\\/\\\/wp.kristdemokraterna.se\\\/solna\\\/files\\\/2013\\\/10\\\/bduget2014-300x133.jpg\"},{\"@type\":\"BreadcrumbList\",\"@id\":\"https:\\\/\\\/wp.kristdemokraterna.se\\\/solna\\\/skola-och-forskola-prioriteras-i-solnas-budget-2014\\\/#breadcrumb\",\"itemListElement\":[{\"@type\":\"ListItem\",\"position\":1,\"name\":\"Hem\",\"item\":\"https:\\\/\\\/wp.kristdemokraterna.se\\\/solna\\\/\"},{\"@type\":\"ListItem\",\"position\":2,\"name\":\"Skola och f\u00f6rskola prioriteras i Solnas budget 2014\"}]},{\"@type\":\"WebSite\",\"@id\":\"https:\\\/\\\/wp.kristdemokraterna.se\\\/solna\\\/#website\",\"url\":\"https:\\\/\\\/wp.kristdemokraterna.se\\\/solna\\\/\",\"name\":\"Kristdemokraterna i Solna\",\"description\":\"Med \ud83d\udc99 f\u00f6r Solna\",\"inLanguage\":\"sv-SE\"},{\"@type\":\"Person\",\"@id\":\"https:\\\/\\\/wp.kristdemokraterna.se\\\/solna\\\/#\\\/schema\\\/person\\\/712d13bb8cb0816b1c5064a9033a35f2\",\"name\":\"solna2\",\"image\":{\"@type\":\"ImageObject\",\"inLanguage\":\"sv-SE\",\"@id\":\"https:\\\/\\\/secure.gravatar.com\\\/avatar\\\/c47156d8f469e439727cc363e6968b2f5ab12cd38563467e0076a31756980b3c?s=96&d=mm&r=g\",\"url\":\"https:\\\/\\\/secure.gravatar.com\\\/avatar\\\/c47156d8f469e439727cc363e6968b2f5ab12cd38563467e0076a31756980b3c?s=96&d=mm&r=g\",\"contentUrl\":\"https:\\\/\\\/secure.gravatar.com\\\/avatar\\\/c47156d8f469e439727cc363e6968b2f5ab12cd38563467e0076a31756980b3c?s=96&d=mm&r=g\",\"caption\":\"solna2\"},\"url\":\"https:\\\/\\\/wp.kristdemokraterna.se\\\/solna\\\/author\\\/solna2\\\/\"}]}<\/script>\n<!-- \/ Yoast SEO plugin. -->","yoast_head_json":{"title":"Skola och f\u00f6rskola prioriteras i Solnas budget 2014 - Kristdemokraterna i Solna","robots":{"index":"index","follow":"follow","max-snippet":"max-snippet:-1","max-image-preview":"max-image-preview:large","max-video-preview":"max-video-preview:-1"},"canonical":"https:\/\/wp.kristdemokraterna.se\/solna\/skola-och-forskola-prioriteras-i-solnas-budget-2014\/","og_locale":"sv_SE","og_type":"article","og_title":"Skola och f\u00f6rskola prioriteras i Solnas budget 2014 - Kristdemokraterna i Solna","og_description":"Med den mest offensiva budgeten sedan 2008 g\u00f6rs stora satsningar p\u00e5 v\u00e4lf\u00e4rden i Solna\u00a0under 2014. F\u00f6rskola och skola \u00e4r i fokus med friskv\u00e5rdssatsning, skolupprustning, vikariepool och h\u00f6gre l\u00e4rarl\u00f6ner. Budgeten fr\u00e5n 2013 \u00f6kas med 32 Mkr och d\u00e4rtill g\u00f6rs politiska extrasatsningar p\u00e5 cirka 38 vilket inneb\u00e4r 70 Mkr mer. Extrasatsningarna \u00e4r de mest offensiva sedan 2008. Read More","og_url":"https:\/\/wp.kristdemokraterna.se\/solna\/skola-och-forskola-prioriteras-i-solnas-budget-2014\/","og_site_name":"Kristdemokraterna i Solna","article_published_time":"2013-10-30T14:18:16+00:00","article_modified_time":"2018-01-10T14:18:46+00:00","og_image":[{"url":"http:\/\/wp.kristdemokraterna.se\/solna\/files\/2013\/10\/bduget2014-300x133.jpg","type":"","width":"","height":""}],"author":"solna2","twitter_card":"summary_large_image","twitter_misc":{"Skriven av":"solna2","Ber\u00e4knad l\u00e4stid":"2 minuter"},"schema":{"@context":"https:\/\/schema.org","@graph":[{"@type":"Article","@id":"https:\/\/wp.kristdemokraterna.se\/solna\/skola-och-forskola-prioriteras-i-solnas-budget-2014\/#article","isPartOf":{"@id":"https:\/\/wp.kristdemokraterna.se\/solna\/skola-och-forskola-prioriteras-i-solnas-budget-2014\/"},"author":{"name":"solna2","@id":"https:\/\/wp.kristdemokraterna.se\/solna\/#\/schema\/person\/712d13bb8cb0816b1c5064a9033a35f2"},"headline":"Skola och f\u00f6rskola prioriteras i Solnas budget 2014","datePublished":"2013-10-30T14:18:16+00:00","dateModified":"2018-01-10T14:18:46+00:00","mainEntityOfPage":{"@id":"https:\/\/wp.kristdemokraterna.se\/solna\/skola-och-forskola-prioriteras-i-solnas-budget-2014\/"},"wordCount":323,"image":{"@id":"https:\/\/wp.kristdemokraterna.se\/solna\/skola-och-forskola-prioriteras-i-solnas-budget-2014\/#primaryimage"},"thumbnailUrl":"http:\/\/wp.kristdemokraterna.se\/solna\/files\/2013\/10\/bduget2014-300x133.jpg","keywords":["Budget 2014"],"articleSection":["Aktuellt"],"inLanguage":"sv-SE"},{"@type":"WebPage","@id":"https:\/\/wp.kristdemokraterna.se\/solna\/skola-och-forskola-prioriteras-i-solnas-budget-2014\/","url":"https:\/\/wp.kristdemokraterna.se\/solna\/skola-och-forskola-prioriteras-i-solnas-budget-2014\/","name":"Skola och f\u00f6rskola prioriteras i Solnas budget 2014 - Kristdemokraterna i Solna","isPartOf":{"@id":"https:\/\/wp.kristdemokraterna.se\/solna\/#website"},"primaryImageOfPage":{"@id":"https:\/\/wp.kristdemokraterna.se\/solna\/skola-och-forskola-prioriteras-i-solnas-budget-2014\/#primaryimage"},"image":{"@id":"https:\/\/wp.kristdemokraterna.se\/solna\/skola-och-forskola-prioriteras-i-solnas-budget-2014\/#primaryimage"},"thumbnailUrl":"http:\/\/wp.kristdemokraterna.se\/solna\/files\/2013\/10\/bduget2014-300x133.jpg","datePublished":"2013-10-30T14:18:16+00:00","dateModified":"2018-01-10T14:18:46+00:00","author":{"@id":"https:\/\/wp.kristdemokraterna.se\/solna\/#\/schema\/person\/712d13bb8cb0816b1c5064a9033a35f2"},"breadcrumb":{"@id":"https:\/\/wp.kristdemokraterna.se\/solna\/skola-och-forskola-prioriteras-i-solnas-budget-2014\/#breadcrumb"},"inLanguage":"sv-SE","potentialAction":[{"@type":"ReadAction","target":["https:\/\/wp.kristdemokraterna.se\/solna\/skola-och-forskola-prioriteras-i-solnas-budget-2014\/"]}]},{"@type":"ImageObject","inLanguage":"sv-SE","@id":"https:\/\/wp.kristdemokraterna.se\/solna\/skola-och-forskola-prioriteras-i-solnas-budget-2014\/#primaryimage","url":"http:\/\/wp.kristdemokraterna.se\/solna\/files\/2013\/10\/bduget2014-300x133.jpg","contentUrl":"http:\/\/wp.kristdemokraterna.se\/solna\/files\/2013\/10\/bduget2014-300x133.jpg"},{"@type":"BreadcrumbList","@id":"https:\/\/wp.kristdemokraterna.se\/solna\/skola-och-forskola-prioriteras-i-solnas-budget-2014\/#breadcrumb","itemListElement":[{"@type":"ListItem","position":1,"name":"Hem","item":"https:\/\/wp.kristdemokraterna.se\/solna\/"},{"@type":"ListItem","position":2,"name":"Skola och f\u00f6rskola prioriteras i Solnas budget 2014"}]},{"@type":"WebSite","@id":"https:\/\/wp.kristdemokraterna.se\/solna\/#website","url":"https:\/\/wp.kristdemokraterna.se\/solna\/","name":"Kristdemokraterna i Solna","description":"Med \ud83d\udc99 f\u00f6r Solna","inLanguage":"sv-SE"},{"@type":"Person","@id":"https:\/\/wp.kristdemokraterna.se\/solna\/#\/schema\/person\/712d13bb8cb0816b1c5064a9033a35f2","name":"solna2","image":{"@type":"ImageObject","inLanguage":"sv-SE","@id":"https:\/\/secure.gravatar.com\/avatar\/c47156d8f469e439727cc363e6968b2f5ab12cd38563467e0076a31756980b3c?s=96&d=mm&r=g","url":"https:\/\/secure.gravatar.com\/avatar\/c47156d8f469e439727cc363e6968b2f5ab12cd38563467e0076a31756980b3c?s=96&d=mm&r=g","contentUrl":"https:\/\/secure.gravatar.com\/avatar\/c47156d8f469e439727cc363e6968b2f5ab12cd38563467e0076a31756980b3c?s=96&d=mm&r=g","caption":"solna2"},"url":"https:\/\/wp.kristdemokraterna.se\/solna\/author\/solna2\/"}]}},"_links":{"self":[{"href":"https:\/\/wp.kristdemokraterna.se\/solna\/wp-json\/wp\/v2\/posts\/876","targetHints":{"allow":["GET"]}}],"collection":[{"href":"https:\/\/wp.kristdemokraterna.se\/solna\/wp-json\/wp\/v2\/posts"}],"about":[{"href":"https:\/\/wp.kristdemokraterna.se\/solna\/wp-json\/wp\/v2\/types\/post"}],"author":[{"embeddable":true,"href":"https:\/\/wp.kristdemokraterna.se\/solna\/wp-json\/wp\/v2\/users\/769"}],"replies":[{"embeddable":true,"href":"https:\/\/wp.kristdemokraterna.se\/solna\/wp-json\/wp\/v2\/comments?post=876"}],"version-history":[{"count":1,"href":"https:\/\/wp.kristdemokraterna.se\/solna\/wp-json\/wp\/v2\/posts\/876\/revisions"}],"predecessor-version":[{"id":878,"href":"https:\/\/wp.kristdemokraterna.se\/solna\/wp-json\/wp\/v2\/posts\/876\/revisions\/878"}],"wp:attachment":[{"href":"https:\/\/wp.kristdemokraterna.se\/solna\/wp-json\/wp\/v2\/media?parent=876"}],"wp:term":[{"taxonomy":"category","embeddable":true,"href":"https:\/\/wp.kristdemokraterna.se\/solna\/wp-json\/wp\/v2\/categories?post=876"},{"taxonomy":"post_tag","embeddable":true,"href":"https:\/\/wp.kristdemokraterna.se\/solna\/wp-json\/wp\/v2\/tags?post=876"}],"curies":[{"name":"wp","href":"https:\/\/api.w.org\/{rel}","templated":true}]}}