{"id":879,"date":"2013-10-28T15:19:46","date_gmt":"2013-10-28T14:19:46","guid":{"rendered":"http:\/\/wp.kristdemokraterna.se\/solna2\/?p=879"},"modified":"2018-01-10T15:20:18","modified_gmt":"2018-01-10T14:20:18","slug":"kristdemokraterna-gor-skillnad-for-aldre","status":"publish","type":"post","link":"https:\/\/wp.kristdemokraterna.se\/solna\/kristdemokraterna-gor-skillnad-for-aldre\/","title":{"rendered":"Kristdemokraterna g\u00f6r skillnad f\u00f6r \u00e4ldre"},"content":{"rendered":"<p><strong>Solna och Sundbyberg satsar mest i landet p\u00e5 v\u00e5rd och omsorg till sina \u00e4ldre. I b\u00e5da kommunerna ansvarar kristdemokrater f\u00f6r \u00e4ldreomsorgen.<\/strong><\/p>\n<p>En ny sammanst\u00e4llning fr\u00e5n Socialstyrelsen visar att det \u00e4r stor skillnad p\u00e5 hur mycket landets kommuner satsar p\u00e5 v\u00e5rd och omsorg till personer 65 \u00e5r och \u00e4ldre. Sundbyberg toppar listan f\u00f6ljt av Solna och i b\u00e5da kommunerna \u00e4r det kristdemokrater som ansvarar f\u00f6r \u00e4ldreomsorgen.<\/p>\n<p>Kristdemokraterna g\u00f6r skillnad. I kommuner d\u00e4r vi ansvarar f\u00f6r \u00e4ldreomsorgen ser vi ocks\u00e5 till att den prioriteras. Solna satsar n\u00e4st mest i landet p\u00e5 v\u00e5rd och omsorg till de \u00e4ldsta i kommunen. Det medf\u00f6r ett stort ansvar att se till att pengarna anv\u00e4nds r\u00e4tt, men KD kommer forts\u00e4tta att prioritera stadens k\u00e4rnverksamhet s\u00e5 som \u00e4ldreomsorgen.<\/p>\n<p>I budgeten f\u00f6r 2014 skjuter vi till 6 miljoner kronor extra f\u00f6r att s\u00e4kerst\u00e4lla mer tid f\u00f6r personalen hos de \u00e4ldre i Solnas hemtj\u00e4nst och samtidigt klarar Solna att ha Sveriges l\u00e4gsta kommunalskatt. Det \u00e4r vi stolta \u00f6ver!<\/p>\n<p><em>L\u00e4s mer om sammanst\u00e4llningen h\u00e4r:\u00a0<a href=\"http:\/\/www.dn.se\/nyheter\/sverige\/sa-satsas-det-pa-de-aldre\/\">S\u00e5 satsas det p\u00e5 de \u00e4ldre<\/a><\/em><\/p>\n","protected":false},"excerpt":{"rendered":"<p>Solna och Sundbyberg satsar mest i landet p\u00e5 v\u00e5rd och omsorg till sina \u00e4ldre. I b\u00e5da kommunerna ansvarar kristdemokrater f\u00f6r \u00e4ldreomsorgen. En ny sammanst\u00e4llning fr\u00e5n Socialstyrelsen visar att det \u00e4r stor skillnad p\u00e5 hur mycket landets kommuner satsar p\u00e5 v\u00e5rd och omsorg till personer 65 \u00e5r och \u00e4ldre. Sundbyberg toppar listan f\u00f6ljt av Solna och <a class=\"read-more-link\" href=\"https:\/\/wp.kristdemokraterna.se\/solna\/kristdemokraterna-gor-skillnad-for-aldre\/\">Read More<\/a><\/p>\n","protected":false},"author":769,"featured_media":0,"comment_status":"closed","ping_status":"closed","sticky":false,"template":"","format":"standard","meta":{"_acf_changed":false,"footnotes":""},"categories":[4],"tags":[191,12,190,36],"class_list":["post-879","post","type-post","status-publish","format-standard","hentry","category-aktuellt","tag-aldre","tag-aldreomsorg","tag-aldrepolitik","tag-pensionarer"],"acf":[],"yoast_head":"<!-- This site is optimized with the Yoast SEO plugin v27.4 - https:\/\/yoast.com\/product\/yoast-seo-wordpress\/ -->\n<title>Kristdemokraterna g\u00f6r skillnad f\u00f6r \u00e4ldre - Kristdemokraterna i Solna<\/title>\n<meta name=\"robots\" content=\"index, follow, max-snippet:-1, max-image-preview:large, max-video-preview:-1\" \/>\n<link rel=\"canonical\" href=\"https:\/\/wp.kristdemokraterna.se\/solna\/kristdemokraterna-gor-skillnad-for-aldre\/\" \/>\n<meta property=\"og:locale\" content=\"sv_SE\" \/>\n<meta property=\"og:type\" content=\"article\" \/>\n<meta property=\"og:title\" content=\"Kristdemokraterna g\u00f6r skillnad f\u00f6r \u00e4ldre - Kristdemokraterna i Solna\" \/>\n<meta property=\"og:description\" content=\"Solna och Sundbyberg satsar mest i landet p\u00e5 v\u00e5rd och omsorg till sina \u00e4ldre. I b\u00e5da kommunerna ansvarar kristdemokrater f\u00f6r \u00e4ldreomsorgen. En ny sammanst\u00e4llning fr\u00e5n Socialstyrelsen visar att det \u00e4r stor skillnad p\u00e5 hur mycket landets kommuner satsar p\u00e5 v\u00e5rd och omsorg till personer 65 \u00e5r och \u00e4ldre. Sundbyberg toppar listan f\u00f6ljt av Solna och Read More\" \/>\n<meta property=\"og:url\" content=\"https:\/\/wp.kristdemokraterna.se\/solna\/kristdemokraterna-gor-skillnad-for-aldre\/\" \/>\n<meta property=\"og:site_name\" content=\"Kristdemokraterna i Solna\" \/>\n<meta property=\"article:published_time\" content=\"2013-10-28T14:19:46+00:00\" \/>\n<meta property=\"article:modified_time\" content=\"2018-01-10T14:20:18+00:00\" \/>\n<meta name=\"author\" content=\"solna2\" \/>\n<meta name=\"twitter:card\" content=\"summary_large_image\" \/>\n<meta name=\"twitter:label1\" content=\"Skriven av\" \/>\n\t<meta name=\"twitter:data1\" content=\"solna2\" \/>\n\t<meta name=\"twitter:label2\" content=\"Ber\u00e4knad l\u00e4stid\" \/>\n\t<meta name=\"twitter:data2\" content=\"1 minut\" \/>\n<script type=\"application\/ld+json\" class=\"yoast-schema-graph\">{\"@context\":\"https:\\\/\\\/schema.org\",\"@graph\":[{\"@type\":\"Article\",\"@id\":\"https:\\\/\\\/wp.kristdemokraterna.se\\\/solna\\\/kristdemokraterna-gor-skillnad-for-aldre\\\/#article\",\"isPartOf\":{\"@id\":\"https:\\\/\\\/wp.kristdemokraterna.se\\\/solna\\\/kristdemokraterna-gor-skillnad-for-aldre\\\/\"},\"author\":{\"name\":\"solna2\",\"@id\":\"https:\\\/\\\/wp.kristdemokraterna.se\\\/solna\\\/#\\\/schema\\\/person\\\/712d13bb8cb0816b1c5064a9033a35f2\"},\"headline\":\"Kristdemokraterna g\u00f6r skillnad f\u00f6r \u00e4ldre\",\"datePublished\":\"2013-10-28T14:19:46+00:00\",\"dateModified\":\"2018-01-10T14:20:18+00:00\",\"mainEntityOfPage\":{\"@id\":\"https:\\\/\\\/wp.kristdemokraterna.se\\\/solna\\\/kristdemokraterna-gor-skillnad-for-aldre\\\/\"},\"wordCount\":202,\"keywords\":[\"\u00c4ldre\",\"\u00c4ldreomsorg\",\"\u00c4ldrepolitik\",\"Pension\u00e4rer\"],\"articleSection\":[\"Aktuellt\"],\"inLanguage\":\"sv-SE\"},{\"@type\":\"WebPage\",\"@id\":\"https:\\\/\\\/wp.kristdemokraterna.se\\\/solna\\\/kristdemokraterna-gor-skillnad-for-aldre\\\/\",\"url\":\"https:\\\/\\\/wp.kristdemokraterna.se\\\/solna\\\/kristdemokraterna-gor-skillnad-for-aldre\\\/\",\"name\":\"Kristdemokraterna g\u00f6r skillnad f\u00f6r \u00e4ldre - Kristdemokraterna i Solna\",\"isPartOf\":{\"@id\":\"https:\\\/\\\/wp.kristdemokraterna.se\\\/solna\\\/#website\"},\"datePublished\":\"2013-10-28T14:19:46+00:00\",\"dateModified\":\"2018-01-10T14:20:18+00:00\",\"author\":{\"@id\":\"https:\\\/\\\/wp.kristdemokraterna.se\\\/solna\\\/#\\\/schema\\\/person\\\/712d13bb8cb0816b1c5064a9033a35f2\"},\"breadcrumb\":{\"@id\":\"https:\\\/\\\/wp.kristdemokraterna.se\\\/solna\\\/kristdemokraterna-gor-skillnad-for-aldre\\\/#breadcrumb\"},\"inLanguage\":\"sv-SE\",\"potentialAction\":[{\"@type\":\"ReadAction\",\"target\":[\"https:\\\/\\\/wp.kristdemokraterna.se\\\/solna\\\/kristdemokraterna-gor-skillnad-for-aldre\\\/\"]}]},{\"@type\":\"BreadcrumbList\",\"@id\":\"https:\\\/\\\/wp.kristdemokraterna.se\\\/solna\\\/kristdemokraterna-gor-skillnad-for-aldre\\\/#breadcrumb\",\"itemListElement\":[{\"@type\":\"ListItem\",\"position\":1,\"name\":\"Hem\",\"item\":\"https:\\\/\\\/wp.kristdemokraterna.se\\\/solna\\\/\"},{\"@type\":\"ListItem\",\"position\":2,\"name\":\"Kristdemokraterna g\u00f6r skillnad f\u00f6r \u00e4ldre\"}]},{\"@type\":\"WebSite\",\"@id\":\"https:\\\/\\\/wp.kristdemokraterna.se\\\/solna\\\/#website\",\"url\":\"https:\\\/\\\/wp.kristdemokraterna.se\\\/solna\\\/\",\"name\":\"Kristdemokraterna i Solna\",\"description\":\"Med \ud83d\udc99 f\u00f6r Solna\",\"inLanguage\":\"sv-SE\"},{\"@type\":\"Person\",\"@id\":\"https:\\\/\\\/wp.kristdemokraterna.se\\\/solna\\\/#\\\/schema\\\/person\\\/712d13bb8cb0816b1c5064a9033a35f2\",\"name\":\"solna2\",\"image\":{\"@type\":\"ImageObject\",\"inLanguage\":\"sv-SE\",\"@id\":\"https:\\\/\\\/secure.gravatar.com\\\/avatar\\\/c47156d8f469e439727cc363e6968b2f5ab12cd38563467e0076a31756980b3c?s=96&d=mm&r=g\",\"url\":\"https:\\\/\\\/secure.gravatar.com\\\/avatar\\\/c47156d8f469e439727cc363e6968b2f5ab12cd38563467e0076a31756980b3c?s=96&d=mm&r=g\",\"contentUrl\":\"https:\\\/\\\/secure.gravatar.com\\\/avatar\\\/c47156d8f469e439727cc363e6968b2f5ab12cd38563467e0076a31756980b3c?s=96&d=mm&r=g\",\"caption\":\"solna2\"},\"url\":\"https:\\\/\\\/wp.kristdemokraterna.se\\\/solna\\\/author\\\/solna2\\\/\"}]}<\/script>\n<!-- \/ Yoast SEO plugin. -->","yoast_head_json":{"title":"Kristdemokraterna g\u00f6r skillnad f\u00f6r \u00e4ldre - Kristdemokraterna i Solna","robots":{"index":"index","follow":"follow","max-snippet":"max-snippet:-1","max-image-preview":"max-image-preview:large","max-video-preview":"max-video-preview:-1"},"canonical":"https:\/\/wp.kristdemokraterna.se\/solna\/kristdemokraterna-gor-skillnad-for-aldre\/","og_locale":"sv_SE","og_type":"article","og_title":"Kristdemokraterna g\u00f6r skillnad f\u00f6r \u00e4ldre - Kristdemokraterna i Solna","og_description":"Solna och Sundbyberg satsar mest i landet p\u00e5 v\u00e5rd och omsorg till sina \u00e4ldre. I b\u00e5da kommunerna ansvarar kristdemokrater f\u00f6r \u00e4ldreomsorgen. En ny sammanst\u00e4llning fr\u00e5n Socialstyrelsen visar att det \u00e4r stor skillnad p\u00e5 hur mycket landets kommuner satsar p\u00e5 v\u00e5rd och omsorg till personer 65 \u00e5r och \u00e4ldre. Sundbyberg toppar listan f\u00f6ljt av Solna och Read More","og_url":"https:\/\/wp.kristdemokraterna.se\/solna\/kristdemokraterna-gor-skillnad-for-aldre\/","og_site_name":"Kristdemokraterna i Solna","article_published_time":"2013-10-28T14:19:46+00:00","article_modified_time":"2018-01-10T14:20:18+00:00","author":"solna2","twitter_card":"summary_large_image","twitter_misc":{"Skriven av":"solna2","Ber\u00e4knad l\u00e4stid":"1 minut"},"schema":{"@context":"https:\/\/schema.org","@graph":[{"@type":"Article","@id":"https:\/\/wp.kristdemokraterna.se\/solna\/kristdemokraterna-gor-skillnad-for-aldre\/#article","isPartOf":{"@id":"https:\/\/wp.kristdemokraterna.se\/solna\/kristdemokraterna-gor-skillnad-for-aldre\/"},"author":{"name":"solna2","@id":"https:\/\/wp.kristdemokraterna.se\/solna\/#\/schema\/person\/712d13bb8cb0816b1c5064a9033a35f2"},"headline":"Kristdemokraterna g\u00f6r skillnad f\u00f6r \u00e4ldre","datePublished":"2013-10-28T14:19:46+00:00","dateModified":"2018-01-10T14:20:18+00:00","mainEntityOfPage":{"@id":"https:\/\/wp.kristdemokraterna.se\/solna\/kristdemokraterna-gor-skillnad-for-aldre\/"},"wordCount":202,"keywords":["\u00c4ldre","\u00c4ldreomsorg","\u00c4ldrepolitik","Pension\u00e4rer"],"articleSection":["Aktuellt"],"inLanguage":"sv-SE"},{"@type":"WebPage","@id":"https:\/\/wp.kristdemokraterna.se\/solna\/kristdemokraterna-gor-skillnad-for-aldre\/","url":"https:\/\/wp.kristdemokraterna.se\/solna\/kristdemokraterna-gor-skillnad-for-aldre\/","name":"Kristdemokraterna g\u00f6r skillnad f\u00f6r \u00e4ldre - Kristdemokraterna i Solna","isPartOf":{"@id":"https:\/\/wp.kristdemokraterna.se\/solna\/#website"},"datePublished":"2013-10-28T14:19:46+00:00","dateModified":"2018-01-10T14:20:18+00:00","author":{"@id":"https:\/\/wp.kristdemokraterna.se\/solna\/#\/schema\/person\/712d13bb8cb0816b1c5064a9033a35f2"},"breadcrumb":{"@id":"https:\/\/wp.kristdemokraterna.se\/solna\/kristdemokraterna-gor-skillnad-for-aldre\/#breadcrumb"},"inLanguage":"sv-SE","potentialAction":[{"@type":"ReadAction","target":["https:\/\/wp.kristdemokraterna.se\/solna\/kristdemokraterna-gor-skillnad-for-aldre\/"]}]},{"@type":"BreadcrumbList","@id":"https:\/\/wp.kristdemokraterna.se\/solna\/kristdemokraterna-gor-skillnad-for-aldre\/#breadcrumb","itemListElement":[{"@type":"ListItem","position":1,"name":"Hem","item":"https:\/\/wp.kristdemokraterna.se\/solna\/"},{"@type":"ListItem","position":2,"name":"Kristdemokraterna g\u00f6r skillnad f\u00f6r \u00e4ldre"}]},{"@type":"WebSite","@id":"https:\/\/wp.kristdemokraterna.se\/solna\/#website","url":"https:\/\/wp.kristdemokraterna.se\/solna\/","name":"Kristdemokraterna i Solna","description":"Med \ud83d\udc99 f\u00f6r Solna","inLanguage":"sv-SE"},{"@type":"Person","@id":"https:\/\/wp.kristdemokraterna.se\/solna\/#\/schema\/person\/712d13bb8cb0816b1c5064a9033a35f2","name":"solna2","image":{"@type":"ImageObject","inLanguage":"sv-SE","@id":"https:\/\/secure.gravatar.com\/avatar\/c47156d8f469e439727cc363e6968b2f5ab12cd38563467e0076a31756980b3c?s=96&d=mm&r=g","url":"https:\/\/secure.gravatar.com\/avatar\/c47156d8f469e439727cc363e6968b2f5ab12cd38563467e0076a31756980b3c?s=96&d=mm&r=g","contentUrl":"https:\/\/secure.gravatar.com\/avatar\/c47156d8f469e439727cc363e6968b2f5ab12cd38563467e0076a31756980b3c?s=96&d=mm&r=g","caption":"solna2"},"url":"https:\/\/wp.kristdemokraterna.se\/solna\/author\/solna2\/"}]}},"_links":{"self":[{"href":"https:\/\/wp.kristdemokraterna.se\/solna\/wp-json\/wp\/v2\/posts\/879","targetHints":{"allow":["GET"]}}],"collection":[{"href":"https:\/\/wp.kristdemokraterna.se\/solna\/wp-json\/wp\/v2\/posts"}],"about":[{"href":"https:\/\/wp.kristdemokraterna.se\/solna\/wp-json\/wp\/v2\/types\/post"}],"author":[{"embeddable":true,"href":"https:\/\/wp.kristdemokraterna.se\/solna\/wp-json\/wp\/v2\/users\/769"}],"replies":[{"embeddable":true,"href":"https:\/\/wp.kristdemokraterna.se\/solna\/wp-json\/wp\/v2\/comments?post=879"}],"version-history":[{"count":1,"href":"https:\/\/wp.kristdemokraterna.se\/solna\/wp-json\/wp\/v2\/posts\/879\/revisions"}],"predecessor-version":[{"id":880,"href":"https:\/\/wp.kristdemokraterna.se\/solna\/wp-json\/wp\/v2\/posts\/879\/revisions\/880"}],"wp:attachment":[{"href":"https:\/\/wp.kristdemokraterna.se\/solna\/wp-json\/wp\/v2\/media?parent=879"}],"wp:term":[{"taxonomy":"category","embeddable":true,"href":"https:\/\/wp.kristdemokraterna.se\/solna\/wp-json\/wp\/v2\/categories?post=879"},{"taxonomy":"post_tag","embeddable":true,"href":"https:\/\/wp.kristdemokraterna.se\/solna\/wp-json\/wp\/v2\/tags?post=879"}],"curies":[{"name":"wp","href":"https:\/\/api.w.org\/{rel}","templated":true}]}}