{"id":881,"date":"2013-10-28T15:20:27","date_gmt":"2013-10-28T14:20:27","guid":{"rendered":"http:\/\/wp.kristdemokraterna.se\/solna2\/?p=881"},"modified":"2018-01-10T15:21:00","modified_gmt":"2018-01-10T14:21:00","slug":"tvarbana-till-och-fran-solna","status":"publish","type":"post","link":"https:\/\/wp.kristdemokraterna.se\/solna\/tvarbana-till-och-fran-solna\/","title":{"rendered":"Tv\u00e4rbana till och fr\u00e5n Solna"},"content":{"rendered":"<p><strong>Kristdemokraterna v\u00e4lkomnar invigningen av Tv\u00e4rbanan till och fr\u00e5n Solna. Vardagen kommer att underl\u00e4ttas f\u00f6r s\u00e5v\u00e4l solnabor som jobbpendlare n\u00e4r infrastrukturen till och fr\u00e5n Solna nu f\u00f6rb\u00e4ttras.<\/strong><\/p>\n<p>Idag invigdes Tv\u00e4rbanans str\u00e4ckning till och fr\u00e5n Solna. Fr\u00e5n och med idag kommer trafiken att rulla mellan Alvik och Solna centrum.<\/p>\n<p>Solnaborna har v\u00e4ntat l\u00e4nge, arbetet har tagit fyra \u00e5r att slutf\u00f6ra, men nu \u00e4r det \u00e4ntligen f\u00e4rdigt och vardagen kommer att underl\u00e4ttas f\u00f6r s\u00e5v\u00e4l solnabor som jobbpendlare n\u00e4r infrastrukturen till och fr\u00e5n Solna nu f\u00f6rb\u00e4ttras.<\/p>\n<p>En resa ber\u00e4knas ta 15 minuter mellan Alvik och Solna centrum. Det inneb\u00e4r att det fr\u00e5n och med idag blir l\u00e4ttare f\u00f6r solnaborna att att l\u00e4gga livspussel och det \u00e4r vi kristdemokrater mycket glada f\u00f6r.<\/p>\n<p>Infrastrukturen f\u00f6rb\u00e4ttras i Solna p\u00e5 fler s\u00e4tt. Redan den 10 oktober \u00f6ppnades den nya norra entr\u00e9n till Solna station och idag \u00f6ppnar ocks\u00e5 Solnav\u00e4gen f\u00f6r biltrafik igen. N\u00e4sta \u00e5r f\u00f6rb\u00e4ttras infrastrukturen ytterligare i och med f\u00f6rl\u00e4ngningen av Tv\u00e4rbanan till Solna station.<\/p>\n<p>Det \u00e4r avg\u00f6rande att infrastrukturen forts\u00e4tter att f\u00f6rb\u00e4ttras och Kristdemokraterna i Solna arbetar f\u00f6r detta \u2013 bland annat genom att f\u00f6rs\u00f6ka f\u00e5 till st\u00e5nd Huvudstaleden i tunnel och t-bana till Arenastaden.<\/p>\n","protected":false},"excerpt":{"rendered":"<p>Kristdemokraterna v\u00e4lkomnar invigningen av Tv\u00e4rbanan till och fr\u00e5n Solna. Vardagen kommer att underl\u00e4ttas f\u00f6r s\u00e5v\u00e4l solnabor som jobbpendlare n\u00e4r infrastrukturen till och fr\u00e5n Solna nu f\u00f6rb\u00e4ttras. Idag invigdes Tv\u00e4rbanans str\u00e4ckning till och fr\u00e5n Solna. Fr\u00e5n och med idag kommer trafiken att rulla mellan Alvik och Solna centrum. Solnaborna har v\u00e4ntat l\u00e4nge, arbetet har tagit fyra <a class=\"read-more-link\" href=\"https:\/\/wp.kristdemokraterna.se\/solna\/tvarbana-till-och-fran-solna\/\">Read More<\/a><\/p>\n","protected":false},"author":769,"featured_media":0,"comment_status":"closed","ping_status":"closed","sticky":false,"template":"","format":"standard","meta":{"_acf_changed":false,"footnotes":""},"categories":[4],"tags":[66,15,65],"class_list":["post-881","post","type-post","status-publish","format-standard","hentry","category-aktuellt","tag-gula-linjen","tag-infrastruktur","tag-tunnelbana"],"acf":[],"yoast_head":"<!-- This site is optimized with the Yoast SEO plugin v27.4 - https:\/\/yoast.com\/product\/yoast-seo-wordpress\/ -->\n<title>Tv\u00e4rbana till och fr\u00e5n Solna - Kristdemokraterna i Solna<\/title>\n<meta name=\"robots\" content=\"index, follow, max-snippet:-1, max-image-preview:large, max-video-preview:-1\" \/>\n<link rel=\"canonical\" href=\"https:\/\/wp.kristdemokraterna.se\/solna\/tvarbana-till-och-fran-solna\/\" \/>\n<meta property=\"og:locale\" content=\"sv_SE\" \/>\n<meta property=\"og:type\" content=\"article\" \/>\n<meta property=\"og:title\" content=\"Tv\u00e4rbana till och fr\u00e5n Solna - Kristdemokraterna i Solna\" \/>\n<meta property=\"og:description\" content=\"Kristdemokraterna v\u00e4lkomnar invigningen av Tv\u00e4rbanan till och fr\u00e5n Solna. Vardagen kommer att underl\u00e4ttas f\u00f6r s\u00e5v\u00e4l solnabor som jobbpendlare n\u00e4r infrastrukturen till och fr\u00e5n Solna nu f\u00f6rb\u00e4ttras. Idag invigdes Tv\u00e4rbanans str\u00e4ckning till och fr\u00e5n Solna. Fr\u00e5n och med idag kommer trafiken att rulla mellan Alvik och Solna centrum. Solnaborna har v\u00e4ntat l\u00e4nge, arbetet har tagit fyra Read More\" \/>\n<meta property=\"og:url\" content=\"https:\/\/wp.kristdemokraterna.se\/solna\/tvarbana-till-och-fran-solna\/\" \/>\n<meta property=\"og:site_name\" content=\"Kristdemokraterna i Solna\" \/>\n<meta property=\"article:published_time\" content=\"2013-10-28T14:20:27+00:00\" \/>\n<meta property=\"article:modified_time\" content=\"2018-01-10T14:21:00+00:00\" \/>\n<meta name=\"author\" content=\"solna2\" \/>\n<meta name=\"twitter:card\" content=\"summary_large_image\" \/>\n<meta name=\"twitter:label1\" content=\"Skriven av\" \/>\n\t<meta name=\"twitter:data1\" content=\"solna2\" \/>\n\t<meta name=\"twitter:label2\" content=\"Ber\u00e4knad l\u00e4stid\" \/>\n\t<meta name=\"twitter:data2\" content=\"1 minut\" \/>\n<script type=\"application\/ld+json\" class=\"yoast-schema-graph\">{\"@context\":\"https:\\\/\\\/schema.org\",\"@graph\":[{\"@type\":\"Article\",\"@id\":\"https:\\\/\\\/wp.kristdemokraterna.se\\\/solna\\\/tvarbana-till-och-fran-solna\\\/#article\",\"isPartOf\":{\"@id\":\"https:\\\/\\\/wp.kristdemokraterna.se\\\/solna\\\/tvarbana-till-och-fran-solna\\\/\"},\"author\":{\"name\":\"solna2\",\"@id\":\"https:\\\/\\\/wp.kristdemokraterna.se\\\/solna\\\/#\\\/schema\\\/person\\\/712d13bb8cb0816b1c5064a9033a35f2\"},\"headline\":\"Tv\u00e4rbana till och fr\u00e5n Solna\",\"datePublished\":\"2013-10-28T14:20:27+00:00\",\"dateModified\":\"2018-01-10T14:21:00+00:00\",\"mainEntityOfPage\":{\"@id\":\"https:\\\/\\\/wp.kristdemokraterna.se\\\/solna\\\/tvarbana-till-och-fran-solna\\\/\"},\"wordCount\":247,\"keywords\":[\"Gula linjen\",\"Infrastruktur\",\"Tunnelbana\"],\"articleSection\":[\"Aktuellt\"],\"inLanguage\":\"sv-SE\"},{\"@type\":\"WebPage\",\"@id\":\"https:\\\/\\\/wp.kristdemokraterna.se\\\/solna\\\/tvarbana-till-och-fran-solna\\\/\",\"url\":\"https:\\\/\\\/wp.kristdemokraterna.se\\\/solna\\\/tvarbana-till-och-fran-solna\\\/\",\"name\":\"Tv\u00e4rbana till och fr\u00e5n Solna - Kristdemokraterna i Solna\",\"isPartOf\":{\"@id\":\"https:\\\/\\\/wp.kristdemokraterna.se\\\/solna\\\/#website\"},\"datePublished\":\"2013-10-28T14:20:27+00:00\",\"dateModified\":\"2018-01-10T14:21:00+00:00\",\"author\":{\"@id\":\"https:\\\/\\\/wp.kristdemokraterna.se\\\/solna\\\/#\\\/schema\\\/person\\\/712d13bb8cb0816b1c5064a9033a35f2\"},\"breadcrumb\":{\"@id\":\"https:\\\/\\\/wp.kristdemokraterna.se\\\/solna\\\/tvarbana-till-och-fran-solna\\\/#breadcrumb\"},\"inLanguage\":\"sv-SE\",\"potentialAction\":[{\"@type\":\"ReadAction\",\"target\":[\"https:\\\/\\\/wp.kristdemokraterna.se\\\/solna\\\/tvarbana-till-och-fran-solna\\\/\"]}]},{\"@type\":\"BreadcrumbList\",\"@id\":\"https:\\\/\\\/wp.kristdemokraterna.se\\\/solna\\\/tvarbana-till-och-fran-solna\\\/#breadcrumb\",\"itemListElement\":[{\"@type\":\"ListItem\",\"position\":1,\"name\":\"Hem\",\"item\":\"https:\\\/\\\/wp.kristdemokraterna.se\\\/solna\\\/\"},{\"@type\":\"ListItem\",\"position\":2,\"name\":\"Tv\u00e4rbana till och fr\u00e5n Solna\"}]},{\"@type\":\"WebSite\",\"@id\":\"https:\\\/\\\/wp.kristdemokraterna.se\\\/solna\\\/#website\",\"url\":\"https:\\\/\\\/wp.kristdemokraterna.se\\\/solna\\\/\",\"name\":\"Kristdemokraterna i Solna\",\"description\":\"Med \ud83d\udc99 f\u00f6r Solna\",\"inLanguage\":\"sv-SE\"},{\"@type\":\"Person\",\"@id\":\"https:\\\/\\\/wp.kristdemokraterna.se\\\/solna\\\/#\\\/schema\\\/person\\\/712d13bb8cb0816b1c5064a9033a35f2\",\"name\":\"solna2\",\"image\":{\"@type\":\"ImageObject\",\"inLanguage\":\"sv-SE\",\"@id\":\"https:\\\/\\\/secure.gravatar.com\\\/avatar\\\/c47156d8f469e439727cc363e6968b2f5ab12cd38563467e0076a31756980b3c?s=96&d=mm&r=g\",\"url\":\"https:\\\/\\\/secure.gravatar.com\\\/avatar\\\/c47156d8f469e439727cc363e6968b2f5ab12cd38563467e0076a31756980b3c?s=96&d=mm&r=g\",\"contentUrl\":\"https:\\\/\\\/secure.gravatar.com\\\/avatar\\\/c47156d8f469e439727cc363e6968b2f5ab12cd38563467e0076a31756980b3c?s=96&d=mm&r=g\",\"caption\":\"solna2\"},\"url\":\"https:\\\/\\\/wp.kristdemokraterna.se\\\/solna\\\/author\\\/solna2\\\/\"}]}<\/script>\n<!-- \/ Yoast SEO plugin. -->","yoast_head_json":{"title":"Tv\u00e4rbana till och fr\u00e5n Solna - Kristdemokraterna i Solna","robots":{"index":"index","follow":"follow","max-snippet":"max-snippet:-1","max-image-preview":"max-image-preview:large","max-video-preview":"max-video-preview:-1"},"canonical":"https:\/\/wp.kristdemokraterna.se\/solna\/tvarbana-till-och-fran-solna\/","og_locale":"sv_SE","og_type":"article","og_title":"Tv\u00e4rbana till och fr\u00e5n Solna - Kristdemokraterna i Solna","og_description":"Kristdemokraterna v\u00e4lkomnar invigningen av Tv\u00e4rbanan till och fr\u00e5n Solna. Vardagen kommer att underl\u00e4ttas f\u00f6r s\u00e5v\u00e4l solnabor som jobbpendlare n\u00e4r infrastrukturen till och fr\u00e5n Solna nu f\u00f6rb\u00e4ttras. Idag invigdes Tv\u00e4rbanans str\u00e4ckning till och fr\u00e5n Solna. Fr\u00e5n och med idag kommer trafiken att rulla mellan Alvik och Solna centrum. Solnaborna har v\u00e4ntat l\u00e4nge, arbetet har tagit fyra Read More","og_url":"https:\/\/wp.kristdemokraterna.se\/solna\/tvarbana-till-och-fran-solna\/","og_site_name":"Kristdemokraterna i Solna","article_published_time":"2013-10-28T14:20:27+00:00","article_modified_time":"2018-01-10T14:21:00+00:00","author":"solna2","twitter_card":"summary_large_image","twitter_misc":{"Skriven av":"solna2","Ber\u00e4knad l\u00e4stid":"1 minut"},"schema":{"@context":"https:\/\/schema.org","@graph":[{"@type":"Article","@id":"https:\/\/wp.kristdemokraterna.se\/solna\/tvarbana-till-och-fran-solna\/#article","isPartOf":{"@id":"https:\/\/wp.kristdemokraterna.se\/solna\/tvarbana-till-och-fran-solna\/"},"author":{"name":"solna2","@id":"https:\/\/wp.kristdemokraterna.se\/solna\/#\/schema\/person\/712d13bb8cb0816b1c5064a9033a35f2"},"headline":"Tv\u00e4rbana till och fr\u00e5n Solna","datePublished":"2013-10-28T14:20:27+00:00","dateModified":"2018-01-10T14:21:00+00:00","mainEntityOfPage":{"@id":"https:\/\/wp.kristdemokraterna.se\/solna\/tvarbana-till-och-fran-solna\/"},"wordCount":247,"keywords":["Gula linjen","Infrastruktur","Tunnelbana"],"articleSection":["Aktuellt"],"inLanguage":"sv-SE"},{"@type":"WebPage","@id":"https:\/\/wp.kristdemokraterna.se\/solna\/tvarbana-till-och-fran-solna\/","url":"https:\/\/wp.kristdemokraterna.se\/solna\/tvarbana-till-och-fran-solna\/","name":"Tv\u00e4rbana till och fr\u00e5n Solna - Kristdemokraterna i Solna","isPartOf":{"@id":"https:\/\/wp.kristdemokraterna.se\/solna\/#website"},"datePublished":"2013-10-28T14:20:27+00:00","dateModified":"2018-01-10T14:21:00+00:00","author":{"@id":"https:\/\/wp.kristdemokraterna.se\/solna\/#\/schema\/person\/712d13bb8cb0816b1c5064a9033a35f2"},"breadcrumb":{"@id":"https:\/\/wp.kristdemokraterna.se\/solna\/tvarbana-till-och-fran-solna\/#breadcrumb"},"inLanguage":"sv-SE","potentialAction":[{"@type":"ReadAction","target":["https:\/\/wp.kristdemokraterna.se\/solna\/tvarbana-till-och-fran-solna\/"]}]},{"@type":"BreadcrumbList","@id":"https:\/\/wp.kristdemokraterna.se\/solna\/tvarbana-till-och-fran-solna\/#breadcrumb","itemListElement":[{"@type":"ListItem","position":1,"name":"Hem","item":"https:\/\/wp.kristdemokraterna.se\/solna\/"},{"@type":"ListItem","position":2,"name":"Tv\u00e4rbana till och fr\u00e5n Solna"}]},{"@type":"WebSite","@id":"https:\/\/wp.kristdemokraterna.se\/solna\/#website","url":"https:\/\/wp.kristdemokraterna.se\/solna\/","name":"Kristdemokraterna i Solna","description":"Med \ud83d\udc99 f\u00f6r Solna","inLanguage":"sv-SE"},{"@type":"Person","@id":"https:\/\/wp.kristdemokraterna.se\/solna\/#\/schema\/person\/712d13bb8cb0816b1c5064a9033a35f2","name":"solna2","image":{"@type":"ImageObject","inLanguage":"sv-SE","@id":"https:\/\/secure.gravatar.com\/avatar\/c47156d8f469e439727cc363e6968b2f5ab12cd38563467e0076a31756980b3c?s=96&d=mm&r=g","url":"https:\/\/secure.gravatar.com\/avatar\/c47156d8f469e439727cc363e6968b2f5ab12cd38563467e0076a31756980b3c?s=96&d=mm&r=g","contentUrl":"https:\/\/secure.gravatar.com\/avatar\/c47156d8f469e439727cc363e6968b2f5ab12cd38563467e0076a31756980b3c?s=96&d=mm&r=g","caption":"solna2"},"url":"https:\/\/wp.kristdemokraterna.se\/solna\/author\/solna2\/"}]}},"_links":{"self":[{"href":"https:\/\/wp.kristdemokraterna.se\/solna\/wp-json\/wp\/v2\/posts\/881","targetHints":{"allow":["GET"]}}],"collection":[{"href":"https:\/\/wp.kristdemokraterna.se\/solna\/wp-json\/wp\/v2\/posts"}],"about":[{"href":"https:\/\/wp.kristdemokraterna.se\/solna\/wp-json\/wp\/v2\/types\/post"}],"author":[{"embeddable":true,"href":"https:\/\/wp.kristdemokraterna.se\/solna\/wp-json\/wp\/v2\/users\/769"}],"replies":[{"embeddable":true,"href":"https:\/\/wp.kristdemokraterna.se\/solna\/wp-json\/wp\/v2\/comments?post=881"}],"version-history":[{"count":1,"href":"https:\/\/wp.kristdemokraterna.se\/solna\/wp-json\/wp\/v2\/posts\/881\/revisions"}],"predecessor-version":[{"id":882,"href":"https:\/\/wp.kristdemokraterna.se\/solna\/wp-json\/wp\/v2\/posts\/881\/revisions\/882"}],"wp:attachment":[{"href":"https:\/\/wp.kristdemokraterna.se\/solna\/wp-json\/wp\/v2\/media?parent=881"}],"wp:term":[{"taxonomy":"category","embeddable":true,"href":"https:\/\/wp.kristdemokraterna.se\/solna\/wp-json\/wp\/v2\/categories?post=881"},{"taxonomy":"post_tag","embeddable":true,"href":"https:\/\/wp.kristdemokraterna.se\/solna\/wp-json\/wp\/v2\/tags?post=881"}],"curies":[{"name":"wp","href":"https:\/\/api.w.org\/{rel}","templated":true}]}}