{"id":883,"date":"2013-10-22T15:21:08","date_gmt":"2013-10-22T13:21:08","guid":{"rendered":"http:\/\/wp.kristdemokraterna.se\/solna2\/?p=883"},"modified":"2018-01-10T15:21:28","modified_gmt":"2018-01-10T14:21:28","slug":"lo-bemodar-sig-inte","status":"publish","type":"post","link":"https:\/\/wp.kristdemokraterna.se\/solna\/lo-bemodar-sig-inte\/","title":{"rendered":"LO bem\u00f6dar sig inte"},"content":{"rendered":"<div>\n<div>\n<p><strong>Jag skulle \u00f6nska att diskussionen om \u00e4ldreomsorgen inte reduceras till ett skyttegravskrig, skriver Malin Appelgren (KD).<\/strong><\/p>\n<\/div>\n<\/div>\n<div id=\"contentBody\">\n<div>\n<div>\n<p>Jag inledde i en debattartikel publicerad h\u00e4r en diskussion om hur framtidens \u00e4ldreomsorg ska se ut och finansieras n\u00e4r andelen \u00e4ldre \u00f6kar och f\u00e4rre n\u00f6jer sig med den i socialtj\u00e4nstlagen stipulerade \u201dsk\u00e4liga levnadsniv\u00e5n\u201d .<\/p>\n<p><strong>Med tanke p\u00e5 den<\/strong>\u00a0massiva, positiva respons jag f\u00e5tt fick jag hopp om att inl\u00e4gget skulle leda till en konstruktiv debatt. Detta \u00f6vergick dock i besvikelse n\u00e4r jag l\u00e4ste LO:s replik. Reflexm\u00e4ssigt svarar man att i den m\u00e5n det finns problem inom \u00e4ldreomsorgen s\u00e5 \u00e4r det privatiseringen som \u00e4r problemet. Detta trots att de privata utf\u00f6rarna i dag st\u00e5r f\u00f6r blott 17% av den totala \u00e4ldreomsorgen och inte har ett dyft att g\u00f6ra med socialtj\u00e4nstlagens utformning.<\/p>\n<p>Att vi f\u00e5r allt fler v\u00e5rdkr\u00e4vande \u00e4ldre, som st\u00e4ller ofta fullt ber\u00e4ttigade krav p\u00e5 en mer tillg\u00e4nglig och god omsorg \u00e4r ingen social eller politisk konstruktion: det \u00e4r fakta. Likas\u00e5 att vi inte har ett system som l\u00e5ngsiktigt f\u00f6rm\u00e5r finansiera en tillr\u00e4cklig ambitionsh\u00f6jning f\u00f6r att mota detta missn\u00f6je.<\/p>\n<p>Bortsett fr\u00e5n den vanliga socialistiska besv\u00e4rjelsen \u2013 h\u00f6jer vi bara skatten s\u00e5 l\u00f6ser sig allt \u2013 s\u00e5 bem\u00f6dar sig inte LO med att presentera n\u00e5gra t\u00e4nkbara \u00e5tg\u00e4rder \u00f6verhuvudtaget.<br \/>\nJag v\u00e5gar \u00e4nd\u00e5 tro att det inom LO-f\u00f6rbundet Kommunal finns m\u00e5nga kompetenta och engagerade medlemmar som ser behovet av att f\u00e5 till st\u00e5nd en seri\u00f6s diskussion om hur framtidens \u00e4ldreomsorg ska vara utformad.<\/p>\n<p><strong>\u00c4r man p\u00e5 allvar oroad\u00a0<\/strong>f\u00f6r risken att helt parallella system uppst\u00e5r \u2013 ett helprivat f\u00f6r de som har r\u00e5d, och ett heloffentligt f\u00f6r alla andra \u2013 borde det stigande missn\u00f6jet \u00f6ver vad det offentliga kan tillhandah\u00e5lla f\u00e5 varningsklockorna att ringa i LO-borgen. Att p\u00e5 sikt tvingas ta ut konfiskatoriska skatter f\u00f6r att kunna erbjuda en v\u00e4lf\u00e4rd som \u00e4nd\u00e5 inte lyckas g\u00f6ra alla n\u00f6jda borde rimligtvis inte ligga i medlemmarnas intresse, vare sig som arbetstagare eller som v\u00e4lf\u00e4rdskonsumenter.<\/p>\n<p>Jag skulle \u00f6nska att denna viktiga v\u00e4lf\u00e4rdsdiskussion inte reduceras till ett skyttegravskrig som b\u00f6rjar och slutar i partipolitiska floskler. L\u00e5t oss i st\u00e4llet engagera s\u00e5v\u00e4l hj\u00e4rta som hj\u00e4rna i en debatt som kan leda till konstruktiva l\u00f6sningar. Det tycker jag medborgarna f\u00f6rtj\u00e4nar.<\/p>\n<\/div>\n<\/div>\n<\/div>\n<div id=\"byline\">\n<div>\n<p><strong>Malin Appelgren (KD),\u00a0<\/strong>Kommunalr\u00e5d med \u00e4ldreomsorgsansvar, Solna<\/p>\n<\/div>\n<\/div>\n","protected":false},"excerpt":{"rendered":"<p>Jag skulle \u00f6nska att diskussionen om \u00e4ldreomsorgen inte reduceras till ett skyttegravskrig, skriver Malin Appelgren (KD). Jag inledde i en debattartikel publicerad h\u00e4r en diskussion om hur framtidens \u00e4ldreomsorg ska se ut och finansieras n\u00e4r andelen \u00e4ldre \u00f6kar och f\u00e4rre n\u00f6jer sig med den i socialtj\u00e4nstlagen stipulerade \u201dsk\u00e4liga levnadsniv\u00e5n\u201d . Med tanke p\u00e5 den\u00a0massiva, positiva <a class=\"read-more-link\" href=\"https:\/\/wp.kristdemokraterna.se\/solna\/lo-bemodar-sig-inte\/\">Read More<\/a><\/p>\n","protected":false},"author":769,"featured_media":0,"comment_status":"closed","ping_status":"closed","sticky":false,"template":"","format":"standard","meta":{"_acf_changed":false,"footnotes":""},"categories":[4],"tags":[12,38],"class_list":["post-883","post","type-post","status-publish","format-standard","hentry","category-aktuellt","tag-aldreomsorg","tag-debattartikel"],"acf":[],"yoast_head":"<!-- This site is optimized with the Yoast SEO plugin v27.4 - https:\/\/yoast.com\/product\/yoast-seo-wordpress\/ -->\n<title>LO bem\u00f6dar sig inte - Kristdemokraterna i Solna<\/title>\n<meta name=\"robots\" content=\"index, follow, max-snippet:-1, max-image-preview:large, max-video-preview:-1\" \/>\n<link rel=\"canonical\" href=\"https:\/\/wp.kristdemokraterna.se\/solna\/lo-bemodar-sig-inte\/\" \/>\n<meta property=\"og:locale\" content=\"sv_SE\" \/>\n<meta property=\"og:type\" content=\"article\" \/>\n<meta property=\"og:title\" content=\"LO bem\u00f6dar sig inte - Kristdemokraterna i Solna\" \/>\n<meta property=\"og:description\" content=\"Jag skulle \u00f6nska att diskussionen om \u00e4ldreomsorgen inte reduceras till ett skyttegravskrig, skriver Malin Appelgren (KD). Jag inledde i en debattartikel publicerad h\u00e4r en diskussion om hur framtidens \u00e4ldreomsorg ska se ut och finansieras n\u00e4r andelen \u00e4ldre \u00f6kar och f\u00e4rre n\u00f6jer sig med den i socialtj\u00e4nstlagen stipulerade \u201dsk\u00e4liga levnadsniv\u00e5n\u201d . Med tanke p\u00e5 den\u00a0massiva, positiva Read More\" \/>\n<meta property=\"og:url\" content=\"https:\/\/wp.kristdemokraterna.se\/solna\/lo-bemodar-sig-inte\/\" \/>\n<meta property=\"og:site_name\" content=\"Kristdemokraterna i Solna\" \/>\n<meta property=\"article:published_time\" content=\"2013-10-22T13:21:08+00:00\" \/>\n<meta property=\"article:modified_time\" content=\"2018-01-10T14:21:28+00:00\" \/>\n<meta name=\"author\" content=\"solna2\" \/>\n<meta name=\"twitter:card\" content=\"summary_large_image\" \/>\n<meta name=\"twitter:label1\" content=\"Skriven av\" \/>\n\t<meta name=\"twitter:data1\" content=\"solna2\" \/>\n\t<meta name=\"twitter:label2\" content=\"Ber\u00e4knad l\u00e4stid\" \/>\n\t<meta name=\"twitter:data2\" content=\"2 minuter\" \/>\n<script type=\"application\/ld+json\" class=\"yoast-schema-graph\">{\"@context\":\"https:\\\/\\\/schema.org\",\"@graph\":[{\"@type\":\"Article\",\"@id\":\"https:\\\/\\\/wp.kristdemokraterna.se\\\/solna\\\/lo-bemodar-sig-inte\\\/#article\",\"isPartOf\":{\"@id\":\"https:\\\/\\\/wp.kristdemokraterna.se\\\/solna\\\/lo-bemodar-sig-inte\\\/\"},\"author\":{\"name\":\"solna2\",\"@id\":\"https:\\\/\\\/wp.kristdemokraterna.se\\\/solna\\\/#\\\/schema\\\/person\\\/712d13bb8cb0816b1c5064a9033a35f2\"},\"headline\":\"LO bem\u00f6dar sig inte\",\"datePublished\":\"2013-10-22T13:21:08+00:00\",\"dateModified\":\"2018-01-10T14:21:28+00:00\",\"mainEntityOfPage\":{\"@id\":\"https:\\\/\\\/wp.kristdemokraterna.se\\\/solna\\\/lo-bemodar-sig-inte\\\/\"},\"wordCount\":433,\"keywords\":[\"\u00c4ldreomsorg\",\"Debattartikel\"],\"articleSection\":[\"Aktuellt\"],\"inLanguage\":\"sv-SE\"},{\"@type\":\"WebPage\",\"@id\":\"https:\\\/\\\/wp.kristdemokraterna.se\\\/solna\\\/lo-bemodar-sig-inte\\\/\",\"url\":\"https:\\\/\\\/wp.kristdemokraterna.se\\\/solna\\\/lo-bemodar-sig-inte\\\/\",\"name\":\"LO bem\u00f6dar sig inte - Kristdemokraterna i Solna\",\"isPartOf\":{\"@id\":\"https:\\\/\\\/wp.kristdemokraterna.se\\\/solna\\\/#website\"},\"datePublished\":\"2013-10-22T13:21:08+00:00\",\"dateModified\":\"2018-01-10T14:21:28+00:00\",\"author\":{\"@id\":\"https:\\\/\\\/wp.kristdemokraterna.se\\\/solna\\\/#\\\/schema\\\/person\\\/712d13bb8cb0816b1c5064a9033a35f2\"},\"breadcrumb\":{\"@id\":\"https:\\\/\\\/wp.kristdemokraterna.se\\\/solna\\\/lo-bemodar-sig-inte\\\/#breadcrumb\"},\"inLanguage\":\"sv-SE\",\"potentialAction\":[{\"@type\":\"ReadAction\",\"target\":[\"https:\\\/\\\/wp.kristdemokraterna.se\\\/solna\\\/lo-bemodar-sig-inte\\\/\"]}]},{\"@type\":\"BreadcrumbList\",\"@id\":\"https:\\\/\\\/wp.kristdemokraterna.se\\\/solna\\\/lo-bemodar-sig-inte\\\/#breadcrumb\",\"itemListElement\":[{\"@type\":\"ListItem\",\"position\":1,\"name\":\"Hem\",\"item\":\"https:\\\/\\\/wp.kristdemokraterna.se\\\/solna\\\/\"},{\"@type\":\"ListItem\",\"position\":2,\"name\":\"LO bem\u00f6dar sig inte\"}]},{\"@type\":\"WebSite\",\"@id\":\"https:\\\/\\\/wp.kristdemokraterna.se\\\/solna\\\/#website\",\"url\":\"https:\\\/\\\/wp.kristdemokraterna.se\\\/solna\\\/\",\"name\":\"Kristdemokraterna i Solna\",\"description\":\"Med \ud83d\udc99 f\u00f6r Solna\",\"inLanguage\":\"sv-SE\"},{\"@type\":\"Person\",\"@id\":\"https:\\\/\\\/wp.kristdemokraterna.se\\\/solna\\\/#\\\/schema\\\/person\\\/712d13bb8cb0816b1c5064a9033a35f2\",\"name\":\"solna2\",\"image\":{\"@type\":\"ImageObject\",\"inLanguage\":\"sv-SE\",\"@id\":\"https:\\\/\\\/secure.gravatar.com\\\/avatar\\\/c47156d8f469e439727cc363e6968b2f5ab12cd38563467e0076a31756980b3c?s=96&d=mm&r=g\",\"url\":\"https:\\\/\\\/secure.gravatar.com\\\/avatar\\\/c47156d8f469e439727cc363e6968b2f5ab12cd38563467e0076a31756980b3c?s=96&d=mm&r=g\",\"contentUrl\":\"https:\\\/\\\/secure.gravatar.com\\\/avatar\\\/c47156d8f469e439727cc363e6968b2f5ab12cd38563467e0076a31756980b3c?s=96&d=mm&r=g\",\"caption\":\"solna2\"},\"url\":\"https:\\\/\\\/wp.kristdemokraterna.se\\\/solna\\\/author\\\/solna2\\\/\"}]}<\/script>\n<!-- \/ Yoast SEO plugin. -->","yoast_head_json":{"title":"LO bem\u00f6dar sig inte - Kristdemokraterna i Solna","robots":{"index":"index","follow":"follow","max-snippet":"max-snippet:-1","max-image-preview":"max-image-preview:large","max-video-preview":"max-video-preview:-1"},"canonical":"https:\/\/wp.kristdemokraterna.se\/solna\/lo-bemodar-sig-inte\/","og_locale":"sv_SE","og_type":"article","og_title":"LO bem\u00f6dar sig inte - Kristdemokraterna i Solna","og_description":"Jag skulle \u00f6nska att diskussionen om \u00e4ldreomsorgen inte reduceras till ett skyttegravskrig, skriver Malin Appelgren (KD). Jag inledde i en debattartikel publicerad h\u00e4r en diskussion om hur framtidens \u00e4ldreomsorg ska se ut och finansieras n\u00e4r andelen \u00e4ldre \u00f6kar och f\u00e4rre n\u00f6jer sig med den i socialtj\u00e4nstlagen stipulerade \u201dsk\u00e4liga levnadsniv\u00e5n\u201d . Med tanke p\u00e5 den\u00a0massiva, positiva Read More","og_url":"https:\/\/wp.kristdemokraterna.se\/solna\/lo-bemodar-sig-inte\/","og_site_name":"Kristdemokraterna i Solna","article_published_time":"2013-10-22T13:21:08+00:00","article_modified_time":"2018-01-10T14:21:28+00:00","author":"solna2","twitter_card":"summary_large_image","twitter_misc":{"Skriven av":"solna2","Ber\u00e4knad l\u00e4stid":"2 minuter"},"schema":{"@context":"https:\/\/schema.org","@graph":[{"@type":"Article","@id":"https:\/\/wp.kristdemokraterna.se\/solna\/lo-bemodar-sig-inte\/#article","isPartOf":{"@id":"https:\/\/wp.kristdemokraterna.se\/solna\/lo-bemodar-sig-inte\/"},"author":{"name":"solna2","@id":"https:\/\/wp.kristdemokraterna.se\/solna\/#\/schema\/person\/712d13bb8cb0816b1c5064a9033a35f2"},"headline":"LO bem\u00f6dar sig inte","datePublished":"2013-10-22T13:21:08+00:00","dateModified":"2018-01-10T14:21:28+00:00","mainEntityOfPage":{"@id":"https:\/\/wp.kristdemokraterna.se\/solna\/lo-bemodar-sig-inte\/"},"wordCount":433,"keywords":["\u00c4ldreomsorg","Debattartikel"],"articleSection":["Aktuellt"],"inLanguage":"sv-SE"},{"@type":"WebPage","@id":"https:\/\/wp.kristdemokraterna.se\/solna\/lo-bemodar-sig-inte\/","url":"https:\/\/wp.kristdemokraterna.se\/solna\/lo-bemodar-sig-inte\/","name":"LO bem\u00f6dar sig inte - Kristdemokraterna i Solna","isPartOf":{"@id":"https:\/\/wp.kristdemokraterna.se\/solna\/#website"},"datePublished":"2013-10-22T13:21:08+00:00","dateModified":"2018-01-10T14:21:28+00:00","author":{"@id":"https:\/\/wp.kristdemokraterna.se\/solna\/#\/schema\/person\/712d13bb8cb0816b1c5064a9033a35f2"},"breadcrumb":{"@id":"https:\/\/wp.kristdemokraterna.se\/solna\/lo-bemodar-sig-inte\/#breadcrumb"},"inLanguage":"sv-SE","potentialAction":[{"@type":"ReadAction","target":["https:\/\/wp.kristdemokraterna.se\/solna\/lo-bemodar-sig-inte\/"]}]},{"@type":"BreadcrumbList","@id":"https:\/\/wp.kristdemokraterna.se\/solna\/lo-bemodar-sig-inte\/#breadcrumb","itemListElement":[{"@type":"ListItem","position":1,"name":"Hem","item":"https:\/\/wp.kristdemokraterna.se\/solna\/"},{"@type":"ListItem","position":2,"name":"LO bem\u00f6dar sig inte"}]},{"@type":"WebSite","@id":"https:\/\/wp.kristdemokraterna.se\/solna\/#website","url":"https:\/\/wp.kristdemokraterna.se\/solna\/","name":"Kristdemokraterna i Solna","description":"Med \ud83d\udc99 f\u00f6r Solna","inLanguage":"sv-SE"},{"@type":"Person","@id":"https:\/\/wp.kristdemokraterna.se\/solna\/#\/schema\/person\/712d13bb8cb0816b1c5064a9033a35f2","name":"solna2","image":{"@type":"ImageObject","inLanguage":"sv-SE","@id":"https:\/\/secure.gravatar.com\/avatar\/c47156d8f469e439727cc363e6968b2f5ab12cd38563467e0076a31756980b3c?s=96&d=mm&r=g","url":"https:\/\/secure.gravatar.com\/avatar\/c47156d8f469e439727cc363e6968b2f5ab12cd38563467e0076a31756980b3c?s=96&d=mm&r=g","contentUrl":"https:\/\/secure.gravatar.com\/avatar\/c47156d8f469e439727cc363e6968b2f5ab12cd38563467e0076a31756980b3c?s=96&d=mm&r=g","caption":"solna2"},"url":"https:\/\/wp.kristdemokraterna.se\/solna\/author\/solna2\/"}]}},"_links":{"self":[{"href":"https:\/\/wp.kristdemokraterna.se\/solna\/wp-json\/wp\/v2\/posts\/883","targetHints":{"allow":["GET"]}}],"collection":[{"href":"https:\/\/wp.kristdemokraterna.se\/solna\/wp-json\/wp\/v2\/posts"}],"about":[{"href":"https:\/\/wp.kristdemokraterna.se\/solna\/wp-json\/wp\/v2\/types\/post"}],"author":[{"embeddable":true,"href":"https:\/\/wp.kristdemokraterna.se\/solna\/wp-json\/wp\/v2\/users\/769"}],"replies":[{"embeddable":true,"href":"https:\/\/wp.kristdemokraterna.se\/solna\/wp-json\/wp\/v2\/comments?post=883"}],"version-history":[{"count":1,"href":"https:\/\/wp.kristdemokraterna.se\/solna\/wp-json\/wp\/v2\/posts\/883\/revisions"}],"predecessor-version":[{"id":884,"href":"https:\/\/wp.kristdemokraterna.se\/solna\/wp-json\/wp\/v2\/posts\/883\/revisions\/884"}],"wp:attachment":[{"href":"https:\/\/wp.kristdemokraterna.se\/solna\/wp-json\/wp\/v2\/media?parent=883"}],"wp:term":[{"taxonomy":"category","embeddable":true,"href":"https:\/\/wp.kristdemokraterna.se\/solna\/wp-json\/wp\/v2\/categories?post=883"},{"taxonomy":"post_tag","embeddable":true,"href":"https:\/\/wp.kristdemokraterna.se\/solna\/wp-json\/wp\/v2\/tags?post=883"}],"curies":[{"name":"wp","href":"https:\/\/api.w.org\/{rel}","templated":true}]}}