{"id":885,"date":"2013-10-21T15:21:41","date_gmt":"2013-10-21T13:21:41","guid":{"rendered":"http:\/\/wp.kristdemokraterna.se\/solna2\/?p=885"},"modified":"2018-01-10T15:22:03","modified_gmt":"2018-01-10T14:22:03","slug":"malin-appelgren-vann-kd-solnas-provval-infor-valet-2014","status":"publish","type":"post","link":"https:\/\/wp.kristdemokraterna.se\/solna\/malin-appelgren-vann-kd-solnas-provval-infor-valet-2014\/","title":{"rendered":"Malin Appelgren vann KD Solnas provval inf\u00f6r valet 2014"},"content":{"rendered":"<p><b>Kristdemokraterna i Solnas provvalsresultat \u00e4r genomf\u00f6rt och det var partiets nuvarande gruppledare och Solnas kommunalr\u00e5d Malin Appelgren som vann provvalet.<\/b><\/p>\n<p>Provvalet \u00e4r r\u00e5dgivande f\u00f6r lokalavdelningens nomineringskommitt\u00e9 i dess arbete med att ta fram f\u00f6rslag till kristdemokratisk valsedel inf\u00f6r kommunalvalet den 14 september 2014. Hur listan till kommunfullm\u00e4ktige slutligen kommer att se ut fastst\u00e4lls p\u00e5 Kristdemokraterna i Solnas \u00e5rsm\u00f6te den 15 februari 2014.<\/p>\n<p>I provvalet har Kristdemokraterna i Solnas medlemmar f\u00e5tt lista de kandidater de helst vill se representera partiet i kommunfullm\u00e4ktige efter n\u00e4sta \u00e5rs val. Den kandidat som f\u00e5tt placering nummer ett har f\u00e5tt sju po\u00e4ng, nummer tv\u00e5 har f\u00e5tt fem po\u00e4ng, nummer\u00a0tre tre po\u00e4ng, nummer fyra\u00a0tv\u00e5 po\u00e4ng och nummer fem en po\u00e4ng.<\/p>\n<p>\u2013 Resultatet tyder p\u00e5 ett gott f\u00f6rtroende f\u00f6r den nuvarande fullm\u00e4ktigegruppen samtidigt som nya kandidater lyfts fram. Resultatet ger en j\u00e4mn k\u00f6nsf\u00f6rdelning och en relativt bra \u00e5ldersspridning, meddelar nomineringskommitt\u00e9n.<\/p>\n<p><b>Provvalsresultat<\/b><\/p>\n<p><i>Placering \u2013 antal po\u00e4ng<\/i><\/p>\n<p>1. Malin Appelgren, 236<\/p>\n<p>2. Samuel Backlund, 123<\/p>\n<p>3. Stefan Appelgren, 74<\/p>\n<p>4. Madeleine Lidman, 73<\/p>\n<p>5. Kent-Rune Sj\u00f6holm, 52<\/p>\n<p><i>Placering \u2013 antal f\u00f6rstaplatser<\/i><\/p>\n<p>1. Malin Appelgren, 29<\/p>\n<p>2. Samuel Backlund, 5<\/p>\n","protected":false},"excerpt":{"rendered":"<p>Kristdemokraterna i Solnas provvalsresultat \u00e4r genomf\u00f6rt och det var partiets nuvarande gruppledare och Solnas kommunalr\u00e5d Malin Appelgren som vann provvalet. Provvalet \u00e4r r\u00e5dgivande f\u00f6r lokalavdelningens nomineringskommitt\u00e9 i dess arbete med att ta fram f\u00f6rslag till kristdemokratisk valsedel inf\u00f6r kommunalvalet den 14 september 2014. Hur listan till kommunfullm\u00e4ktige slutligen kommer att se ut fastst\u00e4lls p\u00e5 Kristdemokraterna <a class=\"read-more-link\" href=\"https:\/\/wp.kristdemokraterna.se\/solna\/malin-appelgren-vann-kd-solnas-provval-infor-valet-2014\/\">Read More<\/a><\/p>\n","protected":false},"author":769,"featured_media":0,"comment_status":"closed","ping_status":"closed","sticky":false,"template":"","format":"standard","meta":{"_acf_changed":false,"footnotes":""},"categories":[4],"tags":[],"class_list":["post-885","post","type-post","status-publish","format-standard","hentry","category-aktuellt"],"acf":[],"yoast_head":"<!-- This site is optimized with the Yoast SEO plugin v27.4 - https:\/\/yoast.com\/product\/yoast-seo-wordpress\/ -->\n<title>Malin Appelgren vann KD Solnas provval inf\u00f6r valet 2014 - Kristdemokraterna i Solna<\/title>\n<meta name=\"robots\" content=\"index, follow, max-snippet:-1, max-image-preview:large, max-video-preview:-1\" \/>\n<link rel=\"canonical\" href=\"https:\/\/wp.kristdemokraterna.se\/solna\/malin-appelgren-vann-kd-solnas-provval-infor-valet-2014\/\" \/>\n<meta property=\"og:locale\" content=\"sv_SE\" \/>\n<meta property=\"og:type\" content=\"article\" \/>\n<meta property=\"og:title\" content=\"Malin Appelgren vann KD Solnas provval inf\u00f6r valet 2014 - Kristdemokraterna i Solna\" \/>\n<meta property=\"og:description\" content=\"Kristdemokraterna i Solnas provvalsresultat \u00e4r genomf\u00f6rt och det var partiets nuvarande gruppledare och Solnas kommunalr\u00e5d Malin Appelgren som vann provvalet. Provvalet \u00e4r r\u00e5dgivande f\u00f6r lokalavdelningens nomineringskommitt\u00e9 i dess arbete med att ta fram f\u00f6rslag till kristdemokratisk valsedel inf\u00f6r kommunalvalet den 14 september 2014. Hur listan till kommunfullm\u00e4ktige slutligen kommer att se ut fastst\u00e4lls p\u00e5 Kristdemokraterna Read More\" \/>\n<meta property=\"og:url\" content=\"https:\/\/wp.kristdemokraterna.se\/solna\/malin-appelgren-vann-kd-solnas-provval-infor-valet-2014\/\" \/>\n<meta property=\"og:site_name\" content=\"Kristdemokraterna i Solna\" \/>\n<meta property=\"article:published_time\" content=\"2013-10-21T13:21:41+00:00\" \/>\n<meta property=\"article:modified_time\" content=\"2018-01-10T14:22:03+00:00\" \/>\n<meta name=\"author\" content=\"solna2\" \/>\n<meta name=\"twitter:card\" content=\"summary_large_image\" \/>\n<meta name=\"twitter:label1\" content=\"Skriven av\" \/>\n\t<meta name=\"twitter:data1\" content=\"solna2\" \/>\n\t<meta name=\"twitter:label2\" content=\"Ber\u00e4knad l\u00e4stid\" \/>\n\t<meta name=\"twitter:data2\" content=\"1 minut\" \/>\n<script type=\"application\/ld+json\" class=\"yoast-schema-graph\">{\"@context\":\"https:\\\/\\\/schema.org\",\"@graph\":[{\"@type\":\"Article\",\"@id\":\"https:\\\/\\\/wp.kristdemokraterna.se\\\/solna\\\/malin-appelgren-vann-kd-solnas-provval-infor-valet-2014\\\/#article\",\"isPartOf\":{\"@id\":\"https:\\\/\\\/wp.kristdemokraterna.se\\\/solna\\\/malin-appelgren-vann-kd-solnas-provval-infor-valet-2014\\\/\"},\"author\":{\"name\":\"solna2\",\"@id\":\"https:\\\/\\\/wp.kristdemokraterna.se\\\/solna\\\/#\\\/schema\\\/person\\\/712d13bb8cb0816b1c5064a9033a35f2\"},\"headline\":\"Malin Appelgren vann KD Solnas provval inf\u00f6r valet 2014\",\"datePublished\":\"2013-10-21T13:21:41+00:00\",\"dateModified\":\"2018-01-10T14:22:03+00:00\",\"mainEntityOfPage\":{\"@id\":\"https:\\\/\\\/wp.kristdemokraterna.se\\\/solna\\\/malin-appelgren-vann-kd-solnas-provval-infor-valet-2014\\\/\"},\"wordCount\":199,\"articleSection\":[\"Aktuellt\"],\"inLanguage\":\"sv-SE\"},{\"@type\":\"WebPage\",\"@id\":\"https:\\\/\\\/wp.kristdemokraterna.se\\\/solna\\\/malin-appelgren-vann-kd-solnas-provval-infor-valet-2014\\\/\",\"url\":\"https:\\\/\\\/wp.kristdemokraterna.se\\\/solna\\\/malin-appelgren-vann-kd-solnas-provval-infor-valet-2014\\\/\",\"name\":\"Malin Appelgren vann KD Solnas provval inf\u00f6r valet 2014 - Kristdemokraterna i Solna\",\"isPartOf\":{\"@id\":\"https:\\\/\\\/wp.kristdemokraterna.se\\\/solna\\\/#website\"},\"datePublished\":\"2013-10-21T13:21:41+00:00\",\"dateModified\":\"2018-01-10T14:22:03+00:00\",\"author\":{\"@id\":\"https:\\\/\\\/wp.kristdemokraterna.se\\\/solna\\\/#\\\/schema\\\/person\\\/712d13bb8cb0816b1c5064a9033a35f2\"},\"breadcrumb\":{\"@id\":\"https:\\\/\\\/wp.kristdemokraterna.se\\\/solna\\\/malin-appelgren-vann-kd-solnas-provval-infor-valet-2014\\\/#breadcrumb\"},\"inLanguage\":\"sv-SE\",\"potentialAction\":[{\"@type\":\"ReadAction\",\"target\":[\"https:\\\/\\\/wp.kristdemokraterna.se\\\/solna\\\/malin-appelgren-vann-kd-solnas-provval-infor-valet-2014\\\/\"]}]},{\"@type\":\"BreadcrumbList\",\"@id\":\"https:\\\/\\\/wp.kristdemokraterna.se\\\/solna\\\/malin-appelgren-vann-kd-solnas-provval-infor-valet-2014\\\/#breadcrumb\",\"itemListElement\":[{\"@type\":\"ListItem\",\"position\":1,\"name\":\"Hem\",\"item\":\"https:\\\/\\\/wp.kristdemokraterna.se\\\/solna\\\/\"},{\"@type\":\"ListItem\",\"position\":2,\"name\":\"Malin Appelgren vann KD Solnas provval inf\u00f6r valet 2014\"}]},{\"@type\":\"WebSite\",\"@id\":\"https:\\\/\\\/wp.kristdemokraterna.se\\\/solna\\\/#website\",\"url\":\"https:\\\/\\\/wp.kristdemokraterna.se\\\/solna\\\/\",\"name\":\"Kristdemokraterna i Solna\",\"description\":\"Med \ud83d\udc99 f\u00f6r Solna\",\"inLanguage\":\"sv-SE\"},{\"@type\":\"Person\",\"@id\":\"https:\\\/\\\/wp.kristdemokraterna.se\\\/solna\\\/#\\\/schema\\\/person\\\/712d13bb8cb0816b1c5064a9033a35f2\",\"name\":\"solna2\",\"image\":{\"@type\":\"ImageObject\",\"inLanguage\":\"sv-SE\",\"@id\":\"https:\\\/\\\/secure.gravatar.com\\\/avatar\\\/c47156d8f469e439727cc363e6968b2f5ab12cd38563467e0076a31756980b3c?s=96&d=mm&r=g\",\"url\":\"https:\\\/\\\/secure.gravatar.com\\\/avatar\\\/c47156d8f469e439727cc363e6968b2f5ab12cd38563467e0076a31756980b3c?s=96&d=mm&r=g\",\"contentUrl\":\"https:\\\/\\\/secure.gravatar.com\\\/avatar\\\/c47156d8f469e439727cc363e6968b2f5ab12cd38563467e0076a31756980b3c?s=96&d=mm&r=g\",\"caption\":\"solna2\"},\"url\":\"https:\\\/\\\/wp.kristdemokraterna.se\\\/solna\\\/author\\\/solna2\\\/\"}]}<\/script>\n<!-- \/ Yoast SEO plugin. -->","yoast_head_json":{"title":"Malin Appelgren vann KD Solnas provval inf\u00f6r valet 2014 - Kristdemokraterna i Solna","robots":{"index":"index","follow":"follow","max-snippet":"max-snippet:-1","max-image-preview":"max-image-preview:large","max-video-preview":"max-video-preview:-1"},"canonical":"https:\/\/wp.kristdemokraterna.se\/solna\/malin-appelgren-vann-kd-solnas-provval-infor-valet-2014\/","og_locale":"sv_SE","og_type":"article","og_title":"Malin Appelgren vann KD Solnas provval inf\u00f6r valet 2014 - Kristdemokraterna i Solna","og_description":"Kristdemokraterna i Solnas provvalsresultat \u00e4r genomf\u00f6rt och det var partiets nuvarande gruppledare och Solnas kommunalr\u00e5d Malin Appelgren som vann provvalet. Provvalet \u00e4r r\u00e5dgivande f\u00f6r lokalavdelningens nomineringskommitt\u00e9 i dess arbete med att ta fram f\u00f6rslag till kristdemokratisk valsedel inf\u00f6r kommunalvalet den 14 september 2014. Hur listan till kommunfullm\u00e4ktige slutligen kommer att se ut fastst\u00e4lls p\u00e5 Kristdemokraterna Read More","og_url":"https:\/\/wp.kristdemokraterna.se\/solna\/malin-appelgren-vann-kd-solnas-provval-infor-valet-2014\/","og_site_name":"Kristdemokraterna i Solna","article_published_time":"2013-10-21T13:21:41+00:00","article_modified_time":"2018-01-10T14:22:03+00:00","author":"solna2","twitter_card":"summary_large_image","twitter_misc":{"Skriven av":"solna2","Ber\u00e4knad l\u00e4stid":"1 minut"},"schema":{"@context":"https:\/\/schema.org","@graph":[{"@type":"Article","@id":"https:\/\/wp.kristdemokraterna.se\/solna\/malin-appelgren-vann-kd-solnas-provval-infor-valet-2014\/#article","isPartOf":{"@id":"https:\/\/wp.kristdemokraterna.se\/solna\/malin-appelgren-vann-kd-solnas-provval-infor-valet-2014\/"},"author":{"name":"solna2","@id":"https:\/\/wp.kristdemokraterna.se\/solna\/#\/schema\/person\/712d13bb8cb0816b1c5064a9033a35f2"},"headline":"Malin Appelgren vann KD Solnas provval inf\u00f6r valet 2014","datePublished":"2013-10-21T13:21:41+00:00","dateModified":"2018-01-10T14:22:03+00:00","mainEntityOfPage":{"@id":"https:\/\/wp.kristdemokraterna.se\/solna\/malin-appelgren-vann-kd-solnas-provval-infor-valet-2014\/"},"wordCount":199,"articleSection":["Aktuellt"],"inLanguage":"sv-SE"},{"@type":"WebPage","@id":"https:\/\/wp.kristdemokraterna.se\/solna\/malin-appelgren-vann-kd-solnas-provval-infor-valet-2014\/","url":"https:\/\/wp.kristdemokraterna.se\/solna\/malin-appelgren-vann-kd-solnas-provval-infor-valet-2014\/","name":"Malin Appelgren vann KD Solnas provval inf\u00f6r valet 2014 - Kristdemokraterna i Solna","isPartOf":{"@id":"https:\/\/wp.kristdemokraterna.se\/solna\/#website"},"datePublished":"2013-10-21T13:21:41+00:00","dateModified":"2018-01-10T14:22:03+00:00","author":{"@id":"https:\/\/wp.kristdemokraterna.se\/solna\/#\/schema\/person\/712d13bb8cb0816b1c5064a9033a35f2"},"breadcrumb":{"@id":"https:\/\/wp.kristdemokraterna.se\/solna\/malin-appelgren-vann-kd-solnas-provval-infor-valet-2014\/#breadcrumb"},"inLanguage":"sv-SE","potentialAction":[{"@type":"ReadAction","target":["https:\/\/wp.kristdemokraterna.se\/solna\/malin-appelgren-vann-kd-solnas-provval-infor-valet-2014\/"]}]},{"@type":"BreadcrumbList","@id":"https:\/\/wp.kristdemokraterna.se\/solna\/malin-appelgren-vann-kd-solnas-provval-infor-valet-2014\/#breadcrumb","itemListElement":[{"@type":"ListItem","position":1,"name":"Hem","item":"https:\/\/wp.kristdemokraterna.se\/solna\/"},{"@type":"ListItem","position":2,"name":"Malin Appelgren vann KD Solnas provval inf\u00f6r valet 2014"}]},{"@type":"WebSite","@id":"https:\/\/wp.kristdemokraterna.se\/solna\/#website","url":"https:\/\/wp.kristdemokraterna.se\/solna\/","name":"Kristdemokraterna i Solna","description":"Med \ud83d\udc99 f\u00f6r Solna","inLanguage":"sv-SE"},{"@type":"Person","@id":"https:\/\/wp.kristdemokraterna.se\/solna\/#\/schema\/person\/712d13bb8cb0816b1c5064a9033a35f2","name":"solna2","image":{"@type":"ImageObject","inLanguage":"sv-SE","@id":"https:\/\/secure.gravatar.com\/avatar\/c47156d8f469e439727cc363e6968b2f5ab12cd38563467e0076a31756980b3c?s=96&d=mm&r=g","url":"https:\/\/secure.gravatar.com\/avatar\/c47156d8f469e439727cc363e6968b2f5ab12cd38563467e0076a31756980b3c?s=96&d=mm&r=g","contentUrl":"https:\/\/secure.gravatar.com\/avatar\/c47156d8f469e439727cc363e6968b2f5ab12cd38563467e0076a31756980b3c?s=96&d=mm&r=g","caption":"solna2"},"url":"https:\/\/wp.kristdemokraterna.se\/solna\/author\/solna2\/"}]}},"_links":{"self":[{"href":"https:\/\/wp.kristdemokraterna.se\/solna\/wp-json\/wp\/v2\/posts\/885","targetHints":{"allow":["GET"]}}],"collection":[{"href":"https:\/\/wp.kristdemokraterna.se\/solna\/wp-json\/wp\/v2\/posts"}],"about":[{"href":"https:\/\/wp.kristdemokraterna.se\/solna\/wp-json\/wp\/v2\/types\/post"}],"author":[{"embeddable":true,"href":"https:\/\/wp.kristdemokraterna.se\/solna\/wp-json\/wp\/v2\/users\/769"}],"replies":[{"embeddable":true,"href":"https:\/\/wp.kristdemokraterna.se\/solna\/wp-json\/wp\/v2\/comments?post=885"}],"version-history":[{"count":1,"href":"https:\/\/wp.kristdemokraterna.se\/solna\/wp-json\/wp\/v2\/posts\/885\/revisions"}],"predecessor-version":[{"id":886,"href":"https:\/\/wp.kristdemokraterna.se\/solna\/wp-json\/wp\/v2\/posts\/885\/revisions\/886"}],"wp:attachment":[{"href":"https:\/\/wp.kristdemokraterna.se\/solna\/wp-json\/wp\/v2\/media?parent=885"}],"wp:term":[{"taxonomy":"category","embeddable":true,"href":"https:\/\/wp.kristdemokraterna.se\/solna\/wp-json\/wp\/v2\/categories?post=885"},{"taxonomy":"post_tag","embeddable":true,"href":"https:\/\/wp.kristdemokraterna.se\/solna\/wp-json\/wp\/v2\/tags?post=885"}],"curies":[{"name":"wp","href":"https:\/\/api.w.org\/{rel}","templated":true}]}}