{"id":2646,"date":"2018-08-10T13:13:39","date_gmt":"2018-08-10T11:13:39","guid":{"rendered":"http:\/\/wp.kristdemokraterna.se\/sormland\/?p=2646"},"modified":"2018-09-28T10:55:50","modified_gmt":"2018-09-28T08:55:50","slug":"akut-atgardspaket-for-bondernas-situation-i-torkan","status":"publish","type":"post","link":"https:\/\/wp.kristdemokraterna.se\/sormland\/akut-atgardspaket-for-bondernas-situation-i-torkan\/","title":{"rendered":"Akut \u00e5tg\u00e4rdspaket f\u00f6r b\u00f6ndernas situation i torkan"},"content":{"rendered":"<p><a href=\"http:\/\/wp.kristdemokraterna.se\/sormland\/files\/2018\/08\/ebba-magnus-bild-770x513.jpg\"><img loading=\"lazy\" decoding=\"async\" class=\"alignnone size-medium wp-image-2647\" src=\"http:\/\/wp.kristdemokraterna.se\/sormland\/files\/2018\/08\/ebba-magnus-bild-770x513-300x200.jpg\" alt=\"\" width=\"300\" height=\"200\" srcset=\"https:\/\/wp.kristdemokraterna.se\/sormland\/files\/2018\/08\/ebba-magnus-bild-770x513-300x200.jpg 300w, https:\/\/wp.kristdemokraterna.se\/sormland\/files\/2018\/08\/ebba-magnus-bild-770x513-768x512.jpg 768w, https:\/\/wp.kristdemokraterna.se\/sormland\/files\/2018\/08\/ebba-magnus-bild-770x513-370x247.jpg 370w, https:\/\/wp.kristdemokraterna.se\/sormland\/files\/2018\/08\/ebba-magnus-bild-770x513.jpg 770w, https:\/\/wp.kristdemokraterna.se\/sormland\/files\/2018\/08\/ebba-magnus-bild-770x513-450x300.jpg 450w, https:\/\/wp.kristdemokraterna.se\/sormland\/files\/2018\/08\/ebba-magnus-bild-770x513-280x187.jpg 280w, https:\/\/wp.kristdemokraterna.se\/sormland\/files\/2018\/08\/ebba-magnus-bild-770x513-340x227.jpg 340w, https:\/\/wp.kristdemokraterna.se\/sormland\/files\/2018\/08\/ebba-magnus-bild-770x513-200x133.jpg 200w, https:\/\/wp.kristdemokraterna.se\/sormland\/files\/2018\/08\/ebba-magnus-bild-770x513-84x56.jpg 84w\" sizes=\"auto, (max-width: 300px) 100vw, 300px\" \/><\/a><\/p>\n<p>&nbsp;<br \/>\nDen extrema v\u00e4rmen och torkan har drabbat Sveriges lantbrukare h\u00e5rt. Onsdagen den 1 augusti bes\u00f6kte Ebba Busch Thor tillsammans med Kristdemokraternas\u00a0jordbrukspolitiske\u00a0talesperson Magnus Oscarsson\u00a0lantbrukaren Lars Gillberg p\u00e5 hans g\u00e5rd i Huddinge. I samband med bes\u00f6ket presenterade Kristdemokraterna f\u00f6rslag p\u00e5 fyra \u00e5tg\u00e4rder som beh\u00f6ver komma till f\u00f6r att st\u00f6tta Sveriges b\u00f6nder.<\/p>\n<p>&nbsp;<\/p>\n<ul>\n<li><strong>S\u00e4kra slakten<\/strong><\/li>\n<\/ul>\n<p align=\"LEFT\">Staten m\u00e5ste p\u00e5 kort sikt s\u00e4kerst\u00e4lla att b\u00f6nderna kan slakta sina djur som inte f\u00e5r foder p\u00e5 grund av torkan. Slakterierna kan f\u00f6rmodligen ta emot fler djur mer fryskapaciteten m\u00e5ste \u00f6ka. Det kan l\u00f6sas genom att Jordbruksverket f\u00e5r i uppdrag att hyra frysfartyg.<\/p>\n<ul>\n<li><strong>Anpassa regelverket f\u00f6r st\u00f6d utifr\u00e5n att kriser uppst\u00e5r<\/strong><\/li>\n<\/ul>\n<p align=\"LEFT\">Det f\u00f6rekommer att jordbrukare f\u00e5r ta emot st\u00f6d som bygger p\u00e5 ett l\u00e5ngsiktigt \u00e5tagande. Det kan till exempel handla om att ha betesdjur f\u00f6r att h\u00e5lla landskapen \u00f6ppna. Under sommaren har betesdjur beh\u00f6vt slaktas p\u00e5 grund av torkan.<\/p>\n<ul>\n<li><strong>P\u00e5skynda utbetalningarna av EU-st\u00f6d \u2013 omv\u00e4nd utbetalningsmodell<\/strong><\/li>\n<\/ul>\n<p align=\"LEFT\">Det finns EU-st\u00f6d som var till f\u00f6r 2015 som \u00e4nnu inte betalats ut. Till exempel b\u00f6nder som \u00e4gnat sig \u00e5t ekologiskt jordbruk i enlighet med de regler som st\u00e4llts upp. Slututbetalningarna till dessa kommer f\u00f6rst efter sommaren 2018 enligt l\u00f6fte fr\u00e5n Jordbruksverket. Det \u00e4r tre \u00e5r efter den period som st\u00f6det avser.<\/p>\n<p align=\"LEFT\">Regeringen och Jordbruksverket m\u00e5ste genast se till att st\u00f6d som beviljats betalas ut snabbare till b\u00f6nderna.<\/p>\n<p align=\"LEFT\">M\u00e5nga lantbrukare tar l\u00e5n f\u00f6r att kunna genomf\u00f6ra sin verksamhet som sen \u00e5terbetalas n\u00e4r st\u00f6det kommer. Ju l\u00e4ngre st\u00f6det dr\u00f6jer desto mer r\u00e4ntor m\u00e5ste lantbrukaren betala.<\/p>\n<p align=\"LEFT\">F\u00f6rseningarna beror dels p\u00e5 att regelverket f\u00f6r st\u00f6det blivit klart sent men ocks\u00e5 p\u00e5 stora brister i Jordbruksverkets it-system som trots m\u00e5ng\u00e5riga problem inte tycks vara \u00e5tg\u00e4rdat.<\/p>\n<p align=\"LEFT\">Kristdemokraterna vill inf\u00f6ra en omv\u00e4nd utbetalningsmodell. Grundprincipen ska vara att st\u00f6d utbetalas i direkt anslutning till den tidsperiod som st\u00f6det avser. Jordbruksverket eller annan myndighet ska efter ans\u00f6kan inkommit g\u00f6ra enbart en rudiment\u00e4r pr\u00f6vning av ans\u00f6kan och sedan betala ut st\u00f6det.<\/p>\n<p align=\"LEFT\">Den mer omfattande pr\u00f6vningen som nu tar Jordbruksverket flera \u00e5r att g\u00f6ra f\u00e5r g\u00f6ras efter att st\u00f6d betalats ut och i de fall st\u00f6det betalats ut felaktigt f\u00e5r myndigheten beg\u00e4ra \u00e5terbetalning.<\/p>\n<p align=\"LEFT\">P\u00e5 s\u00e5 vis slipper m\u00e5nga lantbrukare den finansiella b\u00f6rda det inneb\u00e4r att v\u00e4nta i flera \u00e5r p\u00e5 st\u00f6d som man har r\u00e4tt till och bygger sin verksamhet p\u00e5.<\/p>\n<ul>\n<li><strong>S\u00e4nkt dieselskatt<\/strong><\/li>\n<\/ul>\n<p align=\"LEFT\">Skatterna p\u00e5 det dieselbr\u00e4nsle som anv\u00e4nds inom jordbruket \u00e4r, trots m\u00f6jligheten att \u00e5terf\u00e5 en del av skatten, fortfarande h\u00f6gre i Sverige \u00e4n i andra EU-l\u00e4nder. D\u00e4rigenom har de svenska b\u00f6nderna en s\u00e4mre konkurrenssituation \u00e4n sina europeiska kollegor. Skatteneds\u00e4ttningen m\u00e5ste ut\u00f6kas s\u00e5 att den totala skatten p\u00e5 diesel som anv\u00e4nds inom jordbruket s\u00e4nks med 1,34 kronor per liter. Ett villkor f\u00f6r att f\u00e5 ta del av s\u00e4nkningen ska vara att jordbrukaren i fr\u00e5ga till minst 30 procent anv\u00e4nder icke-fossilt br\u00e4nsle.<\/p>\n","protected":false},"excerpt":{"rendered":"<p>&nbsp; Den extrema v\u00e4rmen och torkan har drabbat Sveriges lantbrukare h\u00e5rt. Onsdagen den 1 augusti bes\u00f6kte Ebba Busch Thor tillsammans med Kristdemokraternas\u00a0jordbrukspolitiske\u00a0talesperson Magnus Oscarsson\u00a0lantbrukaren Lars Gillberg p\u00e5 hans g\u00e5rd i Huddinge. I samband med bes\u00f6ket presenterade Kristdemokraterna f\u00f6rslag p\u00e5 fyra \u00e5tg\u00e4rder som beh\u00f6ver komma till f\u00f6r att st\u00f6tta Sveriges b\u00f6nder. &nbsp; S\u00e4kra slakten Staten m\u00e5ste <a class=\"read-more-link\" href=\"https:\/\/wp.kristdemokraterna.se\/sormland\/akut-atgardspaket-for-bondernas-situation-i-torkan\/\">Read More<\/a><\/p>\n","protected":false},"author":811,"featured_media":0,"comment_status":"closed","ping_status":"closed","sticky":false,"template":"","format":"standard","meta":{"_acf_changed":false,"footnotes":""},"categories":[310,1],"tags":[],"class_list":["post-2646","post","type-post","status-publish","format-standard","hentry","category-inlagg","category-okategoriserade"],"acf":[],"yoast_head":"<!-- This site is optimized with the Yoast SEO plugin v27.5 - https:\/\/yoast.com\/product\/yoast-seo-wordpress\/ -->\n<title>Akut \u00e5tg\u00e4rdspaket f\u00f6r b\u00f6ndernas situation i torkan - S\u00d6RMLAND<\/title>\n<meta name=\"robots\" content=\"index, follow, max-snippet:-1, max-image-preview:large, max-video-preview:-1\" \/>\n<link rel=\"canonical\" href=\"https:\/\/wp.kristdemokraterna.se\/sormland\/akut-atgardspaket-for-bondernas-situation-i-torkan\/\" \/>\n<meta property=\"og:locale\" content=\"sv_SE\" \/>\n<meta property=\"og:type\" content=\"article\" \/>\n<meta property=\"og:title\" content=\"Akut \u00e5tg\u00e4rdspaket f\u00f6r b\u00f6ndernas situation i torkan - S\u00d6RMLAND\" \/>\n<meta property=\"og:description\" content=\"&nbsp; Den extrema v\u00e4rmen och torkan har drabbat Sveriges lantbrukare h\u00e5rt. Onsdagen den 1 augusti bes\u00f6kte Ebba Busch Thor tillsammans med Kristdemokraternas\u00a0jordbrukspolitiske\u00a0talesperson Magnus Oscarsson\u00a0lantbrukaren Lars Gillberg p\u00e5 hans g\u00e5rd i Huddinge. I samband med bes\u00f6ket presenterade Kristdemokraterna f\u00f6rslag p\u00e5 fyra \u00e5tg\u00e4rder som beh\u00f6ver komma till f\u00f6r att st\u00f6tta Sveriges b\u00f6nder. &nbsp; S\u00e4kra slakten Staten m\u00e5ste Read More\" \/>\n<meta property=\"og:url\" content=\"https:\/\/wp.kristdemokraterna.se\/sormland\/akut-atgardspaket-for-bondernas-situation-i-torkan\/\" \/>\n<meta property=\"og:site_name\" content=\"S\u00d6RMLAND\" \/>\n<meta property=\"article:published_time\" content=\"2018-08-10T11:13:39+00:00\" \/>\n<meta property=\"article:modified_time\" content=\"2018-09-28T08:55:50+00:00\" \/>\n<meta property=\"og:image\" content=\"http:\/\/wp.kristdemokraterna.se\/sormland\/files\/2018\/08\/ebba-magnus-bild-770x513-300x200.jpg\" \/>\n<meta name=\"author\" content=\"Paul Sabo\" \/>\n<meta name=\"twitter:card\" content=\"summary_large_image\" \/>\n<meta name=\"twitter:label1\" content=\"Skriven av\" \/>\n\t<meta name=\"twitter:data1\" content=\"Paul Sabo\" \/>\n\t<meta name=\"twitter:label2\" content=\"Ber\u00e4knad l\u00e4stid\" \/>\n\t<meta name=\"twitter:data2\" content=\"3 minuter\" \/>\n<script type=\"application\/ld+json\" class=\"yoast-schema-graph\">{\"@context\":\"https:\\\/\\\/schema.org\",\"@graph\":[{\"@type\":\"Article\",\"@id\":\"https:\\\/\\\/wp.kristdemokraterna.se\\\/sormland\\\/akut-atgardspaket-for-bondernas-situation-i-torkan\\\/#article\",\"isPartOf\":{\"@id\":\"https:\\\/\\\/wp.kristdemokraterna.se\\\/sormland\\\/akut-atgardspaket-for-bondernas-situation-i-torkan\\\/\"},\"author\":{\"name\":\"Paul Sabo\",\"@id\":\"https:\\\/\\\/wp.kristdemokraterna.se\\\/sormland\\\/#\\\/schema\\\/person\\\/43f61e7b7009d01933c1b790a1bc9d72\"},\"headline\":\"Akut \u00e5tg\u00e4rdspaket f\u00f6r b\u00f6ndernas situation i torkan\",\"datePublished\":\"2018-08-10T11:13:39+00:00\",\"dateModified\":\"2018-09-28T08:55:50+00:00\",\"mainEntityOfPage\":{\"@id\":\"https:\\\/\\\/wp.kristdemokraterna.se\\\/sormland\\\/akut-atgardspaket-for-bondernas-situation-i-torkan\\\/\"},\"wordCount\":564,\"image\":{\"@id\":\"https:\\\/\\\/wp.kristdemokraterna.se\\\/sormland\\\/akut-atgardspaket-for-bondernas-situation-i-torkan\\\/#primaryimage\"},\"thumbnailUrl\":\"http:\\\/\\\/wp.kristdemokraterna.se\\\/sormland\\\/files\\\/2018\\\/08\\\/ebba-magnus-bild-770x513-300x200.jpg\",\"articleSection\":[\"inl\u00e4gg\"],\"inLanguage\":\"sv-SE\"},{\"@type\":\"WebPage\",\"@id\":\"https:\\\/\\\/wp.kristdemokraterna.se\\\/sormland\\\/akut-atgardspaket-for-bondernas-situation-i-torkan\\\/\",\"url\":\"https:\\\/\\\/wp.kristdemokraterna.se\\\/sormland\\\/akut-atgardspaket-for-bondernas-situation-i-torkan\\\/\",\"name\":\"Akut \u00e5tg\u00e4rdspaket f\u00f6r b\u00f6ndernas situation i torkan - S\u00d6RMLAND\",\"isPartOf\":{\"@id\":\"https:\\\/\\\/wp.kristdemokraterna.se\\\/sormland\\\/#website\"},\"primaryImageOfPage\":{\"@id\":\"https:\\\/\\\/wp.kristdemokraterna.se\\\/sormland\\\/akut-atgardspaket-for-bondernas-situation-i-torkan\\\/#primaryimage\"},\"image\":{\"@id\":\"https:\\\/\\\/wp.kristdemokraterna.se\\\/sormland\\\/akut-atgardspaket-for-bondernas-situation-i-torkan\\\/#primaryimage\"},\"thumbnailUrl\":\"http:\\\/\\\/wp.kristdemokraterna.se\\\/sormland\\\/files\\\/2018\\\/08\\\/ebba-magnus-bild-770x513-300x200.jpg\",\"datePublished\":\"2018-08-10T11:13:39+00:00\",\"dateModified\":\"2018-09-28T08:55:50+00:00\",\"author\":{\"@id\":\"https:\\\/\\\/wp.kristdemokraterna.se\\\/sormland\\\/#\\\/schema\\\/person\\\/43f61e7b7009d01933c1b790a1bc9d72\"},\"breadcrumb\":{\"@id\":\"https:\\\/\\\/wp.kristdemokraterna.se\\\/sormland\\\/akut-atgardspaket-for-bondernas-situation-i-torkan\\\/#breadcrumb\"},\"inLanguage\":\"sv-SE\",\"potentialAction\":[{\"@type\":\"ReadAction\",\"target\":[\"https:\\\/\\\/wp.kristdemokraterna.se\\\/sormland\\\/akut-atgardspaket-for-bondernas-situation-i-torkan\\\/\"]}]},{\"@type\":\"ImageObject\",\"inLanguage\":\"sv-SE\",\"@id\":\"https:\\\/\\\/wp.kristdemokraterna.se\\\/sormland\\\/akut-atgardspaket-for-bondernas-situation-i-torkan\\\/#primaryimage\",\"url\":\"https:\\\/\\\/wp.kristdemokraterna.se\\\/sormland\\\/files\\\/2018\\\/08\\\/ebba-magnus-bild-770x513.jpg\",\"contentUrl\":\"https:\\\/\\\/wp.kristdemokraterna.se\\\/sormland\\\/files\\\/2018\\\/08\\\/ebba-magnus-bild-770x513.jpg\",\"width\":770,\"height\":513},{\"@type\":\"BreadcrumbList\",\"@id\":\"https:\\\/\\\/wp.kristdemokraterna.se\\\/sormland\\\/akut-atgardspaket-for-bondernas-situation-i-torkan\\\/#breadcrumb\",\"itemListElement\":[{\"@type\":\"ListItem\",\"position\":1,\"name\":\"Hem\",\"item\":\"https:\\\/\\\/wp.kristdemokraterna.se\\\/sormland\\\/\"},{\"@type\":\"ListItem\",\"position\":2,\"name\":\"Akut \u00e5tg\u00e4rdspaket f\u00f6r b\u00f6ndernas situation i torkan\"}]},{\"@type\":\"WebSite\",\"@id\":\"https:\\\/\\\/wp.kristdemokraterna.se\\\/sormland\\\/#website\",\"url\":\"https:\\\/\\\/wp.kristdemokraterna.se\\\/sormland\\\/\",\"name\":\"S\u00d6RMLAND\",\"description\":\"\",\"inLanguage\":\"sv-SE\"},{\"@type\":\"Person\",\"@id\":\"https:\\\/\\\/wp.kristdemokraterna.se\\\/sormland\\\/#\\\/schema\\\/person\\\/43f61e7b7009d01933c1b790a1bc9d72\",\"name\":\"Paul Sabo\",\"image\":{\"@type\":\"ImageObject\",\"inLanguage\":\"sv-SE\",\"@id\":\"https:\\\/\\\/secure.gravatar.com\\\/avatar\\\/f43c2fd69d05c3c4e68876ce252b030b5c5e23af34dbefce90d4bf5e1ab3edf1?s=96&d=mm&r=g\",\"url\":\"https:\\\/\\\/secure.gravatar.com\\\/avatar\\\/f43c2fd69d05c3c4e68876ce252b030b5c5e23af34dbefce90d4bf5e1ab3edf1?s=96&d=mm&r=g\",\"contentUrl\":\"https:\\\/\\\/secure.gravatar.com\\\/avatar\\\/f43c2fd69d05c3c4e68876ce252b030b5c5e23af34dbefce90d4bf5e1ab3edf1?s=96&d=mm&r=g\",\"caption\":\"Paul Sabo\"},\"url\":\"https:\\\/\\\/wp.kristdemokraterna.se\\\/sormland\\\/author\\\/paulsabo\\\/\"}]}<\/script>\n<!-- \/ Yoast SEO plugin. -->","yoast_head_json":{"title":"Akut \u00e5tg\u00e4rdspaket f\u00f6r b\u00f6ndernas situation i torkan - S\u00d6RMLAND","robots":{"index":"index","follow":"follow","max-snippet":"max-snippet:-1","max-image-preview":"max-image-preview:large","max-video-preview":"max-video-preview:-1"},"canonical":"https:\/\/wp.kristdemokraterna.se\/sormland\/akut-atgardspaket-for-bondernas-situation-i-torkan\/","og_locale":"sv_SE","og_type":"article","og_title":"Akut \u00e5tg\u00e4rdspaket f\u00f6r b\u00f6ndernas situation i torkan - S\u00d6RMLAND","og_description":"&nbsp; Den extrema v\u00e4rmen och torkan har drabbat Sveriges lantbrukare h\u00e5rt. Onsdagen den 1 augusti bes\u00f6kte Ebba Busch Thor tillsammans med Kristdemokraternas\u00a0jordbrukspolitiske\u00a0talesperson Magnus Oscarsson\u00a0lantbrukaren Lars Gillberg p\u00e5 hans g\u00e5rd i Huddinge. I samband med bes\u00f6ket presenterade Kristdemokraterna f\u00f6rslag p\u00e5 fyra \u00e5tg\u00e4rder som beh\u00f6ver komma till f\u00f6r att st\u00f6tta Sveriges b\u00f6nder. &nbsp; S\u00e4kra slakten Staten m\u00e5ste Read More","og_url":"https:\/\/wp.kristdemokraterna.se\/sormland\/akut-atgardspaket-for-bondernas-situation-i-torkan\/","og_site_name":"S\u00d6RMLAND","article_published_time":"2018-08-10T11:13:39+00:00","article_modified_time":"2018-09-28T08:55:50+00:00","og_image":[{"url":"http:\/\/wp.kristdemokraterna.se\/sormland\/files\/2018\/08\/ebba-magnus-bild-770x513-300x200.jpg","type":"","width":"","height":""}],"author":"Paul Sabo","twitter_card":"summary_large_image","twitter_misc":{"Skriven av":"Paul Sabo","Ber\u00e4knad l\u00e4stid":"3 minuter"},"schema":{"@context":"https:\/\/schema.org","@graph":[{"@type":"Article","@id":"https:\/\/wp.kristdemokraterna.se\/sormland\/akut-atgardspaket-for-bondernas-situation-i-torkan\/#article","isPartOf":{"@id":"https:\/\/wp.kristdemokraterna.se\/sormland\/akut-atgardspaket-for-bondernas-situation-i-torkan\/"},"author":{"name":"Paul Sabo","@id":"https:\/\/wp.kristdemokraterna.se\/sormland\/#\/schema\/person\/43f61e7b7009d01933c1b790a1bc9d72"},"headline":"Akut \u00e5tg\u00e4rdspaket f\u00f6r b\u00f6ndernas situation i torkan","datePublished":"2018-08-10T11:13:39+00:00","dateModified":"2018-09-28T08:55:50+00:00","mainEntityOfPage":{"@id":"https:\/\/wp.kristdemokraterna.se\/sormland\/akut-atgardspaket-for-bondernas-situation-i-torkan\/"},"wordCount":564,"image":{"@id":"https:\/\/wp.kristdemokraterna.se\/sormland\/akut-atgardspaket-for-bondernas-situation-i-torkan\/#primaryimage"},"thumbnailUrl":"http:\/\/wp.kristdemokraterna.se\/sormland\/files\/2018\/08\/ebba-magnus-bild-770x513-300x200.jpg","articleSection":["inl\u00e4gg"],"inLanguage":"sv-SE"},{"@type":"WebPage","@id":"https:\/\/wp.kristdemokraterna.se\/sormland\/akut-atgardspaket-for-bondernas-situation-i-torkan\/","url":"https:\/\/wp.kristdemokraterna.se\/sormland\/akut-atgardspaket-for-bondernas-situation-i-torkan\/","name":"Akut \u00e5tg\u00e4rdspaket f\u00f6r b\u00f6ndernas situation i torkan - S\u00d6RMLAND","isPartOf":{"@id":"https:\/\/wp.kristdemokraterna.se\/sormland\/#website"},"primaryImageOfPage":{"@id":"https:\/\/wp.kristdemokraterna.se\/sormland\/akut-atgardspaket-for-bondernas-situation-i-torkan\/#primaryimage"},"image":{"@id":"https:\/\/wp.kristdemokraterna.se\/sormland\/akut-atgardspaket-for-bondernas-situation-i-torkan\/#primaryimage"},"thumbnailUrl":"http:\/\/wp.kristdemokraterna.se\/sormland\/files\/2018\/08\/ebba-magnus-bild-770x513-300x200.jpg","datePublished":"2018-08-10T11:13:39+00:00","dateModified":"2018-09-28T08:55:50+00:00","author":{"@id":"https:\/\/wp.kristdemokraterna.se\/sormland\/#\/schema\/person\/43f61e7b7009d01933c1b790a1bc9d72"},"breadcrumb":{"@id":"https:\/\/wp.kristdemokraterna.se\/sormland\/akut-atgardspaket-for-bondernas-situation-i-torkan\/#breadcrumb"},"inLanguage":"sv-SE","potentialAction":[{"@type":"ReadAction","target":["https:\/\/wp.kristdemokraterna.se\/sormland\/akut-atgardspaket-for-bondernas-situation-i-torkan\/"]}]},{"@type":"ImageObject","inLanguage":"sv-SE","@id":"https:\/\/wp.kristdemokraterna.se\/sormland\/akut-atgardspaket-for-bondernas-situation-i-torkan\/#primaryimage","url":"https:\/\/wp.kristdemokraterna.se\/sormland\/files\/2018\/08\/ebba-magnus-bild-770x513.jpg","contentUrl":"https:\/\/wp.kristdemokraterna.se\/sormland\/files\/2018\/08\/ebba-magnus-bild-770x513.jpg","width":770,"height":513},{"@type":"BreadcrumbList","@id":"https:\/\/wp.kristdemokraterna.se\/sormland\/akut-atgardspaket-for-bondernas-situation-i-torkan\/#breadcrumb","itemListElement":[{"@type":"ListItem","position":1,"name":"Hem","item":"https:\/\/wp.kristdemokraterna.se\/sormland\/"},{"@type":"ListItem","position":2,"name":"Akut \u00e5tg\u00e4rdspaket f\u00f6r b\u00f6ndernas situation i torkan"}]},{"@type":"WebSite","@id":"https:\/\/wp.kristdemokraterna.se\/sormland\/#website","url":"https:\/\/wp.kristdemokraterna.se\/sormland\/","name":"S\u00d6RMLAND","description":"","inLanguage":"sv-SE"},{"@type":"Person","@id":"https:\/\/wp.kristdemokraterna.se\/sormland\/#\/schema\/person\/43f61e7b7009d01933c1b790a1bc9d72","name":"Paul Sabo","image":{"@type":"ImageObject","inLanguage":"sv-SE","@id":"https:\/\/secure.gravatar.com\/avatar\/f43c2fd69d05c3c4e68876ce252b030b5c5e23af34dbefce90d4bf5e1ab3edf1?s=96&d=mm&r=g","url":"https:\/\/secure.gravatar.com\/avatar\/f43c2fd69d05c3c4e68876ce252b030b5c5e23af34dbefce90d4bf5e1ab3edf1?s=96&d=mm&r=g","contentUrl":"https:\/\/secure.gravatar.com\/avatar\/f43c2fd69d05c3c4e68876ce252b030b5c5e23af34dbefce90d4bf5e1ab3edf1?s=96&d=mm&r=g","caption":"Paul Sabo"},"url":"https:\/\/wp.kristdemokraterna.se\/sormland\/author\/paulsabo\/"}]}},"_links":{"self":[{"href":"https:\/\/wp.kristdemokraterna.se\/sormland\/wp-json\/wp\/v2\/posts\/2646","targetHints":{"allow":["GET"]}}],"collection":[{"href":"https:\/\/wp.kristdemokraterna.se\/sormland\/wp-json\/wp\/v2\/posts"}],"about":[{"href":"https:\/\/wp.kristdemokraterna.se\/sormland\/wp-json\/wp\/v2\/types\/post"}],"author":[{"embeddable":true,"href":"https:\/\/wp.kristdemokraterna.se\/sormland\/wp-json\/wp\/v2\/users\/811"}],"replies":[{"embeddable":true,"href":"https:\/\/wp.kristdemokraterna.se\/sormland\/wp-json\/wp\/v2\/comments?post=2646"}],"version-history":[{"count":3,"href":"https:\/\/wp.kristdemokraterna.se\/sormland\/wp-json\/wp\/v2\/posts\/2646\/revisions"}],"predecessor-version":[{"id":2710,"href":"https:\/\/wp.kristdemokraterna.se\/sormland\/wp-json\/wp\/v2\/posts\/2646\/revisions\/2710"}],"wp:attachment":[{"href":"https:\/\/wp.kristdemokraterna.se\/sormland\/wp-json\/wp\/v2\/media?parent=2646"}],"wp:term":[{"taxonomy":"category","embeddable":true,"href":"https:\/\/wp.kristdemokraterna.se\/sormland\/wp-json\/wp\/v2\/categories?post=2646"},{"taxonomy":"post_tag","embeddable":true,"href":"https:\/\/wp.kristdemokraterna.se\/sormland\/wp-json\/wp\/v2\/tags?post=2646"}],"curies":[{"name":"wp","href":"https:\/\/api.w.org\/{rel}","templated":true}]}}