{"id":2715,"date":"2018-09-28T12:13:49","date_gmt":"2018-09-28T10:13:49","guid":{"rendered":"http:\/\/wp.kristdemokraterna.se\/sormland\/?p=2715"},"modified":"2018-10-08T09:51:32","modified_gmt":"2018-10-08T07:51:32","slug":"acko-ankarberg-johansson-ordforande-i-riksdagens-socialutskott","status":"publish","type":"post","link":"https:\/\/wp.kristdemokraterna.se\/sormland\/acko-ankarberg-johansson-ordforande-i-riksdagens-socialutskott\/","title":{"rendered":"Acko Ankarberg Johansson &#8211; ordf\u00f6rande i riksdagens Socialutskott"},"content":{"rendered":"<p><strong>Acko Ankarberg Johansson<\/strong>, nybliven riksdagsledamot f\u00f6r KD och tidigare partisekreterare, har utsetts till ordf\u00f6rande i det viktiga Socialutskottet.<br \/>\n&#8211; Hon \u00e4r mycket l\u00e4mpad att leda utskottets arbete, s\u00e4ger Andreas Carlson, gruppledare f\u00f6r KD i riksdagen.<br \/>\nAcko Ankarberg Johansson var statens utredare av LOV- Lagen om valfrihetssystem, och har \u00e4ven varit kommunstyrelsens ordf\u00f6rande i J\u00f6nk\u00f6ping.<br \/>\n<strong>KD-ledam\u00f6terna i riksdagens utskott, och i EU-n\u00e4mnden:<\/strong><br \/>\nArbetsmarknadsutskottet, AU: Sofia Damm<br \/>\nCivilutskottet, CU: Larry S\u00f6der<br \/>\nFinansutskottet, FU: Jakob Forssmed<br \/>\nF\u00f6rsvarsutskottet, F\u00f6U: Mikael Oscarsson<br \/>\nJustitieutskottet, JuU: Andreas Carlson, Ingemar Kihlstr\u00f6m<br \/>\nKonstitutionsutskottet, KU: Tuve Sk\u00e5nberg<br \/>\nKulturutskottet, KrU: Roland Utbult<br \/>\nMilj\u00f6- och jordbruksutskottet, MJU: Magnus Oscarsson, Kjell-Arne Ottosson<br \/>\nN\u00e4ringsutskottet, NU: Camilla Brodin<br \/>\nSkatteutskottet, SkU: Hampus Hagman<br \/>\nSocialf\u00f6rs\u00e4kringsutskottet, SfU: Hans Eklind, Pia Steensland<br \/>\nTrafikutskottet, TU: Magnus Jacobsson<br \/>\nUtbildningsutskottet, UbU:: Jimmy Loord<br \/>\nUtrikesutskottet, UU: Lars Adaktusson, Robert Halef<br \/>\nSocialutskottet, SoU: Acko Ankarberg Johansson, Michael Anefur, Pia Steensland<br \/>\nOch i EU-n\u00e4mnden, EUN: D\u00e9sir\u00e9e Pethrus, Lars Adaktusson, Robert Halef, Kjell-Arne Ottosson<\/p>\n","protected":false},"excerpt":{"rendered":"<p>Acko Ankarberg Johansson, nybliven riksdagsledamot f\u00f6r KD och tidigare partisekreterare, har utsetts till ordf\u00f6rande i det viktiga Socialutskottet. &#8211; Hon \u00e4r mycket l\u00e4mpad att leda utskottets arbete, s\u00e4ger Andreas Carlson, gruppledare f\u00f6r KD i riksdagen. Acko Ankarberg Johansson var statens utredare av LOV- Lagen om valfrihetssystem, och har \u00e4ven varit kommunstyrelsens ordf\u00f6rande i J\u00f6nk\u00f6ping. KD-ledam\u00f6terna <a class=\"read-more-link\" href=\"https:\/\/wp.kristdemokraterna.se\/sormland\/acko-ankarberg-johansson-ordforande-i-riksdagens-socialutskott\/\">Read More<\/a><\/p>\n","protected":false},"author":758,"featured_media":0,"comment_status":"closed","ping_status":"closed","sticky":false,"template":"","format":"standard","meta":{"_acf_changed":false,"footnotes":""},"categories":[1],"tags":[],"class_list":["post-2715","post","type-post","status-publish","format-standard","hentry","category-okategoriserade"],"acf":[],"yoast_head":"<!-- This site is optimized with the Yoast SEO plugin v27.4 - https:\/\/yoast.com\/product\/yoast-seo-wordpress\/ -->\n<title>Acko Ankarberg Johansson - ordf\u00f6rande i riksdagens Socialutskott - S\u00d6RMLAND<\/title>\n<meta name=\"robots\" content=\"index, follow, max-snippet:-1, max-image-preview:large, max-video-preview:-1\" \/>\n<link rel=\"canonical\" href=\"https:\/\/wp.kristdemokraterna.se\/sormland\/acko-ankarberg-johansson-ordforande-i-riksdagens-socialutskott\/\" \/>\n<meta property=\"og:locale\" content=\"sv_SE\" \/>\n<meta property=\"og:type\" content=\"article\" \/>\n<meta property=\"og:title\" content=\"Acko Ankarberg Johansson - ordf\u00f6rande i riksdagens Socialutskott - S\u00d6RMLAND\" \/>\n<meta property=\"og:description\" content=\"Acko Ankarberg Johansson, nybliven riksdagsledamot f\u00f6r KD och tidigare partisekreterare, har utsetts till ordf\u00f6rande i det viktiga Socialutskottet. &#8211; Hon \u00e4r mycket l\u00e4mpad att leda utskottets arbete, s\u00e4ger Andreas Carlson, gruppledare f\u00f6r KD i riksdagen. Acko Ankarberg Johansson var statens utredare av LOV- Lagen om valfrihetssystem, och har \u00e4ven varit kommunstyrelsens ordf\u00f6rande i J\u00f6nk\u00f6ping. KD-ledam\u00f6terna Read More\" \/>\n<meta property=\"og:url\" content=\"https:\/\/wp.kristdemokraterna.se\/sormland\/acko-ankarberg-johansson-ordforande-i-riksdagens-socialutskott\/\" \/>\n<meta property=\"og:site_name\" content=\"S\u00d6RMLAND\" \/>\n<meta property=\"article:published_time\" content=\"2018-09-28T10:13:49+00:00\" \/>\n<meta property=\"article:modified_time\" content=\"2018-10-08T07:51:32+00:00\" \/>\n<meta name=\"author\" content=\"Maria Wilhelmsson\" \/>\n<meta name=\"twitter:card\" content=\"summary_large_image\" \/>\n<meta name=\"twitter:label1\" content=\"Skriven av\" \/>\n\t<meta name=\"twitter:data1\" content=\"Maria Wilhelmsson\" \/>\n\t<meta name=\"twitter:label2\" content=\"Ber\u00e4knad l\u00e4stid\" \/>\n\t<meta name=\"twitter:data2\" content=\"1 minut\" \/>\n<script type=\"application\/ld+json\" class=\"yoast-schema-graph\">{\"@context\":\"https:\\\/\\\/schema.org\",\"@graph\":[{\"@type\":\"Article\",\"@id\":\"https:\\\/\\\/wp.kristdemokraterna.se\\\/sormland\\\/acko-ankarberg-johansson-ordforande-i-riksdagens-socialutskott\\\/#article\",\"isPartOf\":{\"@id\":\"https:\\\/\\\/wp.kristdemokraterna.se\\\/sormland\\\/acko-ankarberg-johansson-ordforande-i-riksdagens-socialutskott\\\/\"},\"author\":{\"name\":\"Maria Wilhelmsson\",\"@id\":\"https:\\\/\\\/wp.kristdemokraterna.se\\\/sormland\\\/#\\\/schema\\\/person\\\/68b6ef952dfd5db95cfcda8b97642f8f\"},\"headline\":\"Acko Ankarberg Johansson &#8211; ordf\u00f6rande i riksdagens Socialutskott\",\"datePublished\":\"2018-09-28T10:13:49+00:00\",\"dateModified\":\"2018-10-08T07:51:32+00:00\",\"mainEntityOfPage\":{\"@id\":\"https:\\\/\\\/wp.kristdemokraterna.se\\\/sormland\\\/acko-ankarberg-johansson-ordforande-i-riksdagens-socialutskott\\\/\"},\"wordCount\":179,\"inLanguage\":\"sv-SE\"},{\"@type\":\"WebPage\",\"@id\":\"https:\\\/\\\/wp.kristdemokraterna.se\\\/sormland\\\/acko-ankarberg-johansson-ordforande-i-riksdagens-socialutskott\\\/\",\"url\":\"https:\\\/\\\/wp.kristdemokraterna.se\\\/sormland\\\/acko-ankarberg-johansson-ordforande-i-riksdagens-socialutskott\\\/\",\"name\":\"Acko Ankarberg Johansson - ordf\u00f6rande i riksdagens Socialutskott - S\u00d6RMLAND\",\"isPartOf\":{\"@id\":\"https:\\\/\\\/wp.kristdemokraterna.se\\\/sormland\\\/#website\"},\"datePublished\":\"2018-09-28T10:13:49+00:00\",\"dateModified\":\"2018-10-08T07:51:32+00:00\",\"author\":{\"@id\":\"https:\\\/\\\/wp.kristdemokraterna.se\\\/sormland\\\/#\\\/schema\\\/person\\\/68b6ef952dfd5db95cfcda8b97642f8f\"},\"breadcrumb\":{\"@id\":\"https:\\\/\\\/wp.kristdemokraterna.se\\\/sormland\\\/acko-ankarberg-johansson-ordforande-i-riksdagens-socialutskott\\\/#breadcrumb\"},\"inLanguage\":\"sv-SE\",\"potentialAction\":[{\"@type\":\"ReadAction\",\"target\":[\"https:\\\/\\\/wp.kristdemokraterna.se\\\/sormland\\\/acko-ankarberg-johansson-ordforande-i-riksdagens-socialutskott\\\/\"]}]},{\"@type\":\"BreadcrumbList\",\"@id\":\"https:\\\/\\\/wp.kristdemokraterna.se\\\/sormland\\\/acko-ankarberg-johansson-ordforande-i-riksdagens-socialutskott\\\/#breadcrumb\",\"itemListElement\":[{\"@type\":\"ListItem\",\"position\":1,\"name\":\"Hem\",\"item\":\"https:\\\/\\\/wp.kristdemokraterna.se\\\/sormland\\\/\"},{\"@type\":\"ListItem\",\"position\":2,\"name\":\"Acko Ankarberg Johansson &#8211; ordf\u00f6rande i riksdagens Socialutskott\"}]},{\"@type\":\"WebSite\",\"@id\":\"https:\\\/\\\/wp.kristdemokraterna.se\\\/sormland\\\/#website\",\"url\":\"https:\\\/\\\/wp.kristdemokraterna.se\\\/sormland\\\/\",\"name\":\"S\u00d6RMLAND\",\"description\":\"\",\"inLanguage\":\"sv-SE\"},{\"@type\":\"Person\",\"@id\":\"https:\\\/\\\/wp.kristdemokraterna.se\\\/sormland\\\/#\\\/schema\\\/person\\\/68b6ef952dfd5db95cfcda8b97642f8f\",\"name\":\"Maria Wilhelmsson\",\"image\":{\"@type\":\"ImageObject\",\"inLanguage\":\"sv-SE\",\"@id\":\"https:\\\/\\\/secure.gravatar.com\\\/avatar\\\/0274a3c663a90c03b5c51d6a83fe54841bfa65a96f272eb7c04bfe0a66502a53?s=96&d=mm&r=g\",\"url\":\"https:\\\/\\\/secure.gravatar.com\\\/avatar\\\/0274a3c663a90c03b5c51d6a83fe54841bfa65a96f272eb7c04bfe0a66502a53?s=96&d=mm&r=g\",\"contentUrl\":\"https:\\\/\\\/secure.gravatar.com\\\/avatar\\\/0274a3c663a90c03b5c51d6a83fe54841bfa65a96f272eb7c04bfe0a66502a53?s=96&d=mm&r=g\",\"caption\":\"Maria Wilhelmsson\"},\"url\":\"https:\\\/\\\/wp.kristdemokraterna.se\\\/sormland\\\/author\\\/maria\\\/\"}]}<\/script>\n<!-- \/ Yoast SEO plugin. -->","yoast_head_json":{"title":"Acko Ankarberg Johansson - ordf\u00f6rande i riksdagens Socialutskott - S\u00d6RMLAND","robots":{"index":"index","follow":"follow","max-snippet":"max-snippet:-1","max-image-preview":"max-image-preview:large","max-video-preview":"max-video-preview:-1"},"canonical":"https:\/\/wp.kristdemokraterna.se\/sormland\/acko-ankarberg-johansson-ordforande-i-riksdagens-socialutskott\/","og_locale":"sv_SE","og_type":"article","og_title":"Acko Ankarberg Johansson - ordf\u00f6rande i riksdagens Socialutskott - S\u00d6RMLAND","og_description":"Acko Ankarberg Johansson, nybliven riksdagsledamot f\u00f6r KD och tidigare partisekreterare, har utsetts till ordf\u00f6rande i det viktiga Socialutskottet. &#8211; Hon \u00e4r mycket l\u00e4mpad att leda utskottets arbete, s\u00e4ger Andreas Carlson, gruppledare f\u00f6r KD i riksdagen. Acko Ankarberg Johansson var statens utredare av LOV- Lagen om valfrihetssystem, och har \u00e4ven varit kommunstyrelsens ordf\u00f6rande i J\u00f6nk\u00f6ping. KD-ledam\u00f6terna Read More","og_url":"https:\/\/wp.kristdemokraterna.se\/sormland\/acko-ankarberg-johansson-ordforande-i-riksdagens-socialutskott\/","og_site_name":"S\u00d6RMLAND","article_published_time":"2018-09-28T10:13:49+00:00","article_modified_time":"2018-10-08T07:51:32+00:00","author":"Maria Wilhelmsson","twitter_card":"summary_large_image","twitter_misc":{"Skriven av":"Maria Wilhelmsson","Ber\u00e4knad l\u00e4stid":"1 minut"},"schema":{"@context":"https:\/\/schema.org","@graph":[{"@type":"Article","@id":"https:\/\/wp.kristdemokraterna.se\/sormland\/acko-ankarberg-johansson-ordforande-i-riksdagens-socialutskott\/#article","isPartOf":{"@id":"https:\/\/wp.kristdemokraterna.se\/sormland\/acko-ankarberg-johansson-ordforande-i-riksdagens-socialutskott\/"},"author":{"name":"Maria Wilhelmsson","@id":"https:\/\/wp.kristdemokraterna.se\/sormland\/#\/schema\/person\/68b6ef952dfd5db95cfcda8b97642f8f"},"headline":"Acko Ankarberg Johansson &#8211; ordf\u00f6rande i riksdagens Socialutskott","datePublished":"2018-09-28T10:13:49+00:00","dateModified":"2018-10-08T07:51:32+00:00","mainEntityOfPage":{"@id":"https:\/\/wp.kristdemokraterna.se\/sormland\/acko-ankarberg-johansson-ordforande-i-riksdagens-socialutskott\/"},"wordCount":179,"inLanguage":"sv-SE"},{"@type":"WebPage","@id":"https:\/\/wp.kristdemokraterna.se\/sormland\/acko-ankarberg-johansson-ordforande-i-riksdagens-socialutskott\/","url":"https:\/\/wp.kristdemokraterna.se\/sormland\/acko-ankarberg-johansson-ordforande-i-riksdagens-socialutskott\/","name":"Acko Ankarberg Johansson - ordf\u00f6rande i riksdagens Socialutskott - S\u00d6RMLAND","isPartOf":{"@id":"https:\/\/wp.kristdemokraterna.se\/sormland\/#website"},"datePublished":"2018-09-28T10:13:49+00:00","dateModified":"2018-10-08T07:51:32+00:00","author":{"@id":"https:\/\/wp.kristdemokraterna.se\/sormland\/#\/schema\/person\/68b6ef952dfd5db95cfcda8b97642f8f"},"breadcrumb":{"@id":"https:\/\/wp.kristdemokraterna.se\/sormland\/acko-ankarberg-johansson-ordforande-i-riksdagens-socialutskott\/#breadcrumb"},"inLanguage":"sv-SE","potentialAction":[{"@type":"ReadAction","target":["https:\/\/wp.kristdemokraterna.se\/sormland\/acko-ankarberg-johansson-ordforande-i-riksdagens-socialutskott\/"]}]},{"@type":"BreadcrumbList","@id":"https:\/\/wp.kristdemokraterna.se\/sormland\/acko-ankarberg-johansson-ordforande-i-riksdagens-socialutskott\/#breadcrumb","itemListElement":[{"@type":"ListItem","position":1,"name":"Hem","item":"https:\/\/wp.kristdemokraterna.se\/sormland\/"},{"@type":"ListItem","position":2,"name":"Acko Ankarberg Johansson &#8211; ordf\u00f6rande i riksdagens Socialutskott"}]},{"@type":"WebSite","@id":"https:\/\/wp.kristdemokraterna.se\/sormland\/#website","url":"https:\/\/wp.kristdemokraterna.se\/sormland\/","name":"S\u00d6RMLAND","description":"","inLanguage":"sv-SE"},{"@type":"Person","@id":"https:\/\/wp.kristdemokraterna.se\/sormland\/#\/schema\/person\/68b6ef952dfd5db95cfcda8b97642f8f","name":"Maria Wilhelmsson","image":{"@type":"ImageObject","inLanguage":"sv-SE","@id":"https:\/\/secure.gravatar.com\/avatar\/0274a3c663a90c03b5c51d6a83fe54841bfa65a96f272eb7c04bfe0a66502a53?s=96&d=mm&r=g","url":"https:\/\/secure.gravatar.com\/avatar\/0274a3c663a90c03b5c51d6a83fe54841bfa65a96f272eb7c04bfe0a66502a53?s=96&d=mm&r=g","contentUrl":"https:\/\/secure.gravatar.com\/avatar\/0274a3c663a90c03b5c51d6a83fe54841bfa65a96f272eb7c04bfe0a66502a53?s=96&d=mm&r=g","caption":"Maria Wilhelmsson"},"url":"https:\/\/wp.kristdemokraterna.se\/sormland\/author\/maria\/"}]}},"_links":{"self":[{"href":"https:\/\/wp.kristdemokraterna.se\/sormland\/wp-json\/wp\/v2\/posts\/2715","targetHints":{"allow":["GET"]}}],"collection":[{"href":"https:\/\/wp.kristdemokraterna.se\/sormland\/wp-json\/wp\/v2\/posts"}],"about":[{"href":"https:\/\/wp.kristdemokraterna.se\/sormland\/wp-json\/wp\/v2\/types\/post"}],"author":[{"embeddable":true,"href":"https:\/\/wp.kristdemokraterna.se\/sormland\/wp-json\/wp\/v2\/users\/758"}],"replies":[{"embeddable":true,"href":"https:\/\/wp.kristdemokraterna.se\/sormland\/wp-json\/wp\/v2\/comments?post=2715"}],"version-history":[{"count":6,"href":"https:\/\/wp.kristdemokraterna.se\/sormland\/wp-json\/wp\/v2\/posts\/2715\/revisions"}],"predecessor-version":[{"id":2753,"href":"https:\/\/wp.kristdemokraterna.se\/sormland\/wp-json\/wp\/v2\/posts\/2715\/revisions\/2753"}],"wp:attachment":[{"href":"https:\/\/wp.kristdemokraterna.se\/sormland\/wp-json\/wp\/v2\/media?parent=2715"}],"wp:term":[{"taxonomy":"category","embeddable":true,"href":"https:\/\/wp.kristdemokraterna.se\/sormland\/wp-json\/wp\/v2\/categories?post=2715"},{"taxonomy":"post_tag","embeddable":true,"href":"https:\/\/wp.kristdemokraterna.se\/sormland\/wp-json\/wp\/v2\/tags?post=2715"}],"curies":[{"name":"wp","href":"https:\/\/api.w.org\/{rel}","templated":true}]}}