{"id":2857,"date":"2021-12-08T14:16:50","date_gmt":"2021-12-08T13:16:50","guid":{"rendered":"https:\/\/wp.kristdemokraterna.se\/sormland\/?p=2857"},"modified":"2023-03-14T11:39:01","modified_gmt":"2023-03-14T10:39:01","slug":"arsmote-amp-varstamma-5-mars-2022","status":"publish","type":"post","link":"https:\/\/wp.kristdemokraterna.se\/sormland\/arsmote-amp-varstamma-5-mars-2022\/","title":{"rendered":"Partidistrikts\u00e5rsm\u00f6te\/  V\u00e5rst\u00e4mma 18 mars 2023"},"content":{"rendered":"<p><strong>Kristdemokraterna i S\u00f6rmland h\u00e5ller v\u00e5rst\u00e4mma och \u00e5rsm\u00f6te:<\/strong><\/p>\n<p>H\u00e4rmed kallas du som ombud f\u00f6r din partiavdelning eller som ledamot i partidistriktets styrelse till V\u00e5rst\u00e4mma f\u00f6r Kristdemokraterna S\u00f6rmland<\/p>\n<p>Tid:\u00a0\u00a0\u00a0\u00a0\u00a0\u00a0\u00a0\u00a0\u00a0\u00a0 l\u00f6rdag den 18 mars 2023 kl. 09.30-16.00<\/p>\n<p>Plats: Trosa kvarn, \u00d6stra L\u00e5nggatan 87, Trosa<\/p>\n<p>M\u00f6tet sker endast fysiskt, ingen digital uts\u00e4ndning kommer ske.<\/p>\n<p>Anm\u00e4lan: Anm\u00e4l er senast m\u00e5ndag den 13 mars f\u00f6r att kunna f\u00e5 lunch p\u00e5 plats. Meddela ocks\u00e5 ev specialkost och vegetarisk kost. Anm\u00e4lan sker till <a href=\"mailto:joakim.widell@kristdemokraterna.se\">joakim.widell@kristdemokraterna.se<\/a> alt 070\u2013266 80 36<\/p>\n<p>Program<\/p>\n<ul>\n<li>9:30 Registrering och fika<\/li>\n<li>10:00 V\u00e4lkomstord av Janni Schager, Trosa partiavdelnings ordf\u00f6rande samt av partidistriktets ordf\u00f6rande Ulf Ros\u00e9n<\/li>\n<li>10:15 Tal av Riksdagsledamot Hans Eklind<\/li>\n<li>F\u00f6rhandlingar 11.15-12.30<\/li>\n<li>Lunch 12:30-13:30 p\u00e5 plats i Trosa kvarn<\/li>\n<li>F\u00f6rhandlingar 13:30-16:00<\/li>\n<li>Avslutning ca 16:00 fika<\/li>\n<\/ul>\n<p>Varmt V\u00e4lkomna<\/p>\n<p>\/Joakim Widell, ombudsman S\u00f6rmland<\/p>\n","protected":false},"excerpt":{"rendered":"<p>Kristdemokraterna i S\u00f6rmland h\u00e5ller v\u00e5rst\u00e4mma och \u00e5rsm\u00f6te: H\u00e4rmed kallas du som ombud f\u00f6r din partiavdelning eller som ledamot i partidistriktets styrelse till V\u00e5rst\u00e4mma f\u00f6r Kristdemokraterna S\u00f6rmland Tid:\u00a0\u00a0\u00a0\u00a0\u00a0\u00a0\u00a0\u00a0\u00a0\u00a0 l\u00f6rdag den 18 mars 2023 kl. 09.30-16.00 Plats: Trosa kvarn, \u00d6stra L\u00e5nggatan 87, Trosa M\u00f6tet sker endast fysiskt, ingen digital uts\u00e4ndning kommer ske. Anm\u00e4lan: Anm\u00e4l er senast m\u00e5ndag <a class=\"read-more-link\" href=\"https:\/\/wp.kristdemokraterna.se\/sormland\/arsmote-amp-varstamma-5-mars-2022\/\">Read More<\/a><\/p>\n","protected":false},"author":869,"featured_media":0,"comment_status":"closed","ping_status":"closed","sticky":false,"template":"","format":"standard","meta":{"_acf_changed":false,"footnotes":""},"categories":[310,41,1],"tags":[],"class_list":["post-2857","post","type-post","status-publish","format-standard","hentry","category-inlagg","category-nyheter","category-okategoriserade"],"acf":[],"yoast_head":"<!-- This site is optimized with the Yoast SEO plugin v27.4 - https:\/\/yoast.com\/product\/yoast-seo-wordpress\/ -->\n<title>Partidistrikts\u00e5rsm\u00f6te\/ V\u00e5rst\u00e4mma 18 mars 2023 - S\u00d6RMLAND<\/title>\n<meta name=\"robots\" content=\"index, follow, max-snippet:-1, max-image-preview:large, max-video-preview:-1\" \/>\n<link rel=\"canonical\" href=\"https:\/\/wp.kristdemokraterna.se\/sormland\/arsmote-amp-varstamma-5-mars-2022\/\" \/>\n<meta property=\"og:locale\" content=\"sv_SE\" \/>\n<meta property=\"og:type\" content=\"article\" \/>\n<meta property=\"og:title\" content=\"Partidistrikts\u00e5rsm\u00f6te\/ V\u00e5rst\u00e4mma 18 mars 2023 - S\u00d6RMLAND\" \/>\n<meta property=\"og:description\" content=\"Kristdemokraterna i S\u00f6rmland h\u00e5ller v\u00e5rst\u00e4mma och \u00e5rsm\u00f6te: H\u00e4rmed kallas du som ombud f\u00f6r din partiavdelning eller som ledamot i partidistriktets styrelse till V\u00e5rst\u00e4mma f\u00f6r Kristdemokraterna S\u00f6rmland Tid:\u00a0\u00a0\u00a0\u00a0\u00a0\u00a0\u00a0\u00a0\u00a0\u00a0 l\u00f6rdag den 18 mars 2023 kl. 09.30-16.00 Plats: Trosa kvarn, \u00d6stra L\u00e5nggatan 87, Trosa M\u00f6tet sker endast fysiskt, ingen digital uts\u00e4ndning kommer ske. Anm\u00e4lan: Anm\u00e4l er senast m\u00e5ndag Read More\" \/>\n<meta property=\"og:url\" content=\"https:\/\/wp.kristdemokraterna.se\/sormland\/arsmote-amp-varstamma-5-mars-2022\/\" \/>\n<meta property=\"og:site_name\" content=\"S\u00d6RMLAND\" \/>\n<meta property=\"article:published_time\" content=\"2021-12-08T13:16:50+00:00\" \/>\n<meta property=\"article:modified_time\" content=\"2023-03-14T10:39:01+00:00\" \/>\n<meta name=\"author\" content=\"Susanne Aihonen\" \/>\n<meta name=\"twitter:card\" content=\"summary_large_image\" \/>\n<meta name=\"twitter:label1\" content=\"Skriven av\" \/>\n\t<meta name=\"twitter:data1\" content=\"Susanne Aihonen\" \/>\n\t<meta name=\"twitter:label2\" content=\"Ber\u00e4knad l\u00e4stid\" \/>\n\t<meta name=\"twitter:data2\" content=\"1 minut\" \/>\n<script type=\"application\/ld+json\" class=\"yoast-schema-graph\">{\"@context\":\"https:\\\/\\\/schema.org\",\"@graph\":[{\"@type\":\"Article\",\"@id\":\"https:\\\/\\\/wp.kristdemokraterna.se\\\/sormland\\\/arsmote-amp-varstamma-5-mars-2022\\\/#article\",\"isPartOf\":{\"@id\":\"https:\\\/\\\/wp.kristdemokraterna.se\\\/sormland\\\/arsmote-amp-varstamma-5-mars-2022\\\/\"},\"author\":{\"name\":\"Susanne Aihonen\",\"@id\":\"https:\\\/\\\/wp.kristdemokraterna.se\\\/sormland\\\/#\\\/schema\\\/person\\\/8e49df0662f062985582e4da2a904415\"},\"headline\":\"Partidistrikts\u00e5rsm\u00f6te\\\/ V\u00e5rst\u00e4mma 18 mars 2023\",\"datePublished\":\"2021-12-08T13:16:50+00:00\",\"dateModified\":\"2023-03-14T10:39:01+00:00\",\"mainEntityOfPage\":{\"@id\":\"https:\\\/\\\/wp.kristdemokraterna.se\\\/sormland\\\/arsmote-amp-varstamma-5-mars-2022\\\/\"},\"wordCount\":153,\"articleSection\":[\"inl\u00e4gg\",\"Nyheter\"],\"inLanguage\":\"sv-SE\"},{\"@type\":\"WebPage\",\"@id\":\"https:\\\/\\\/wp.kristdemokraterna.se\\\/sormland\\\/arsmote-amp-varstamma-5-mars-2022\\\/\",\"url\":\"https:\\\/\\\/wp.kristdemokraterna.se\\\/sormland\\\/arsmote-amp-varstamma-5-mars-2022\\\/\",\"name\":\"Partidistrikts\u00e5rsm\u00f6te\\\/ V\u00e5rst\u00e4mma 18 mars 2023 - S\u00d6RMLAND\",\"isPartOf\":{\"@id\":\"https:\\\/\\\/wp.kristdemokraterna.se\\\/sormland\\\/#website\"},\"datePublished\":\"2021-12-08T13:16:50+00:00\",\"dateModified\":\"2023-03-14T10:39:01+00:00\",\"author\":{\"@id\":\"https:\\\/\\\/wp.kristdemokraterna.se\\\/sormland\\\/#\\\/schema\\\/person\\\/8e49df0662f062985582e4da2a904415\"},\"breadcrumb\":{\"@id\":\"https:\\\/\\\/wp.kristdemokraterna.se\\\/sormland\\\/arsmote-amp-varstamma-5-mars-2022\\\/#breadcrumb\"},\"inLanguage\":\"sv-SE\",\"potentialAction\":[{\"@type\":\"ReadAction\",\"target\":[\"https:\\\/\\\/wp.kristdemokraterna.se\\\/sormland\\\/arsmote-amp-varstamma-5-mars-2022\\\/\"]}]},{\"@type\":\"BreadcrumbList\",\"@id\":\"https:\\\/\\\/wp.kristdemokraterna.se\\\/sormland\\\/arsmote-amp-varstamma-5-mars-2022\\\/#breadcrumb\",\"itemListElement\":[{\"@type\":\"ListItem\",\"position\":1,\"name\":\"Hem\",\"item\":\"https:\\\/\\\/wp.kristdemokraterna.se\\\/sormland\\\/\"},{\"@type\":\"ListItem\",\"position\":2,\"name\":\"Partidistrikts\u00e5rsm\u00f6te\\\/ V\u00e5rst\u00e4mma 18 mars 2023\"}]},{\"@type\":\"WebSite\",\"@id\":\"https:\\\/\\\/wp.kristdemokraterna.se\\\/sormland\\\/#website\",\"url\":\"https:\\\/\\\/wp.kristdemokraterna.se\\\/sormland\\\/\",\"name\":\"S\u00d6RMLAND\",\"description\":\"\",\"inLanguage\":\"sv-SE\"},{\"@type\":\"Person\",\"@id\":\"https:\\\/\\\/wp.kristdemokraterna.se\\\/sormland\\\/#\\\/schema\\\/person\\\/8e49df0662f062985582e4da2a904415\",\"name\":\"Susanne Aihonen\",\"image\":{\"@type\":\"ImageObject\",\"inLanguage\":\"sv-SE\",\"@id\":\"https:\\\/\\\/secure.gravatar.com\\\/avatar\\\/c114e258d3a859272be66e83a4581f59ac86a934f16ec88eed3cbd4c37a3f291?s=96&d=mm&r=g\",\"url\":\"https:\\\/\\\/secure.gravatar.com\\\/avatar\\\/c114e258d3a859272be66e83a4581f59ac86a934f16ec88eed3cbd4c37a3f291?s=96&d=mm&r=g\",\"contentUrl\":\"https:\\\/\\\/secure.gravatar.com\\\/avatar\\\/c114e258d3a859272be66e83a4581f59ac86a934f16ec88eed3cbd4c37a3f291?s=96&d=mm&r=g\",\"caption\":\"Susanne Aihonen\"},\"url\":\"https:\\\/\\\/wp.kristdemokraterna.se\\\/sormland\\\/author\\\/susanneaihonen\\\/\"}]}<\/script>\n<!-- \/ Yoast SEO plugin. -->","yoast_head_json":{"title":"Partidistrikts\u00e5rsm\u00f6te\/ V\u00e5rst\u00e4mma 18 mars 2023 - S\u00d6RMLAND","robots":{"index":"index","follow":"follow","max-snippet":"max-snippet:-1","max-image-preview":"max-image-preview:large","max-video-preview":"max-video-preview:-1"},"canonical":"https:\/\/wp.kristdemokraterna.se\/sormland\/arsmote-amp-varstamma-5-mars-2022\/","og_locale":"sv_SE","og_type":"article","og_title":"Partidistrikts\u00e5rsm\u00f6te\/ V\u00e5rst\u00e4mma 18 mars 2023 - S\u00d6RMLAND","og_description":"Kristdemokraterna i S\u00f6rmland h\u00e5ller v\u00e5rst\u00e4mma och \u00e5rsm\u00f6te: H\u00e4rmed kallas du som ombud f\u00f6r din partiavdelning eller som ledamot i partidistriktets styrelse till V\u00e5rst\u00e4mma f\u00f6r Kristdemokraterna S\u00f6rmland Tid:\u00a0\u00a0\u00a0\u00a0\u00a0\u00a0\u00a0\u00a0\u00a0\u00a0 l\u00f6rdag den 18 mars 2023 kl. 09.30-16.00 Plats: Trosa kvarn, \u00d6stra L\u00e5nggatan 87, Trosa M\u00f6tet sker endast fysiskt, ingen digital uts\u00e4ndning kommer ske. Anm\u00e4lan: Anm\u00e4l er senast m\u00e5ndag Read More","og_url":"https:\/\/wp.kristdemokraterna.se\/sormland\/arsmote-amp-varstamma-5-mars-2022\/","og_site_name":"S\u00d6RMLAND","article_published_time":"2021-12-08T13:16:50+00:00","article_modified_time":"2023-03-14T10:39:01+00:00","author":"Susanne Aihonen","twitter_card":"summary_large_image","twitter_misc":{"Skriven av":"Susanne Aihonen","Ber\u00e4knad l\u00e4stid":"1 minut"},"schema":{"@context":"https:\/\/schema.org","@graph":[{"@type":"Article","@id":"https:\/\/wp.kristdemokraterna.se\/sormland\/arsmote-amp-varstamma-5-mars-2022\/#article","isPartOf":{"@id":"https:\/\/wp.kristdemokraterna.se\/sormland\/arsmote-amp-varstamma-5-mars-2022\/"},"author":{"name":"Susanne Aihonen","@id":"https:\/\/wp.kristdemokraterna.se\/sormland\/#\/schema\/person\/8e49df0662f062985582e4da2a904415"},"headline":"Partidistrikts\u00e5rsm\u00f6te\/ V\u00e5rst\u00e4mma 18 mars 2023","datePublished":"2021-12-08T13:16:50+00:00","dateModified":"2023-03-14T10:39:01+00:00","mainEntityOfPage":{"@id":"https:\/\/wp.kristdemokraterna.se\/sormland\/arsmote-amp-varstamma-5-mars-2022\/"},"wordCount":153,"articleSection":["inl\u00e4gg","Nyheter"],"inLanguage":"sv-SE"},{"@type":"WebPage","@id":"https:\/\/wp.kristdemokraterna.se\/sormland\/arsmote-amp-varstamma-5-mars-2022\/","url":"https:\/\/wp.kristdemokraterna.se\/sormland\/arsmote-amp-varstamma-5-mars-2022\/","name":"Partidistrikts\u00e5rsm\u00f6te\/ V\u00e5rst\u00e4mma 18 mars 2023 - S\u00d6RMLAND","isPartOf":{"@id":"https:\/\/wp.kristdemokraterna.se\/sormland\/#website"},"datePublished":"2021-12-08T13:16:50+00:00","dateModified":"2023-03-14T10:39:01+00:00","author":{"@id":"https:\/\/wp.kristdemokraterna.se\/sormland\/#\/schema\/person\/8e49df0662f062985582e4da2a904415"},"breadcrumb":{"@id":"https:\/\/wp.kristdemokraterna.se\/sormland\/arsmote-amp-varstamma-5-mars-2022\/#breadcrumb"},"inLanguage":"sv-SE","potentialAction":[{"@type":"ReadAction","target":["https:\/\/wp.kristdemokraterna.se\/sormland\/arsmote-amp-varstamma-5-mars-2022\/"]}]},{"@type":"BreadcrumbList","@id":"https:\/\/wp.kristdemokraterna.se\/sormland\/arsmote-amp-varstamma-5-mars-2022\/#breadcrumb","itemListElement":[{"@type":"ListItem","position":1,"name":"Hem","item":"https:\/\/wp.kristdemokraterna.se\/sormland\/"},{"@type":"ListItem","position":2,"name":"Partidistrikts\u00e5rsm\u00f6te\/ V\u00e5rst\u00e4mma 18 mars 2023"}]},{"@type":"WebSite","@id":"https:\/\/wp.kristdemokraterna.se\/sormland\/#website","url":"https:\/\/wp.kristdemokraterna.se\/sormland\/","name":"S\u00d6RMLAND","description":"","inLanguage":"sv-SE"},{"@type":"Person","@id":"https:\/\/wp.kristdemokraterna.se\/sormland\/#\/schema\/person\/8e49df0662f062985582e4da2a904415","name":"Susanne Aihonen","image":{"@type":"ImageObject","inLanguage":"sv-SE","@id":"https:\/\/secure.gravatar.com\/avatar\/c114e258d3a859272be66e83a4581f59ac86a934f16ec88eed3cbd4c37a3f291?s=96&d=mm&r=g","url":"https:\/\/secure.gravatar.com\/avatar\/c114e258d3a859272be66e83a4581f59ac86a934f16ec88eed3cbd4c37a3f291?s=96&d=mm&r=g","contentUrl":"https:\/\/secure.gravatar.com\/avatar\/c114e258d3a859272be66e83a4581f59ac86a934f16ec88eed3cbd4c37a3f291?s=96&d=mm&r=g","caption":"Susanne Aihonen"},"url":"https:\/\/wp.kristdemokraterna.se\/sormland\/author\/susanneaihonen\/"}]}},"_links":{"self":[{"href":"https:\/\/wp.kristdemokraterna.se\/sormland\/wp-json\/wp\/v2\/posts\/2857","targetHints":{"allow":["GET"]}}],"collection":[{"href":"https:\/\/wp.kristdemokraterna.se\/sormland\/wp-json\/wp\/v2\/posts"}],"about":[{"href":"https:\/\/wp.kristdemokraterna.se\/sormland\/wp-json\/wp\/v2\/types\/post"}],"author":[{"embeddable":true,"href":"https:\/\/wp.kristdemokraterna.se\/sormland\/wp-json\/wp\/v2\/users\/869"}],"replies":[{"embeddable":true,"href":"https:\/\/wp.kristdemokraterna.se\/sormland\/wp-json\/wp\/v2\/comments?post=2857"}],"version-history":[{"count":5,"href":"https:\/\/wp.kristdemokraterna.se\/sormland\/wp-json\/wp\/v2\/posts\/2857\/revisions"}],"predecessor-version":[{"id":2892,"href":"https:\/\/wp.kristdemokraterna.se\/sormland\/wp-json\/wp\/v2\/posts\/2857\/revisions\/2892"}],"wp:attachment":[{"href":"https:\/\/wp.kristdemokraterna.se\/sormland\/wp-json\/wp\/v2\/media?parent=2857"}],"wp:term":[{"taxonomy":"category","embeddable":true,"href":"https:\/\/wp.kristdemokraterna.se\/sormland\/wp-json\/wp\/v2\/categories?post=2857"},{"taxonomy":"post_tag","embeddable":true,"href":"https:\/\/wp.kristdemokraterna.se\/sormland\/wp-json\/wp\/v2\/tags?post=2857"}],"curies":[{"name":"wp","href":"https:\/\/api.w.org\/{rel}","templated":true}]}}