{"id":2903,"date":"2023-05-11T14:35:26","date_gmt":"2023-05-11T12:35:26","guid":{"rendered":"https:\/\/wp.kristdemokraterna.se\/sormland\/?p=2903"},"modified":"2023-05-11T14:39:01","modified_gmt":"2023-05-11T12:39:01","slug":"halsning-fran-var-nya-partisekreterare-liza-maria-norlin","status":"publish","type":"post","link":"https:\/\/wp.kristdemokraterna.se\/sormland\/halsning-fran-var-nya-partisekreterare-liza-maria-norlin\/","title":{"rendered":"H\u00e4lsning fr\u00e5n v\u00e5r nya partisekreterare Liza-Maria Norlin"},"content":{"rendered":"<p><a href=\"http:\/\/wp.kristdemokraterna.se\/sormland\/files\/2023\/05\/liza_apsis.png\"><img loading=\"lazy\" decoding=\"async\" class=\"alignnone size-medium wp-image-2904\" src=\"http:\/\/wp.kristdemokraterna.se\/sormland\/files\/2023\/05\/liza_apsis-300x125.png\" alt=\"\" width=\"300\" height=\"125\" srcset=\"https:\/\/wp.kristdemokraterna.se\/sormland\/files\/2023\/05\/liza_apsis-300x125.png 300w, https:\/\/wp.kristdemokraterna.se\/sormland\/files\/2023\/05\/liza_apsis-370x154.png 370w, https:\/\/wp.kristdemokraterna.se\/sormland\/files\/2023\/05\/liza_apsis-450x188.png 450w, https:\/\/wp.kristdemokraterna.se\/sormland\/files\/2023\/05\/liza_apsis-280x117.png 280w, https:\/\/wp.kristdemokraterna.se\/sormland\/files\/2023\/05\/liza_apsis-340x142.png 340w, https:\/\/wp.kristdemokraterna.se\/sormland\/files\/2023\/05\/liza_apsis-200x83.png 200w, https:\/\/wp.kristdemokraterna.se\/sormland\/files\/2023\/05\/liza_apsis-134x56.png 134w, https:\/\/wp.kristdemokraterna.se\/sormland\/files\/2023\/05\/liza_apsis.png 600w\" sizes=\"auto, (max-width: 300px) 100vw, 300px\" \/><\/a><\/p>\n<div class=\"x_headline\">Partiv\u00e4nner<\/div>\n<div class=\"x_bodytext\">Vi m\u00f6ttes nyligen p\u00e5 KD-dagarna och jag slogs av det engagemang som r\u00f6relsen har. Aldrig tidigare har Kristdemokraterna haft st\u00f6rre avtryck i svensk politik. Det \u00e4r ett fint och stort ansvar.<br aria-hidden=\"true\" \/><br aria-hidden=\"true\" \/>Inom alla v\u00e5ra sakpolitiska omr\u00e5den har vi p\u00e5b\u00f6rjat arbetet och levererar redan nu p\u00e5 flera av v\u00e5ra vall\u00f6ften. L\u00e5t oss hj\u00e4lpas \u00e5t att ber\u00e4tta om vad som g\u00f6rs.<br aria-hidden=\"true\" \/><br aria-hidden=\"true\" \/>\u2714\ufe0f Vi s\u00e4nker nu reduktionsplikten f\u00f6r drivmedel till 6 procent, vilket kommer att underl\u00e4tta hush\u00e5llens ekonomi.<br aria-hidden=\"true\" \/>\u2714\ufe0f Vi dubblar antalet dagar d\u00e4r f\u00f6r\u00e4ldrar samtidigt kan ta ut f\u00f6r\u00e4ldrapenning, fr\u00e5n 30 till 60 dagar.<br aria-hidden=\"true\" \/>\u2714\ufe0f Vi har f\u00f6rdelat 2 miljarder kronor till regioner f\u00f6r att \u00f6ka antalet v\u00e5rdplatser och &#8211; Socialstyrelsen har f\u00e5tt i uppdrag att ta fram en nationell plan f\u00f6r att st\u00e4rka f\u00f6rlossningsv\u00e5rden.<br aria-hidden=\"true\" \/>\u2714\ufe0f Vi ger civilsamh\u00e4llet 50 miljoner kronor till arbetet med att hj\u00e4lpa socialt utsatta.<br aria-hidden=\"true\" \/>\u2714\ufe0f Vi storsatsar f\u00f6r att bryta ofrivillig ensamhet genom att skapa sociala kontaktytor f\u00f6r \u00e4ldre.<br aria-hidden=\"true\" \/>\u2714\ufe0f Vi inf\u00f6r ett fritidskort som ger alla barn och unga m\u00f6jlighet att delta i idrotts- och f\u00f6reningsliv.<br aria-hidden=\"true\" \/>\u2714\ufe0f Vi satsar 112 miljoner kronor under 2023 f\u00f6r att st\u00e4rka kvaliteten, frig\u00f6ra platser och skapa nya platser f\u00f6r barn och unga inom den sociala barn- och ungdomsv\u00e5rden.<br aria-hidden=\"true\" \/>\u2714\ufe0f Vi f\u00f6rst\u00e4rker bostadsbidraget till barnfamiljer till 2 100 kronor per m\u00e5nad j\u00e4mf\u00f6rt med nuvarande 1 325 kronor.<br aria-hidden=\"true\" \/>\u2714\ufe0f Vi har kommit med tv\u00e5 el-st\u00f6d till hush\u00e5llen och nu kommer el-st\u00f6det till f\u00f6retag.<br aria-hidden=\"true\" \/><br aria-hidden=\"true\" \/>H\u00e4r m\u00e4rker du att Kristdemokraterna g\u00f6r skillnad. V\u00e5r politik \u00e4r viktig f\u00f6r m\u00e4nniskor och det \u00e4r som Ebba sa i sitt tal vid kommundagarna \u2013 det \u00e4r k\u00e4rlek till m\u00e4nniskor som driver oss. Jag har varit med i partiet i 25 \u00e5r och jag har sett opinionsm\u00e4tningar komma och g\u00e5. Nu \u00e4r vi i b\u00f6rjan av mandatperioden. Vi f\u00f6rvaltar det f\u00f6rtroende som vi f\u00e5tt och b\u00f6rjar f\u00f6rbereda oss f\u00f6r val 2026. Kristdemokraterna har en f\u00f6rm\u00e5ga att leverera och det visar vi nu i regeringsst\u00e4llning, i regioner och kommuner.<br aria-hidden=\"true\" \/><br aria-hidden=\"true\" \/>Tack f\u00f6r allt du g\u00f6r. Tillsammans h\u00e5ller vi kursen!<br aria-hidden=\"true\" \/>Liza-Maria Norlin<br aria-hidden=\"true\" \/>Partisekreterare<\/div>\n","protected":false},"excerpt":{"rendered":"<p>Partiv\u00e4nner Vi m\u00f6ttes nyligen p\u00e5 KD-dagarna och jag slogs av det engagemang som r\u00f6relsen har. Aldrig tidigare har Kristdemokraterna haft st\u00f6rre avtryck i svensk politik. Det \u00e4r ett fint och stort ansvar.Inom alla v\u00e5ra sakpolitiska omr\u00e5den har vi p\u00e5b\u00f6rjat arbetet och levererar redan nu p\u00e5 flera av v\u00e5ra vall\u00f6ften. L\u00e5t oss hj\u00e4lpas \u00e5t att ber\u00e4tta <a class=\"read-more-link\" href=\"https:\/\/wp.kristdemokraterna.se\/sormland\/halsning-fran-var-nya-partisekreterare-liza-maria-norlin\/\">Read More<\/a><\/p>\n","protected":false},"author":684,"featured_media":0,"comment_status":"closed","ping_status":"closed","sticky":false,"template":"","format":"standard","meta":{"_acf_changed":false,"footnotes":""},"categories":[310,41],"tags":[],"class_list":["post-2903","post","type-post","status-publish","format-standard","hentry","category-inlagg","category-nyheter"],"acf":[],"yoast_head":"<!-- This site is optimized with the Yoast SEO plugin v27.4 - https:\/\/yoast.com\/product\/yoast-seo-wordpress\/ -->\n<title>H\u00e4lsning fr\u00e5n v\u00e5r nya partisekreterare Liza-Maria Norlin - S\u00d6RMLAND<\/title>\n<meta name=\"robots\" content=\"index, follow, max-snippet:-1, max-image-preview:large, max-video-preview:-1\" \/>\n<link rel=\"canonical\" href=\"https:\/\/wp.kristdemokraterna.se\/sormland\/halsning-fran-var-nya-partisekreterare-liza-maria-norlin\/\" \/>\n<meta property=\"og:locale\" content=\"sv_SE\" \/>\n<meta property=\"og:type\" content=\"article\" \/>\n<meta property=\"og:title\" content=\"H\u00e4lsning fr\u00e5n v\u00e5r nya partisekreterare Liza-Maria Norlin - S\u00d6RMLAND\" \/>\n<meta property=\"og:description\" content=\"Partiv\u00e4nner Vi m\u00f6ttes nyligen p\u00e5 KD-dagarna och jag slogs av det engagemang som r\u00f6relsen har. Aldrig tidigare har Kristdemokraterna haft st\u00f6rre avtryck i svensk politik. Det \u00e4r ett fint och stort ansvar.Inom alla v\u00e5ra sakpolitiska omr\u00e5den har vi p\u00e5b\u00f6rjat arbetet och levererar redan nu p\u00e5 flera av v\u00e5ra vall\u00f6ften. L\u00e5t oss hj\u00e4lpas \u00e5t att ber\u00e4tta Read More\" \/>\n<meta property=\"og:url\" content=\"https:\/\/wp.kristdemokraterna.se\/sormland\/halsning-fran-var-nya-partisekreterare-liza-maria-norlin\/\" \/>\n<meta property=\"og:site_name\" content=\"S\u00d6RMLAND\" \/>\n<meta property=\"article:published_time\" content=\"2023-05-11T12:35:26+00:00\" \/>\n<meta property=\"article:modified_time\" content=\"2023-05-11T12:39:01+00:00\" \/>\n<meta property=\"og:image\" content=\"http:\/\/wp.kristdemokraterna.se\/sormland\/files\/2023\/05\/liza_apsis-300x125.png\" \/>\n<meta name=\"author\" content=\"joakimwidell\" \/>\n<meta name=\"twitter:card\" content=\"summary_large_image\" \/>\n<meta name=\"twitter:label1\" content=\"Skriven av\" \/>\n\t<meta name=\"twitter:data1\" content=\"joakimwidell\" \/>\n\t<meta name=\"twitter:label2\" content=\"Ber\u00e4knad l\u00e4stid\" \/>\n\t<meta name=\"twitter:data2\" content=\"2 minuter\" \/>\n<script type=\"application\/ld+json\" class=\"yoast-schema-graph\">{\"@context\":\"https:\\\/\\\/schema.org\",\"@graph\":[{\"@type\":\"Article\",\"@id\":\"https:\\\/\\\/wp.kristdemokraterna.se\\\/sormland\\\/halsning-fran-var-nya-partisekreterare-liza-maria-norlin\\\/#article\",\"isPartOf\":{\"@id\":\"https:\\\/\\\/wp.kristdemokraterna.se\\\/sormland\\\/halsning-fran-var-nya-partisekreterare-liza-maria-norlin\\\/\"},\"author\":{\"name\":\"joakimwidell\",\"@id\":\"https:\\\/\\\/wp.kristdemokraterna.se\\\/sormland\\\/#\\\/schema\\\/person\\\/48ff8fde985a9e1805278ef284cc222b\"},\"headline\":\"H\u00e4lsning fr\u00e5n v\u00e5r nya partisekreterare Liza-Maria Norlin\",\"datePublished\":\"2023-05-11T12:35:26+00:00\",\"dateModified\":\"2023-05-11T12:39:01+00:00\",\"mainEntityOfPage\":{\"@id\":\"https:\\\/\\\/wp.kristdemokraterna.se\\\/sormland\\\/halsning-fran-var-nya-partisekreterare-liza-maria-norlin\\\/\"},\"wordCount\":393,\"image\":{\"@id\":\"https:\\\/\\\/wp.kristdemokraterna.se\\\/sormland\\\/halsning-fran-var-nya-partisekreterare-liza-maria-norlin\\\/#primaryimage\"},\"thumbnailUrl\":\"http:\\\/\\\/wp.kristdemokraterna.se\\\/sormland\\\/files\\\/2023\\\/05\\\/liza_apsis-300x125.png\",\"articleSection\":[\"inl\u00e4gg\",\"Nyheter\"],\"inLanguage\":\"sv-SE\"},{\"@type\":\"WebPage\",\"@id\":\"https:\\\/\\\/wp.kristdemokraterna.se\\\/sormland\\\/halsning-fran-var-nya-partisekreterare-liza-maria-norlin\\\/\",\"url\":\"https:\\\/\\\/wp.kristdemokraterna.se\\\/sormland\\\/halsning-fran-var-nya-partisekreterare-liza-maria-norlin\\\/\",\"name\":\"H\u00e4lsning fr\u00e5n v\u00e5r nya partisekreterare Liza-Maria Norlin - S\u00d6RMLAND\",\"isPartOf\":{\"@id\":\"https:\\\/\\\/wp.kristdemokraterna.se\\\/sormland\\\/#website\"},\"primaryImageOfPage\":{\"@id\":\"https:\\\/\\\/wp.kristdemokraterna.se\\\/sormland\\\/halsning-fran-var-nya-partisekreterare-liza-maria-norlin\\\/#primaryimage\"},\"image\":{\"@id\":\"https:\\\/\\\/wp.kristdemokraterna.se\\\/sormland\\\/halsning-fran-var-nya-partisekreterare-liza-maria-norlin\\\/#primaryimage\"},\"thumbnailUrl\":\"http:\\\/\\\/wp.kristdemokraterna.se\\\/sormland\\\/files\\\/2023\\\/05\\\/liza_apsis-300x125.png\",\"datePublished\":\"2023-05-11T12:35:26+00:00\",\"dateModified\":\"2023-05-11T12:39:01+00:00\",\"author\":{\"@id\":\"https:\\\/\\\/wp.kristdemokraterna.se\\\/sormland\\\/#\\\/schema\\\/person\\\/48ff8fde985a9e1805278ef284cc222b\"},\"breadcrumb\":{\"@id\":\"https:\\\/\\\/wp.kristdemokraterna.se\\\/sormland\\\/halsning-fran-var-nya-partisekreterare-liza-maria-norlin\\\/#breadcrumb\"},\"inLanguage\":\"sv-SE\",\"potentialAction\":[{\"@type\":\"ReadAction\",\"target\":[\"https:\\\/\\\/wp.kristdemokraterna.se\\\/sormland\\\/halsning-fran-var-nya-partisekreterare-liza-maria-norlin\\\/\"]}]},{\"@type\":\"ImageObject\",\"inLanguage\":\"sv-SE\",\"@id\":\"https:\\\/\\\/wp.kristdemokraterna.se\\\/sormland\\\/halsning-fran-var-nya-partisekreterare-liza-maria-norlin\\\/#primaryimage\",\"url\":\"http:\\\/\\\/wp.kristdemokraterna.se\\\/sormland\\\/files\\\/2023\\\/05\\\/liza_apsis-300x125.png\",\"contentUrl\":\"http:\\\/\\\/wp.kristdemokraterna.se\\\/sormland\\\/files\\\/2023\\\/05\\\/liza_apsis-300x125.png\"},{\"@type\":\"BreadcrumbList\",\"@id\":\"https:\\\/\\\/wp.kristdemokraterna.se\\\/sormland\\\/halsning-fran-var-nya-partisekreterare-liza-maria-norlin\\\/#breadcrumb\",\"itemListElement\":[{\"@type\":\"ListItem\",\"position\":1,\"name\":\"Hem\",\"item\":\"https:\\\/\\\/wp.kristdemokraterna.se\\\/sormland\\\/\"},{\"@type\":\"ListItem\",\"position\":2,\"name\":\"H\u00e4lsning fr\u00e5n v\u00e5r nya partisekreterare Liza-Maria Norlin\"}]},{\"@type\":\"WebSite\",\"@id\":\"https:\\\/\\\/wp.kristdemokraterna.se\\\/sormland\\\/#website\",\"url\":\"https:\\\/\\\/wp.kristdemokraterna.se\\\/sormland\\\/\",\"name\":\"S\u00d6RMLAND\",\"description\":\"\",\"inLanguage\":\"sv-SE\"},{\"@type\":\"Person\",\"@id\":\"https:\\\/\\\/wp.kristdemokraterna.se\\\/sormland\\\/#\\\/schema\\\/person\\\/48ff8fde985a9e1805278ef284cc222b\",\"name\":\"joakimwidell\",\"image\":{\"@type\":\"ImageObject\",\"inLanguage\":\"sv-SE\",\"@id\":\"https:\\\/\\\/secure.gravatar.com\\\/avatar\\\/1f8cb0944ed405502ca3304a690965fa47400e899f9fee94484b205e42b0b639?s=96&d=mm&r=g\",\"url\":\"https:\\\/\\\/secure.gravatar.com\\\/avatar\\\/1f8cb0944ed405502ca3304a690965fa47400e899f9fee94484b205e42b0b639?s=96&d=mm&r=g\",\"contentUrl\":\"https:\\\/\\\/secure.gravatar.com\\\/avatar\\\/1f8cb0944ed405502ca3304a690965fa47400e899f9fee94484b205e42b0b639?s=96&d=mm&r=g\",\"caption\":\"joakimwidell\"},\"url\":\"https:\\\/\\\/wp.kristdemokraterna.se\\\/sormland\\\/author\\\/joakimwidell\\\/\"}]}<\/script>\n<!-- \/ Yoast SEO plugin. -->","yoast_head_json":{"title":"H\u00e4lsning fr\u00e5n v\u00e5r nya partisekreterare Liza-Maria Norlin - S\u00d6RMLAND","robots":{"index":"index","follow":"follow","max-snippet":"max-snippet:-1","max-image-preview":"max-image-preview:large","max-video-preview":"max-video-preview:-1"},"canonical":"https:\/\/wp.kristdemokraterna.se\/sormland\/halsning-fran-var-nya-partisekreterare-liza-maria-norlin\/","og_locale":"sv_SE","og_type":"article","og_title":"H\u00e4lsning fr\u00e5n v\u00e5r nya partisekreterare Liza-Maria Norlin - S\u00d6RMLAND","og_description":"Partiv\u00e4nner Vi m\u00f6ttes nyligen p\u00e5 KD-dagarna och jag slogs av det engagemang som r\u00f6relsen har. Aldrig tidigare har Kristdemokraterna haft st\u00f6rre avtryck i svensk politik. Det \u00e4r ett fint och stort ansvar.Inom alla v\u00e5ra sakpolitiska omr\u00e5den har vi p\u00e5b\u00f6rjat arbetet och levererar redan nu p\u00e5 flera av v\u00e5ra vall\u00f6ften. L\u00e5t oss hj\u00e4lpas \u00e5t att ber\u00e4tta Read More","og_url":"https:\/\/wp.kristdemokraterna.se\/sormland\/halsning-fran-var-nya-partisekreterare-liza-maria-norlin\/","og_site_name":"S\u00d6RMLAND","article_published_time":"2023-05-11T12:35:26+00:00","article_modified_time":"2023-05-11T12:39:01+00:00","og_image":[{"url":"http:\/\/wp.kristdemokraterna.se\/sormland\/files\/2023\/05\/liza_apsis-300x125.png","type":"","width":"","height":""}],"author":"joakimwidell","twitter_card":"summary_large_image","twitter_misc":{"Skriven av":"joakimwidell","Ber\u00e4knad l\u00e4stid":"2 minuter"},"schema":{"@context":"https:\/\/schema.org","@graph":[{"@type":"Article","@id":"https:\/\/wp.kristdemokraterna.se\/sormland\/halsning-fran-var-nya-partisekreterare-liza-maria-norlin\/#article","isPartOf":{"@id":"https:\/\/wp.kristdemokraterna.se\/sormland\/halsning-fran-var-nya-partisekreterare-liza-maria-norlin\/"},"author":{"name":"joakimwidell","@id":"https:\/\/wp.kristdemokraterna.se\/sormland\/#\/schema\/person\/48ff8fde985a9e1805278ef284cc222b"},"headline":"H\u00e4lsning fr\u00e5n v\u00e5r nya partisekreterare Liza-Maria Norlin","datePublished":"2023-05-11T12:35:26+00:00","dateModified":"2023-05-11T12:39:01+00:00","mainEntityOfPage":{"@id":"https:\/\/wp.kristdemokraterna.se\/sormland\/halsning-fran-var-nya-partisekreterare-liza-maria-norlin\/"},"wordCount":393,"image":{"@id":"https:\/\/wp.kristdemokraterna.se\/sormland\/halsning-fran-var-nya-partisekreterare-liza-maria-norlin\/#primaryimage"},"thumbnailUrl":"http:\/\/wp.kristdemokraterna.se\/sormland\/files\/2023\/05\/liza_apsis-300x125.png","articleSection":["inl\u00e4gg","Nyheter"],"inLanguage":"sv-SE"},{"@type":"WebPage","@id":"https:\/\/wp.kristdemokraterna.se\/sormland\/halsning-fran-var-nya-partisekreterare-liza-maria-norlin\/","url":"https:\/\/wp.kristdemokraterna.se\/sormland\/halsning-fran-var-nya-partisekreterare-liza-maria-norlin\/","name":"H\u00e4lsning fr\u00e5n v\u00e5r nya partisekreterare Liza-Maria Norlin - S\u00d6RMLAND","isPartOf":{"@id":"https:\/\/wp.kristdemokraterna.se\/sormland\/#website"},"primaryImageOfPage":{"@id":"https:\/\/wp.kristdemokraterna.se\/sormland\/halsning-fran-var-nya-partisekreterare-liza-maria-norlin\/#primaryimage"},"image":{"@id":"https:\/\/wp.kristdemokraterna.se\/sormland\/halsning-fran-var-nya-partisekreterare-liza-maria-norlin\/#primaryimage"},"thumbnailUrl":"http:\/\/wp.kristdemokraterna.se\/sormland\/files\/2023\/05\/liza_apsis-300x125.png","datePublished":"2023-05-11T12:35:26+00:00","dateModified":"2023-05-11T12:39:01+00:00","author":{"@id":"https:\/\/wp.kristdemokraterna.se\/sormland\/#\/schema\/person\/48ff8fde985a9e1805278ef284cc222b"},"breadcrumb":{"@id":"https:\/\/wp.kristdemokraterna.se\/sormland\/halsning-fran-var-nya-partisekreterare-liza-maria-norlin\/#breadcrumb"},"inLanguage":"sv-SE","potentialAction":[{"@type":"ReadAction","target":["https:\/\/wp.kristdemokraterna.se\/sormland\/halsning-fran-var-nya-partisekreterare-liza-maria-norlin\/"]}]},{"@type":"ImageObject","inLanguage":"sv-SE","@id":"https:\/\/wp.kristdemokraterna.se\/sormland\/halsning-fran-var-nya-partisekreterare-liza-maria-norlin\/#primaryimage","url":"http:\/\/wp.kristdemokraterna.se\/sormland\/files\/2023\/05\/liza_apsis-300x125.png","contentUrl":"http:\/\/wp.kristdemokraterna.se\/sormland\/files\/2023\/05\/liza_apsis-300x125.png"},{"@type":"BreadcrumbList","@id":"https:\/\/wp.kristdemokraterna.se\/sormland\/halsning-fran-var-nya-partisekreterare-liza-maria-norlin\/#breadcrumb","itemListElement":[{"@type":"ListItem","position":1,"name":"Hem","item":"https:\/\/wp.kristdemokraterna.se\/sormland\/"},{"@type":"ListItem","position":2,"name":"H\u00e4lsning fr\u00e5n v\u00e5r nya partisekreterare Liza-Maria Norlin"}]},{"@type":"WebSite","@id":"https:\/\/wp.kristdemokraterna.se\/sormland\/#website","url":"https:\/\/wp.kristdemokraterna.se\/sormland\/","name":"S\u00d6RMLAND","description":"","inLanguage":"sv-SE"},{"@type":"Person","@id":"https:\/\/wp.kristdemokraterna.se\/sormland\/#\/schema\/person\/48ff8fde985a9e1805278ef284cc222b","name":"joakimwidell","image":{"@type":"ImageObject","inLanguage":"sv-SE","@id":"https:\/\/secure.gravatar.com\/avatar\/1f8cb0944ed405502ca3304a690965fa47400e899f9fee94484b205e42b0b639?s=96&d=mm&r=g","url":"https:\/\/secure.gravatar.com\/avatar\/1f8cb0944ed405502ca3304a690965fa47400e899f9fee94484b205e42b0b639?s=96&d=mm&r=g","contentUrl":"https:\/\/secure.gravatar.com\/avatar\/1f8cb0944ed405502ca3304a690965fa47400e899f9fee94484b205e42b0b639?s=96&d=mm&r=g","caption":"joakimwidell"},"url":"https:\/\/wp.kristdemokraterna.se\/sormland\/author\/joakimwidell\/"}]}},"_links":{"self":[{"href":"https:\/\/wp.kristdemokraterna.se\/sormland\/wp-json\/wp\/v2\/posts\/2903","targetHints":{"allow":["GET"]}}],"collection":[{"href":"https:\/\/wp.kristdemokraterna.se\/sormland\/wp-json\/wp\/v2\/posts"}],"about":[{"href":"https:\/\/wp.kristdemokraterna.se\/sormland\/wp-json\/wp\/v2\/types\/post"}],"author":[{"embeddable":true,"href":"https:\/\/wp.kristdemokraterna.se\/sormland\/wp-json\/wp\/v2\/users\/684"}],"replies":[{"embeddable":true,"href":"https:\/\/wp.kristdemokraterna.se\/sormland\/wp-json\/wp\/v2\/comments?post=2903"}],"version-history":[{"count":1,"href":"https:\/\/wp.kristdemokraterna.se\/sormland\/wp-json\/wp\/v2\/posts\/2903\/revisions"}],"predecessor-version":[{"id":2905,"href":"https:\/\/wp.kristdemokraterna.se\/sormland\/wp-json\/wp\/v2\/posts\/2903\/revisions\/2905"}],"wp:attachment":[{"href":"https:\/\/wp.kristdemokraterna.se\/sormland\/wp-json\/wp\/v2\/media?parent=2903"}],"wp:term":[{"taxonomy":"category","embeddable":true,"href":"https:\/\/wp.kristdemokraterna.se\/sormland\/wp-json\/wp\/v2\/categories?post=2903"},{"taxonomy":"post_tag","embeddable":true,"href":"https:\/\/wp.kristdemokraterna.se\/sormland\/wp-json\/wp\/v2\/tags?post=2903"}],"curies":[{"name":"wp","href":"https:\/\/api.w.org\/{rel}","templated":true}]}}