{"id":2906,"date":"2023-05-28T10:00:21","date_gmt":"2023-05-28T08:00:21","guid":{"rendered":"https:\/\/wp.kristdemokraterna.se\/sormland\/?p=2906"},"modified":"2023-05-28T10:01:55","modified_gmt":"2023-05-28T08:01:55","slug":"2906-2","status":"publish","type":"post","link":"https:\/\/wp.kristdemokraterna.se\/sormland\/2906-2\/","title":{"rendered":"V\u00e5r talesperson inom utrikespolitik och EU-fr\u00e5gor Joakim Widell"},"content":{"rendered":"<p><a href=\"http:\/\/wp.kristdemokraterna.se\/sormland\/files\/2023\/05\/jw4.jpg\"><img loading=\"lazy\" decoding=\"async\" class=\"alignnone size-medium wp-image-2907\" src=\"http:\/\/wp.kristdemokraterna.se\/sormland\/files\/2023\/05\/jw4-300x220.jpg\" alt=\"\" width=\"300\" height=\"220\" srcset=\"https:\/\/wp.kristdemokraterna.se\/sormland\/files\/2023\/05\/jw4-300x220.jpg 300w, https:\/\/wp.kristdemokraterna.se\/sormland\/files\/2023\/05\/jw4-1024x751.jpg 1024w, https:\/\/wp.kristdemokraterna.se\/sormland\/files\/2023\/05\/jw4-768x563.jpg 768w, https:\/\/wp.kristdemokraterna.se\/sormland\/files\/2023\/05\/jw4-273x200.jpg 273w, https:\/\/wp.kristdemokraterna.se\/sormland\/files\/2023\/05\/jw4-370x271.jpg 370w, https:\/\/wp.kristdemokraterna.se\/sormland\/files\/2023\/05\/jw4-770x565.jpg 770w, https:\/\/wp.kristdemokraterna.se\/sormland\/files\/2023\/05\/jw4-450x330.jpg 450w, https:\/\/wp.kristdemokraterna.se\/sormland\/files\/2023\/05\/jw4-280x205.jpg 280w, https:\/\/wp.kristdemokraterna.se\/sormland\/files\/2023\/05\/jw4-340x249.jpg 340w, https:\/\/wp.kristdemokraterna.se\/sormland\/files\/2023\/05\/jw4-200x147.jpg 200w, https:\/\/wp.kristdemokraterna.se\/sormland\/files\/2023\/05\/jw4-76x56.jpg 76w, https:\/\/wp.kristdemokraterna.se\/sormland\/files\/2023\/05\/jw4.jpg 1125w\" sizes=\"auto, (max-width: 300px) 100vw, 300px\" \/><\/a><\/p>\n<p>S\u00f6rmlands kristdemokrater har talespersoner inom m\u00e5nga viktiga politikomr\u00e5den, och nu h\u00e4r kommer v\u00e5r talesperson i utrikespolitik och EU-fr\u00e5gor Joakim Widell.<\/p>\n<p>Han \u00e4r S\u00f6rmlands ombudsman sedan 2021 och \u00e4r ocks\u00e5 politisk sekreterare i Eskilstuna. Joakim kommer fr\u00e5n V\u00e4ster\u00e5s, \u00e4r 56 \u00e5r och har en son p\u00e5 21 \u00e5r. Joakim har ett mycket stort historiskt intresse och l\u00e4ser mycket, \u00e4r v\u00e4l insatt i samh\u00e4llsfr\u00e5gor och omv\u00e4rlden, vilket g\u00f6r honom perfekt som talesperson i Utrikes och EU-fr\u00e5gor. F\u00f6rutom det intresset \u00e4gnar han fritiden \u00e5t sina fritidsstugor i Dalarna och H\u00e4rjedalen, samt jakt och biodling.<\/p>\n<p>Den 9 juni 2024 \u00e4r det dags f\u00f6r EU-val. Jag har tackat JA till att kandidera och k\u00e4nner b\u00e5de stolthet och tacksamhet \u00f6ver att ha blivit nominerad!<\/p>\n<p>F\u00f6r mig ska EU vara en stark samlande och frihetlig kraft. Jag vill ha ett tydligare fokus p\u00e5 stora gemensamma fr\u00e5gor och mindre av kl\u00e5fingrighet och detaljbest\u00e4mmande \u00f6ver medlemsl\u00e4nderna. Vi beh\u00f6ver ta vara p\u00e5 v\u00e5rt europiska arv, bygga p\u00e5 de principer som skapade EU efter en v\u00e4rld i krig. EU \u00e4r till f\u00f6r att skapa fred och v\u00e4lst\u00e5nd inom sina stater och f\u00f6r att underl\u00e4tta f\u00f6r medborgarna, ett m\u00e4nskligare Europa helt enkelt, tillbaka till r\u00f6tterna. Jag kan min historia och jag st\u00e5r fast f\u00f6rankrad i KD:s och EPP:s ideologiska r\u00f6tter. Jag delar helt Adenauers och Schumans id\u00e9er f\u00f6r det europeiska samh\u00e4llsbygget, det beh\u00f6ver vi bygga vidare p\u00e5. EU \u00e4r ett samarbete mellan stater inte en ny stat. EU \u00e4r till f\u00f6r sina inv\u00e5nare och det kommer jag arbeta p\u00e5, f\u00f6r ett m\u00e4nskligare EU.<\/p>\n<p>Vill du komma i kontakt med mig, maila mig g\u00e4rna p\u00e5: <a href=\"mailto:joakim.widell@kristdemokraterna.se\">joakim.widell@kristdemokraterna.se<\/a><\/p>\n","protected":false},"excerpt":{"rendered":"<p>S\u00f6rmlands kristdemokrater har talespersoner inom m\u00e5nga viktiga politikomr\u00e5den, och nu h\u00e4r kommer v\u00e5r talesperson i utrikespolitik och EU-fr\u00e5gor Joakim Widell. Han \u00e4r S\u00f6rmlands ombudsman sedan 2021 och \u00e4r ocks\u00e5 politisk sekreterare i Eskilstuna. Joakim kommer fr\u00e5n V\u00e4ster\u00e5s, \u00e4r 56 \u00e5r och har en son p\u00e5 21 \u00e5r. Joakim har ett mycket stort historiskt intresse och <a class=\"read-more-link\" href=\"https:\/\/wp.kristdemokraterna.se\/sormland\/2906-2\/\">Read More<\/a><\/p>\n","protected":false},"author":684,"featured_media":0,"comment_status":"closed","ping_status":"closed","sticky":false,"template":"","format":"standard","meta":{"_acf_changed":false,"footnotes":""},"categories":[310,1],"tags":[],"class_list":["post-2906","post","type-post","status-publish","format-standard","hentry","category-inlagg","category-okategoriserade"],"acf":[],"yoast_head":"<!-- This site is optimized with the Yoast SEO plugin v27.4 - https:\/\/yoast.com\/product\/yoast-seo-wordpress\/ -->\n<title>V\u00e5r talesperson inom utrikespolitik och EU-fr\u00e5gor Joakim Widell - S\u00d6RMLAND<\/title>\n<meta name=\"robots\" content=\"index, follow, max-snippet:-1, max-image-preview:large, max-video-preview:-1\" \/>\n<link rel=\"canonical\" href=\"https:\/\/wp.kristdemokraterna.se\/sormland\/2906-2\/\" \/>\n<meta property=\"og:locale\" content=\"sv_SE\" \/>\n<meta property=\"og:type\" content=\"article\" \/>\n<meta property=\"og:title\" content=\"V\u00e5r talesperson inom utrikespolitik och EU-fr\u00e5gor Joakim Widell - S\u00d6RMLAND\" \/>\n<meta property=\"og:description\" content=\"S\u00f6rmlands kristdemokrater har talespersoner inom m\u00e5nga viktiga politikomr\u00e5den, och nu h\u00e4r kommer v\u00e5r talesperson i utrikespolitik och EU-fr\u00e5gor Joakim Widell. Han \u00e4r S\u00f6rmlands ombudsman sedan 2021 och \u00e4r ocks\u00e5 politisk sekreterare i Eskilstuna. Joakim kommer fr\u00e5n V\u00e4ster\u00e5s, \u00e4r 56 \u00e5r och har en son p\u00e5 21 \u00e5r. Joakim har ett mycket stort historiskt intresse och Read More\" \/>\n<meta property=\"og:url\" content=\"https:\/\/wp.kristdemokraterna.se\/sormland\/2906-2\/\" \/>\n<meta property=\"og:site_name\" content=\"S\u00d6RMLAND\" \/>\n<meta property=\"article:published_time\" content=\"2023-05-28T08:00:21+00:00\" \/>\n<meta property=\"article:modified_time\" content=\"2023-05-28T08:01:55+00:00\" \/>\n<meta property=\"og:image\" content=\"http:\/\/wp.kristdemokraterna.se\/sormland\/files\/2023\/05\/jw4-300x220.jpg\" \/>\n<meta name=\"author\" content=\"joakimwidell\" \/>\n<meta name=\"twitter:card\" content=\"summary_large_image\" \/>\n<meta name=\"twitter:label1\" content=\"Skriven av\" \/>\n\t<meta name=\"twitter:data1\" content=\"joakimwidell\" \/>\n\t<meta name=\"twitter:label2\" content=\"Ber\u00e4knad l\u00e4stid\" \/>\n\t<meta name=\"twitter:data2\" content=\"2 minuter\" \/>\n<script type=\"application\/ld+json\" class=\"yoast-schema-graph\">{\"@context\":\"https:\\\/\\\/schema.org\",\"@graph\":[{\"@type\":\"Article\",\"@id\":\"https:\\\/\\\/wp.kristdemokraterna.se\\\/sormland\\\/2906-2\\\/#article\",\"isPartOf\":{\"@id\":\"https:\\\/\\\/wp.kristdemokraterna.se\\\/sormland\\\/2906-2\\\/\"},\"author\":{\"name\":\"joakimwidell\",\"@id\":\"https:\\\/\\\/wp.kristdemokraterna.se\\\/sormland\\\/#\\\/schema\\\/person\\\/48ff8fde985a9e1805278ef284cc222b\"},\"headline\":\"V\u00e5r talesperson inom utrikespolitik och EU-fr\u00e5gor Joakim Widell\",\"datePublished\":\"2023-05-28T08:00:21+00:00\",\"dateModified\":\"2023-05-28T08:01:55+00:00\",\"mainEntityOfPage\":{\"@id\":\"https:\\\/\\\/wp.kristdemokraterna.se\\\/sormland\\\/2906-2\\\/\"},\"wordCount\":323,\"image\":{\"@id\":\"https:\\\/\\\/wp.kristdemokraterna.se\\\/sormland\\\/2906-2\\\/#primaryimage\"},\"thumbnailUrl\":\"http:\\\/\\\/wp.kristdemokraterna.se\\\/sormland\\\/files\\\/2023\\\/05\\\/jw4-300x220.jpg\",\"articleSection\":[\"inl\u00e4gg\"],\"inLanguage\":\"sv-SE\"},{\"@type\":\"WebPage\",\"@id\":\"https:\\\/\\\/wp.kristdemokraterna.se\\\/sormland\\\/2906-2\\\/\",\"url\":\"https:\\\/\\\/wp.kristdemokraterna.se\\\/sormland\\\/2906-2\\\/\",\"name\":\"V\u00e5r talesperson inom utrikespolitik och EU-fr\u00e5gor Joakim Widell - S\u00d6RMLAND\",\"isPartOf\":{\"@id\":\"https:\\\/\\\/wp.kristdemokraterna.se\\\/sormland\\\/#website\"},\"primaryImageOfPage\":{\"@id\":\"https:\\\/\\\/wp.kristdemokraterna.se\\\/sormland\\\/2906-2\\\/#primaryimage\"},\"image\":{\"@id\":\"https:\\\/\\\/wp.kristdemokraterna.se\\\/sormland\\\/2906-2\\\/#primaryimage\"},\"thumbnailUrl\":\"http:\\\/\\\/wp.kristdemokraterna.se\\\/sormland\\\/files\\\/2023\\\/05\\\/jw4-300x220.jpg\",\"datePublished\":\"2023-05-28T08:00:21+00:00\",\"dateModified\":\"2023-05-28T08:01:55+00:00\",\"author\":{\"@id\":\"https:\\\/\\\/wp.kristdemokraterna.se\\\/sormland\\\/#\\\/schema\\\/person\\\/48ff8fde985a9e1805278ef284cc222b\"},\"breadcrumb\":{\"@id\":\"https:\\\/\\\/wp.kristdemokraterna.se\\\/sormland\\\/2906-2\\\/#breadcrumb\"},\"inLanguage\":\"sv-SE\",\"potentialAction\":[{\"@type\":\"ReadAction\",\"target\":[\"https:\\\/\\\/wp.kristdemokraterna.se\\\/sormland\\\/2906-2\\\/\"]}]},{\"@type\":\"ImageObject\",\"inLanguage\":\"sv-SE\",\"@id\":\"https:\\\/\\\/wp.kristdemokraterna.se\\\/sormland\\\/2906-2\\\/#primaryimage\",\"url\":\"http:\\\/\\\/wp.kristdemokraterna.se\\\/sormland\\\/files\\\/2023\\\/05\\\/jw4-300x220.jpg\",\"contentUrl\":\"http:\\\/\\\/wp.kristdemokraterna.se\\\/sormland\\\/files\\\/2023\\\/05\\\/jw4-300x220.jpg\"},{\"@type\":\"BreadcrumbList\",\"@id\":\"https:\\\/\\\/wp.kristdemokraterna.se\\\/sormland\\\/2906-2\\\/#breadcrumb\",\"itemListElement\":[{\"@type\":\"ListItem\",\"position\":1,\"name\":\"Hem\",\"item\":\"https:\\\/\\\/wp.kristdemokraterna.se\\\/sormland\\\/\"},{\"@type\":\"ListItem\",\"position\":2,\"name\":\"V\u00e5r talesperson inom utrikespolitik och EU-fr\u00e5gor Joakim Widell\"}]},{\"@type\":\"WebSite\",\"@id\":\"https:\\\/\\\/wp.kristdemokraterna.se\\\/sormland\\\/#website\",\"url\":\"https:\\\/\\\/wp.kristdemokraterna.se\\\/sormland\\\/\",\"name\":\"S\u00d6RMLAND\",\"description\":\"\",\"inLanguage\":\"sv-SE\"},{\"@type\":\"Person\",\"@id\":\"https:\\\/\\\/wp.kristdemokraterna.se\\\/sormland\\\/#\\\/schema\\\/person\\\/48ff8fde985a9e1805278ef284cc222b\",\"name\":\"joakimwidell\",\"image\":{\"@type\":\"ImageObject\",\"inLanguage\":\"sv-SE\",\"@id\":\"https:\\\/\\\/secure.gravatar.com\\\/avatar\\\/1f8cb0944ed405502ca3304a690965fa47400e899f9fee94484b205e42b0b639?s=96&d=mm&r=g\",\"url\":\"https:\\\/\\\/secure.gravatar.com\\\/avatar\\\/1f8cb0944ed405502ca3304a690965fa47400e899f9fee94484b205e42b0b639?s=96&d=mm&r=g\",\"contentUrl\":\"https:\\\/\\\/secure.gravatar.com\\\/avatar\\\/1f8cb0944ed405502ca3304a690965fa47400e899f9fee94484b205e42b0b639?s=96&d=mm&r=g\",\"caption\":\"joakimwidell\"},\"url\":\"https:\\\/\\\/wp.kristdemokraterna.se\\\/sormland\\\/author\\\/joakimwidell\\\/\"}]}<\/script>\n<!-- \/ Yoast SEO plugin. -->","yoast_head_json":{"title":"V\u00e5r talesperson inom utrikespolitik och EU-fr\u00e5gor Joakim Widell - S\u00d6RMLAND","robots":{"index":"index","follow":"follow","max-snippet":"max-snippet:-1","max-image-preview":"max-image-preview:large","max-video-preview":"max-video-preview:-1"},"canonical":"https:\/\/wp.kristdemokraterna.se\/sormland\/2906-2\/","og_locale":"sv_SE","og_type":"article","og_title":"V\u00e5r talesperson inom utrikespolitik och EU-fr\u00e5gor Joakim Widell - S\u00d6RMLAND","og_description":"S\u00f6rmlands kristdemokrater har talespersoner inom m\u00e5nga viktiga politikomr\u00e5den, och nu h\u00e4r kommer v\u00e5r talesperson i utrikespolitik och EU-fr\u00e5gor Joakim Widell. Han \u00e4r S\u00f6rmlands ombudsman sedan 2021 och \u00e4r ocks\u00e5 politisk sekreterare i Eskilstuna. Joakim kommer fr\u00e5n V\u00e4ster\u00e5s, \u00e4r 56 \u00e5r och har en son p\u00e5 21 \u00e5r. Joakim har ett mycket stort historiskt intresse och Read More","og_url":"https:\/\/wp.kristdemokraterna.se\/sormland\/2906-2\/","og_site_name":"S\u00d6RMLAND","article_published_time":"2023-05-28T08:00:21+00:00","article_modified_time":"2023-05-28T08:01:55+00:00","og_image":[{"url":"http:\/\/wp.kristdemokraterna.se\/sormland\/files\/2023\/05\/jw4-300x220.jpg","type":"","width":"","height":""}],"author":"joakimwidell","twitter_card":"summary_large_image","twitter_misc":{"Skriven av":"joakimwidell","Ber\u00e4knad l\u00e4stid":"2 minuter"},"schema":{"@context":"https:\/\/schema.org","@graph":[{"@type":"Article","@id":"https:\/\/wp.kristdemokraterna.se\/sormland\/2906-2\/#article","isPartOf":{"@id":"https:\/\/wp.kristdemokraterna.se\/sormland\/2906-2\/"},"author":{"name":"joakimwidell","@id":"https:\/\/wp.kristdemokraterna.se\/sormland\/#\/schema\/person\/48ff8fde985a9e1805278ef284cc222b"},"headline":"V\u00e5r talesperson inom utrikespolitik och EU-fr\u00e5gor Joakim Widell","datePublished":"2023-05-28T08:00:21+00:00","dateModified":"2023-05-28T08:01:55+00:00","mainEntityOfPage":{"@id":"https:\/\/wp.kristdemokraterna.se\/sormland\/2906-2\/"},"wordCount":323,"image":{"@id":"https:\/\/wp.kristdemokraterna.se\/sormland\/2906-2\/#primaryimage"},"thumbnailUrl":"http:\/\/wp.kristdemokraterna.se\/sormland\/files\/2023\/05\/jw4-300x220.jpg","articleSection":["inl\u00e4gg"],"inLanguage":"sv-SE"},{"@type":"WebPage","@id":"https:\/\/wp.kristdemokraterna.se\/sormland\/2906-2\/","url":"https:\/\/wp.kristdemokraterna.se\/sormland\/2906-2\/","name":"V\u00e5r talesperson inom utrikespolitik och EU-fr\u00e5gor Joakim Widell - S\u00d6RMLAND","isPartOf":{"@id":"https:\/\/wp.kristdemokraterna.se\/sormland\/#website"},"primaryImageOfPage":{"@id":"https:\/\/wp.kristdemokraterna.se\/sormland\/2906-2\/#primaryimage"},"image":{"@id":"https:\/\/wp.kristdemokraterna.se\/sormland\/2906-2\/#primaryimage"},"thumbnailUrl":"http:\/\/wp.kristdemokraterna.se\/sormland\/files\/2023\/05\/jw4-300x220.jpg","datePublished":"2023-05-28T08:00:21+00:00","dateModified":"2023-05-28T08:01:55+00:00","author":{"@id":"https:\/\/wp.kristdemokraterna.se\/sormland\/#\/schema\/person\/48ff8fde985a9e1805278ef284cc222b"},"breadcrumb":{"@id":"https:\/\/wp.kristdemokraterna.se\/sormland\/2906-2\/#breadcrumb"},"inLanguage":"sv-SE","potentialAction":[{"@type":"ReadAction","target":["https:\/\/wp.kristdemokraterna.se\/sormland\/2906-2\/"]}]},{"@type":"ImageObject","inLanguage":"sv-SE","@id":"https:\/\/wp.kristdemokraterna.se\/sormland\/2906-2\/#primaryimage","url":"http:\/\/wp.kristdemokraterna.se\/sormland\/files\/2023\/05\/jw4-300x220.jpg","contentUrl":"http:\/\/wp.kristdemokraterna.se\/sormland\/files\/2023\/05\/jw4-300x220.jpg"},{"@type":"BreadcrumbList","@id":"https:\/\/wp.kristdemokraterna.se\/sormland\/2906-2\/#breadcrumb","itemListElement":[{"@type":"ListItem","position":1,"name":"Hem","item":"https:\/\/wp.kristdemokraterna.se\/sormland\/"},{"@type":"ListItem","position":2,"name":"V\u00e5r talesperson inom utrikespolitik och EU-fr\u00e5gor Joakim Widell"}]},{"@type":"WebSite","@id":"https:\/\/wp.kristdemokraterna.se\/sormland\/#website","url":"https:\/\/wp.kristdemokraterna.se\/sormland\/","name":"S\u00d6RMLAND","description":"","inLanguage":"sv-SE"},{"@type":"Person","@id":"https:\/\/wp.kristdemokraterna.se\/sormland\/#\/schema\/person\/48ff8fde985a9e1805278ef284cc222b","name":"joakimwidell","image":{"@type":"ImageObject","inLanguage":"sv-SE","@id":"https:\/\/secure.gravatar.com\/avatar\/1f8cb0944ed405502ca3304a690965fa47400e899f9fee94484b205e42b0b639?s=96&d=mm&r=g","url":"https:\/\/secure.gravatar.com\/avatar\/1f8cb0944ed405502ca3304a690965fa47400e899f9fee94484b205e42b0b639?s=96&d=mm&r=g","contentUrl":"https:\/\/secure.gravatar.com\/avatar\/1f8cb0944ed405502ca3304a690965fa47400e899f9fee94484b205e42b0b639?s=96&d=mm&r=g","caption":"joakimwidell"},"url":"https:\/\/wp.kristdemokraterna.se\/sormland\/author\/joakimwidell\/"}]}},"_links":{"self":[{"href":"https:\/\/wp.kristdemokraterna.se\/sormland\/wp-json\/wp\/v2\/posts\/2906","targetHints":{"allow":["GET"]}}],"collection":[{"href":"https:\/\/wp.kristdemokraterna.se\/sormland\/wp-json\/wp\/v2\/posts"}],"about":[{"href":"https:\/\/wp.kristdemokraterna.se\/sormland\/wp-json\/wp\/v2\/types\/post"}],"author":[{"embeddable":true,"href":"https:\/\/wp.kristdemokraterna.se\/sormland\/wp-json\/wp\/v2\/users\/684"}],"replies":[{"embeddable":true,"href":"https:\/\/wp.kristdemokraterna.se\/sormland\/wp-json\/wp\/v2\/comments?post=2906"}],"version-history":[{"count":2,"href":"https:\/\/wp.kristdemokraterna.se\/sormland\/wp-json\/wp\/v2\/posts\/2906\/revisions"}],"predecessor-version":[{"id":2909,"href":"https:\/\/wp.kristdemokraterna.se\/sormland\/wp-json\/wp\/v2\/posts\/2906\/revisions\/2909"}],"wp:attachment":[{"href":"https:\/\/wp.kristdemokraterna.se\/sormland\/wp-json\/wp\/v2\/media?parent=2906"}],"wp:term":[{"taxonomy":"category","embeddable":true,"href":"https:\/\/wp.kristdemokraterna.se\/sormland\/wp-json\/wp\/v2\/categories?post=2906"},{"taxonomy":"post_tag","embeddable":true,"href":"https:\/\/wp.kristdemokraterna.se\/sormland\/wp-json\/wp\/v2\/tags?post=2906"}],"curies":[{"name":"wp","href":"https:\/\/api.w.org\/{rel}","templated":true}]}}