{"id":605,"date":"2022-10-16T10:45:23","date_gmt":"2022-10-16T08:45:23","guid":{"rendered":"https:\/\/wp.kristdemokraterna.se\/staffanstorp\/?p=605"},"modified":"2022-10-16T10:45:45","modified_gmt":"2022-10-16T08:45:45","slug":"kd-staffanstorp-om-suicidprevention-och-stod-till-anhoriga","status":"publish","type":"post","link":"https:\/\/wp.kristdemokraterna.se\/staffanstorp\/kd-staffanstorp-om-suicidprevention-och-stod-till-anhoriga\/","title":{"rendered":"KD Staffanstorp om suicidprevention och st\u00f6d till anh\u00f6riga"},"content":{"rendered":"<p>KD Staffanstorp om suicidprevention och st\u00f6d till anh\u00f6riga.<\/p>\n<p>Suicid \u00e4r ett allvarligt folkh\u00e4lsoproblem. F\u00f6rutom att liv f\u00f6rloras \u00e4r det omfattande psykiskt lidande f\u00f6r m\u00e5nga olika parter. Folkh\u00e4lsomyndigheten skriver att under den senaste 20-\u00e5rsperioden har suicidtalet minskat i de flesta \u00e5ldersgrupper utom bland de unga.Att problemen \u00f6kat f\u00f6r yngre m\u00e4nniskor under senare tid visar sig ocks\u00e5 i att samtalen till organisationer som tex Mind blir fler.<\/p>\n<p>2008 besl\u00f6t riksdagen att anta en nollvision f\u00f6r sj\u00e4lvmord. I proposition 2007\/2008:110 \u201dEn f\u00f6rnyad folkh\u00e4lsopolitiken\u201d anf\u00f6rde regeringen att \u201dIngen b\u00f6r hamna i en s\u00e5 utsatt situation att den enda utv\u00e4gen upplevs vara sj\u00e4lvmord. Regeringen har som vision att ingen ska beh\u00f6va ta sitt liv.\u201d<\/p>\n<p>I samband med beslutet om nollvisionen antog riksdagen ett 9-punktsprogram f\u00f6r suicidprevention. Alla kommuner ska vara skyldiga att ha en handlingsplan f\u00f6r sj\u00e4lvmordsprevention och skolan har en viktig roll att spela genom att rusta s\u00e5v\u00e4l elever som l\u00e4rare och \u00f6vrig personal med kunskap och verktyg f\u00f6r att f\u00f6rst\u00e5 och f\u00f6rebygga psykisk oh\u00e4lsa och sj\u00e4lvmord. Enligt SuicideZero saknar 233 av 290 kommuner handlingsplan f\u00f6r att f\u00f6rebygga sj\u00e4lvmord.<\/p>\n<p>Statistiken talar sitt tydliga spr\u00e5k. Nya grepp m\u00e5ste tas i fr\u00e5gan om suicidprevention. H\u00e4r vill vi i KD Staffanstorp se en tydligare strategi som bland annat \u00e4r tydligt kopplat till verksamheterna inom b\u00e5de grund- och gymnasieskolan.<\/p>\n<p>&nbsp;<\/p>\n<p>F\u00f6r att f\u00e5nga upp unga personer kr\u00e4vs det inte alltid enorma resurser, utan kan handla om att skicka mejl eller ringa ett telefonsamtal d\u00e5 och d\u00e5. Vi m\u00e5ste tillsammans bli b\u00e4ttre p\u00e5 att f\u00e5nga upp dem som \u00e4r suicidn\u00e4ra. KD Staffanstorp efterlyser ett systematiskt arbetss\u00e4tt i f\u00f6r att f\u00f6rebygga sj\u00e4lvmord.<\/p>\n<p>Vi ser en m\u00f6jlighet att kunna l\u00e4gga in \u201dfokuslektioner\u201d i skolan som \u00e4r framtagna av l\u00e4rare och specialister inom \u00e4mnet. Att b\u00e4ttre kunna f\u00f6rst\u00e5 sig sj\u00e4lv \u00e4r en del i l\u00f6sningen att f\u00e5 ner antalet suicidfall.<\/p>\n<p>&nbsp;<\/p>\n<p>N\u00e4r v\u00e4l n\u00e5gon tar suicid \u00e4r det m\u00e5nga som drabbas av sorg. Samtal med psykologer kan ske men det \u00e4r inte alltid det hj\u00e4lper. M\u00e5nga g\u00e5nger kan en sjukhuspr\u00e4st hj\u00e4lpa till.Sjukhuspr\u00e4ster\u00e4r specialiserade och har en stark tradition och f\u00f6rst\u00e5else f\u00f6r processerna kring sorgearbetet.<\/p>\n<p>Svenska kyrkan har nystartade samtalsgrupper f\u00f6r sorg efter sj\u00e4lvmord. Att h\u00f6ra andra m\u00e4nniskor tala om mycket sv\u00e5ra h\u00e4ndelser i livet ger en styrka som f\u00e5r ensamheten i sorgen att blekna.Sj\u00e4lvmord \u00e4r ocks\u00e5 fortfarande tabubelagt ochf\u00f6rknippat med skam. Avsaknaden av svar kan g\u00f6ra sorgen extra sv\u00e5r att bearbeta. Svenska kyrkan i Malm\u00f6 har nu permanentat verksamheten.<\/p>\n<p>&nbsp;<\/p>\n<p>Vi i KD Staffanstorp vill att ett bredare grepp tas i fr\u00e5gor om sj\u00e4lvmordsprevention. Vi vill att kommunen tar fram en kommun\u00f6vergripande handlingsplan f\u00f6r det f\u00f6rebyggande arbetet. M\u00e5len ska vara tidsatta och uppf\u00f6ljningsbara och bygga p\u00e5 forskning. Resurser m\u00e5ste kopplas till de insatser som ska genomf\u00f6ras. Riktlinjer och rutiner m\u00e5ste tas fram till kommunens samtliga verksamheter.<\/p>\n<p>&nbsp;<\/p>\n<p>Vi pennan Martin Kjaerran, KD Staffanstorp<\/p>\n","protected":false},"excerpt":{"rendered":"<p>KD Staffanstorp om suicidprevention och st\u00f6d till anh\u00f6riga. Suicid \u00e4r ett allvarligt folkh\u00e4lsoproblem. F\u00f6rutom att liv f\u00f6rloras \u00e4r det omfattande psykiskt lidande f\u00f6r m\u00e5nga olika parter. Folkh\u00e4lsomyndigheten skriver att under den senaste 20-\u00e5rsperioden har suicidtalet minskat i de flesta \u00e5ldersgrupper utom bland de unga.Att problemen \u00f6kat f\u00f6r yngre m\u00e4nniskor under senare tid visar sig ocks\u00e5 <a class=\"read-more-link\" href=\"https:\/\/wp.kristdemokraterna.se\/staffanstorp\/kd-staffanstorp-om-suicidprevention-och-stod-till-anhoriga\/\">L\u00e4s mer<\/a><\/p>\n","protected":false},"author":944,"featured_media":0,"comment_status":"closed","ping_status":"closed","sticky":false,"template":"","format":"standard","meta":{"_acf_changed":false,"footnotes":""},"categories":[12,4,11],"tags":[],"class_list":["post-605","post","type-post","status-publish","format-standard","hentry","category-familjer","category-i-kommunen","category-inlagg"],"acf":[],"yoast_head":"<!-- This site is optimized with the Yoast SEO plugin v27.5 - https:\/\/yoast.com\/product\/yoast-seo-wordpress\/ -->\n<title>KD Staffanstorp om suicidprevention och st\u00f6d till anh\u00f6riga - Kristdemokraterna | Staffanstorp<\/title>\n<meta name=\"robots\" content=\"index, follow, max-snippet:-1, max-image-preview:large, max-video-preview:-1\" \/>\n<link rel=\"canonical\" href=\"https:\/\/wp.kristdemokraterna.se\/staffanstorp\/kd-staffanstorp-om-suicidprevention-och-stod-till-anhoriga\/\" \/>\n<meta property=\"og:locale\" content=\"sv_SE\" \/>\n<meta property=\"og:type\" content=\"article\" \/>\n<meta property=\"og:title\" content=\"KD Staffanstorp om suicidprevention och st\u00f6d till anh\u00f6riga - Kristdemokraterna | Staffanstorp\" \/>\n<meta property=\"og:description\" content=\"KD Staffanstorp om suicidprevention och st\u00f6d till anh\u00f6riga. Suicid \u00e4r ett allvarligt folkh\u00e4lsoproblem. F\u00f6rutom att liv f\u00f6rloras \u00e4r det omfattande psykiskt lidande f\u00f6r m\u00e5nga olika parter. Folkh\u00e4lsomyndigheten skriver att under den senaste 20-\u00e5rsperioden har suicidtalet minskat i de flesta \u00e5ldersgrupper utom bland de unga.Att problemen \u00f6kat f\u00f6r yngre m\u00e4nniskor under senare tid visar sig ocks\u00e5 L\u00e4s mer\" \/>\n<meta property=\"og:url\" content=\"https:\/\/wp.kristdemokraterna.se\/staffanstorp\/kd-staffanstorp-om-suicidprevention-och-stod-till-anhoriga\/\" \/>\n<meta property=\"og:site_name\" content=\"Kristdemokraterna | Staffanstorp\" \/>\n<meta property=\"article:published_time\" content=\"2022-10-16T08:45:23+00:00\" \/>\n<meta property=\"article:modified_time\" content=\"2022-10-16T08:45:45+00:00\" \/>\n<meta name=\"author\" content=\"staffanstorp\" \/>\n<meta name=\"twitter:card\" content=\"summary_large_image\" \/>\n<meta name=\"twitter:label1\" content=\"Skriven av\" \/>\n\t<meta name=\"twitter:data1\" content=\"staffanstorp\" \/>\n\t<meta name=\"twitter:label2\" content=\"Ber\u00e4knad l\u00e4stid\" \/>\n\t<meta name=\"twitter:data2\" content=\"3 minuter\" \/>\n<script type=\"application\/ld+json\" class=\"yoast-schema-graph\">{\"@context\":\"https:\\\/\\\/schema.org\",\"@graph\":[{\"@type\":\"Article\",\"@id\":\"https:\\\/\\\/wp.kristdemokraterna.se\\\/staffanstorp\\\/kd-staffanstorp-om-suicidprevention-och-stod-till-anhoriga\\\/#article\",\"isPartOf\":{\"@id\":\"https:\\\/\\\/wp.kristdemokraterna.se\\\/staffanstorp\\\/kd-staffanstorp-om-suicidprevention-och-stod-till-anhoriga\\\/\"},\"author\":{\"name\":\"staffanstorp\",\"@id\":\"https:\\\/\\\/wp.kristdemokraterna.se\\\/staffanstorp\\\/#\\\/schema\\\/person\\\/b17d637b3ffa68d381ca6919c994c2e8\"},\"headline\":\"KD Staffanstorp om suicidprevention och st\u00f6d till anh\u00f6riga\",\"datePublished\":\"2022-10-16T08:45:23+00:00\",\"dateModified\":\"2022-10-16T08:45:45+00:00\",\"mainEntityOfPage\":{\"@id\":\"https:\\\/\\\/wp.kristdemokraterna.se\\\/staffanstorp\\\/kd-staffanstorp-om-suicidprevention-och-stod-till-anhoriga\\\/\"},\"wordCount\":563,\"articleSection\":[\"familjer\",\"I Kommunen\",\"inl\u00e4gg\"],\"inLanguage\":\"sv-SE\"},{\"@type\":\"WebPage\",\"@id\":\"https:\\\/\\\/wp.kristdemokraterna.se\\\/staffanstorp\\\/kd-staffanstorp-om-suicidprevention-och-stod-till-anhoriga\\\/\",\"url\":\"https:\\\/\\\/wp.kristdemokraterna.se\\\/staffanstorp\\\/kd-staffanstorp-om-suicidprevention-och-stod-till-anhoriga\\\/\",\"name\":\"KD Staffanstorp om suicidprevention och st\u00f6d till anh\u00f6riga - Kristdemokraterna | Staffanstorp\",\"isPartOf\":{\"@id\":\"https:\\\/\\\/wp.kristdemokraterna.se\\\/staffanstorp\\\/#website\"},\"datePublished\":\"2022-10-16T08:45:23+00:00\",\"dateModified\":\"2022-10-16T08:45:45+00:00\",\"author\":{\"@id\":\"https:\\\/\\\/wp.kristdemokraterna.se\\\/staffanstorp\\\/#\\\/schema\\\/person\\\/b17d637b3ffa68d381ca6919c994c2e8\"},\"breadcrumb\":{\"@id\":\"https:\\\/\\\/wp.kristdemokraterna.se\\\/staffanstorp\\\/kd-staffanstorp-om-suicidprevention-och-stod-till-anhoriga\\\/#breadcrumb\"},\"inLanguage\":\"sv-SE\",\"potentialAction\":[{\"@type\":\"ReadAction\",\"target\":[\"https:\\\/\\\/wp.kristdemokraterna.se\\\/staffanstorp\\\/kd-staffanstorp-om-suicidprevention-och-stod-till-anhoriga\\\/\"]}]},{\"@type\":\"BreadcrumbList\",\"@id\":\"https:\\\/\\\/wp.kristdemokraterna.se\\\/staffanstorp\\\/kd-staffanstorp-om-suicidprevention-och-stod-till-anhoriga\\\/#breadcrumb\",\"itemListElement\":[{\"@type\":\"ListItem\",\"position\":1,\"name\":\"Hem\",\"item\":\"https:\\\/\\\/wp.kristdemokraterna.se\\\/staffanstorp\\\/\"},{\"@type\":\"ListItem\",\"position\":2,\"name\":\"KD Staffanstorp om suicidprevention och st\u00f6d till anh\u00f6riga\"}]},{\"@type\":\"WebSite\",\"@id\":\"https:\\\/\\\/wp.kristdemokraterna.se\\\/staffanstorp\\\/#website\",\"url\":\"https:\\\/\\\/wp.kristdemokraterna.se\\\/staffanstorp\\\/\",\"name\":\"Kristdemokraterna | Staffanstorp\",\"description\":\"\u00c4nnu en webbplats hos Kristdemokraterna\",\"inLanguage\":\"sv-SE\"},{\"@type\":\"Person\",\"@id\":\"https:\\\/\\\/wp.kristdemokraterna.se\\\/staffanstorp\\\/#\\\/schema\\\/person\\\/b17d637b3ffa68d381ca6919c994c2e8\",\"name\":\"staffanstorp\",\"image\":{\"@type\":\"ImageObject\",\"inLanguage\":\"sv-SE\",\"@id\":\"https:\\\/\\\/secure.gravatar.com\\\/avatar\\\/d23d16b311df0ada8b41e0ea95c158dca02b0c253859ed41769774af2587b37d?s=96&d=mm&r=g\",\"url\":\"https:\\\/\\\/secure.gravatar.com\\\/avatar\\\/d23d16b311df0ada8b41e0ea95c158dca02b0c253859ed41769774af2587b37d?s=96&d=mm&r=g\",\"contentUrl\":\"https:\\\/\\\/secure.gravatar.com\\\/avatar\\\/d23d16b311df0ada8b41e0ea95c158dca02b0c253859ed41769774af2587b37d?s=96&d=mm&r=g\",\"caption\":\"staffanstorp\"},\"url\":\"https:\\\/\\\/wp.kristdemokraterna.se\\\/staffanstorp\\\/author\\\/staffanstorp\\\/\"}]}<\/script>\n<!-- \/ Yoast SEO plugin. -->","yoast_head_json":{"title":"KD Staffanstorp om suicidprevention och st\u00f6d till anh\u00f6riga - Kristdemokraterna | Staffanstorp","robots":{"index":"index","follow":"follow","max-snippet":"max-snippet:-1","max-image-preview":"max-image-preview:large","max-video-preview":"max-video-preview:-1"},"canonical":"https:\/\/wp.kristdemokraterna.se\/staffanstorp\/kd-staffanstorp-om-suicidprevention-och-stod-till-anhoriga\/","og_locale":"sv_SE","og_type":"article","og_title":"KD Staffanstorp om suicidprevention och st\u00f6d till anh\u00f6riga - Kristdemokraterna | Staffanstorp","og_description":"KD Staffanstorp om suicidprevention och st\u00f6d till anh\u00f6riga. Suicid \u00e4r ett allvarligt folkh\u00e4lsoproblem. F\u00f6rutom att liv f\u00f6rloras \u00e4r det omfattande psykiskt lidande f\u00f6r m\u00e5nga olika parter. Folkh\u00e4lsomyndigheten skriver att under den senaste 20-\u00e5rsperioden har suicidtalet minskat i de flesta \u00e5ldersgrupper utom bland de unga.Att problemen \u00f6kat f\u00f6r yngre m\u00e4nniskor under senare tid visar sig ocks\u00e5 L\u00e4s mer","og_url":"https:\/\/wp.kristdemokraterna.se\/staffanstorp\/kd-staffanstorp-om-suicidprevention-och-stod-till-anhoriga\/","og_site_name":"Kristdemokraterna | Staffanstorp","article_published_time":"2022-10-16T08:45:23+00:00","article_modified_time":"2022-10-16T08:45:45+00:00","author":"staffanstorp","twitter_card":"summary_large_image","twitter_misc":{"Skriven av":"staffanstorp","Ber\u00e4knad l\u00e4stid":"3 minuter"},"schema":{"@context":"https:\/\/schema.org","@graph":[{"@type":"Article","@id":"https:\/\/wp.kristdemokraterna.se\/staffanstorp\/kd-staffanstorp-om-suicidprevention-och-stod-till-anhoriga\/#article","isPartOf":{"@id":"https:\/\/wp.kristdemokraterna.se\/staffanstorp\/kd-staffanstorp-om-suicidprevention-och-stod-till-anhoriga\/"},"author":{"name":"staffanstorp","@id":"https:\/\/wp.kristdemokraterna.se\/staffanstorp\/#\/schema\/person\/b17d637b3ffa68d381ca6919c994c2e8"},"headline":"KD Staffanstorp om suicidprevention och st\u00f6d till anh\u00f6riga","datePublished":"2022-10-16T08:45:23+00:00","dateModified":"2022-10-16T08:45:45+00:00","mainEntityOfPage":{"@id":"https:\/\/wp.kristdemokraterna.se\/staffanstorp\/kd-staffanstorp-om-suicidprevention-och-stod-till-anhoriga\/"},"wordCount":563,"articleSection":["familjer","I Kommunen","inl\u00e4gg"],"inLanguage":"sv-SE"},{"@type":"WebPage","@id":"https:\/\/wp.kristdemokraterna.se\/staffanstorp\/kd-staffanstorp-om-suicidprevention-och-stod-till-anhoriga\/","url":"https:\/\/wp.kristdemokraterna.se\/staffanstorp\/kd-staffanstorp-om-suicidprevention-och-stod-till-anhoriga\/","name":"KD Staffanstorp om suicidprevention och st\u00f6d till anh\u00f6riga - Kristdemokraterna | Staffanstorp","isPartOf":{"@id":"https:\/\/wp.kristdemokraterna.se\/staffanstorp\/#website"},"datePublished":"2022-10-16T08:45:23+00:00","dateModified":"2022-10-16T08:45:45+00:00","author":{"@id":"https:\/\/wp.kristdemokraterna.se\/staffanstorp\/#\/schema\/person\/b17d637b3ffa68d381ca6919c994c2e8"},"breadcrumb":{"@id":"https:\/\/wp.kristdemokraterna.se\/staffanstorp\/kd-staffanstorp-om-suicidprevention-och-stod-till-anhoriga\/#breadcrumb"},"inLanguage":"sv-SE","potentialAction":[{"@type":"ReadAction","target":["https:\/\/wp.kristdemokraterna.se\/staffanstorp\/kd-staffanstorp-om-suicidprevention-och-stod-till-anhoriga\/"]}]},{"@type":"BreadcrumbList","@id":"https:\/\/wp.kristdemokraterna.se\/staffanstorp\/kd-staffanstorp-om-suicidprevention-och-stod-till-anhoriga\/#breadcrumb","itemListElement":[{"@type":"ListItem","position":1,"name":"Hem","item":"https:\/\/wp.kristdemokraterna.se\/staffanstorp\/"},{"@type":"ListItem","position":2,"name":"KD Staffanstorp om suicidprevention och st\u00f6d till anh\u00f6riga"}]},{"@type":"WebSite","@id":"https:\/\/wp.kristdemokraterna.se\/staffanstorp\/#website","url":"https:\/\/wp.kristdemokraterna.se\/staffanstorp\/","name":"Kristdemokraterna | Staffanstorp","description":"\u00c4nnu en webbplats hos Kristdemokraterna","inLanguage":"sv-SE"},{"@type":"Person","@id":"https:\/\/wp.kristdemokraterna.se\/staffanstorp\/#\/schema\/person\/b17d637b3ffa68d381ca6919c994c2e8","name":"staffanstorp","image":{"@type":"ImageObject","inLanguage":"sv-SE","@id":"https:\/\/secure.gravatar.com\/avatar\/d23d16b311df0ada8b41e0ea95c158dca02b0c253859ed41769774af2587b37d?s=96&d=mm&r=g","url":"https:\/\/secure.gravatar.com\/avatar\/d23d16b311df0ada8b41e0ea95c158dca02b0c253859ed41769774af2587b37d?s=96&d=mm&r=g","contentUrl":"https:\/\/secure.gravatar.com\/avatar\/d23d16b311df0ada8b41e0ea95c158dca02b0c253859ed41769774af2587b37d?s=96&d=mm&r=g","caption":"staffanstorp"},"url":"https:\/\/wp.kristdemokraterna.se\/staffanstorp\/author\/staffanstorp\/"}]}},"_links":{"self":[{"href":"https:\/\/wp.kristdemokraterna.se\/staffanstorp\/wp-json\/wp\/v2\/posts\/605","targetHints":{"allow":["GET"]}}],"collection":[{"href":"https:\/\/wp.kristdemokraterna.se\/staffanstorp\/wp-json\/wp\/v2\/posts"}],"about":[{"href":"https:\/\/wp.kristdemokraterna.se\/staffanstorp\/wp-json\/wp\/v2\/types\/post"}],"author":[{"embeddable":true,"href":"https:\/\/wp.kristdemokraterna.se\/staffanstorp\/wp-json\/wp\/v2\/users\/944"}],"replies":[{"embeddable":true,"href":"https:\/\/wp.kristdemokraterna.se\/staffanstorp\/wp-json\/wp\/v2\/comments?post=605"}],"version-history":[{"count":1,"href":"https:\/\/wp.kristdemokraterna.se\/staffanstorp\/wp-json\/wp\/v2\/posts\/605\/revisions"}],"predecessor-version":[{"id":606,"href":"https:\/\/wp.kristdemokraterna.se\/staffanstorp\/wp-json\/wp\/v2\/posts\/605\/revisions\/606"}],"wp:attachment":[{"href":"https:\/\/wp.kristdemokraterna.se\/staffanstorp\/wp-json\/wp\/v2\/media?parent=605"}],"wp:term":[{"taxonomy":"category","embeddable":true,"href":"https:\/\/wp.kristdemokraterna.se\/staffanstorp\/wp-json\/wp\/v2\/categories?post=605"},{"taxonomy":"post_tag","embeddable":true,"href":"https:\/\/wp.kristdemokraterna.se\/staffanstorp\/wp-json\/wp\/v2\/tags?post=605"}],"curies":[{"name":"wp","href":"https:\/\/api.w.org\/{rel}","templated":true}]}}