{"id":1044,"date":"2021-10-28T10:14:21","date_gmt":"2021-10-28T08:14:21","guid":{"rendered":"https:\/\/wp.kristdemokraterna.se\/sundbyberg\/?p=1044"},"modified":"2021-10-28T10:14:21","modified_gmt":"2021-10-28T08:14:21","slug":"en-rost-for-familjen","status":"publish","type":"post","link":"https:\/\/wp.kristdemokraterna.se\/sundbyberg\/2021\/10\/28\/en-rost-for-familjen\/","title":{"rendered":"En r\u00f6st f\u00f6r familjen"},"content":{"rendered":"<p>Inget barn f\u00f6ds till kriminell. Uppv\u00e4xtvillkor och v\u00e4rderingar \u00e4r avg\u00f6rande f\u00f6r ett barns framtid, d\u00e4rf\u00f6r ser Kristdemokraterna familjen som den viktigaste gemenskapen och sj\u00e4lva grunden i samh\u00e4llsbygget. <strong>Politiker ska st\u00f6dja familjen, inte styra den.<\/strong> \u00c4nd\u00e5 vill m\u00e5nga politiker best\u00e4mma \u00f6ver f\u00f6r\u00e4ldraledighet och val av barnomsorg.<\/p>\n<p>Krisdemokraterna vill st\u00e4rka barnfamiljers ekonom, ge mer tid f\u00f6r barnen n\u00e4r de \u00e4r sm\u00e5 och skapa b\u00e4ttre f\u00f6ruts\u00e4ttningar f\u00f6r ton\u00e5ringar att klara skolg\u00e5ngen och finna meningsfulla fritidsaktiviteter.<\/p>\n<p><img loading=\"lazy\" decoding=\"async\" src=\"https:\/\/static.xx.fbcdn.net\/images\/emoji.php\/v9\/t4c\/1.5\/16\/1f539.png\" alt=\"\ud83d\udd39\" width=\"16\" height=\"16\" \/>Vi vill inf\u00f6ra en barnomsorgspeng p\u00e5 6000 kronor per barn och m\u00e5nad f\u00f6r omsorg av egna barn i hemmet i \u00e5ldern 1-3 \u00e5r. Pengen ska r\u00e4knas som inkomst och vara pensionsgrundande.<\/p>\n<p><img loading=\"lazy\" decoding=\"async\" src=\"https:\/\/static.xx.fbcdn.net\/images\/emoji.php\/v9\/t4c\/1.5\/16\/1f539.png\" alt=\"\ud83d\udd39\" width=\"16\" height=\"16\" \/>Vi vill h\u00f6ja barndelen i bostadsbidraget med 200 kronor per m\u00e5nad ett barn, 400 kronor f\u00f6r tv\u00e5 och 600 kronor f\u00f6r tre eller fler barn.<\/p>\n<p><img loading=\"lazy\" decoding=\"async\" src=\"https:\/\/static.xx.fbcdn.net\/images\/emoji.php\/v9\/t4c\/1.5\/16\/1f539.png\" alt=\"\ud83d\udd39\" width=\"16\" height=\"16\" \/>Vi vill ha fler familjedaghem i Sundbyberg eftersom de ger \u00f6kad valfrihet till barnfamiljer och kan tillgodose olika behov.<\/p>\n<p><img loading=\"lazy\" decoding=\"async\" src=\"https:\/\/static.xx.fbcdn.net\/images\/emoji.php\/v9\/t4c\/1.5\/16\/1f539.png\" alt=\"\ud83d\udd39\" width=\"16\" height=\"16\" \/>Vi vill att f\u00f6rsamlingar och f\u00f6reningar ska ges ekonomiska f\u00f6ruts\u00e4ttningar att jobba med fritidsverksamhet.<\/p>\n<p><img loading=\"lazy\" decoding=\"async\" src=\"https:\/\/static.xx.fbcdn.net\/images\/emoji.php\/v9\/t4c\/1.5\/16\/1f539.png\" alt=\"\ud83d\udd39\" width=\"16\" height=\"16\" \/>Vi vill att staden ska erbjuda lovskola f\u00f6r elever som inte uppn\u00e5tt kunskapsm\u00e5len i k\u00e4rn\u00e4mnena.<\/p>\n<p><strong>En r\u00f6st p\u00e5 Krisdemokraterna \u00e4r en r\u00f6st f\u00f6r familjen! <img loading=\"lazy\" decoding=\"async\" src=\"https:\/\/static.xx.fbcdn.net\/images\/emoji.php\/v9\/tc5\/1.5\/16\/1f499.png\" alt=\"\ud83d\udc99\" width=\"16\" height=\"16\" \/><img loading=\"lazy\" decoding=\"async\" src=\"https:\/\/static.xx.fbcdn.net\/images\/emoji.php\/v9\/t62\/1.5\/16\/1f468_200d_1f469_200d_1f467_200d_1f466.png\" alt=\"\ud83d\udc68\u200d\ud83d\udc69\u200d\ud83d\udc67\u200d\ud83d\udc66\" width=\"16\" height=\"16\" \/><\/strong><\/p>\n<p>G\u00e5 med i KD!<br \/>\n<a href=\"http:\/\/KD.nu\/blimedlem\">KD.nu\/blimedlem<\/a><\/p>\n","protected":false},"excerpt":{"rendered":"<p>Inget barn f\u00f6ds till kriminell. Uppv\u00e4xtvillkor och v\u00e4rderingar \u00e4r avg\u00f6rande f\u00f6r ett barns framtid, d\u00e4rf\u00f6r ser Kristdemokraterna familjen som den viktigaste gemenskapen och sj\u00e4lva grunden i samh\u00e4llsbygget. Politiker ska st\u00f6dja familjen, inte styra den. \u00c4nd\u00e5 vill m\u00e5nga politiker best\u00e4mma \u00f6ver f\u00f6r\u00e4ldraledighet och val av barnomsorg. Krisdemokraterna vill st\u00e4rka barnfamiljers ekonom, ge mer tid f\u00f6r barnen <a class=\"read-more-link\" href=\"https:\/\/wp.kristdemokraterna.se\/sundbyberg\/2021\/10\/28\/en-rost-for-familjen\/\">Read More<\/a><\/p>\n","protected":false},"author":611,"featured_media":0,"comment_status":"closed","ping_status":"closed","sticky":false,"template":"","format":"standard","meta":{"_acf_changed":false,"footnotes":""},"categories":[1],"tags":[],"class_list":["post-1044","post","type-post","status-publish","format-standard","hentry","category-inlagg"],"acf":[],"yoast_head":"<!-- This site is optimized with the Yoast SEO plugin v27.4 - https:\/\/yoast.com\/product\/yoast-seo-wordpress\/ -->\n<title>En r\u00f6st f\u00f6r familjen - Sundbyberg<\/title>\n<meta name=\"robots\" content=\"index, follow, max-snippet:-1, max-image-preview:large, max-video-preview:-1\" \/>\n<link rel=\"canonical\" href=\"https:\/\/wp.kristdemokraterna.se\/sundbyberg\/2021\/10\/28\/en-rost-for-familjen\/\" \/>\n<meta property=\"og:locale\" content=\"sv_SE\" \/>\n<meta property=\"og:type\" content=\"article\" \/>\n<meta property=\"og:title\" content=\"En r\u00f6st f\u00f6r familjen - Sundbyberg\" \/>\n<meta property=\"og:description\" content=\"Inget barn f\u00f6ds till kriminell. Uppv\u00e4xtvillkor och v\u00e4rderingar \u00e4r avg\u00f6rande f\u00f6r ett barns framtid, d\u00e4rf\u00f6r ser Kristdemokraterna familjen som den viktigaste gemenskapen och sj\u00e4lva grunden i samh\u00e4llsbygget. Politiker ska st\u00f6dja familjen, inte styra den. \u00c4nd\u00e5 vill m\u00e5nga politiker best\u00e4mma \u00f6ver f\u00f6r\u00e4ldraledighet och val av barnomsorg. Krisdemokraterna vill st\u00e4rka barnfamiljers ekonom, ge mer tid f\u00f6r barnen Read More\" \/>\n<meta property=\"og:url\" content=\"https:\/\/wp.kristdemokraterna.se\/sundbyberg\/2021\/10\/28\/en-rost-for-familjen\/\" \/>\n<meta property=\"og:site_name\" content=\"Sundbyberg\" \/>\n<meta property=\"article:published_time\" content=\"2021-10-28T08:14:21+00:00\" \/>\n<meta property=\"og:image\" content=\"https:\/\/static.xx.fbcdn.net\/images\/emoji.php\/v9\/t4c\/1.5\/16\/1f539.png\" \/>\n<meta name=\"author\" content=\"sundbyberg\" \/>\n<meta name=\"twitter:card\" content=\"summary_large_image\" \/>\n<meta name=\"twitter:label1\" content=\"Skriven av\" \/>\n\t<meta name=\"twitter:data1\" content=\"sundbyberg\" \/>\n\t<meta name=\"twitter:label2\" content=\"Ber\u00e4knad l\u00e4stid\" \/>\n\t<meta name=\"twitter:data2\" content=\"3 minuter\" \/>\n<script type=\"application\/ld+json\" class=\"yoast-schema-graph\">{\"@context\":\"https:\\\/\\\/schema.org\",\"@graph\":[{\"@type\":\"Article\",\"@id\":\"https:\\\/\\\/wp.kristdemokraterna.se\\\/sundbyberg\\\/2021\\\/10\\\/28\\\/en-rost-for-familjen\\\/#article\",\"isPartOf\":{\"@id\":\"https:\\\/\\\/wp.kristdemokraterna.se\\\/sundbyberg\\\/2021\\\/10\\\/28\\\/en-rost-for-familjen\\\/\"},\"author\":{\"name\":\"sundbyberg\",\"@id\":\"https:\\\/\\\/wp.kristdemokraterna.se\\\/sundbyberg\\\/#\\\/schema\\\/person\\\/eec81caa0b56f396fe2e25427db6db7e\"},\"headline\":\"En r\u00f6st f\u00f6r familjen\",\"datePublished\":\"2021-10-28T08:14:21+00:00\",\"mainEntityOfPage\":{\"@id\":\"https:\\\/\\\/wp.kristdemokraterna.se\\\/sundbyberg\\\/2021\\\/10\\\/28\\\/en-rost-for-familjen\\\/\"},\"wordCount\":237,\"image\":{\"@id\":\"https:\\\/\\\/wp.kristdemokraterna.se\\\/sundbyberg\\\/2021\\\/10\\\/28\\\/en-rost-for-familjen\\\/#primaryimage\"},\"thumbnailUrl\":\"https:\\\/\\\/static.xx.fbcdn.net\\\/images\\\/emoji.php\\\/v9\\\/t4c\\\/1.5\\\/16\\\/1f539.png\",\"articleSection\":[\"Inl\u00e4gg\"],\"inLanguage\":\"sv-SE\"},{\"@type\":\"WebPage\",\"@id\":\"https:\\\/\\\/wp.kristdemokraterna.se\\\/sundbyberg\\\/2021\\\/10\\\/28\\\/en-rost-for-familjen\\\/\",\"url\":\"https:\\\/\\\/wp.kristdemokraterna.se\\\/sundbyberg\\\/2021\\\/10\\\/28\\\/en-rost-for-familjen\\\/\",\"name\":\"En r\u00f6st f\u00f6r familjen - Sundbyberg\",\"isPartOf\":{\"@id\":\"https:\\\/\\\/wp.kristdemokraterna.se\\\/sundbyberg\\\/#website\"},\"primaryImageOfPage\":{\"@id\":\"https:\\\/\\\/wp.kristdemokraterna.se\\\/sundbyberg\\\/2021\\\/10\\\/28\\\/en-rost-for-familjen\\\/#primaryimage\"},\"image\":{\"@id\":\"https:\\\/\\\/wp.kristdemokraterna.se\\\/sundbyberg\\\/2021\\\/10\\\/28\\\/en-rost-for-familjen\\\/#primaryimage\"},\"thumbnailUrl\":\"https:\\\/\\\/static.xx.fbcdn.net\\\/images\\\/emoji.php\\\/v9\\\/t4c\\\/1.5\\\/16\\\/1f539.png\",\"datePublished\":\"2021-10-28T08:14:21+00:00\",\"author\":{\"@id\":\"https:\\\/\\\/wp.kristdemokraterna.se\\\/sundbyberg\\\/#\\\/schema\\\/person\\\/eec81caa0b56f396fe2e25427db6db7e\"},\"breadcrumb\":{\"@id\":\"https:\\\/\\\/wp.kristdemokraterna.se\\\/sundbyberg\\\/2021\\\/10\\\/28\\\/en-rost-for-familjen\\\/#breadcrumb\"},\"inLanguage\":\"sv-SE\",\"potentialAction\":[{\"@type\":\"ReadAction\",\"target\":[\"https:\\\/\\\/wp.kristdemokraterna.se\\\/sundbyberg\\\/2021\\\/10\\\/28\\\/en-rost-for-familjen\\\/\"]}]},{\"@type\":\"ImageObject\",\"inLanguage\":\"sv-SE\",\"@id\":\"https:\\\/\\\/wp.kristdemokraterna.se\\\/sundbyberg\\\/2021\\\/10\\\/28\\\/en-rost-for-familjen\\\/#primaryimage\",\"url\":\"https:\\\/\\\/static.xx.fbcdn.net\\\/images\\\/emoji.php\\\/v9\\\/t4c\\\/1.5\\\/16\\\/1f539.png\",\"contentUrl\":\"https:\\\/\\\/static.xx.fbcdn.net\\\/images\\\/emoji.php\\\/v9\\\/t4c\\\/1.5\\\/16\\\/1f539.png\"},{\"@type\":\"BreadcrumbList\",\"@id\":\"https:\\\/\\\/wp.kristdemokraterna.se\\\/sundbyberg\\\/2021\\\/10\\\/28\\\/en-rost-for-familjen\\\/#breadcrumb\",\"itemListElement\":[{\"@type\":\"ListItem\",\"position\":1,\"name\":\"Hem\",\"item\":\"https:\\\/\\\/wp.kristdemokraterna.se\\\/sundbyberg\\\/\"},{\"@type\":\"ListItem\",\"position\":2,\"name\":\"En r\u00f6st f\u00f6r familjen\"}]},{\"@type\":\"WebSite\",\"@id\":\"https:\\\/\\\/wp.kristdemokraterna.se\\\/sundbyberg\\\/#website\",\"url\":\"https:\\\/\\\/wp.kristdemokraterna.se\\\/sundbyberg\\\/\",\"name\":\"Sundbyberg\",\"description\":\"En till Kristdemokraterna webbplats\",\"inLanguage\":\"sv-SE\"},{\"@type\":\"Person\",\"@id\":\"https:\\\/\\\/wp.kristdemokraterna.se\\\/sundbyberg\\\/#\\\/schema\\\/person\\\/eec81caa0b56f396fe2e25427db6db7e\",\"name\":\"sundbyberg\",\"image\":{\"@type\":\"ImageObject\",\"inLanguage\":\"sv-SE\",\"@id\":\"https:\\\/\\\/secure.gravatar.com\\\/avatar\\\/196349f3642b0c87b871f936ab42c728ec5cbfc302876051139652ddbecb4bf8?s=96&d=mm&r=g\",\"url\":\"https:\\\/\\\/secure.gravatar.com\\\/avatar\\\/196349f3642b0c87b871f936ab42c728ec5cbfc302876051139652ddbecb4bf8?s=96&d=mm&r=g\",\"contentUrl\":\"https:\\\/\\\/secure.gravatar.com\\\/avatar\\\/196349f3642b0c87b871f936ab42c728ec5cbfc302876051139652ddbecb4bf8?s=96&d=mm&r=g\",\"caption\":\"sundbyberg\"},\"url\":\"https:\\\/\\\/wp.kristdemokraterna.se\\\/sundbyberg\\\/author\\\/sundbyberg\\\/\"}]}<\/script>\n<!-- \/ Yoast SEO plugin. -->","yoast_head_json":{"title":"En r\u00f6st f\u00f6r familjen - Sundbyberg","robots":{"index":"index","follow":"follow","max-snippet":"max-snippet:-1","max-image-preview":"max-image-preview:large","max-video-preview":"max-video-preview:-1"},"canonical":"https:\/\/wp.kristdemokraterna.se\/sundbyberg\/2021\/10\/28\/en-rost-for-familjen\/","og_locale":"sv_SE","og_type":"article","og_title":"En r\u00f6st f\u00f6r familjen - Sundbyberg","og_description":"Inget barn f\u00f6ds till kriminell. Uppv\u00e4xtvillkor och v\u00e4rderingar \u00e4r avg\u00f6rande f\u00f6r ett barns framtid, d\u00e4rf\u00f6r ser Kristdemokraterna familjen som den viktigaste gemenskapen och sj\u00e4lva grunden i samh\u00e4llsbygget. Politiker ska st\u00f6dja familjen, inte styra den. \u00c4nd\u00e5 vill m\u00e5nga politiker best\u00e4mma \u00f6ver f\u00f6r\u00e4ldraledighet och val av barnomsorg. Krisdemokraterna vill st\u00e4rka barnfamiljers ekonom, ge mer tid f\u00f6r barnen Read More","og_url":"https:\/\/wp.kristdemokraterna.se\/sundbyberg\/2021\/10\/28\/en-rost-for-familjen\/","og_site_name":"Sundbyberg","article_published_time":"2021-10-28T08:14:21+00:00","og_image":[{"url":"https:\/\/static.xx.fbcdn.net\/images\/emoji.php\/v9\/t4c\/1.5\/16\/1f539.png","type":"","width":"","height":""}],"author":"sundbyberg","twitter_card":"summary_large_image","twitter_misc":{"Skriven av":"sundbyberg","Ber\u00e4knad l\u00e4stid":"3 minuter"},"schema":{"@context":"https:\/\/schema.org","@graph":[{"@type":"Article","@id":"https:\/\/wp.kristdemokraterna.se\/sundbyberg\/2021\/10\/28\/en-rost-for-familjen\/#article","isPartOf":{"@id":"https:\/\/wp.kristdemokraterna.se\/sundbyberg\/2021\/10\/28\/en-rost-for-familjen\/"},"author":{"name":"sundbyberg","@id":"https:\/\/wp.kristdemokraterna.se\/sundbyberg\/#\/schema\/person\/eec81caa0b56f396fe2e25427db6db7e"},"headline":"En r\u00f6st f\u00f6r familjen","datePublished":"2021-10-28T08:14:21+00:00","mainEntityOfPage":{"@id":"https:\/\/wp.kristdemokraterna.se\/sundbyberg\/2021\/10\/28\/en-rost-for-familjen\/"},"wordCount":237,"image":{"@id":"https:\/\/wp.kristdemokraterna.se\/sundbyberg\/2021\/10\/28\/en-rost-for-familjen\/#primaryimage"},"thumbnailUrl":"https:\/\/static.xx.fbcdn.net\/images\/emoji.php\/v9\/t4c\/1.5\/16\/1f539.png","articleSection":["Inl\u00e4gg"],"inLanguage":"sv-SE"},{"@type":"WebPage","@id":"https:\/\/wp.kristdemokraterna.se\/sundbyberg\/2021\/10\/28\/en-rost-for-familjen\/","url":"https:\/\/wp.kristdemokraterna.se\/sundbyberg\/2021\/10\/28\/en-rost-for-familjen\/","name":"En r\u00f6st f\u00f6r familjen - Sundbyberg","isPartOf":{"@id":"https:\/\/wp.kristdemokraterna.se\/sundbyberg\/#website"},"primaryImageOfPage":{"@id":"https:\/\/wp.kristdemokraterna.se\/sundbyberg\/2021\/10\/28\/en-rost-for-familjen\/#primaryimage"},"image":{"@id":"https:\/\/wp.kristdemokraterna.se\/sundbyberg\/2021\/10\/28\/en-rost-for-familjen\/#primaryimage"},"thumbnailUrl":"https:\/\/static.xx.fbcdn.net\/images\/emoji.php\/v9\/t4c\/1.5\/16\/1f539.png","datePublished":"2021-10-28T08:14:21+00:00","author":{"@id":"https:\/\/wp.kristdemokraterna.se\/sundbyberg\/#\/schema\/person\/eec81caa0b56f396fe2e25427db6db7e"},"breadcrumb":{"@id":"https:\/\/wp.kristdemokraterna.se\/sundbyberg\/2021\/10\/28\/en-rost-for-familjen\/#breadcrumb"},"inLanguage":"sv-SE","potentialAction":[{"@type":"ReadAction","target":["https:\/\/wp.kristdemokraterna.se\/sundbyberg\/2021\/10\/28\/en-rost-for-familjen\/"]}]},{"@type":"ImageObject","inLanguage":"sv-SE","@id":"https:\/\/wp.kristdemokraterna.se\/sundbyberg\/2021\/10\/28\/en-rost-for-familjen\/#primaryimage","url":"https:\/\/static.xx.fbcdn.net\/images\/emoji.php\/v9\/t4c\/1.5\/16\/1f539.png","contentUrl":"https:\/\/static.xx.fbcdn.net\/images\/emoji.php\/v9\/t4c\/1.5\/16\/1f539.png"},{"@type":"BreadcrumbList","@id":"https:\/\/wp.kristdemokraterna.se\/sundbyberg\/2021\/10\/28\/en-rost-for-familjen\/#breadcrumb","itemListElement":[{"@type":"ListItem","position":1,"name":"Hem","item":"https:\/\/wp.kristdemokraterna.se\/sundbyberg\/"},{"@type":"ListItem","position":2,"name":"En r\u00f6st f\u00f6r familjen"}]},{"@type":"WebSite","@id":"https:\/\/wp.kristdemokraterna.se\/sundbyberg\/#website","url":"https:\/\/wp.kristdemokraterna.se\/sundbyberg\/","name":"Sundbyberg","description":"En till Kristdemokraterna webbplats","inLanguage":"sv-SE"},{"@type":"Person","@id":"https:\/\/wp.kristdemokraterna.se\/sundbyberg\/#\/schema\/person\/eec81caa0b56f396fe2e25427db6db7e","name":"sundbyberg","image":{"@type":"ImageObject","inLanguage":"sv-SE","@id":"https:\/\/secure.gravatar.com\/avatar\/196349f3642b0c87b871f936ab42c728ec5cbfc302876051139652ddbecb4bf8?s=96&d=mm&r=g","url":"https:\/\/secure.gravatar.com\/avatar\/196349f3642b0c87b871f936ab42c728ec5cbfc302876051139652ddbecb4bf8?s=96&d=mm&r=g","contentUrl":"https:\/\/secure.gravatar.com\/avatar\/196349f3642b0c87b871f936ab42c728ec5cbfc302876051139652ddbecb4bf8?s=96&d=mm&r=g","caption":"sundbyberg"},"url":"https:\/\/wp.kristdemokraterna.se\/sundbyberg\/author\/sundbyberg\/"}]}},"_links":{"self":[{"href":"https:\/\/wp.kristdemokraterna.se\/sundbyberg\/wp-json\/wp\/v2\/posts\/1044","targetHints":{"allow":["GET"]}}],"collection":[{"href":"https:\/\/wp.kristdemokraterna.se\/sundbyberg\/wp-json\/wp\/v2\/posts"}],"about":[{"href":"https:\/\/wp.kristdemokraterna.se\/sundbyberg\/wp-json\/wp\/v2\/types\/post"}],"author":[{"embeddable":true,"href":"https:\/\/wp.kristdemokraterna.se\/sundbyberg\/wp-json\/wp\/v2\/users\/611"}],"replies":[{"embeddable":true,"href":"https:\/\/wp.kristdemokraterna.se\/sundbyberg\/wp-json\/wp\/v2\/comments?post=1044"}],"version-history":[{"count":6,"href":"https:\/\/wp.kristdemokraterna.se\/sundbyberg\/wp-json\/wp\/v2\/posts\/1044\/revisions"}],"predecessor-version":[{"id":1050,"href":"https:\/\/wp.kristdemokraterna.se\/sundbyberg\/wp-json\/wp\/v2\/posts\/1044\/revisions\/1050"}],"wp:attachment":[{"href":"https:\/\/wp.kristdemokraterna.se\/sundbyberg\/wp-json\/wp\/v2\/media?parent=1044"}],"wp:term":[{"taxonomy":"category","embeddable":true,"href":"https:\/\/wp.kristdemokraterna.se\/sundbyberg\/wp-json\/wp\/v2\/categories?post=1044"},{"taxonomy":"post_tag","embeddable":true,"href":"https:\/\/wp.kristdemokraterna.se\/sundbyberg\/wp-json\/wp\/v2\/tags?post=1044"}],"curies":[{"name":"wp","href":"https:\/\/api.w.org\/{rel}","templated":true}]}}