{"id":1175,"date":"2022-11-09T17:29:27","date_gmt":"2022-11-09T16:29:27","guid":{"rendered":"https:\/\/wp.kristdemokraterna.se\/sundbyberg\/?p=1175"},"modified":"2022-11-09T17:45:26","modified_gmt":"2022-11-09T16:45:26","slug":"ordforande-har-ordet","status":"publish","type":"post","link":"https:\/\/wp.kristdemokraterna.se\/sundbyberg\/2022\/11\/09\/ordforande-har-ordet\/","title":{"rendered":"Ordf\u00f6rande har ordet!"},"content":{"rendered":"<table width=\"100%\">\n<tbody>\n<tr>\n<td>\n<table width=\"100%\">\n<tbody>\n<tr>\n<td><em>Aktuell information till dig som \u00e4r medlem eller sympatiserar med Kristdemokraterna i Sundbyberg<\/em><\/p>\n<p>&nbsp;<\/p>\n<p><strong>V\u00c4NSTERSTYRE I SUNDBYBERG &#8211; KRISTDEMOKRATERNA I OPPOSITION\u00a0<\/strong><\/p>\n<p><strong>F\u00f6rra m\u00e5naden<\/strong> tillk\u00e4nnagav Socialdemokraterna, V\u00e4nsterpartiet, Centerpartiet och Milj\u00f6partiet att de enats om att styra Sundbyberg under n\u00e4sta mandatperiod. Vi kan bara beklaga att v\u00e5r stad nu troligen kommer f\u00e5 h\u00f6jd skatt, f\u00e4rre parkeringsplatser och sv\u00e4llande kommunal byr\u00e5krati.<\/p>\n<p><strong>Vi kristdemokrater<\/strong> har i v\u00e5r tur enats med Liberalerna och Moderaterna om att ing\u00e5 i en gemensam opposition med en gemensam politisk plattform. Vi ska bedriva en aktiv oppositionspolitik och vara beredda att ta \u00f6ver ansvaret i det fall v\u00e4nsterstyret skulle upph\u00f6ra.<\/p>\n<p><strong>H\u00f6gst prioriterat<\/strong> \u00e4r att \u00e5tg\u00e4rda kommunens stora ekonomiska underskott s\u00e5 att vi har r\u00e5d att st\u00e4rka v\u00e5ra k\u00e4rnverksamheter. Vi kommer dessutom att arbeta f\u00f6r alla fr\u00e5gor som vi gick till val p\u00e5, som att bebygga Sundbyberg mer varsamt, fler parkeringsplatser, \u00f6kad trygghet och fler \u00f6ppna f\u00f6rskolor.<\/p>\n<p><strong>Vill du engagera dig i politiken?<\/strong><\/p>\n<p>Vi kommer att v\u00e4lja nya ledam\u00f6ter och ers\u00e4ttare till bolag, styrelser och n\u00e4mnder i Sundbyberg nu n\u00e4r vi ing\u00e5r i en ny majoritet. Vill du engagera dig? Ta kontakt med oss antingen p\u00e5 telefon eller e-mail.<\/p>\n<p><strong>Traditionellt julm\u00f6te planerat<\/strong><\/p>\n<p>I mitten p\u00e5 december planerar vi v\u00e5rt traditionsenliga julm\u00f6te. Vi kommer att f\u00e5 bes\u00f6k av en g\u00e4st fr\u00e5n rikspolitiken och \u00e4ta n\u00e5got gott tillsammans. Vi \u00e5terkommer senare med plats och tid f\u00f6r detta evenemang.<\/p>\n<p>&nbsp;<\/p>\n<p><strong>Maria Bohman Kreij<\/strong><\/p>\n<p><strong>Ordf\u00f6rande f\u00f6r lokalf\u00f6reningen<\/strong><\/p>\n<p>Vill du vara med och p\u00e5verka?<\/p>\n<p>Bli medlem!<br \/>\n<a class=\"oajrlxb2 g5ia77u1 qu0x051f esr5mh6w e9989ue4 r7d6kgcz rq0escxv nhd2j8a9 nc684nl6 p7hjln8o kvgmc6g5 cxmmr5t8 oygrvhab hcukyx3x jb3vyjys rz4wbd8a qt6c0cv9 a8nywdso i1ao9s8h esuyzwwr f1sip0of lzcic4wl py34i1dx gpro0wi8\" role=\"link\" href=\"https:\/\/l.facebook.com\/l.php?u=http%3A%2F%2FKD.nu%2Fblimedlem%3Ffbclid%3DIwAR2tfgvt95c5ylJjezdLwdhnlNCZ5xcX2PzWClu5cnoUQmjs8xvw_y_fP-Q&amp;h=AT0JhRTSRqFB0Iujyvlm3PhTLsBxGkvWvA1s28Zr4zj4vDKvNaZCFDIJms0rhUVvmkPg0JaK7c_zn0Cz0Nh-H3cXbWXeijAImfpvdTbwFve6_apqKUUee4Mljdd1Y-rTqQ&amp;__tn__=-UK-R&amp;c[0]=AT2D9yXf_ClSuCgkEPyl3r06e4VQEfawhNDT4M2whcOjNmAARDGYlfUL2fWpMjSfNKHYTf8MKAoouXbjjVMc7tPgmcAIm1doZUAe6sD_okmXe1HLTc18F7w3gqXXiq9RkZwsnizYz34kHZ9IM3UOZ7UObRo9dTOWUcR0_KnpNU6tSNGavzjpCzf_GXUnxhCFpPeFK7rX1m80\" target=\"_blank\" rel=\"nofollow noopener external noreferrer\" data-wpel-link=\"external\">KD.nu\/blimedlem<\/a><\/td>\n<\/tr>\n<\/tbody>\n<\/table>\n<\/td>\n<\/tr>\n<\/tbody>\n<\/table>\n","protected":false},"excerpt":{"rendered":"<p>Aktuell information till dig som \u00e4r medlem eller sympatiserar med Kristdemokraterna i Sundbyberg &nbsp; V\u00c4NSTERSTYRE I SUNDBYBERG &#8211; KRISTDEMOKRATERNA I OPPOSITION\u00a0 F\u00f6rra m\u00e5naden tillk\u00e4nnagav Socialdemokraterna, V\u00e4nsterpartiet, Centerpartiet och Milj\u00f6partiet att de enats om att styra Sundbyberg under n\u00e4sta mandatperiod. Vi kan bara beklaga att v\u00e5r stad nu troligen kommer f\u00e5 h\u00f6jd skatt, f\u00e4rre parkeringsplatser och <a class=\"read-more-link\" href=\"https:\/\/wp.kristdemokraterna.se\/sundbyberg\/2022\/11\/09\/ordforande-har-ordet\/\">Read More<\/a><\/p>\n","protected":false},"author":611,"featured_media":0,"comment_status":"closed","ping_status":"closed","sticky":false,"template":"","format":"standard","meta":{"_acf_changed":false,"footnotes":""},"categories":[1],"tags":[],"class_list":["post-1175","post","type-post","status-publish","format-standard","hentry","category-inlagg"],"acf":[],"yoast_head":"<!-- This site is optimized with the Yoast SEO plugin v27.4 - https:\/\/yoast.com\/product\/yoast-seo-wordpress\/ -->\n<title>Ordf\u00f6rande har ordet! - Sundbyberg<\/title>\n<meta name=\"robots\" content=\"index, follow, max-snippet:-1, max-image-preview:large, max-video-preview:-1\" \/>\n<link rel=\"canonical\" href=\"https:\/\/wp.kristdemokraterna.se\/sundbyberg\/2022\/11\/09\/ordforande-har-ordet\/\" \/>\n<meta property=\"og:locale\" content=\"sv_SE\" \/>\n<meta property=\"og:type\" content=\"article\" \/>\n<meta property=\"og:title\" content=\"Ordf\u00f6rande har ordet! - Sundbyberg\" \/>\n<meta property=\"og:description\" content=\"Aktuell information till dig som \u00e4r medlem eller sympatiserar med Kristdemokraterna i Sundbyberg &nbsp; V\u00c4NSTERSTYRE I SUNDBYBERG &#8211; KRISTDEMOKRATERNA I OPPOSITION\u00a0 F\u00f6rra m\u00e5naden tillk\u00e4nnagav Socialdemokraterna, V\u00e4nsterpartiet, Centerpartiet och Milj\u00f6partiet att de enats om att styra Sundbyberg under n\u00e4sta mandatperiod. Vi kan bara beklaga att v\u00e5r stad nu troligen kommer f\u00e5 h\u00f6jd skatt, f\u00e4rre parkeringsplatser och Read More\" \/>\n<meta property=\"og:url\" content=\"https:\/\/wp.kristdemokraterna.se\/sundbyberg\/2022\/11\/09\/ordforande-har-ordet\/\" \/>\n<meta property=\"og:site_name\" content=\"Sundbyberg\" \/>\n<meta property=\"article:published_time\" content=\"2022-11-09T16:29:27+00:00\" \/>\n<meta property=\"article:modified_time\" content=\"2022-11-09T16:45:26+00:00\" \/>\n<meta name=\"author\" content=\"sundbyberg\" \/>\n<meta name=\"twitter:card\" content=\"summary_large_image\" \/>\n<meta name=\"twitter:label1\" content=\"Skriven av\" \/>\n\t<meta name=\"twitter:data1\" content=\"sundbyberg\" \/>\n\t<meta name=\"twitter:label2\" content=\"Ber\u00e4knad l\u00e4stid\" \/>\n\t<meta name=\"twitter:data2\" content=\"2 minuter\" \/>\n<script type=\"application\/ld+json\" class=\"yoast-schema-graph\">{\"@context\":\"https:\\\/\\\/schema.org\",\"@graph\":[{\"@type\":\"Article\",\"@id\":\"https:\\\/\\\/wp.kristdemokraterna.se\\\/sundbyberg\\\/2022\\\/11\\\/09\\\/ordforande-har-ordet\\\/#article\",\"isPartOf\":{\"@id\":\"https:\\\/\\\/wp.kristdemokraterna.se\\\/sundbyberg\\\/2022\\\/11\\\/09\\\/ordforande-har-ordet\\\/\"},\"author\":{\"name\":\"sundbyberg\",\"@id\":\"https:\\\/\\\/wp.kristdemokraterna.se\\\/sundbyberg\\\/#\\\/schema\\\/person\\\/eec81caa0b56f396fe2e25427db6db7e\"},\"headline\":\"Ordf\u00f6rande har ordet!\",\"datePublished\":\"2022-11-09T16:29:27+00:00\",\"dateModified\":\"2022-11-09T16:45:26+00:00\",\"mainEntityOfPage\":{\"@id\":\"https:\\\/\\\/wp.kristdemokraterna.se\\\/sundbyberg\\\/2022\\\/11\\\/09\\\/ordforande-har-ordet\\\/\"},\"wordCount\":289,\"articleSection\":[\"Inl\u00e4gg\"],\"inLanguage\":\"sv-SE\"},{\"@type\":\"WebPage\",\"@id\":\"https:\\\/\\\/wp.kristdemokraterna.se\\\/sundbyberg\\\/2022\\\/11\\\/09\\\/ordforande-har-ordet\\\/\",\"url\":\"https:\\\/\\\/wp.kristdemokraterna.se\\\/sundbyberg\\\/2022\\\/11\\\/09\\\/ordforande-har-ordet\\\/\",\"name\":\"Ordf\u00f6rande har ordet! - Sundbyberg\",\"isPartOf\":{\"@id\":\"https:\\\/\\\/wp.kristdemokraterna.se\\\/sundbyberg\\\/#website\"},\"datePublished\":\"2022-11-09T16:29:27+00:00\",\"dateModified\":\"2022-11-09T16:45:26+00:00\",\"author\":{\"@id\":\"https:\\\/\\\/wp.kristdemokraterna.se\\\/sundbyberg\\\/#\\\/schema\\\/person\\\/eec81caa0b56f396fe2e25427db6db7e\"},\"breadcrumb\":{\"@id\":\"https:\\\/\\\/wp.kristdemokraterna.se\\\/sundbyberg\\\/2022\\\/11\\\/09\\\/ordforande-har-ordet\\\/#breadcrumb\"},\"inLanguage\":\"sv-SE\",\"potentialAction\":[{\"@type\":\"ReadAction\",\"target\":[\"https:\\\/\\\/wp.kristdemokraterna.se\\\/sundbyberg\\\/2022\\\/11\\\/09\\\/ordforande-har-ordet\\\/\"]}]},{\"@type\":\"BreadcrumbList\",\"@id\":\"https:\\\/\\\/wp.kristdemokraterna.se\\\/sundbyberg\\\/2022\\\/11\\\/09\\\/ordforande-har-ordet\\\/#breadcrumb\",\"itemListElement\":[{\"@type\":\"ListItem\",\"position\":1,\"name\":\"Hem\",\"item\":\"https:\\\/\\\/wp.kristdemokraterna.se\\\/sundbyberg\\\/\"},{\"@type\":\"ListItem\",\"position\":2,\"name\":\"Ordf\u00f6rande har ordet!\"}]},{\"@type\":\"WebSite\",\"@id\":\"https:\\\/\\\/wp.kristdemokraterna.se\\\/sundbyberg\\\/#website\",\"url\":\"https:\\\/\\\/wp.kristdemokraterna.se\\\/sundbyberg\\\/\",\"name\":\"Sundbyberg\",\"description\":\"En till Kristdemokraterna webbplats\",\"inLanguage\":\"sv-SE\"},{\"@type\":\"Person\",\"@id\":\"https:\\\/\\\/wp.kristdemokraterna.se\\\/sundbyberg\\\/#\\\/schema\\\/person\\\/eec81caa0b56f396fe2e25427db6db7e\",\"name\":\"sundbyberg\",\"image\":{\"@type\":\"ImageObject\",\"inLanguage\":\"sv-SE\",\"@id\":\"https:\\\/\\\/secure.gravatar.com\\\/avatar\\\/196349f3642b0c87b871f936ab42c728ec5cbfc302876051139652ddbecb4bf8?s=96&d=mm&r=g\",\"url\":\"https:\\\/\\\/secure.gravatar.com\\\/avatar\\\/196349f3642b0c87b871f936ab42c728ec5cbfc302876051139652ddbecb4bf8?s=96&d=mm&r=g\",\"contentUrl\":\"https:\\\/\\\/secure.gravatar.com\\\/avatar\\\/196349f3642b0c87b871f936ab42c728ec5cbfc302876051139652ddbecb4bf8?s=96&d=mm&r=g\",\"caption\":\"sundbyberg\"},\"url\":\"https:\\\/\\\/wp.kristdemokraterna.se\\\/sundbyberg\\\/author\\\/sundbyberg\\\/\"}]}<\/script>\n<!-- \/ Yoast SEO plugin. -->","yoast_head_json":{"title":"Ordf\u00f6rande har ordet! - Sundbyberg","robots":{"index":"index","follow":"follow","max-snippet":"max-snippet:-1","max-image-preview":"max-image-preview:large","max-video-preview":"max-video-preview:-1"},"canonical":"https:\/\/wp.kristdemokraterna.se\/sundbyberg\/2022\/11\/09\/ordforande-har-ordet\/","og_locale":"sv_SE","og_type":"article","og_title":"Ordf\u00f6rande har ordet! - Sundbyberg","og_description":"Aktuell information till dig som \u00e4r medlem eller sympatiserar med Kristdemokraterna i Sundbyberg &nbsp; V\u00c4NSTERSTYRE I SUNDBYBERG &#8211; KRISTDEMOKRATERNA I OPPOSITION\u00a0 F\u00f6rra m\u00e5naden tillk\u00e4nnagav Socialdemokraterna, V\u00e4nsterpartiet, Centerpartiet och Milj\u00f6partiet att de enats om att styra Sundbyberg under n\u00e4sta mandatperiod. Vi kan bara beklaga att v\u00e5r stad nu troligen kommer f\u00e5 h\u00f6jd skatt, f\u00e4rre parkeringsplatser och Read More","og_url":"https:\/\/wp.kristdemokraterna.se\/sundbyberg\/2022\/11\/09\/ordforande-har-ordet\/","og_site_name":"Sundbyberg","article_published_time":"2022-11-09T16:29:27+00:00","article_modified_time":"2022-11-09T16:45:26+00:00","author":"sundbyberg","twitter_card":"summary_large_image","twitter_misc":{"Skriven av":"sundbyberg","Ber\u00e4knad l\u00e4stid":"2 minuter"},"schema":{"@context":"https:\/\/schema.org","@graph":[{"@type":"Article","@id":"https:\/\/wp.kristdemokraterna.se\/sundbyberg\/2022\/11\/09\/ordforande-har-ordet\/#article","isPartOf":{"@id":"https:\/\/wp.kristdemokraterna.se\/sundbyberg\/2022\/11\/09\/ordforande-har-ordet\/"},"author":{"name":"sundbyberg","@id":"https:\/\/wp.kristdemokraterna.se\/sundbyberg\/#\/schema\/person\/eec81caa0b56f396fe2e25427db6db7e"},"headline":"Ordf\u00f6rande har ordet!","datePublished":"2022-11-09T16:29:27+00:00","dateModified":"2022-11-09T16:45:26+00:00","mainEntityOfPage":{"@id":"https:\/\/wp.kristdemokraterna.se\/sundbyberg\/2022\/11\/09\/ordforande-har-ordet\/"},"wordCount":289,"articleSection":["Inl\u00e4gg"],"inLanguage":"sv-SE"},{"@type":"WebPage","@id":"https:\/\/wp.kristdemokraterna.se\/sundbyberg\/2022\/11\/09\/ordforande-har-ordet\/","url":"https:\/\/wp.kristdemokraterna.se\/sundbyberg\/2022\/11\/09\/ordforande-har-ordet\/","name":"Ordf\u00f6rande har ordet! - Sundbyberg","isPartOf":{"@id":"https:\/\/wp.kristdemokraterna.se\/sundbyberg\/#website"},"datePublished":"2022-11-09T16:29:27+00:00","dateModified":"2022-11-09T16:45:26+00:00","author":{"@id":"https:\/\/wp.kristdemokraterna.se\/sundbyberg\/#\/schema\/person\/eec81caa0b56f396fe2e25427db6db7e"},"breadcrumb":{"@id":"https:\/\/wp.kristdemokraterna.se\/sundbyberg\/2022\/11\/09\/ordforande-har-ordet\/#breadcrumb"},"inLanguage":"sv-SE","potentialAction":[{"@type":"ReadAction","target":["https:\/\/wp.kristdemokraterna.se\/sundbyberg\/2022\/11\/09\/ordforande-har-ordet\/"]}]},{"@type":"BreadcrumbList","@id":"https:\/\/wp.kristdemokraterna.se\/sundbyberg\/2022\/11\/09\/ordforande-har-ordet\/#breadcrumb","itemListElement":[{"@type":"ListItem","position":1,"name":"Hem","item":"https:\/\/wp.kristdemokraterna.se\/sundbyberg\/"},{"@type":"ListItem","position":2,"name":"Ordf\u00f6rande har ordet!"}]},{"@type":"WebSite","@id":"https:\/\/wp.kristdemokraterna.se\/sundbyberg\/#website","url":"https:\/\/wp.kristdemokraterna.se\/sundbyberg\/","name":"Sundbyberg","description":"En till Kristdemokraterna webbplats","inLanguage":"sv-SE"},{"@type":"Person","@id":"https:\/\/wp.kristdemokraterna.se\/sundbyberg\/#\/schema\/person\/eec81caa0b56f396fe2e25427db6db7e","name":"sundbyberg","image":{"@type":"ImageObject","inLanguage":"sv-SE","@id":"https:\/\/secure.gravatar.com\/avatar\/196349f3642b0c87b871f936ab42c728ec5cbfc302876051139652ddbecb4bf8?s=96&d=mm&r=g","url":"https:\/\/secure.gravatar.com\/avatar\/196349f3642b0c87b871f936ab42c728ec5cbfc302876051139652ddbecb4bf8?s=96&d=mm&r=g","contentUrl":"https:\/\/secure.gravatar.com\/avatar\/196349f3642b0c87b871f936ab42c728ec5cbfc302876051139652ddbecb4bf8?s=96&d=mm&r=g","caption":"sundbyberg"},"url":"https:\/\/wp.kristdemokraterna.se\/sundbyberg\/author\/sundbyberg\/"}]}},"_links":{"self":[{"href":"https:\/\/wp.kristdemokraterna.se\/sundbyberg\/wp-json\/wp\/v2\/posts\/1175","targetHints":{"allow":["GET"]}}],"collection":[{"href":"https:\/\/wp.kristdemokraterna.se\/sundbyberg\/wp-json\/wp\/v2\/posts"}],"about":[{"href":"https:\/\/wp.kristdemokraterna.se\/sundbyberg\/wp-json\/wp\/v2\/types\/post"}],"author":[{"embeddable":true,"href":"https:\/\/wp.kristdemokraterna.se\/sundbyberg\/wp-json\/wp\/v2\/users\/611"}],"replies":[{"embeddable":true,"href":"https:\/\/wp.kristdemokraterna.se\/sundbyberg\/wp-json\/wp\/v2\/comments?post=1175"}],"version-history":[{"count":12,"href":"https:\/\/wp.kristdemokraterna.se\/sundbyberg\/wp-json\/wp\/v2\/posts\/1175\/revisions"}],"predecessor-version":[{"id":1190,"href":"https:\/\/wp.kristdemokraterna.se\/sundbyberg\/wp-json\/wp\/v2\/posts\/1175\/revisions\/1190"}],"wp:attachment":[{"href":"https:\/\/wp.kristdemokraterna.se\/sundbyberg\/wp-json\/wp\/v2\/media?parent=1175"}],"wp:term":[{"taxonomy":"category","embeddable":true,"href":"https:\/\/wp.kristdemokraterna.se\/sundbyberg\/wp-json\/wp\/v2\/categories?post=1175"},{"taxonomy":"post_tag","embeddable":true,"href":"https:\/\/wp.kristdemokraterna.se\/sundbyberg\/wp-json\/wp\/v2\/tags?post=1175"}],"curies":[{"name":"wp","href":"https:\/\/api.w.org\/{rel}","templated":true}]}}