{"id":1199,"date":"2022-12-06T16:19:14","date_gmt":"2022-12-06T15:19:14","guid":{"rendered":"https:\/\/wp.kristdemokraterna.se\/sundbyberg\/?p=1199"},"modified":"2022-12-06T16:21:03","modified_gmt":"2022-12-06T15:21:03","slug":"allians-for-sundbybergs-budget-for-2023","status":"publish","type":"post","link":"https:\/\/wp.kristdemokraterna.se\/sundbyberg\/2022\/12\/06\/allians-for-sundbybergs-budget-for-2023\/","title":{"rendered":"Allians f\u00f6r Sundbybergs budget f\u00f6r 2023"},"content":{"rendered":"<p><strong>Moderaterna, Liberalerna och Kristdemokraterna presenterar gemensam budget f\u00f6r Sundbyberg 2023.<\/strong><\/p>\n<p>Moderaterna, Liberalerna och Kristdemokraterna utg\u00f6r en gemensam opposition mot v\u00e4nsterstyret i Sundbyberg. Tillsammans presenterar partierna nu en gemensam budget f\u00f6r Sundbyberg \u00e5r 2023 med plan f\u00f6r 2024-2029.<\/p>\n<p>Sundbyberg st\u00e5r inf\u00f6r stora utmaningar. Ekonomin \u00e4r i oordning, otryggheten breder ut sig i flera stadsdelar och det saknas drivkrafter att g\u00e5 fr\u00e5n bidrag till arbete. Allians f\u00f6r Sundbyberg \u00e4r \u00f6verens om en politik f\u00f6r att \u00e5tg\u00e4rda de utmaningar som Sundbybergs inv\u00e5nare m\u00f6ter i sin vardag.<\/p>\n<p>Socialdemokraterna har k\u00f6rt Sundbybergs ekonomi i botten. Eng\u00e5ngsint\u00e4kter har anv\u00e4nts f\u00f6r att finansiera \u00e5terkommande kostnader och verksamheternas kostnader har till\u00e5tits skena i v\u00e4g snabbare \u00e4n skatteint\u00e4kterna. Inf\u00f6r \u00e5ret prognosticerar staden g\u00f6ra ett underskott p\u00e5 drygt en kvarts miljard kronor.<\/p>\n<p>Samtidigt \u00e4r omv\u00e4rldsl\u00e4get utmanande. Inflationen, drivmedelspriserna, bostadsr\u00e4nteh\u00f6jningar, matpriser och elpriser f\u00f6rs\u00e4mrar hush\u00e5llens ekonomi. I detta l\u00e4ge ska man vare sig h\u00f6ja skatten, skulds\u00e4tta v\u00e5ra inv\u00e5nare eller finansiera \u00e5terkommande kostnader med uttag fr\u00e5n bolagen.<\/p>\n<p>Satsningar p\u00e5 v\u00e4lf\u00e4rden och \u00f6verskott st\u00e5r inte i mots\u00e4ttning mot varandra. V\u00e5ra partier presenterar ett budgetf\u00f6rslag som h\u00f6jer Sundbybergs h\u00f6gstadiel\u00e4rares l\u00f6ner med 15 procent, s\u00e4kerst\u00e4ller valfriheten f\u00f6r stadens inv\u00e5nare, prioriterar viktiga kultur och fritidssatsningar s\u00e5 som \u00d6rvallens utveckling samt s\u00e4kerst\u00e4ller familjens trygga utveckling.<\/p>\n<p>Trots viktiga satsningar presenterar v\u00e5ra tre partier en budget med \u00f6verskott, utan skatteh\u00f6jningar. Varje utgiftspost \u00e4r noga \u00f6verv\u00e4gd f\u00f6r att varje skattekrona ska g\u00e5 dit den g\u00f6r st\u00f6rst skillnad. En budget som tar ansvar f\u00f6r Sundbyberg.<\/p>\n<p>Det \u00e4r orov\u00e4ckande att v\u00e4nsterstyrets l\u00f6sning f\u00f6r att finansiera sitt sl\u00f6seri med skattebetalarnas pengar \u00e4r att belasta sjuksk\u00f6terskor, l\u00e4rare och poliser med \u00e4nnu h\u00f6gre skatt och h\u00f6gre parkeringsavgifter. Eftersom inkomstskatten \u00e4r en platt skatt s\u00e5 sl\u00e5r den h\u00e5rdast mot dem som tj\u00e4nar minst, och h\u00f6jning av parkeringsavgifterna sl\u00e5r h\u00e5rt mot barnfamiljer. Att dessutom g\u00f6ra detta i en tid av h\u00f6g samh\u00e4llsekonomisk os\u00e4kerhet \u00e4r djupt oansvarsfullt. Med v\u00e4nsterstyrets omoraliska h\u00f6jning av skatten och parkeringsavgifterna f\u00e5r en familj med medelinkomst i Sundbyberg beh\u00e5lla drygt <strong>6 730 kronor mindre varje \u00e5r.<\/strong><\/p>\n<blockquote><p>&#8211; \u201dAllians f\u00f6r Sundbyberg presenterar en budget som tar ansvar f\u00f6r Sundbyberg i en sv\u00e5r tid. Vi h\u00f6jer l\u00e4rarl\u00f6nerna i h\u00f6gstadiet med 15 procent och lanserar ett skarpt trygghetspaket. V\u00e4nsterstyrets budget g\u00f6r dock att sundbybergarna f\u00e5r det s\u00e4mre. De h\u00f6jer skatten med n\u00e4stan 60 miljoner kronor vilket sl\u00e5r h\u00e5rdast mot de som tj\u00e4nar minst. Det \u00e4r tydligt att v\u00e5r arbetslinje st\u00e5r mot deras v\u00e4nsterexperiment\u201d, s\u00e4ger Axel Conradi, gruppledare f\u00f6r Moderaterna i Sundbyberg.<\/p><\/blockquote>\n<blockquote><p>&#8211; \u201dMina och Liberalernas tv\u00e5 viktigaste fr\u00e5gor \u00e4r dels att idrottssatsningen p\u00e5 \u00d6rvallen h\u00e5ller ett h\u00f6gt tempo och att Sundbybergs popul\u00e4raste f\u00f6rskola Dimsl\u00f6jan ska permanentas p\u00e5 nuvarande plats. Det finns oroande signaler fr\u00e5n v\u00e4nsterstyret om att f\u00f6rsena idrottsplanerna i \u00d6r och att avveckla f\u00f6rskolan Dimsl\u00f6jan\u201d, s\u00e4ger Johan Stor\u00e5kers, gruppledare f\u00f6r Liberalerna.<\/p>\n<p>&#8211; \u201dStadens familjer ska f\u00e5 allt det st\u00f6d de beh\u00f6ver f\u00f6r att klara av livspusslet. D\u00e4rf\u00f6r prioriterar vi fortsatt st\u00f6d till Rissnekyrkans \u00f6ppna f\u00f6rskola, gratis familjer\u00e5dgivning och fler parkeringsplatser, speciellt i Stora Ursvik. V\u00e4nsterstyret v\u00e4ljer d\u00e4remot att h\u00f6ja parkeringsavgifterna med 21 miljoner kronor vilket ytterligare f\u00f6rsv\u00e5rar f\u00f6r barnfamiljer som \u00e4r beroende av bilen\u201d, s\u00e4ger Paulos Abraha, gruppledare f\u00f6r Kristdemokraterna.<\/p><\/blockquote>\n<p><strong>Budgetens viktigaste inriktningar:<\/strong><\/p>\n<ul>\n<li>Koncern\u00f6vergripande kostnadseffektivisering. Sundbybergarna ska f\u00e5 mer f\u00f6r sina skattepengar.<\/li>\n<li>\u00c5terinf\u00f6rd arbetslinje. Det ska l\u00f6na sig mer att g\u00e5 till jobbet, \u00e4n att g\u00e5 p\u00e5 bidrag. Genom kravst\u00e4llande och personlig utformade planer f\u00e5r vi fler ur utanf\u00f6rskap in i arbetsliv.<\/li>\n<li>Permanenta F\u00f6rskolan Dimsl\u00f6jan p\u00e5 sin nuvarande plats. Livspusslet f\u00f6r stadens f\u00f6r\u00e4ldrar ska vara enkelt och stadens mest popul\u00e4ra f\u00f6rskola ska vara kvar p\u00e5 samma plats.<\/li>\n<li>Gratis familjer\u00e5dgivning. Trygga familjer skapar ett tryggt samh\u00e4lle p\u00e5 alla niv\u00e5er.<\/li>\n<li>Renovera Duvboskolans befintliga lokaler. Inga fler tempor\u00e4ra l\u00f6sningar och baracker.<\/li>\n<li>Ett komplett trygghetspaket f\u00f6r att mota tillbaka otrygghet.<\/li>\n<li>Bevarande av gr\u00f6nomr\u00e5den och naturreservat. Minskade utsl\u00e4pp f\u00f6r stadens verksamhet och h\u00e5llbarhetskrav som genomsyrar hela organisationen.<\/li>\n<li>Att idrottssatsningen p\u00e5 \u00d6rvallen forts\u00e4tter och h\u00e5ller ett h\u00f6gt tempo<\/li>\n<li>St\u00f6dja Rissnekyrkans \u00f6ppna f\u00f6rskola med ett IOP-avtal<\/li>\n<li>Fler parkeringsplatser i Stora Ursvik och alla som bor i l\u00e4genhet ska ha r\u00e4tt till boendeparkering.<\/li>\n<\/ul>\n<p><strong>\u00a0<\/strong><\/p>\n<p><strong>Kontaktpersoner f\u00f6r media: <\/strong><\/p>\n<p>Axel Conradi (M), <a href=\"tel:0736147364\">073-6147364<\/a>, <a href=\"mailto:axel.conradi@sundbyberg.se\">axel.conradi@sundbyberg.se<\/a><br \/>\nJohan Stor\u00e5kers (L), 070-9407875, <a href=\"mailto:johan.storakers@sundbyberg.se\">johan.storakers@sundbyberg.se<\/a><br \/>\nPaulos Abraha (KD), 076-7154755, <a href=\"mailto:paulos.abrahadesta@sundbyberg.se\">paulos.abrahadesta@sundbyberg.se<\/a><\/p>\n","protected":false},"excerpt":{"rendered":"<p>Moderaterna, Liberalerna och Kristdemokraterna presenterar gemensam budget f\u00f6r Sundbyberg 2023. Moderaterna, Liberalerna och Kristdemokraterna utg\u00f6r en gemensam opposition mot v\u00e4nsterstyret i Sundbyberg. Tillsammans presenterar partierna nu en gemensam budget f\u00f6r Sundbyberg \u00e5r 2023 med plan f\u00f6r 2024-2029. Sundbyberg st\u00e5r inf\u00f6r stora utmaningar. Ekonomin \u00e4r i oordning, otryggheten breder ut sig i flera stadsdelar och det <a class=\"read-more-link\" href=\"https:\/\/wp.kristdemokraterna.se\/sundbyberg\/2022\/12\/06\/allians-for-sundbybergs-budget-for-2023\/\">Read More<\/a><\/p>\n","protected":false},"author":611,"featured_media":0,"comment_status":"closed","ping_status":"closed","sticky":false,"template":"","format":"standard","meta":{"_acf_changed":false,"footnotes":""},"categories":[1],"tags":[],"class_list":["post-1199","post","type-post","status-publish","format-standard","hentry","category-inlagg"],"acf":[],"yoast_head":"<!-- This site is optimized with the Yoast SEO plugin v27.4 - https:\/\/yoast.com\/product\/yoast-seo-wordpress\/ -->\n<title>Allians f\u00f6r Sundbybergs budget f\u00f6r 2023 - Sundbyberg<\/title>\n<meta name=\"robots\" content=\"index, follow, max-snippet:-1, max-image-preview:large, max-video-preview:-1\" \/>\n<link rel=\"canonical\" href=\"https:\/\/wp.kristdemokraterna.se\/sundbyberg\/2022\/12\/06\/allians-for-sundbybergs-budget-for-2023\/\" \/>\n<meta property=\"og:locale\" content=\"sv_SE\" \/>\n<meta property=\"og:type\" content=\"article\" \/>\n<meta property=\"og:title\" content=\"Allians f\u00f6r Sundbybergs budget f\u00f6r 2023 - Sundbyberg\" \/>\n<meta property=\"og:description\" content=\"Moderaterna, Liberalerna och Kristdemokraterna presenterar gemensam budget f\u00f6r Sundbyberg 2023. Moderaterna, Liberalerna och Kristdemokraterna utg\u00f6r en gemensam opposition mot v\u00e4nsterstyret i Sundbyberg. Tillsammans presenterar partierna nu en gemensam budget f\u00f6r Sundbyberg \u00e5r 2023 med plan f\u00f6r 2024-2029. Sundbyberg st\u00e5r inf\u00f6r stora utmaningar. Ekonomin \u00e4r i oordning, otryggheten breder ut sig i flera stadsdelar och det Read More\" \/>\n<meta property=\"og:url\" content=\"https:\/\/wp.kristdemokraterna.se\/sundbyberg\/2022\/12\/06\/allians-for-sundbybergs-budget-for-2023\/\" \/>\n<meta property=\"og:site_name\" content=\"Sundbyberg\" \/>\n<meta property=\"article:published_time\" content=\"2022-12-06T15:19:14+00:00\" \/>\n<meta property=\"article:modified_time\" content=\"2022-12-06T15:21:03+00:00\" \/>\n<meta name=\"author\" content=\"sundbyberg\" \/>\n<meta name=\"twitter:card\" content=\"summary_large_image\" \/>\n<meta name=\"twitter:label1\" content=\"Skriven av\" \/>\n\t<meta name=\"twitter:data1\" content=\"sundbyberg\" \/>\n\t<meta name=\"twitter:label2\" content=\"Ber\u00e4knad l\u00e4stid\" \/>\n\t<meta name=\"twitter:data2\" content=\"4 minuter\" \/>\n<script type=\"application\/ld+json\" class=\"yoast-schema-graph\">{\"@context\":\"https:\\\/\\\/schema.org\",\"@graph\":[{\"@type\":\"Article\",\"@id\":\"https:\\\/\\\/wp.kristdemokraterna.se\\\/sundbyberg\\\/2022\\\/12\\\/06\\\/allians-for-sundbybergs-budget-for-2023\\\/#article\",\"isPartOf\":{\"@id\":\"https:\\\/\\\/wp.kristdemokraterna.se\\\/sundbyberg\\\/2022\\\/12\\\/06\\\/allians-for-sundbybergs-budget-for-2023\\\/\"},\"author\":{\"name\":\"sundbyberg\",\"@id\":\"https:\\\/\\\/wp.kristdemokraterna.se\\\/sundbyberg\\\/#\\\/schema\\\/person\\\/eec81caa0b56f396fe2e25427db6db7e\"},\"headline\":\"Allians f\u00f6r Sundbybergs budget f\u00f6r 2023\",\"datePublished\":\"2022-12-06T15:19:14+00:00\",\"dateModified\":\"2022-12-06T15:21:03+00:00\",\"mainEntityOfPage\":{\"@id\":\"https:\\\/\\\/wp.kristdemokraterna.se\\\/sundbyberg\\\/2022\\\/12\\\/06\\\/allians-for-sundbybergs-budget-for-2023\\\/\"},\"wordCount\":843,\"articleSection\":[\"Inl\u00e4gg\"],\"inLanguage\":\"sv-SE\"},{\"@type\":\"WebPage\",\"@id\":\"https:\\\/\\\/wp.kristdemokraterna.se\\\/sundbyberg\\\/2022\\\/12\\\/06\\\/allians-for-sundbybergs-budget-for-2023\\\/\",\"url\":\"https:\\\/\\\/wp.kristdemokraterna.se\\\/sundbyberg\\\/2022\\\/12\\\/06\\\/allians-for-sundbybergs-budget-for-2023\\\/\",\"name\":\"Allians f\u00f6r Sundbybergs budget f\u00f6r 2023 - Sundbyberg\",\"isPartOf\":{\"@id\":\"https:\\\/\\\/wp.kristdemokraterna.se\\\/sundbyberg\\\/#website\"},\"datePublished\":\"2022-12-06T15:19:14+00:00\",\"dateModified\":\"2022-12-06T15:21:03+00:00\",\"author\":{\"@id\":\"https:\\\/\\\/wp.kristdemokraterna.se\\\/sundbyberg\\\/#\\\/schema\\\/person\\\/eec81caa0b56f396fe2e25427db6db7e\"},\"breadcrumb\":{\"@id\":\"https:\\\/\\\/wp.kristdemokraterna.se\\\/sundbyberg\\\/2022\\\/12\\\/06\\\/allians-for-sundbybergs-budget-for-2023\\\/#breadcrumb\"},\"inLanguage\":\"sv-SE\",\"potentialAction\":[{\"@type\":\"ReadAction\",\"target\":[\"https:\\\/\\\/wp.kristdemokraterna.se\\\/sundbyberg\\\/2022\\\/12\\\/06\\\/allians-for-sundbybergs-budget-for-2023\\\/\"]}]},{\"@type\":\"BreadcrumbList\",\"@id\":\"https:\\\/\\\/wp.kristdemokraterna.se\\\/sundbyberg\\\/2022\\\/12\\\/06\\\/allians-for-sundbybergs-budget-for-2023\\\/#breadcrumb\",\"itemListElement\":[{\"@type\":\"ListItem\",\"position\":1,\"name\":\"Hem\",\"item\":\"https:\\\/\\\/wp.kristdemokraterna.se\\\/sundbyberg\\\/\"},{\"@type\":\"ListItem\",\"position\":2,\"name\":\"Allians f\u00f6r Sundbybergs budget f\u00f6r 2023\"}]},{\"@type\":\"WebSite\",\"@id\":\"https:\\\/\\\/wp.kristdemokraterna.se\\\/sundbyberg\\\/#website\",\"url\":\"https:\\\/\\\/wp.kristdemokraterna.se\\\/sundbyberg\\\/\",\"name\":\"Sundbyberg\",\"description\":\"En till Kristdemokraterna webbplats\",\"inLanguage\":\"sv-SE\"},{\"@type\":\"Person\",\"@id\":\"https:\\\/\\\/wp.kristdemokraterna.se\\\/sundbyberg\\\/#\\\/schema\\\/person\\\/eec81caa0b56f396fe2e25427db6db7e\",\"name\":\"sundbyberg\",\"image\":{\"@type\":\"ImageObject\",\"inLanguage\":\"sv-SE\",\"@id\":\"https:\\\/\\\/secure.gravatar.com\\\/avatar\\\/196349f3642b0c87b871f936ab42c728ec5cbfc302876051139652ddbecb4bf8?s=96&d=mm&r=g\",\"url\":\"https:\\\/\\\/secure.gravatar.com\\\/avatar\\\/196349f3642b0c87b871f936ab42c728ec5cbfc302876051139652ddbecb4bf8?s=96&d=mm&r=g\",\"contentUrl\":\"https:\\\/\\\/secure.gravatar.com\\\/avatar\\\/196349f3642b0c87b871f936ab42c728ec5cbfc302876051139652ddbecb4bf8?s=96&d=mm&r=g\",\"caption\":\"sundbyberg\"},\"url\":\"https:\\\/\\\/wp.kristdemokraterna.se\\\/sundbyberg\\\/author\\\/sundbyberg\\\/\"}]}<\/script>\n<!-- \/ Yoast SEO plugin. -->","yoast_head_json":{"title":"Allians f\u00f6r Sundbybergs budget f\u00f6r 2023 - Sundbyberg","robots":{"index":"index","follow":"follow","max-snippet":"max-snippet:-1","max-image-preview":"max-image-preview:large","max-video-preview":"max-video-preview:-1"},"canonical":"https:\/\/wp.kristdemokraterna.se\/sundbyberg\/2022\/12\/06\/allians-for-sundbybergs-budget-for-2023\/","og_locale":"sv_SE","og_type":"article","og_title":"Allians f\u00f6r Sundbybergs budget f\u00f6r 2023 - Sundbyberg","og_description":"Moderaterna, Liberalerna och Kristdemokraterna presenterar gemensam budget f\u00f6r Sundbyberg 2023. Moderaterna, Liberalerna och Kristdemokraterna utg\u00f6r en gemensam opposition mot v\u00e4nsterstyret i Sundbyberg. Tillsammans presenterar partierna nu en gemensam budget f\u00f6r Sundbyberg \u00e5r 2023 med plan f\u00f6r 2024-2029. Sundbyberg st\u00e5r inf\u00f6r stora utmaningar. Ekonomin \u00e4r i oordning, otryggheten breder ut sig i flera stadsdelar och det Read More","og_url":"https:\/\/wp.kristdemokraterna.se\/sundbyberg\/2022\/12\/06\/allians-for-sundbybergs-budget-for-2023\/","og_site_name":"Sundbyberg","article_published_time":"2022-12-06T15:19:14+00:00","article_modified_time":"2022-12-06T15:21:03+00:00","author":"sundbyberg","twitter_card":"summary_large_image","twitter_misc":{"Skriven av":"sundbyberg","Ber\u00e4knad l\u00e4stid":"4 minuter"},"schema":{"@context":"https:\/\/schema.org","@graph":[{"@type":"Article","@id":"https:\/\/wp.kristdemokraterna.se\/sundbyberg\/2022\/12\/06\/allians-for-sundbybergs-budget-for-2023\/#article","isPartOf":{"@id":"https:\/\/wp.kristdemokraterna.se\/sundbyberg\/2022\/12\/06\/allians-for-sundbybergs-budget-for-2023\/"},"author":{"name":"sundbyberg","@id":"https:\/\/wp.kristdemokraterna.se\/sundbyberg\/#\/schema\/person\/eec81caa0b56f396fe2e25427db6db7e"},"headline":"Allians f\u00f6r Sundbybergs budget f\u00f6r 2023","datePublished":"2022-12-06T15:19:14+00:00","dateModified":"2022-12-06T15:21:03+00:00","mainEntityOfPage":{"@id":"https:\/\/wp.kristdemokraterna.se\/sundbyberg\/2022\/12\/06\/allians-for-sundbybergs-budget-for-2023\/"},"wordCount":843,"articleSection":["Inl\u00e4gg"],"inLanguage":"sv-SE"},{"@type":"WebPage","@id":"https:\/\/wp.kristdemokraterna.se\/sundbyberg\/2022\/12\/06\/allians-for-sundbybergs-budget-for-2023\/","url":"https:\/\/wp.kristdemokraterna.se\/sundbyberg\/2022\/12\/06\/allians-for-sundbybergs-budget-for-2023\/","name":"Allians f\u00f6r Sundbybergs budget f\u00f6r 2023 - Sundbyberg","isPartOf":{"@id":"https:\/\/wp.kristdemokraterna.se\/sundbyberg\/#website"},"datePublished":"2022-12-06T15:19:14+00:00","dateModified":"2022-12-06T15:21:03+00:00","author":{"@id":"https:\/\/wp.kristdemokraterna.se\/sundbyberg\/#\/schema\/person\/eec81caa0b56f396fe2e25427db6db7e"},"breadcrumb":{"@id":"https:\/\/wp.kristdemokraterna.se\/sundbyberg\/2022\/12\/06\/allians-for-sundbybergs-budget-for-2023\/#breadcrumb"},"inLanguage":"sv-SE","potentialAction":[{"@type":"ReadAction","target":["https:\/\/wp.kristdemokraterna.se\/sundbyberg\/2022\/12\/06\/allians-for-sundbybergs-budget-for-2023\/"]}]},{"@type":"BreadcrumbList","@id":"https:\/\/wp.kristdemokraterna.se\/sundbyberg\/2022\/12\/06\/allians-for-sundbybergs-budget-for-2023\/#breadcrumb","itemListElement":[{"@type":"ListItem","position":1,"name":"Hem","item":"https:\/\/wp.kristdemokraterna.se\/sundbyberg\/"},{"@type":"ListItem","position":2,"name":"Allians f\u00f6r Sundbybergs budget f\u00f6r 2023"}]},{"@type":"WebSite","@id":"https:\/\/wp.kristdemokraterna.se\/sundbyberg\/#website","url":"https:\/\/wp.kristdemokraterna.se\/sundbyberg\/","name":"Sundbyberg","description":"En till Kristdemokraterna webbplats","inLanguage":"sv-SE"},{"@type":"Person","@id":"https:\/\/wp.kristdemokraterna.se\/sundbyberg\/#\/schema\/person\/eec81caa0b56f396fe2e25427db6db7e","name":"sundbyberg","image":{"@type":"ImageObject","inLanguage":"sv-SE","@id":"https:\/\/secure.gravatar.com\/avatar\/196349f3642b0c87b871f936ab42c728ec5cbfc302876051139652ddbecb4bf8?s=96&d=mm&r=g","url":"https:\/\/secure.gravatar.com\/avatar\/196349f3642b0c87b871f936ab42c728ec5cbfc302876051139652ddbecb4bf8?s=96&d=mm&r=g","contentUrl":"https:\/\/secure.gravatar.com\/avatar\/196349f3642b0c87b871f936ab42c728ec5cbfc302876051139652ddbecb4bf8?s=96&d=mm&r=g","caption":"sundbyberg"},"url":"https:\/\/wp.kristdemokraterna.se\/sundbyberg\/author\/sundbyberg\/"}]}},"_links":{"self":[{"href":"https:\/\/wp.kristdemokraterna.se\/sundbyberg\/wp-json\/wp\/v2\/posts\/1199","targetHints":{"allow":["GET"]}}],"collection":[{"href":"https:\/\/wp.kristdemokraterna.se\/sundbyberg\/wp-json\/wp\/v2\/posts"}],"about":[{"href":"https:\/\/wp.kristdemokraterna.se\/sundbyberg\/wp-json\/wp\/v2\/types\/post"}],"author":[{"embeddable":true,"href":"https:\/\/wp.kristdemokraterna.se\/sundbyberg\/wp-json\/wp\/v2\/users\/611"}],"replies":[{"embeddable":true,"href":"https:\/\/wp.kristdemokraterna.se\/sundbyberg\/wp-json\/wp\/v2\/comments?post=1199"}],"version-history":[{"count":3,"href":"https:\/\/wp.kristdemokraterna.se\/sundbyberg\/wp-json\/wp\/v2\/posts\/1199\/revisions"}],"predecessor-version":[{"id":1204,"href":"https:\/\/wp.kristdemokraterna.se\/sundbyberg\/wp-json\/wp\/v2\/posts\/1199\/revisions\/1204"}],"wp:attachment":[{"href":"https:\/\/wp.kristdemokraterna.se\/sundbyberg\/wp-json\/wp\/v2\/media?parent=1199"}],"wp:term":[{"taxonomy":"category","embeddable":true,"href":"https:\/\/wp.kristdemokraterna.se\/sundbyberg\/wp-json\/wp\/v2\/categories?post=1199"},{"taxonomy":"post_tag","embeddable":true,"href":"https:\/\/wp.kristdemokraterna.se\/sundbyberg\/wp-json\/wp\/v2\/tags?post=1199"}],"curies":[{"name":"wp","href":"https:\/\/api.w.org\/{rel}","templated":true}]}}