{"id":238,"date":"2014-05-08T06:57:18","date_gmt":"2014-05-08T04:57:18","guid":{"rendered":"http:\/\/wp.kristdemokraterna.se\/sundbyberg\/?p=238"},"modified":"2014-05-08T07:04:25","modified_gmt":"2014-05-08T05:04:25","slug":"fler-synliga-poliser-i-rissne","status":"publish","type":"post","link":"https:\/\/wp.kristdemokraterna.se\/sundbyberg\/2014\/05\/08\/fler-synliga-poliser-i-rissne\/","title":{"rendered":"Fler synliga poliser i Rissne"},"content":{"rendered":"<p>Det har varit ett v\u00e5ldsamt halv\u00e5r i Rissne. Nu senast skadades en 23-\u00e5rig man allvarligt efter att ha blivit skjuten i huvudet. S\u00e5 sent som i h\u00f6stas knivm\u00f6rdades en 25-\u00e5rig man i stadsdelen. D\u00e4remellan har vi haft butiksr\u00e5n med yxor, r\u00e5nare med pistoler som plundrat bilar, \u00f6verfall p\u00e5 kvinnor och pension\u00e4rer och andra v\u00e5ldsamma brott. Vi har d\u00e4rf\u00f6r skrivit brev till l\u00e4nspolism\u00e4stare Mats L\u00f6fving om att vi \u00f6nskar se fler poliser synliga i Rissne. Vi har arbetat fram ett 10-punktsprogram f\u00f6r att g\u00f6ra Rissne till en tryggare stadsdel att bo i, men det rissneborna anser \u00e4r viktigast \u00e4r att vi f\u00e5r fler poliser till Rissne.<a title=\"Fler synliga poliser i Rissne\" href=\"http:\/\/wp.kristdemokraterna.se\/sundbyberg\/2014\/05\/08\/fler-synliga-poliser-i-rissne\/\" target=\"_blank\">\u00a0<\/a><a href=\"http:\/\/wp.kristdemokraterna.se\/sundbyberg\/files\/2014\/05\/rissnecentrum.jpg\"><img loading=\"lazy\" decoding=\"async\" class=\"alignleft wp-image-240 size-medium\" src=\"http:\/\/wp.kristdemokraterna.se\/sundbyberg\/files\/2014\/05\/rissnecentrum-300x225.jpg\" alt=\"rissnecentrum\" width=\"300\" height=\"225\" srcset=\"https:\/\/wp.kristdemokraterna.se\/sundbyberg\/files\/2014\/05\/rissnecentrum-300x225.jpg 300w, https:\/\/wp.kristdemokraterna.se\/sundbyberg\/files\/2014\/05\/rissnecentrum-1024x768.jpg 1024w, https:\/\/wp.kristdemokraterna.se\/sundbyberg\/files\/2014\/05\/rissnecentrum-461x346.jpg 461w, https:\/\/wp.kristdemokraterna.se\/sundbyberg\/files\/2014\/05\/rissnecentrum-149x112.jpg 149w, https:\/\/wp.kristdemokraterna.se\/sundbyberg\/files\/2014\/05\/rissnecentrum.jpg 2048w\" sizes=\"auto, (max-width: 300px) 100vw, 300px\" \/><\/a><\/p>\n","protected":false},"excerpt":{"rendered":"<p>Det har varit ett v\u00e5ldsamt halv\u00e5r i Rissne. Nu senast skadades en 23-\u00e5rig man allvarligt efter att ha blivit skjuten i huvudet. S\u00e5 sent som i h\u00f6stas knivm\u00f6rdades en 25-\u00e5rig man i stadsdelen. D\u00e4remellan har vi haft butiksr\u00e5n med yxor, r\u00e5nare med pistoler som plundrat bilar, \u00f6verfall p\u00e5 kvinnor och pension\u00e4rer och andra v\u00e5ldsamma brott. <a class=\"read-more-link\" href=\"https:\/\/wp.kristdemokraterna.se\/sundbyberg\/2014\/05\/08\/fler-synliga-poliser-i-rissne\/\">Read More<\/a><\/p>\n","protected":false},"author":611,"featured_media":0,"comment_status":"closed","ping_status":"closed","sticky":false,"template":"","format":"standard","meta":{"_acf_changed":false,"footnotes":""},"categories":[1],"tags":[],"class_list":["post-238","post","type-post","status-publish","format-standard","hentry","category-inlagg"],"acf":[],"yoast_head":"<!-- This site is optimized with the Yoast SEO plugin v27.4 - https:\/\/yoast.com\/product\/yoast-seo-wordpress\/ -->\n<title>Fler synliga poliser i Rissne - Sundbyberg<\/title>\n<meta name=\"robots\" content=\"index, follow, max-snippet:-1, max-image-preview:large, max-video-preview:-1\" \/>\n<link rel=\"canonical\" href=\"https:\/\/wp.kristdemokraterna.se\/sundbyberg\/2014\/05\/08\/fler-synliga-poliser-i-rissne\/\" \/>\n<meta property=\"og:locale\" content=\"sv_SE\" \/>\n<meta property=\"og:type\" content=\"article\" \/>\n<meta property=\"og:title\" content=\"Fler synliga poliser i Rissne - Sundbyberg\" \/>\n<meta property=\"og:description\" content=\"Det har varit ett v\u00e5ldsamt halv\u00e5r i Rissne. Nu senast skadades en 23-\u00e5rig man allvarligt efter att ha blivit skjuten i huvudet. S\u00e5 sent som i h\u00f6stas knivm\u00f6rdades en 25-\u00e5rig man i stadsdelen. D\u00e4remellan har vi haft butiksr\u00e5n med yxor, r\u00e5nare med pistoler som plundrat bilar, \u00f6verfall p\u00e5 kvinnor och pension\u00e4rer och andra v\u00e5ldsamma brott. Read More\" \/>\n<meta property=\"og:url\" content=\"https:\/\/wp.kristdemokraterna.se\/sundbyberg\/2014\/05\/08\/fler-synliga-poliser-i-rissne\/\" \/>\n<meta property=\"og:site_name\" content=\"Sundbyberg\" \/>\n<meta property=\"article:published_time\" content=\"2014-05-08T04:57:18+00:00\" \/>\n<meta property=\"article:modified_time\" content=\"2014-05-08T05:04:25+00:00\" \/>\n<meta property=\"og:image\" content=\"http:\/\/wp.kristdemokraterna.se\/sundbyberg\/files\/2014\/05\/rissnecentrum-300x225.jpg\" \/>\n<meta name=\"author\" content=\"sundbyberg\" \/>\n<meta name=\"twitter:card\" content=\"summary_large_image\" \/>\n<meta name=\"twitter:label1\" content=\"Skriven av\" \/>\n\t<meta name=\"twitter:data1\" content=\"sundbyberg\" \/>\n\t<meta name=\"twitter:label2\" content=\"Ber\u00e4knad l\u00e4stid\" \/>\n\t<meta name=\"twitter:data2\" content=\"1 minut\" \/>\n<script type=\"application\/ld+json\" class=\"yoast-schema-graph\">{\"@context\":\"https:\\\/\\\/schema.org\",\"@graph\":[{\"@type\":\"Article\",\"@id\":\"https:\\\/\\\/wp.kristdemokraterna.se\\\/sundbyberg\\\/2014\\\/05\\\/08\\\/fler-synliga-poliser-i-rissne\\\/#article\",\"isPartOf\":{\"@id\":\"https:\\\/\\\/wp.kristdemokraterna.se\\\/sundbyberg\\\/2014\\\/05\\\/08\\\/fler-synliga-poliser-i-rissne\\\/\"},\"author\":{\"name\":\"sundbyberg\",\"@id\":\"https:\\\/\\\/wp.kristdemokraterna.se\\\/sundbyberg\\\/#\\\/schema\\\/person\\\/eec81caa0b56f396fe2e25427db6db7e\"},\"headline\":\"Fler synliga poliser i Rissne\",\"datePublished\":\"2014-05-08T04:57:18+00:00\",\"dateModified\":\"2014-05-08T05:04:25+00:00\",\"mainEntityOfPage\":{\"@id\":\"https:\\\/\\\/wp.kristdemokraterna.se\\\/sundbyberg\\\/2014\\\/05\\\/08\\\/fler-synliga-poliser-i-rissne\\\/\"},\"wordCount\":129,\"image\":{\"@id\":\"https:\\\/\\\/wp.kristdemokraterna.se\\\/sundbyberg\\\/2014\\\/05\\\/08\\\/fler-synliga-poliser-i-rissne\\\/#primaryimage\"},\"thumbnailUrl\":\"http:\\\/\\\/wp.kristdemokraterna.se\\\/sundbyberg\\\/files\\\/2014\\\/05\\\/rissnecentrum-300x225.jpg\",\"articleSection\":[\"Inl\u00e4gg\"],\"inLanguage\":\"sv-SE\"},{\"@type\":\"WebPage\",\"@id\":\"https:\\\/\\\/wp.kristdemokraterna.se\\\/sundbyberg\\\/2014\\\/05\\\/08\\\/fler-synliga-poliser-i-rissne\\\/\",\"url\":\"https:\\\/\\\/wp.kristdemokraterna.se\\\/sundbyberg\\\/2014\\\/05\\\/08\\\/fler-synliga-poliser-i-rissne\\\/\",\"name\":\"Fler synliga poliser i Rissne - Sundbyberg\",\"isPartOf\":{\"@id\":\"https:\\\/\\\/wp.kristdemokraterna.se\\\/sundbyberg\\\/#website\"},\"primaryImageOfPage\":{\"@id\":\"https:\\\/\\\/wp.kristdemokraterna.se\\\/sundbyberg\\\/2014\\\/05\\\/08\\\/fler-synliga-poliser-i-rissne\\\/#primaryimage\"},\"image\":{\"@id\":\"https:\\\/\\\/wp.kristdemokraterna.se\\\/sundbyberg\\\/2014\\\/05\\\/08\\\/fler-synliga-poliser-i-rissne\\\/#primaryimage\"},\"thumbnailUrl\":\"http:\\\/\\\/wp.kristdemokraterna.se\\\/sundbyberg\\\/files\\\/2014\\\/05\\\/rissnecentrum-300x225.jpg\",\"datePublished\":\"2014-05-08T04:57:18+00:00\",\"dateModified\":\"2014-05-08T05:04:25+00:00\",\"author\":{\"@id\":\"https:\\\/\\\/wp.kristdemokraterna.se\\\/sundbyberg\\\/#\\\/schema\\\/person\\\/eec81caa0b56f396fe2e25427db6db7e\"},\"breadcrumb\":{\"@id\":\"https:\\\/\\\/wp.kristdemokraterna.se\\\/sundbyberg\\\/2014\\\/05\\\/08\\\/fler-synliga-poliser-i-rissne\\\/#breadcrumb\"},\"inLanguage\":\"sv-SE\",\"potentialAction\":[{\"@type\":\"ReadAction\",\"target\":[\"https:\\\/\\\/wp.kristdemokraterna.se\\\/sundbyberg\\\/2014\\\/05\\\/08\\\/fler-synliga-poliser-i-rissne\\\/\"]}]},{\"@type\":\"ImageObject\",\"inLanguage\":\"sv-SE\",\"@id\":\"https:\\\/\\\/wp.kristdemokraterna.se\\\/sundbyberg\\\/2014\\\/05\\\/08\\\/fler-synliga-poliser-i-rissne\\\/#primaryimage\",\"url\":\"https:\\\/\\\/wp.kristdemokraterna.se\\\/sundbyberg\\\/files\\\/2014\\\/05\\\/rissnecentrum.jpg\",\"contentUrl\":\"https:\\\/\\\/wp.kristdemokraterna.se\\\/sundbyberg\\\/files\\\/2014\\\/05\\\/rissnecentrum.jpg\",\"width\":2048,\"height\":1536},{\"@type\":\"BreadcrumbList\",\"@id\":\"https:\\\/\\\/wp.kristdemokraterna.se\\\/sundbyberg\\\/2014\\\/05\\\/08\\\/fler-synliga-poliser-i-rissne\\\/#breadcrumb\",\"itemListElement\":[{\"@type\":\"ListItem\",\"position\":1,\"name\":\"Hem\",\"item\":\"https:\\\/\\\/wp.kristdemokraterna.se\\\/sundbyberg\\\/\"},{\"@type\":\"ListItem\",\"position\":2,\"name\":\"Fler synliga poliser i Rissne\"}]},{\"@type\":\"WebSite\",\"@id\":\"https:\\\/\\\/wp.kristdemokraterna.se\\\/sundbyberg\\\/#website\",\"url\":\"https:\\\/\\\/wp.kristdemokraterna.se\\\/sundbyberg\\\/\",\"name\":\"Sundbyberg\",\"description\":\"En till Kristdemokraterna webbplats\",\"inLanguage\":\"sv-SE\"},{\"@type\":\"Person\",\"@id\":\"https:\\\/\\\/wp.kristdemokraterna.se\\\/sundbyberg\\\/#\\\/schema\\\/person\\\/eec81caa0b56f396fe2e25427db6db7e\",\"name\":\"sundbyberg\",\"image\":{\"@type\":\"ImageObject\",\"inLanguage\":\"sv-SE\",\"@id\":\"https:\\\/\\\/secure.gravatar.com\\\/avatar\\\/196349f3642b0c87b871f936ab42c728ec5cbfc302876051139652ddbecb4bf8?s=96&d=mm&r=g\",\"url\":\"https:\\\/\\\/secure.gravatar.com\\\/avatar\\\/196349f3642b0c87b871f936ab42c728ec5cbfc302876051139652ddbecb4bf8?s=96&d=mm&r=g\",\"contentUrl\":\"https:\\\/\\\/secure.gravatar.com\\\/avatar\\\/196349f3642b0c87b871f936ab42c728ec5cbfc302876051139652ddbecb4bf8?s=96&d=mm&r=g\",\"caption\":\"sundbyberg\"},\"url\":\"https:\\\/\\\/wp.kristdemokraterna.se\\\/sundbyberg\\\/author\\\/sundbyberg\\\/\"}]}<\/script>\n<!-- \/ Yoast SEO plugin. -->","yoast_head_json":{"title":"Fler synliga poliser i Rissne - Sundbyberg","robots":{"index":"index","follow":"follow","max-snippet":"max-snippet:-1","max-image-preview":"max-image-preview:large","max-video-preview":"max-video-preview:-1"},"canonical":"https:\/\/wp.kristdemokraterna.se\/sundbyberg\/2014\/05\/08\/fler-synliga-poliser-i-rissne\/","og_locale":"sv_SE","og_type":"article","og_title":"Fler synliga poliser i Rissne - Sundbyberg","og_description":"Det har varit ett v\u00e5ldsamt halv\u00e5r i Rissne. Nu senast skadades en 23-\u00e5rig man allvarligt efter att ha blivit skjuten i huvudet. S\u00e5 sent som i h\u00f6stas knivm\u00f6rdades en 25-\u00e5rig man i stadsdelen. D\u00e4remellan har vi haft butiksr\u00e5n med yxor, r\u00e5nare med pistoler som plundrat bilar, \u00f6verfall p\u00e5 kvinnor och pension\u00e4rer och andra v\u00e5ldsamma brott. Read More","og_url":"https:\/\/wp.kristdemokraterna.se\/sundbyberg\/2014\/05\/08\/fler-synliga-poliser-i-rissne\/","og_site_name":"Sundbyberg","article_published_time":"2014-05-08T04:57:18+00:00","article_modified_time":"2014-05-08T05:04:25+00:00","og_image":[{"url":"http:\/\/wp.kristdemokraterna.se\/sundbyberg\/files\/2014\/05\/rissnecentrum-300x225.jpg","type":"","width":"","height":""}],"author":"sundbyberg","twitter_card":"summary_large_image","twitter_misc":{"Skriven av":"sundbyberg","Ber\u00e4knad l\u00e4stid":"1 minut"},"schema":{"@context":"https:\/\/schema.org","@graph":[{"@type":"Article","@id":"https:\/\/wp.kristdemokraterna.se\/sundbyberg\/2014\/05\/08\/fler-synliga-poliser-i-rissne\/#article","isPartOf":{"@id":"https:\/\/wp.kristdemokraterna.se\/sundbyberg\/2014\/05\/08\/fler-synliga-poliser-i-rissne\/"},"author":{"name":"sundbyberg","@id":"https:\/\/wp.kristdemokraterna.se\/sundbyberg\/#\/schema\/person\/eec81caa0b56f396fe2e25427db6db7e"},"headline":"Fler synliga poliser i Rissne","datePublished":"2014-05-08T04:57:18+00:00","dateModified":"2014-05-08T05:04:25+00:00","mainEntityOfPage":{"@id":"https:\/\/wp.kristdemokraterna.se\/sundbyberg\/2014\/05\/08\/fler-synliga-poliser-i-rissne\/"},"wordCount":129,"image":{"@id":"https:\/\/wp.kristdemokraterna.se\/sundbyberg\/2014\/05\/08\/fler-synliga-poliser-i-rissne\/#primaryimage"},"thumbnailUrl":"http:\/\/wp.kristdemokraterna.se\/sundbyberg\/files\/2014\/05\/rissnecentrum-300x225.jpg","articleSection":["Inl\u00e4gg"],"inLanguage":"sv-SE"},{"@type":"WebPage","@id":"https:\/\/wp.kristdemokraterna.se\/sundbyberg\/2014\/05\/08\/fler-synliga-poliser-i-rissne\/","url":"https:\/\/wp.kristdemokraterna.se\/sundbyberg\/2014\/05\/08\/fler-synliga-poliser-i-rissne\/","name":"Fler synliga poliser i Rissne - Sundbyberg","isPartOf":{"@id":"https:\/\/wp.kristdemokraterna.se\/sundbyberg\/#website"},"primaryImageOfPage":{"@id":"https:\/\/wp.kristdemokraterna.se\/sundbyberg\/2014\/05\/08\/fler-synliga-poliser-i-rissne\/#primaryimage"},"image":{"@id":"https:\/\/wp.kristdemokraterna.se\/sundbyberg\/2014\/05\/08\/fler-synliga-poliser-i-rissne\/#primaryimage"},"thumbnailUrl":"http:\/\/wp.kristdemokraterna.se\/sundbyberg\/files\/2014\/05\/rissnecentrum-300x225.jpg","datePublished":"2014-05-08T04:57:18+00:00","dateModified":"2014-05-08T05:04:25+00:00","author":{"@id":"https:\/\/wp.kristdemokraterna.se\/sundbyberg\/#\/schema\/person\/eec81caa0b56f396fe2e25427db6db7e"},"breadcrumb":{"@id":"https:\/\/wp.kristdemokraterna.se\/sundbyberg\/2014\/05\/08\/fler-synliga-poliser-i-rissne\/#breadcrumb"},"inLanguage":"sv-SE","potentialAction":[{"@type":"ReadAction","target":["https:\/\/wp.kristdemokraterna.se\/sundbyberg\/2014\/05\/08\/fler-synliga-poliser-i-rissne\/"]}]},{"@type":"ImageObject","inLanguage":"sv-SE","@id":"https:\/\/wp.kristdemokraterna.se\/sundbyberg\/2014\/05\/08\/fler-synliga-poliser-i-rissne\/#primaryimage","url":"https:\/\/wp.kristdemokraterna.se\/sundbyberg\/files\/2014\/05\/rissnecentrum.jpg","contentUrl":"https:\/\/wp.kristdemokraterna.se\/sundbyberg\/files\/2014\/05\/rissnecentrum.jpg","width":2048,"height":1536},{"@type":"BreadcrumbList","@id":"https:\/\/wp.kristdemokraterna.se\/sundbyberg\/2014\/05\/08\/fler-synliga-poliser-i-rissne\/#breadcrumb","itemListElement":[{"@type":"ListItem","position":1,"name":"Hem","item":"https:\/\/wp.kristdemokraterna.se\/sundbyberg\/"},{"@type":"ListItem","position":2,"name":"Fler synliga poliser i Rissne"}]},{"@type":"WebSite","@id":"https:\/\/wp.kristdemokraterna.se\/sundbyberg\/#website","url":"https:\/\/wp.kristdemokraterna.se\/sundbyberg\/","name":"Sundbyberg","description":"En till Kristdemokraterna webbplats","inLanguage":"sv-SE"},{"@type":"Person","@id":"https:\/\/wp.kristdemokraterna.se\/sundbyberg\/#\/schema\/person\/eec81caa0b56f396fe2e25427db6db7e","name":"sundbyberg","image":{"@type":"ImageObject","inLanguage":"sv-SE","@id":"https:\/\/secure.gravatar.com\/avatar\/196349f3642b0c87b871f936ab42c728ec5cbfc302876051139652ddbecb4bf8?s=96&d=mm&r=g","url":"https:\/\/secure.gravatar.com\/avatar\/196349f3642b0c87b871f936ab42c728ec5cbfc302876051139652ddbecb4bf8?s=96&d=mm&r=g","contentUrl":"https:\/\/secure.gravatar.com\/avatar\/196349f3642b0c87b871f936ab42c728ec5cbfc302876051139652ddbecb4bf8?s=96&d=mm&r=g","caption":"sundbyberg"},"url":"https:\/\/wp.kristdemokraterna.se\/sundbyberg\/author\/sundbyberg\/"}]}},"_links":{"self":[{"href":"https:\/\/wp.kristdemokraterna.se\/sundbyberg\/wp-json\/wp\/v2\/posts\/238","targetHints":{"allow":["GET"]}}],"collection":[{"href":"https:\/\/wp.kristdemokraterna.se\/sundbyberg\/wp-json\/wp\/v2\/posts"}],"about":[{"href":"https:\/\/wp.kristdemokraterna.se\/sundbyberg\/wp-json\/wp\/v2\/types\/post"}],"author":[{"embeddable":true,"href":"https:\/\/wp.kristdemokraterna.se\/sundbyberg\/wp-json\/wp\/v2\/users\/611"}],"replies":[{"embeddable":true,"href":"https:\/\/wp.kristdemokraterna.se\/sundbyberg\/wp-json\/wp\/v2\/comments?post=238"}],"version-history":[{"count":3,"href":"https:\/\/wp.kristdemokraterna.se\/sundbyberg\/wp-json\/wp\/v2\/posts\/238\/revisions"}],"predecessor-version":[{"id":244,"href":"https:\/\/wp.kristdemokraterna.se\/sundbyberg\/wp-json\/wp\/v2\/posts\/238\/revisions\/244"}],"wp:attachment":[{"href":"https:\/\/wp.kristdemokraterna.se\/sundbyberg\/wp-json\/wp\/v2\/media?parent=238"}],"wp:term":[{"taxonomy":"category","embeddable":true,"href":"https:\/\/wp.kristdemokraterna.se\/sundbyberg\/wp-json\/wp\/v2\/categories?post=238"},{"taxonomy":"post_tag","embeddable":true,"href":"https:\/\/wp.kristdemokraterna.se\/sundbyberg\/wp-json\/wp\/v2\/tags?post=238"}],"curies":[{"name":"wp","href":"https:\/\/api.w.org\/{rel}","templated":true}]}}