{"id":245,"date":"2014-05-20T19:34:15","date_gmt":"2014-05-20T17:34:15","guid":{"rendered":"http:\/\/wp.kristdemokraterna.se\/sundbyberg\/?p=245"},"modified":"2014-05-20T19:34:15","modified_gmt":"2014-05-20T17:34:15","slug":"bruna-bonor-eller-thaimat-for-de-aldre","status":"publish","type":"post","link":"https:\/\/wp.kristdemokraterna.se\/sundbyberg\/2014\/05\/20\/bruna-bonor-eller-thaimat-for-de-aldre\/","title":{"rendered":"Bruna b\u00f6nor eller thaimat f\u00f6r de \u00e4ldre?"},"content":{"rendered":"<div class=\"im\" style=\"color: #500050\">\n<div><span style=\"color: #000000\">Var fj\u00e4rde \u00e4ldre som bor p\u00e5 \u00e4ldreboende i Sverige \u00e4r inte n\u00f6jd med den mat som serveras. I Sundbyberg har vi medverkat till m\u00e5nga f\u00f6rb\u00e4ttringar. Nu lagas all mat till v\u00e5ra \u00e4ldre lokalt i Sundbyberg \u00a0och transporteras inte \u00f6ver halva l\u00e4net innan den serveras till v\u00e5ra \u00e4ldre. Detta genom nya avtal d\u00e4r vi, inte entrepren\u00f6rerna best\u00e4mmer vem som ska leverera v\u00e5r mat.<\/span><\/div>\n<\/div>\n<div style=\"color: #222222\"><\/div>\n<div style=\"color: #222222\"><span style=\"color: #000000\">V\u00e5r dietist har utbildad all personal i hur att servera maten p\u00e5 ett f\u00f6r \u00f6gat trevligare s\u00e4tt. Allt utom k\u00f6ttet eller fisken (huvudkomponenten) lagas p\u00e5 samtliga boenden. Det bakas mm. Allt f\u00f6r att fler sinnen ska stimuleras!<\/span><\/div>\n<div class=\"im\" style=\"color: #500050\">\n<div><\/div>\n<div><span style=\"color: #000000\">Med det finns mer att g\u00f6ra. Den valfrihet som finns f\u00f6r vanlig hemtj\u00e4nst ska g\u00e4lla \u00e4ven maten. V\u00e5ra \u00e4ldre ska kunna v\u00e4lja hems\u00e4nd mat av olika leverant\u00f6rer. Alla m\u00e4nniskor \u00e4r olika och d\u00e4rf\u00f6r ska man kunna v\u00e4lja om man vill ha stekt fl\u00e4sk med bruna b\u00f6nor eller thaimat till lunch. Med andra ord: Sl\u00e4pp in restaurangbranschen i \u00e4ldreomsorgen.<\/span><\/div>\n<div><\/div>\n<div><span style=\"color: #000000\">Maria Bohman<\/span><\/div>\n<div><span style=\"color: #000000\">\u00c4ldrekommunalr\u00e5d (KD)<\/span><\/div>\n<\/div>\n","protected":false},"excerpt":{"rendered":"<p>Var fj\u00e4rde \u00e4ldre som bor p\u00e5 \u00e4ldreboende i Sverige \u00e4r inte n\u00f6jd med den mat som serveras. I Sundbyberg har vi medverkat till m\u00e5nga f\u00f6rb\u00e4ttringar. Nu lagas all mat till v\u00e5ra \u00e4ldre lokalt i Sundbyberg \u00a0och transporteras inte \u00f6ver halva l\u00e4net innan den serveras till v\u00e5ra \u00e4ldre. Detta genom nya avtal d\u00e4r vi, inte entrepren\u00f6rerna <a class=\"read-more-link\" href=\"https:\/\/wp.kristdemokraterna.se\/sundbyberg\/2014\/05\/20\/bruna-bonor-eller-thaimat-for-de-aldre\/\">Read More<\/a><\/p>\n","protected":false},"author":611,"featured_media":0,"comment_status":"closed","ping_status":"closed","sticky":false,"template":"","format":"standard","meta":{"_acf_changed":false,"footnotes":""},"categories":[1],"tags":[],"class_list":["post-245","post","type-post","status-publish","format-standard","hentry","category-inlagg"],"acf":[],"yoast_head":"<!-- This site is optimized with the Yoast SEO plugin v27.4 - https:\/\/yoast.com\/product\/yoast-seo-wordpress\/ -->\n<title>Bruna b\u00f6nor eller thaimat f\u00f6r de \u00e4ldre? - Sundbyberg<\/title>\n<meta name=\"robots\" content=\"index, follow, max-snippet:-1, max-image-preview:large, max-video-preview:-1\" \/>\n<link rel=\"canonical\" href=\"https:\/\/wp.kristdemokraterna.se\/sundbyberg\/2014\/05\/20\/bruna-bonor-eller-thaimat-for-de-aldre\/\" \/>\n<meta property=\"og:locale\" content=\"sv_SE\" \/>\n<meta property=\"og:type\" content=\"article\" \/>\n<meta property=\"og:title\" content=\"Bruna b\u00f6nor eller thaimat f\u00f6r de \u00e4ldre? - Sundbyberg\" \/>\n<meta property=\"og:description\" content=\"Var fj\u00e4rde \u00e4ldre som bor p\u00e5 \u00e4ldreboende i Sverige \u00e4r inte n\u00f6jd med den mat som serveras. I Sundbyberg har vi medverkat till m\u00e5nga f\u00f6rb\u00e4ttringar. Nu lagas all mat till v\u00e5ra \u00e4ldre lokalt i Sundbyberg \u00a0och transporteras inte \u00f6ver halva l\u00e4net innan den serveras till v\u00e5ra \u00e4ldre. Detta genom nya avtal d\u00e4r vi, inte entrepren\u00f6rerna Read More\" \/>\n<meta property=\"og:url\" content=\"https:\/\/wp.kristdemokraterna.se\/sundbyberg\/2014\/05\/20\/bruna-bonor-eller-thaimat-for-de-aldre\/\" \/>\n<meta property=\"og:site_name\" content=\"Sundbyberg\" \/>\n<meta property=\"article:published_time\" content=\"2014-05-20T17:34:15+00:00\" \/>\n<meta name=\"author\" content=\"sundbyberg\" \/>\n<meta name=\"twitter:card\" content=\"summary_large_image\" \/>\n<meta name=\"twitter:label1\" content=\"Skriven av\" \/>\n\t<meta name=\"twitter:data1\" content=\"sundbyberg\" \/>\n\t<meta name=\"twitter:label2\" content=\"Ber\u00e4knad l\u00e4stid\" \/>\n\t<meta name=\"twitter:data2\" content=\"1 minut\" \/>\n<script type=\"application\/ld+json\" class=\"yoast-schema-graph\">{\"@context\":\"https:\\\/\\\/schema.org\",\"@graph\":[{\"@type\":\"Article\",\"@id\":\"https:\\\/\\\/wp.kristdemokraterna.se\\\/sundbyberg\\\/2014\\\/05\\\/20\\\/bruna-bonor-eller-thaimat-for-de-aldre\\\/#article\",\"isPartOf\":{\"@id\":\"https:\\\/\\\/wp.kristdemokraterna.se\\\/sundbyberg\\\/2014\\\/05\\\/20\\\/bruna-bonor-eller-thaimat-for-de-aldre\\\/\"},\"author\":{\"name\":\"sundbyberg\",\"@id\":\"https:\\\/\\\/wp.kristdemokraterna.se\\\/sundbyberg\\\/#\\\/schema\\\/person\\\/eec81caa0b56f396fe2e25427db6db7e\"},\"headline\":\"Bruna b\u00f6nor eller thaimat f\u00f6r de \u00e4ldre?\",\"datePublished\":\"2014-05-20T17:34:15+00:00\",\"mainEntityOfPage\":{\"@id\":\"https:\\\/\\\/wp.kristdemokraterna.se\\\/sundbyberg\\\/2014\\\/05\\\/20\\\/bruna-bonor-eller-thaimat-for-de-aldre\\\/\"},\"wordCount\":203,\"articleSection\":[\"Inl\u00e4gg\"],\"inLanguage\":\"sv-SE\"},{\"@type\":\"WebPage\",\"@id\":\"https:\\\/\\\/wp.kristdemokraterna.se\\\/sundbyberg\\\/2014\\\/05\\\/20\\\/bruna-bonor-eller-thaimat-for-de-aldre\\\/\",\"url\":\"https:\\\/\\\/wp.kristdemokraterna.se\\\/sundbyberg\\\/2014\\\/05\\\/20\\\/bruna-bonor-eller-thaimat-for-de-aldre\\\/\",\"name\":\"Bruna b\u00f6nor eller thaimat f\u00f6r de \u00e4ldre? - Sundbyberg\",\"isPartOf\":{\"@id\":\"https:\\\/\\\/wp.kristdemokraterna.se\\\/sundbyberg\\\/#website\"},\"datePublished\":\"2014-05-20T17:34:15+00:00\",\"author\":{\"@id\":\"https:\\\/\\\/wp.kristdemokraterna.se\\\/sundbyberg\\\/#\\\/schema\\\/person\\\/eec81caa0b56f396fe2e25427db6db7e\"},\"breadcrumb\":{\"@id\":\"https:\\\/\\\/wp.kristdemokraterna.se\\\/sundbyberg\\\/2014\\\/05\\\/20\\\/bruna-bonor-eller-thaimat-for-de-aldre\\\/#breadcrumb\"},\"inLanguage\":\"sv-SE\",\"potentialAction\":[{\"@type\":\"ReadAction\",\"target\":[\"https:\\\/\\\/wp.kristdemokraterna.se\\\/sundbyberg\\\/2014\\\/05\\\/20\\\/bruna-bonor-eller-thaimat-for-de-aldre\\\/\"]}]},{\"@type\":\"BreadcrumbList\",\"@id\":\"https:\\\/\\\/wp.kristdemokraterna.se\\\/sundbyberg\\\/2014\\\/05\\\/20\\\/bruna-bonor-eller-thaimat-for-de-aldre\\\/#breadcrumb\",\"itemListElement\":[{\"@type\":\"ListItem\",\"position\":1,\"name\":\"Hem\",\"item\":\"https:\\\/\\\/wp.kristdemokraterna.se\\\/sundbyberg\\\/\"},{\"@type\":\"ListItem\",\"position\":2,\"name\":\"Bruna b\u00f6nor eller thaimat f\u00f6r de \u00e4ldre?\"}]},{\"@type\":\"WebSite\",\"@id\":\"https:\\\/\\\/wp.kristdemokraterna.se\\\/sundbyberg\\\/#website\",\"url\":\"https:\\\/\\\/wp.kristdemokraterna.se\\\/sundbyberg\\\/\",\"name\":\"Sundbyberg\",\"description\":\"En till Kristdemokraterna webbplats\",\"inLanguage\":\"sv-SE\"},{\"@type\":\"Person\",\"@id\":\"https:\\\/\\\/wp.kristdemokraterna.se\\\/sundbyberg\\\/#\\\/schema\\\/person\\\/eec81caa0b56f396fe2e25427db6db7e\",\"name\":\"sundbyberg\",\"image\":{\"@type\":\"ImageObject\",\"inLanguage\":\"sv-SE\",\"@id\":\"https:\\\/\\\/secure.gravatar.com\\\/avatar\\\/196349f3642b0c87b871f936ab42c728ec5cbfc302876051139652ddbecb4bf8?s=96&d=mm&r=g\",\"url\":\"https:\\\/\\\/secure.gravatar.com\\\/avatar\\\/196349f3642b0c87b871f936ab42c728ec5cbfc302876051139652ddbecb4bf8?s=96&d=mm&r=g\",\"contentUrl\":\"https:\\\/\\\/secure.gravatar.com\\\/avatar\\\/196349f3642b0c87b871f936ab42c728ec5cbfc302876051139652ddbecb4bf8?s=96&d=mm&r=g\",\"caption\":\"sundbyberg\"},\"url\":\"https:\\\/\\\/wp.kristdemokraterna.se\\\/sundbyberg\\\/author\\\/sundbyberg\\\/\"}]}<\/script>\n<!-- \/ Yoast SEO plugin. -->","yoast_head_json":{"title":"Bruna b\u00f6nor eller thaimat f\u00f6r de \u00e4ldre? - Sundbyberg","robots":{"index":"index","follow":"follow","max-snippet":"max-snippet:-1","max-image-preview":"max-image-preview:large","max-video-preview":"max-video-preview:-1"},"canonical":"https:\/\/wp.kristdemokraterna.se\/sundbyberg\/2014\/05\/20\/bruna-bonor-eller-thaimat-for-de-aldre\/","og_locale":"sv_SE","og_type":"article","og_title":"Bruna b\u00f6nor eller thaimat f\u00f6r de \u00e4ldre? - Sundbyberg","og_description":"Var fj\u00e4rde \u00e4ldre som bor p\u00e5 \u00e4ldreboende i Sverige \u00e4r inte n\u00f6jd med den mat som serveras. I Sundbyberg har vi medverkat till m\u00e5nga f\u00f6rb\u00e4ttringar. Nu lagas all mat till v\u00e5ra \u00e4ldre lokalt i Sundbyberg \u00a0och transporteras inte \u00f6ver halva l\u00e4net innan den serveras till v\u00e5ra \u00e4ldre. Detta genom nya avtal d\u00e4r vi, inte entrepren\u00f6rerna Read More","og_url":"https:\/\/wp.kristdemokraterna.se\/sundbyberg\/2014\/05\/20\/bruna-bonor-eller-thaimat-for-de-aldre\/","og_site_name":"Sundbyberg","article_published_time":"2014-05-20T17:34:15+00:00","author":"sundbyberg","twitter_card":"summary_large_image","twitter_misc":{"Skriven av":"sundbyberg","Ber\u00e4knad l\u00e4stid":"1 minut"},"schema":{"@context":"https:\/\/schema.org","@graph":[{"@type":"Article","@id":"https:\/\/wp.kristdemokraterna.se\/sundbyberg\/2014\/05\/20\/bruna-bonor-eller-thaimat-for-de-aldre\/#article","isPartOf":{"@id":"https:\/\/wp.kristdemokraterna.se\/sundbyberg\/2014\/05\/20\/bruna-bonor-eller-thaimat-for-de-aldre\/"},"author":{"name":"sundbyberg","@id":"https:\/\/wp.kristdemokraterna.se\/sundbyberg\/#\/schema\/person\/eec81caa0b56f396fe2e25427db6db7e"},"headline":"Bruna b\u00f6nor eller thaimat f\u00f6r de \u00e4ldre?","datePublished":"2014-05-20T17:34:15+00:00","mainEntityOfPage":{"@id":"https:\/\/wp.kristdemokraterna.se\/sundbyberg\/2014\/05\/20\/bruna-bonor-eller-thaimat-for-de-aldre\/"},"wordCount":203,"articleSection":["Inl\u00e4gg"],"inLanguage":"sv-SE"},{"@type":"WebPage","@id":"https:\/\/wp.kristdemokraterna.se\/sundbyberg\/2014\/05\/20\/bruna-bonor-eller-thaimat-for-de-aldre\/","url":"https:\/\/wp.kristdemokraterna.se\/sundbyberg\/2014\/05\/20\/bruna-bonor-eller-thaimat-for-de-aldre\/","name":"Bruna b\u00f6nor eller thaimat f\u00f6r de \u00e4ldre? - Sundbyberg","isPartOf":{"@id":"https:\/\/wp.kristdemokraterna.se\/sundbyberg\/#website"},"datePublished":"2014-05-20T17:34:15+00:00","author":{"@id":"https:\/\/wp.kristdemokraterna.se\/sundbyberg\/#\/schema\/person\/eec81caa0b56f396fe2e25427db6db7e"},"breadcrumb":{"@id":"https:\/\/wp.kristdemokraterna.se\/sundbyberg\/2014\/05\/20\/bruna-bonor-eller-thaimat-for-de-aldre\/#breadcrumb"},"inLanguage":"sv-SE","potentialAction":[{"@type":"ReadAction","target":["https:\/\/wp.kristdemokraterna.se\/sundbyberg\/2014\/05\/20\/bruna-bonor-eller-thaimat-for-de-aldre\/"]}]},{"@type":"BreadcrumbList","@id":"https:\/\/wp.kristdemokraterna.se\/sundbyberg\/2014\/05\/20\/bruna-bonor-eller-thaimat-for-de-aldre\/#breadcrumb","itemListElement":[{"@type":"ListItem","position":1,"name":"Hem","item":"https:\/\/wp.kristdemokraterna.se\/sundbyberg\/"},{"@type":"ListItem","position":2,"name":"Bruna b\u00f6nor eller thaimat f\u00f6r de \u00e4ldre?"}]},{"@type":"WebSite","@id":"https:\/\/wp.kristdemokraterna.se\/sundbyberg\/#website","url":"https:\/\/wp.kristdemokraterna.se\/sundbyberg\/","name":"Sundbyberg","description":"En till Kristdemokraterna webbplats","inLanguage":"sv-SE"},{"@type":"Person","@id":"https:\/\/wp.kristdemokraterna.se\/sundbyberg\/#\/schema\/person\/eec81caa0b56f396fe2e25427db6db7e","name":"sundbyberg","image":{"@type":"ImageObject","inLanguage":"sv-SE","@id":"https:\/\/secure.gravatar.com\/avatar\/196349f3642b0c87b871f936ab42c728ec5cbfc302876051139652ddbecb4bf8?s=96&d=mm&r=g","url":"https:\/\/secure.gravatar.com\/avatar\/196349f3642b0c87b871f936ab42c728ec5cbfc302876051139652ddbecb4bf8?s=96&d=mm&r=g","contentUrl":"https:\/\/secure.gravatar.com\/avatar\/196349f3642b0c87b871f936ab42c728ec5cbfc302876051139652ddbecb4bf8?s=96&d=mm&r=g","caption":"sundbyberg"},"url":"https:\/\/wp.kristdemokraterna.se\/sundbyberg\/author\/sundbyberg\/"}]}},"_links":{"self":[{"href":"https:\/\/wp.kristdemokraterna.se\/sundbyberg\/wp-json\/wp\/v2\/posts\/245","targetHints":{"allow":["GET"]}}],"collection":[{"href":"https:\/\/wp.kristdemokraterna.se\/sundbyberg\/wp-json\/wp\/v2\/posts"}],"about":[{"href":"https:\/\/wp.kristdemokraterna.se\/sundbyberg\/wp-json\/wp\/v2\/types\/post"}],"author":[{"embeddable":true,"href":"https:\/\/wp.kristdemokraterna.se\/sundbyberg\/wp-json\/wp\/v2\/users\/611"}],"replies":[{"embeddable":true,"href":"https:\/\/wp.kristdemokraterna.se\/sundbyberg\/wp-json\/wp\/v2\/comments?post=245"}],"version-history":[{"count":1,"href":"https:\/\/wp.kristdemokraterna.se\/sundbyberg\/wp-json\/wp\/v2\/posts\/245\/revisions"}],"predecessor-version":[{"id":246,"href":"https:\/\/wp.kristdemokraterna.se\/sundbyberg\/wp-json\/wp\/v2\/posts\/245\/revisions\/246"}],"wp:attachment":[{"href":"https:\/\/wp.kristdemokraterna.se\/sundbyberg\/wp-json\/wp\/v2\/media?parent=245"}],"wp:term":[{"taxonomy":"category","embeddable":true,"href":"https:\/\/wp.kristdemokraterna.se\/sundbyberg\/wp-json\/wp\/v2\/categories?post=245"},{"taxonomy":"post_tag","embeddable":true,"href":"https:\/\/wp.kristdemokraterna.se\/sundbyberg\/wp-json\/wp\/v2\/tags?post=245"}],"curies":[{"name":"wp","href":"https:\/\/api.w.org\/{rel}","templated":true}]}}