{"id":297,"date":"2015-09-15T15:15:15","date_gmt":"2015-09-15T13:15:15","guid":{"rendered":"http:\/\/wp.kristdemokraterna.se\/sundbyberg\/?p=297"},"modified":"2015-09-15T15:15:15","modified_gmt":"2015-09-15T13:15:15","slug":"en-politik-som-stodjer-inte-styr-kulturen","status":"publish","type":"post","link":"https:\/\/wp.kristdemokraterna.se\/sundbyberg\/2015\/09\/15\/en-politik-som-stodjer-inte-styr-kulturen\/","title":{"rendered":"En politik som st\u00f6djer, inte styr, kulturen"},"content":{"rendered":"<p>Kulturen hj\u00e4lper oss att v\u00e4xa som m\u00e4nniskor och f\u00f6rbinder oss med tidigare generationers erfarenheter. Men den har ocks\u00e5 en uppgift i att utmana invanda f\u00f6rest\u00e4llningar. Med andra ord bidrar den till s\u00e5v\u00e4l ett samh\u00e4lles sammanh\u00e5llning som dess sj\u00e4lvreflektion. Den kan ocks\u00e5 hj\u00e4lpa oss att relatera till v\u00e5r globala omgivning. V\u00e5r utg\u00e5ngspunkt \u00e4r att kulturpolitiken ska st\u00f6dja kulturen, d\u00e4remot inte styra den.<\/p>\n<p>F\u00f6r Kristdemokraterna \u00e4r inte minst barnens m\u00f6jligheter att f\u00e5 ta del i \u2013 och av \u2013 kulturella verksamheter en prioriterad fr\u00e5ga. Det \u00e4r viktigt att \u00e4ven barn och ungdomar fr\u00e5n ekonomiskt utsatta sammanhang f\u00e5r \u00f6kade m\u00f6jligheter att delta i det kulturella livet.<\/p>\n<p>I civilsamh\u00e4llet st\u00e4rks de mellanm\u00e4nskliga kontakterna, och d\u00e4rmed l\u00e4ggs grunden f\u00f6r demokrati, medm\u00e4nsklighet och ett v\u00e4lfungerande samh\u00e4lle i stort. D\u00e4rf\u00f6r vill vi st\u00e4rka de ideella krafterna i Sundbyberg. Idag tycks allt f\u00f6r m\u00e5nga se p\u00e5 civilsamh\u00e4llet som bara en sorts fritidsaktivitet eller ett sidosp\u00e5r till det som sker i den individuella eller offentliga sf\u00e4ren. Vi menar tv\u00e4rtom att Sundbyberg beh\u00f6ver st\u00e4rka civilsamh\u00e4llet. D\u00e4rf\u00f6r syftar v\u00e5r politik till att v\u00e4rna civilsamh\u00e4llets oberoende, f\u00f6renkla dess regelverk och f\u00f6rb\u00e4ttra dess f\u00f6ruts\u00e4ttningar.<\/p>\n<p>I Sundbyberg vill vi st\u00f6dja kulturen s\u00e5 att s\u00e5 m\u00e5nga m\u00e4nniskor som m\u00f6jligt f\u00e5r ta del av den. Antingen det handlar om musik, dans, teater, film, konserter eller f\u00f6rfattarkv\u00e4llar, s\u00e5 ska alla medborgare oavsett religion, bakgrund eller etnicitet kunna k\u00e4nna att de f\u00e5r sitt behov av kultur tillgodosett.<\/p>\n<p>&nbsp;<\/p>\n","protected":false},"excerpt":{"rendered":"<p>Kulturen hj\u00e4lper oss att v\u00e4xa som m\u00e4nniskor och f\u00f6rbinder oss med tidigare generationers erfarenheter. Men den har ocks\u00e5 en uppgift i att utmana invanda f\u00f6rest\u00e4llningar. Med andra ord bidrar den till s\u00e5v\u00e4l ett samh\u00e4lles sammanh\u00e5llning som dess sj\u00e4lvreflektion. Den kan ocks\u00e5 hj\u00e4lpa oss att relatera till v\u00e5r globala omgivning. V\u00e5r utg\u00e5ngspunkt \u00e4r att kulturpolitiken ska <a class=\"read-more-link\" href=\"https:\/\/wp.kristdemokraterna.se\/sundbyberg\/2015\/09\/15\/en-politik-som-stodjer-inte-styr-kulturen\/\">Read More<\/a><\/p>\n","protected":false},"author":611,"featured_media":0,"comment_status":"closed","ping_status":"closed","sticky":false,"template":"","format":"standard","meta":{"_acf_changed":false,"footnotes":""},"categories":[1],"tags":[],"class_list":["post-297","post","type-post","status-publish","format-standard","hentry","category-inlagg"],"acf":[],"yoast_head":"<!-- This site is optimized with the Yoast SEO plugin v27.4 - https:\/\/yoast.com\/product\/yoast-seo-wordpress\/ -->\n<title>En politik som st\u00f6djer, inte styr, kulturen - Sundbyberg<\/title>\n<meta name=\"robots\" content=\"index, follow, max-snippet:-1, max-image-preview:large, max-video-preview:-1\" \/>\n<link rel=\"canonical\" href=\"https:\/\/wp.kristdemokraterna.se\/sundbyberg\/2015\/09\/15\/en-politik-som-stodjer-inte-styr-kulturen\/\" \/>\n<meta property=\"og:locale\" content=\"sv_SE\" \/>\n<meta property=\"og:type\" content=\"article\" \/>\n<meta property=\"og:title\" content=\"En politik som st\u00f6djer, inte styr, kulturen - Sundbyberg\" \/>\n<meta property=\"og:description\" content=\"Kulturen hj\u00e4lper oss att v\u00e4xa som m\u00e4nniskor och f\u00f6rbinder oss med tidigare generationers erfarenheter. Men den har ocks\u00e5 en uppgift i att utmana invanda f\u00f6rest\u00e4llningar. Med andra ord bidrar den till s\u00e5v\u00e4l ett samh\u00e4lles sammanh\u00e5llning som dess sj\u00e4lvreflektion. Den kan ocks\u00e5 hj\u00e4lpa oss att relatera till v\u00e5r globala omgivning. V\u00e5r utg\u00e5ngspunkt \u00e4r att kulturpolitiken ska Read More\" \/>\n<meta property=\"og:url\" content=\"https:\/\/wp.kristdemokraterna.se\/sundbyberg\/2015\/09\/15\/en-politik-som-stodjer-inte-styr-kulturen\/\" \/>\n<meta property=\"og:site_name\" content=\"Sundbyberg\" \/>\n<meta property=\"article:published_time\" content=\"2015-09-15T13:15:15+00:00\" \/>\n<meta name=\"author\" content=\"sundbyberg\" \/>\n<meta name=\"twitter:card\" content=\"summary_large_image\" \/>\n<meta name=\"twitter:label1\" content=\"Skriven av\" \/>\n\t<meta name=\"twitter:data1\" content=\"sundbyberg\" \/>\n\t<meta name=\"twitter:label2\" content=\"Ber\u00e4knad l\u00e4stid\" \/>\n\t<meta name=\"twitter:data2\" content=\"1 minut\" \/>\n<script type=\"application\/ld+json\" class=\"yoast-schema-graph\">{\"@context\":\"https:\\\/\\\/schema.org\",\"@graph\":[{\"@type\":\"Article\",\"@id\":\"https:\\\/\\\/wp.kristdemokraterna.se\\\/sundbyberg\\\/2015\\\/09\\\/15\\\/en-politik-som-stodjer-inte-styr-kulturen\\\/#article\",\"isPartOf\":{\"@id\":\"https:\\\/\\\/wp.kristdemokraterna.se\\\/sundbyberg\\\/2015\\\/09\\\/15\\\/en-politik-som-stodjer-inte-styr-kulturen\\\/\"},\"author\":{\"name\":\"sundbyberg\",\"@id\":\"https:\\\/\\\/wp.kristdemokraterna.se\\\/sundbyberg\\\/#\\\/schema\\\/person\\\/eec81caa0b56f396fe2e25427db6db7e\"},\"headline\":\"En politik som st\u00f6djer, inte styr, kulturen\",\"datePublished\":\"2015-09-15T13:15:15+00:00\",\"mainEntityOfPage\":{\"@id\":\"https:\\\/\\\/wp.kristdemokraterna.se\\\/sundbyberg\\\/2015\\\/09\\\/15\\\/en-politik-som-stodjer-inte-styr-kulturen\\\/\"},\"wordCount\":299,\"articleSection\":[\"Inl\u00e4gg\"],\"inLanguage\":\"sv-SE\"},{\"@type\":\"WebPage\",\"@id\":\"https:\\\/\\\/wp.kristdemokraterna.se\\\/sundbyberg\\\/2015\\\/09\\\/15\\\/en-politik-som-stodjer-inte-styr-kulturen\\\/\",\"url\":\"https:\\\/\\\/wp.kristdemokraterna.se\\\/sundbyberg\\\/2015\\\/09\\\/15\\\/en-politik-som-stodjer-inte-styr-kulturen\\\/\",\"name\":\"En politik som st\u00f6djer, inte styr, kulturen - Sundbyberg\",\"isPartOf\":{\"@id\":\"https:\\\/\\\/wp.kristdemokraterna.se\\\/sundbyberg\\\/#website\"},\"datePublished\":\"2015-09-15T13:15:15+00:00\",\"author\":{\"@id\":\"https:\\\/\\\/wp.kristdemokraterna.se\\\/sundbyberg\\\/#\\\/schema\\\/person\\\/eec81caa0b56f396fe2e25427db6db7e\"},\"breadcrumb\":{\"@id\":\"https:\\\/\\\/wp.kristdemokraterna.se\\\/sundbyberg\\\/2015\\\/09\\\/15\\\/en-politik-som-stodjer-inte-styr-kulturen\\\/#breadcrumb\"},\"inLanguage\":\"sv-SE\",\"potentialAction\":[{\"@type\":\"ReadAction\",\"target\":[\"https:\\\/\\\/wp.kristdemokraterna.se\\\/sundbyberg\\\/2015\\\/09\\\/15\\\/en-politik-som-stodjer-inte-styr-kulturen\\\/\"]}]},{\"@type\":\"BreadcrumbList\",\"@id\":\"https:\\\/\\\/wp.kristdemokraterna.se\\\/sundbyberg\\\/2015\\\/09\\\/15\\\/en-politik-som-stodjer-inte-styr-kulturen\\\/#breadcrumb\",\"itemListElement\":[{\"@type\":\"ListItem\",\"position\":1,\"name\":\"Hem\",\"item\":\"https:\\\/\\\/wp.kristdemokraterna.se\\\/sundbyberg\\\/\"},{\"@type\":\"ListItem\",\"position\":2,\"name\":\"En politik som st\u00f6djer, inte styr, kulturen\"}]},{\"@type\":\"WebSite\",\"@id\":\"https:\\\/\\\/wp.kristdemokraterna.se\\\/sundbyberg\\\/#website\",\"url\":\"https:\\\/\\\/wp.kristdemokraterna.se\\\/sundbyberg\\\/\",\"name\":\"Sundbyberg\",\"description\":\"En till Kristdemokraterna webbplats\",\"inLanguage\":\"sv-SE\"},{\"@type\":\"Person\",\"@id\":\"https:\\\/\\\/wp.kristdemokraterna.se\\\/sundbyberg\\\/#\\\/schema\\\/person\\\/eec81caa0b56f396fe2e25427db6db7e\",\"name\":\"sundbyberg\",\"image\":{\"@type\":\"ImageObject\",\"inLanguage\":\"sv-SE\",\"@id\":\"https:\\\/\\\/secure.gravatar.com\\\/avatar\\\/196349f3642b0c87b871f936ab42c728ec5cbfc302876051139652ddbecb4bf8?s=96&d=mm&r=g\",\"url\":\"https:\\\/\\\/secure.gravatar.com\\\/avatar\\\/196349f3642b0c87b871f936ab42c728ec5cbfc302876051139652ddbecb4bf8?s=96&d=mm&r=g\",\"contentUrl\":\"https:\\\/\\\/secure.gravatar.com\\\/avatar\\\/196349f3642b0c87b871f936ab42c728ec5cbfc302876051139652ddbecb4bf8?s=96&d=mm&r=g\",\"caption\":\"sundbyberg\"},\"url\":\"https:\\\/\\\/wp.kristdemokraterna.se\\\/sundbyberg\\\/author\\\/sundbyberg\\\/\"}]}<\/script>\n<!-- \/ Yoast SEO plugin. -->","yoast_head_json":{"title":"En politik som st\u00f6djer, inte styr, kulturen - Sundbyberg","robots":{"index":"index","follow":"follow","max-snippet":"max-snippet:-1","max-image-preview":"max-image-preview:large","max-video-preview":"max-video-preview:-1"},"canonical":"https:\/\/wp.kristdemokraterna.se\/sundbyberg\/2015\/09\/15\/en-politik-som-stodjer-inte-styr-kulturen\/","og_locale":"sv_SE","og_type":"article","og_title":"En politik som st\u00f6djer, inte styr, kulturen - Sundbyberg","og_description":"Kulturen hj\u00e4lper oss att v\u00e4xa som m\u00e4nniskor och f\u00f6rbinder oss med tidigare generationers erfarenheter. Men den har ocks\u00e5 en uppgift i att utmana invanda f\u00f6rest\u00e4llningar. Med andra ord bidrar den till s\u00e5v\u00e4l ett samh\u00e4lles sammanh\u00e5llning som dess sj\u00e4lvreflektion. Den kan ocks\u00e5 hj\u00e4lpa oss att relatera till v\u00e5r globala omgivning. V\u00e5r utg\u00e5ngspunkt \u00e4r att kulturpolitiken ska Read More","og_url":"https:\/\/wp.kristdemokraterna.se\/sundbyberg\/2015\/09\/15\/en-politik-som-stodjer-inte-styr-kulturen\/","og_site_name":"Sundbyberg","article_published_time":"2015-09-15T13:15:15+00:00","author":"sundbyberg","twitter_card":"summary_large_image","twitter_misc":{"Skriven av":"sundbyberg","Ber\u00e4knad l\u00e4stid":"1 minut"},"schema":{"@context":"https:\/\/schema.org","@graph":[{"@type":"Article","@id":"https:\/\/wp.kristdemokraterna.se\/sundbyberg\/2015\/09\/15\/en-politik-som-stodjer-inte-styr-kulturen\/#article","isPartOf":{"@id":"https:\/\/wp.kristdemokraterna.se\/sundbyberg\/2015\/09\/15\/en-politik-som-stodjer-inte-styr-kulturen\/"},"author":{"name":"sundbyberg","@id":"https:\/\/wp.kristdemokraterna.se\/sundbyberg\/#\/schema\/person\/eec81caa0b56f396fe2e25427db6db7e"},"headline":"En politik som st\u00f6djer, inte styr, kulturen","datePublished":"2015-09-15T13:15:15+00:00","mainEntityOfPage":{"@id":"https:\/\/wp.kristdemokraterna.se\/sundbyberg\/2015\/09\/15\/en-politik-som-stodjer-inte-styr-kulturen\/"},"wordCount":299,"articleSection":["Inl\u00e4gg"],"inLanguage":"sv-SE"},{"@type":"WebPage","@id":"https:\/\/wp.kristdemokraterna.se\/sundbyberg\/2015\/09\/15\/en-politik-som-stodjer-inte-styr-kulturen\/","url":"https:\/\/wp.kristdemokraterna.se\/sundbyberg\/2015\/09\/15\/en-politik-som-stodjer-inte-styr-kulturen\/","name":"En politik som st\u00f6djer, inte styr, kulturen - Sundbyberg","isPartOf":{"@id":"https:\/\/wp.kristdemokraterna.se\/sundbyberg\/#website"},"datePublished":"2015-09-15T13:15:15+00:00","author":{"@id":"https:\/\/wp.kristdemokraterna.se\/sundbyberg\/#\/schema\/person\/eec81caa0b56f396fe2e25427db6db7e"},"breadcrumb":{"@id":"https:\/\/wp.kristdemokraterna.se\/sundbyberg\/2015\/09\/15\/en-politik-som-stodjer-inte-styr-kulturen\/#breadcrumb"},"inLanguage":"sv-SE","potentialAction":[{"@type":"ReadAction","target":["https:\/\/wp.kristdemokraterna.se\/sundbyberg\/2015\/09\/15\/en-politik-som-stodjer-inte-styr-kulturen\/"]}]},{"@type":"BreadcrumbList","@id":"https:\/\/wp.kristdemokraterna.se\/sundbyberg\/2015\/09\/15\/en-politik-som-stodjer-inte-styr-kulturen\/#breadcrumb","itemListElement":[{"@type":"ListItem","position":1,"name":"Hem","item":"https:\/\/wp.kristdemokraterna.se\/sundbyberg\/"},{"@type":"ListItem","position":2,"name":"En politik som st\u00f6djer, inte styr, kulturen"}]},{"@type":"WebSite","@id":"https:\/\/wp.kristdemokraterna.se\/sundbyberg\/#website","url":"https:\/\/wp.kristdemokraterna.se\/sundbyberg\/","name":"Sundbyberg","description":"En till Kristdemokraterna webbplats","inLanguage":"sv-SE"},{"@type":"Person","@id":"https:\/\/wp.kristdemokraterna.se\/sundbyberg\/#\/schema\/person\/eec81caa0b56f396fe2e25427db6db7e","name":"sundbyberg","image":{"@type":"ImageObject","inLanguage":"sv-SE","@id":"https:\/\/secure.gravatar.com\/avatar\/196349f3642b0c87b871f936ab42c728ec5cbfc302876051139652ddbecb4bf8?s=96&d=mm&r=g","url":"https:\/\/secure.gravatar.com\/avatar\/196349f3642b0c87b871f936ab42c728ec5cbfc302876051139652ddbecb4bf8?s=96&d=mm&r=g","contentUrl":"https:\/\/secure.gravatar.com\/avatar\/196349f3642b0c87b871f936ab42c728ec5cbfc302876051139652ddbecb4bf8?s=96&d=mm&r=g","caption":"sundbyberg"},"url":"https:\/\/wp.kristdemokraterna.se\/sundbyberg\/author\/sundbyberg\/"}]}},"_links":{"self":[{"href":"https:\/\/wp.kristdemokraterna.se\/sundbyberg\/wp-json\/wp\/v2\/posts\/297","targetHints":{"allow":["GET"]}}],"collection":[{"href":"https:\/\/wp.kristdemokraterna.se\/sundbyberg\/wp-json\/wp\/v2\/posts"}],"about":[{"href":"https:\/\/wp.kristdemokraterna.se\/sundbyberg\/wp-json\/wp\/v2\/types\/post"}],"author":[{"embeddable":true,"href":"https:\/\/wp.kristdemokraterna.se\/sundbyberg\/wp-json\/wp\/v2\/users\/611"}],"replies":[{"embeddable":true,"href":"https:\/\/wp.kristdemokraterna.se\/sundbyberg\/wp-json\/wp\/v2\/comments?post=297"}],"version-history":[{"count":1,"href":"https:\/\/wp.kristdemokraterna.se\/sundbyberg\/wp-json\/wp\/v2\/posts\/297\/revisions"}],"predecessor-version":[{"id":298,"href":"https:\/\/wp.kristdemokraterna.se\/sundbyberg\/wp-json\/wp\/v2\/posts\/297\/revisions\/298"}],"wp:attachment":[{"href":"https:\/\/wp.kristdemokraterna.se\/sundbyberg\/wp-json\/wp\/v2\/media?parent=297"}],"wp:term":[{"taxonomy":"category","embeddable":true,"href":"https:\/\/wp.kristdemokraterna.se\/sundbyberg\/wp-json\/wp\/v2\/categories?post=297"},{"taxonomy":"post_tag","embeddable":true,"href":"https:\/\/wp.kristdemokraterna.se\/sundbyberg\/wp-json\/wp\/v2\/tags?post=297"}],"curies":[{"name":"wp","href":"https:\/\/api.w.org\/{rel}","templated":true}]}}