{"id":300,"date":"2015-09-15T15:21:07","date_gmt":"2015-09-15T13:21:07","guid":{"rendered":"http:\/\/wp.kristdemokraterna.se\/sundbyberg\/?p=300"},"modified":"2015-09-15T15:21:07","modified_gmt":"2015-09-15T13:21:07","slug":"en-riktig-politiker-vagar-ta-ansvar","status":"publish","type":"post","link":"https:\/\/wp.kristdemokraterna.se\/sundbyberg\/2015\/09\/15\/en-riktig-politiker-vagar-ta-ansvar\/","title":{"rendered":"En riktig politiker v\u00e5gar ta ansvar"},"content":{"rendered":"<p>\u00c4nnu ett m\u00f6te har h\u00e5llits med f\u00f6r\u00e4ldrarna om Duvboskolans utbyggnad. Efter l\u00e5nga diskussioner i flera mandatperioder gick vi kristdemokrater med p\u00e5 en utbyggnad av den befintliga skolan om vi fick garantier att antalet elever skulle ligga omkring 300. Det fanns en majoritet i kommunfullm\u00e4ktige och arbetet sattes ig\u00e5ng.<\/p>\n<div>Ett halv\u00e5r senare byter ett parti \u00e5sikt och river upp beslutet. F\u00f6r\u00e4ldrar och barn i Duvbo undrar f\u00f6rst\u00e5s varf\u00f6r.<\/div>\n<div><\/div>\n<div>Det \u00e4r alltid l\u00e4ttare att vara kritisk till ett beslut \u00e4n att ta ansvar f\u00f6r det. Det g\u00e5r alltid att hitta fel och s\u00e4ga att vi borde bygga n\u00e5gon annanstans utan att tala om var. Det \u00e4r l\u00e4tt att \u00e4ndra \u00e5sikt varje g\u00e5ng man blir kritiserad.<\/div>\n<div><\/div>\n<div>Jag sk\u00e4ms n\u00e4r politiker f\u00f6re valet s\u00e4ger en sak och efter valet en annan. Vi som politiker kan aldrig g\u00f6ra alla medborgare n\u00f6jda. Ibland finns det alltid n\u00e5gon som inte h\u00e5ller med.<\/div>\n<div><\/div>\n<div>Men kan man inte ta ansvar \u00e4r man ingen riktig politiker.<\/div>\n","protected":false},"excerpt":{"rendered":"<p>\u00c4nnu ett m\u00f6te har h\u00e5llits med f\u00f6r\u00e4ldrarna om Duvboskolans utbyggnad. Efter l\u00e5nga diskussioner i flera mandatperioder gick vi kristdemokrater med p\u00e5 en utbyggnad av den befintliga skolan om vi fick garantier att antalet elever skulle ligga omkring 300. Det fanns en majoritet i kommunfullm\u00e4ktige och arbetet sattes ig\u00e5ng. Ett halv\u00e5r senare byter ett parti \u00e5sikt <a class=\"read-more-link\" href=\"https:\/\/wp.kristdemokraterna.se\/sundbyberg\/2015\/09\/15\/en-riktig-politiker-vagar-ta-ansvar\/\">Read More<\/a><\/p>\n","protected":false},"author":611,"featured_media":0,"comment_status":"closed","ping_status":"closed","sticky":false,"template":"","format":"standard","meta":{"_acf_changed":false,"footnotes":""},"categories":[1],"tags":[],"class_list":["post-300","post","type-post","status-publish","format-standard","hentry","category-inlagg"],"acf":[],"yoast_head":"<!-- This site is optimized with the Yoast SEO plugin v27.4 - https:\/\/yoast.com\/product\/yoast-seo-wordpress\/ -->\n<title>En riktig politiker v\u00e5gar ta ansvar - Sundbyberg<\/title>\n<meta name=\"robots\" content=\"index, follow, max-snippet:-1, max-image-preview:large, max-video-preview:-1\" \/>\n<link rel=\"canonical\" href=\"https:\/\/wp.kristdemokraterna.se\/sundbyberg\/2015\/09\/15\/en-riktig-politiker-vagar-ta-ansvar\/\" \/>\n<meta property=\"og:locale\" content=\"sv_SE\" \/>\n<meta property=\"og:type\" content=\"article\" \/>\n<meta property=\"og:title\" content=\"En riktig politiker v\u00e5gar ta ansvar - Sundbyberg\" \/>\n<meta property=\"og:description\" content=\"\u00c4nnu ett m\u00f6te har h\u00e5llits med f\u00f6r\u00e4ldrarna om Duvboskolans utbyggnad. Efter l\u00e5nga diskussioner i flera mandatperioder gick vi kristdemokrater med p\u00e5 en utbyggnad av den befintliga skolan om vi fick garantier att antalet elever skulle ligga omkring 300. Det fanns en majoritet i kommunfullm\u00e4ktige och arbetet sattes ig\u00e5ng. Ett halv\u00e5r senare byter ett parti \u00e5sikt Read More\" \/>\n<meta property=\"og:url\" content=\"https:\/\/wp.kristdemokraterna.se\/sundbyberg\/2015\/09\/15\/en-riktig-politiker-vagar-ta-ansvar\/\" \/>\n<meta property=\"og:site_name\" content=\"Sundbyberg\" \/>\n<meta property=\"article:published_time\" content=\"2015-09-15T13:21:07+00:00\" \/>\n<meta name=\"author\" content=\"sundbyberg\" \/>\n<meta name=\"twitter:card\" content=\"summary_large_image\" \/>\n<meta name=\"twitter:label1\" content=\"Skriven av\" \/>\n\t<meta name=\"twitter:data1\" content=\"sundbyberg\" \/>\n\t<meta name=\"twitter:label2\" content=\"Ber\u00e4knad l\u00e4stid\" \/>\n\t<meta name=\"twitter:data2\" content=\"1 minut\" \/>\n<script type=\"application\/ld+json\" class=\"yoast-schema-graph\">{\"@context\":\"https:\\\/\\\/schema.org\",\"@graph\":[{\"@type\":\"Article\",\"@id\":\"https:\\\/\\\/wp.kristdemokraterna.se\\\/sundbyberg\\\/2015\\\/09\\\/15\\\/en-riktig-politiker-vagar-ta-ansvar\\\/#article\",\"isPartOf\":{\"@id\":\"https:\\\/\\\/wp.kristdemokraterna.se\\\/sundbyberg\\\/2015\\\/09\\\/15\\\/en-riktig-politiker-vagar-ta-ansvar\\\/\"},\"author\":{\"name\":\"sundbyberg\",\"@id\":\"https:\\\/\\\/wp.kristdemokraterna.se\\\/sundbyberg\\\/#\\\/schema\\\/person\\\/eec81caa0b56f396fe2e25427db6db7e\"},\"headline\":\"En riktig politiker v\u00e5gar ta ansvar\",\"datePublished\":\"2015-09-15T13:21:07+00:00\",\"mainEntityOfPage\":{\"@id\":\"https:\\\/\\\/wp.kristdemokraterna.se\\\/sundbyberg\\\/2015\\\/09\\\/15\\\/en-riktig-politiker-vagar-ta-ansvar\\\/\"},\"wordCount\":190,\"articleSection\":[\"Inl\u00e4gg\"],\"inLanguage\":\"sv-SE\"},{\"@type\":\"WebPage\",\"@id\":\"https:\\\/\\\/wp.kristdemokraterna.se\\\/sundbyberg\\\/2015\\\/09\\\/15\\\/en-riktig-politiker-vagar-ta-ansvar\\\/\",\"url\":\"https:\\\/\\\/wp.kristdemokraterna.se\\\/sundbyberg\\\/2015\\\/09\\\/15\\\/en-riktig-politiker-vagar-ta-ansvar\\\/\",\"name\":\"En riktig politiker v\u00e5gar ta ansvar - Sundbyberg\",\"isPartOf\":{\"@id\":\"https:\\\/\\\/wp.kristdemokraterna.se\\\/sundbyberg\\\/#website\"},\"datePublished\":\"2015-09-15T13:21:07+00:00\",\"author\":{\"@id\":\"https:\\\/\\\/wp.kristdemokraterna.se\\\/sundbyberg\\\/#\\\/schema\\\/person\\\/eec81caa0b56f396fe2e25427db6db7e\"},\"breadcrumb\":{\"@id\":\"https:\\\/\\\/wp.kristdemokraterna.se\\\/sundbyberg\\\/2015\\\/09\\\/15\\\/en-riktig-politiker-vagar-ta-ansvar\\\/#breadcrumb\"},\"inLanguage\":\"sv-SE\",\"potentialAction\":[{\"@type\":\"ReadAction\",\"target\":[\"https:\\\/\\\/wp.kristdemokraterna.se\\\/sundbyberg\\\/2015\\\/09\\\/15\\\/en-riktig-politiker-vagar-ta-ansvar\\\/\"]}]},{\"@type\":\"BreadcrumbList\",\"@id\":\"https:\\\/\\\/wp.kristdemokraterna.se\\\/sundbyberg\\\/2015\\\/09\\\/15\\\/en-riktig-politiker-vagar-ta-ansvar\\\/#breadcrumb\",\"itemListElement\":[{\"@type\":\"ListItem\",\"position\":1,\"name\":\"Hem\",\"item\":\"https:\\\/\\\/wp.kristdemokraterna.se\\\/sundbyberg\\\/\"},{\"@type\":\"ListItem\",\"position\":2,\"name\":\"En riktig politiker v\u00e5gar ta ansvar\"}]},{\"@type\":\"WebSite\",\"@id\":\"https:\\\/\\\/wp.kristdemokraterna.se\\\/sundbyberg\\\/#website\",\"url\":\"https:\\\/\\\/wp.kristdemokraterna.se\\\/sundbyberg\\\/\",\"name\":\"Sundbyberg\",\"description\":\"En till Kristdemokraterna webbplats\",\"inLanguage\":\"sv-SE\"},{\"@type\":\"Person\",\"@id\":\"https:\\\/\\\/wp.kristdemokraterna.se\\\/sundbyberg\\\/#\\\/schema\\\/person\\\/eec81caa0b56f396fe2e25427db6db7e\",\"name\":\"sundbyberg\",\"image\":{\"@type\":\"ImageObject\",\"inLanguage\":\"sv-SE\",\"@id\":\"https:\\\/\\\/secure.gravatar.com\\\/avatar\\\/196349f3642b0c87b871f936ab42c728ec5cbfc302876051139652ddbecb4bf8?s=96&d=mm&r=g\",\"url\":\"https:\\\/\\\/secure.gravatar.com\\\/avatar\\\/196349f3642b0c87b871f936ab42c728ec5cbfc302876051139652ddbecb4bf8?s=96&d=mm&r=g\",\"contentUrl\":\"https:\\\/\\\/secure.gravatar.com\\\/avatar\\\/196349f3642b0c87b871f936ab42c728ec5cbfc302876051139652ddbecb4bf8?s=96&d=mm&r=g\",\"caption\":\"sundbyberg\"},\"url\":\"https:\\\/\\\/wp.kristdemokraterna.se\\\/sundbyberg\\\/author\\\/sundbyberg\\\/\"}]}<\/script>\n<!-- \/ Yoast SEO plugin. -->","yoast_head_json":{"title":"En riktig politiker v\u00e5gar ta ansvar - Sundbyberg","robots":{"index":"index","follow":"follow","max-snippet":"max-snippet:-1","max-image-preview":"max-image-preview:large","max-video-preview":"max-video-preview:-1"},"canonical":"https:\/\/wp.kristdemokraterna.se\/sundbyberg\/2015\/09\/15\/en-riktig-politiker-vagar-ta-ansvar\/","og_locale":"sv_SE","og_type":"article","og_title":"En riktig politiker v\u00e5gar ta ansvar - Sundbyberg","og_description":"\u00c4nnu ett m\u00f6te har h\u00e5llits med f\u00f6r\u00e4ldrarna om Duvboskolans utbyggnad. Efter l\u00e5nga diskussioner i flera mandatperioder gick vi kristdemokrater med p\u00e5 en utbyggnad av den befintliga skolan om vi fick garantier att antalet elever skulle ligga omkring 300. Det fanns en majoritet i kommunfullm\u00e4ktige och arbetet sattes ig\u00e5ng. Ett halv\u00e5r senare byter ett parti \u00e5sikt Read More","og_url":"https:\/\/wp.kristdemokraterna.se\/sundbyberg\/2015\/09\/15\/en-riktig-politiker-vagar-ta-ansvar\/","og_site_name":"Sundbyberg","article_published_time":"2015-09-15T13:21:07+00:00","author":"sundbyberg","twitter_card":"summary_large_image","twitter_misc":{"Skriven av":"sundbyberg","Ber\u00e4knad l\u00e4stid":"1 minut"},"schema":{"@context":"https:\/\/schema.org","@graph":[{"@type":"Article","@id":"https:\/\/wp.kristdemokraterna.se\/sundbyberg\/2015\/09\/15\/en-riktig-politiker-vagar-ta-ansvar\/#article","isPartOf":{"@id":"https:\/\/wp.kristdemokraterna.se\/sundbyberg\/2015\/09\/15\/en-riktig-politiker-vagar-ta-ansvar\/"},"author":{"name":"sundbyberg","@id":"https:\/\/wp.kristdemokraterna.se\/sundbyberg\/#\/schema\/person\/eec81caa0b56f396fe2e25427db6db7e"},"headline":"En riktig politiker v\u00e5gar ta ansvar","datePublished":"2015-09-15T13:21:07+00:00","mainEntityOfPage":{"@id":"https:\/\/wp.kristdemokraterna.se\/sundbyberg\/2015\/09\/15\/en-riktig-politiker-vagar-ta-ansvar\/"},"wordCount":190,"articleSection":["Inl\u00e4gg"],"inLanguage":"sv-SE"},{"@type":"WebPage","@id":"https:\/\/wp.kristdemokraterna.se\/sundbyberg\/2015\/09\/15\/en-riktig-politiker-vagar-ta-ansvar\/","url":"https:\/\/wp.kristdemokraterna.se\/sundbyberg\/2015\/09\/15\/en-riktig-politiker-vagar-ta-ansvar\/","name":"En riktig politiker v\u00e5gar ta ansvar - Sundbyberg","isPartOf":{"@id":"https:\/\/wp.kristdemokraterna.se\/sundbyberg\/#website"},"datePublished":"2015-09-15T13:21:07+00:00","author":{"@id":"https:\/\/wp.kristdemokraterna.se\/sundbyberg\/#\/schema\/person\/eec81caa0b56f396fe2e25427db6db7e"},"breadcrumb":{"@id":"https:\/\/wp.kristdemokraterna.se\/sundbyberg\/2015\/09\/15\/en-riktig-politiker-vagar-ta-ansvar\/#breadcrumb"},"inLanguage":"sv-SE","potentialAction":[{"@type":"ReadAction","target":["https:\/\/wp.kristdemokraterna.se\/sundbyberg\/2015\/09\/15\/en-riktig-politiker-vagar-ta-ansvar\/"]}]},{"@type":"BreadcrumbList","@id":"https:\/\/wp.kristdemokraterna.se\/sundbyberg\/2015\/09\/15\/en-riktig-politiker-vagar-ta-ansvar\/#breadcrumb","itemListElement":[{"@type":"ListItem","position":1,"name":"Hem","item":"https:\/\/wp.kristdemokraterna.se\/sundbyberg\/"},{"@type":"ListItem","position":2,"name":"En riktig politiker v\u00e5gar ta ansvar"}]},{"@type":"WebSite","@id":"https:\/\/wp.kristdemokraterna.se\/sundbyberg\/#website","url":"https:\/\/wp.kristdemokraterna.se\/sundbyberg\/","name":"Sundbyberg","description":"En till Kristdemokraterna webbplats","inLanguage":"sv-SE"},{"@type":"Person","@id":"https:\/\/wp.kristdemokraterna.se\/sundbyberg\/#\/schema\/person\/eec81caa0b56f396fe2e25427db6db7e","name":"sundbyberg","image":{"@type":"ImageObject","inLanguage":"sv-SE","@id":"https:\/\/secure.gravatar.com\/avatar\/196349f3642b0c87b871f936ab42c728ec5cbfc302876051139652ddbecb4bf8?s=96&d=mm&r=g","url":"https:\/\/secure.gravatar.com\/avatar\/196349f3642b0c87b871f936ab42c728ec5cbfc302876051139652ddbecb4bf8?s=96&d=mm&r=g","contentUrl":"https:\/\/secure.gravatar.com\/avatar\/196349f3642b0c87b871f936ab42c728ec5cbfc302876051139652ddbecb4bf8?s=96&d=mm&r=g","caption":"sundbyberg"},"url":"https:\/\/wp.kristdemokraterna.se\/sundbyberg\/author\/sundbyberg\/"}]}},"_links":{"self":[{"href":"https:\/\/wp.kristdemokraterna.se\/sundbyberg\/wp-json\/wp\/v2\/posts\/300","targetHints":{"allow":["GET"]}}],"collection":[{"href":"https:\/\/wp.kristdemokraterna.se\/sundbyberg\/wp-json\/wp\/v2\/posts"}],"about":[{"href":"https:\/\/wp.kristdemokraterna.se\/sundbyberg\/wp-json\/wp\/v2\/types\/post"}],"author":[{"embeddable":true,"href":"https:\/\/wp.kristdemokraterna.se\/sundbyberg\/wp-json\/wp\/v2\/users\/611"}],"replies":[{"embeddable":true,"href":"https:\/\/wp.kristdemokraterna.se\/sundbyberg\/wp-json\/wp\/v2\/comments?post=300"}],"version-history":[{"count":1,"href":"https:\/\/wp.kristdemokraterna.se\/sundbyberg\/wp-json\/wp\/v2\/posts\/300\/revisions"}],"predecessor-version":[{"id":301,"href":"https:\/\/wp.kristdemokraterna.se\/sundbyberg\/wp-json\/wp\/v2\/posts\/300\/revisions\/301"}],"wp:attachment":[{"href":"https:\/\/wp.kristdemokraterna.se\/sundbyberg\/wp-json\/wp\/v2\/media?parent=300"}],"wp:term":[{"taxonomy":"category","embeddable":true,"href":"https:\/\/wp.kristdemokraterna.se\/sundbyberg\/wp-json\/wp\/v2\/categories?post=300"},{"taxonomy":"post_tag","embeddable":true,"href":"https:\/\/wp.kristdemokraterna.se\/sundbyberg\/wp-json\/wp\/v2\/tags?post=300"}],"curies":[{"name":"wp","href":"https:\/\/api.w.org\/{rel}","templated":true}]}}