{"id":304,"date":"2015-10-13T14:53:10","date_gmt":"2015-10-13T12:53:10","guid":{"rendered":"http:\/\/wp.kristdemokraterna.se\/sundbyberg\/?p=304"},"modified":"2015-10-13T14:53:41","modified_gmt":"2015-10-13T12:53:41","slug":"kd-i-sundbyberg-hatar-inte-man","status":"publish","type":"post","link":"https:\/\/wp.kristdemokraterna.se\/sundbyberg\/2015\/10\/13\/kd-i-sundbyberg-hatar-inte-man\/","title":{"rendered":"(KD) i Sundbyberg hatar inte m\u00e4n"},"content":{"rendered":"<div><\/div>\n<div>Den 12-18 oktober p\u00e5g\u00e5r\u00a0<i>&#8221;Demokrativeckan&#8221;<\/i>\u00a0i Sundbyberg. Europar\u00e5det har uppmanat l\u00e4ndernas kommuner att upplysa extra om hur medborgarna kan p\u00e5verka sina lokala politiker genom att under en vecka lyfta demokratifr\u00e5gor.<\/div>\n<div><\/div>\n<div>Delar av programmet lever inte upp till demokrativeckans syfte anser vi. Kakan Hermansson, som i sociala medier uppmanat till k\u00f6nsstympning och som hatar m\u00e4n, ska l\u00e4ra ungdomar om tolerans och alla m\u00e4nniskors lika v\u00e4rde. Det rimmar illa, konstaterar Maria Bohman, kommunalr\u00e5d f\u00f6r Kristdemokraterna i Sundbyberg.<\/div>\n<div><\/div>\n<div>Vi tar best\u00e4mt avst\u00e5nd fr\u00e5n att\u00a0<i>Kakan Hermansson<\/i>\u00a0deltar i Sundbybergs demokrativecka. F\u00f6r det f\u00f6rsta har det ingenting med lokal demokrati att g\u00f6ra. F\u00f6r det andra kan vi inte acceptera att Kakan framf\u00f6rar hatiska budskap gentemot olika grupper i samh\u00e4llet, forts\u00e4tter Maria Bohman.<\/div>\n<div><\/div>\n<div>Flera har h\u00f6rt av sig till mig och undrat hur vi kan st\u00e4lla oss bakom ett program d\u00e4r Kakan \u00e4r f\u00f6rstanamn. D\u00e4rf\u00f6r vill jag klart g\u00f6ra tydligt att vi Kristdemokrater ser att alla m\u00e4nniskor \u00e4r lika mycket v\u00e4rda &#8211; oavsett om man \u00e4r man eller kvinna. Vi d\u00e4rf\u00f6r avst\u00e5nd b\u00e5de fr\u00e5n Kakans m\u00e4nniskosyn och ocks\u00e5 hennes deltagande i Sundbybergs demokrativecka, avslutar Maria Bohman, kommunalr\u00e5d f\u00f6r Kristdemokraterna i Sundbyberg<img decoding=\"async\" class=\"CToWUd\" src=\"https:\/\/ci6.googleusercontent.com\/proxy\/RnNZfQn2o2xpggJQqefCOervMbPIci5mujDPJnvl43kv6Rtxjyh5gHN_JKVzeU-aaGz3pePFgxfoAAtZJZNx8mveVTc-11j98EfuAJVcumUenA=s0-d-e1-ft#https:\/\/ssl.gstatic.com\/ui\/v1\/icons\/mail\/images\/cleardot.gif\" alt=\"\" \/><\/div>\n","protected":false},"excerpt":{"rendered":"<p>Den 12-18 oktober p\u00e5g\u00e5r\u00a0&#8221;Demokrativeckan&#8221;\u00a0i Sundbyberg. Europar\u00e5det har uppmanat l\u00e4ndernas kommuner att upplysa extra om hur medborgarna kan p\u00e5verka sina lokala politiker genom att under en vecka lyfta demokratifr\u00e5gor. Delar av programmet lever inte upp till demokrativeckans syfte anser vi. Kakan Hermansson, som i sociala medier uppmanat till k\u00f6nsstympning och som hatar m\u00e4n, ska l\u00e4ra ungdomar <a class=\"read-more-link\" href=\"https:\/\/wp.kristdemokraterna.se\/sundbyberg\/2015\/10\/13\/kd-i-sundbyberg-hatar-inte-man\/\">Read More<\/a><\/p>\n","protected":false},"author":611,"featured_media":0,"comment_status":"closed","ping_status":"closed","sticky":false,"template":"","format":"standard","meta":{"_acf_changed":false,"footnotes":""},"categories":[1],"tags":[],"class_list":["post-304","post","type-post","status-publish","format-standard","hentry","category-inlagg"],"acf":[],"yoast_head":"<!-- This site is optimized with the Yoast SEO plugin v27.4 - https:\/\/yoast.com\/product\/yoast-seo-wordpress\/ -->\n<title>(KD) i Sundbyberg hatar inte m\u00e4n - Sundbyberg<\/title>\n<meta name=\"robots\" content=\"index, follow, max-snippet:-1, max-image-preview:large, max-video-preview:-1\" \/>\n<link rel=\"canonical\" href=\"https:\/\/wp.kristdemokraterna.se\/sundbyberg\/2015\/10\/13\/kd-i-sundbyberg-hatar-inte-man\/\" \/>\n<meta property=\"og:locale\" content=\"sv_SE\" \/>\n<meta property=\"og:type\" content=\"article\" \/>\n<meta property=\"og:title\" content=\"(KD) i Sundbyberg hatar inte m\u00e4n - Sundbyberg\" \/>\n<meta property=\"og:description\" content=\"Den 12-18 oktober p\u00e5g\u00e5r\u00a0&#8221;Demokrativeckan&#8221;\u00a0i Sundbyberg. Europar\u00e5det har uppmanat l\u00e4ndernas kommuner att upplysa extra om hur medborgarna kan p\u00e5verka sina lokala politiker genom att under en vecka lyfta demokratifr\u00e5gor. Delar av programmet lever inte upp till demokrativeckans syfte anser vi. Kakan Hermansson, som i sociala medier uppmanat till k\u00f6nsstympning och som hatar m\u00e4n, ska l\u00e4ra ungdomar Read More\" \/>\n<meta property=\"og:url\" content=\"https:\/\/wp.kristdemokraterna.se\/sundbyberg\/2015\/10\/13\/kd-i-sundbyberg-hatar-inte-man\/\" \/>\n<meta property=\"og:site_name\" content=\"Sundbyberg\" \/>\n<meta property=\"article:published_time\" content=\"2015-10-13T12:53:10+00:00\" \/>\n<meta property=\"article:modified_time\" content=\"2015-10-13T12:53:41+00:00\" \/>\n<meta property=\"og:image\" content=\"https:\/\/ci6.googleusercontent.com\/proxy\/RnNZfQn2o2xpggJQqefCOervMbPIci5mujDPJnvl43kv6Rtxjyh5gHN_JKVzeU-aaGz3pePFgxfoAAtZJZNx8mveVTc-11j98EfuAJVcumUenA=s0-d-e1-ft#https:\/\/ssl.gstatic.com\/ui\/v1\/icons\/mail\/images\/cleardot.gif\" \/>\n<meta name=\"author\" content=\"sundbyberg\" \/>\n<meta name=\"twitter:card\" content=\"summary_large_image\" \/>\n<meta name=\"twitter:label1\" content=\"Skriven av\" \/>\n\t<meta name=\"twitter:data1\" content=\"sundbyberg\" \/>\n\t<meta name=\"twitter:label2\" content=\"Ber\u00e4knad l\u00e4stid\" \/>\n\t<meta name=\"twitter:data2\" content=\"1 minut\" \/>\n<script type=\"application\/ld+json\" class=\"yoast-schema-graph\">{\"@context\":\"https:\\\/\\\/schema.org\",\"@graph\":[{\"@type\":\"Article\",\"@id\":\"https:\\\/\\\/wp.kristdemokraterna.se\\\/sundbyberg\\\/2015\\\/10\\\/13\\\/kd-i-sundbyberg-hatar-inte-man\\\/#article\",\"isPartOf\":{\"@id\":\"https:\\\/\\\/wp.kristdemokraterna.se\\\/sundbyberg\\\/2015\\\/10\\\/13\\\/kd-i-sundbyberg-hatar-inte-man\\\/\"},\"author\":{\"name\":\"sundbyberg\",\"@id\":\"https:\\\/\\\/wp.kristdemokraterna.se\\\/sundbyberg\\\/#\\\/schema\\\/person\\\/eec81caa0b56f396fe2e25427db6db7e\"},\"headline\":\"(KD) i Sundbyberg hatar inte m\u00e4n\",\"datePublished\":\"2015-10-13T12:53:10+00:00\",\"dateModified\":\"2015-10-13T12:53:41+00:00\",\"mainEntityOfPage\":{\"@id\":\"https:\\\/\\\/wp.kristdemokraterna.se\\\/sundbyberg\\\/2015\\\/10\\\/13\\\/kd-i-sundbyberg-hatar-inte-man\\\/\"},\"wordCount\":233,\"image\":{\"@id\":\"https:\\\/\\\/wp.kristdemokraterna.se\\\/sundbyberg\\\/2015\\\/10\\\/13\\\/kd-i-sundbyberg-hatar-inte-man\\\/#primaryimage\"},\"thumbnailUrl\":\"https:\\\/\\\/ci6.googleusercontent.com\\\/proxy\\\/RnNZfQn2o2xpggJQqefCOervMbPIci5mujDPJnvl43kv6Rtxjyh5gHN_JKVzeU-aaGz3pePFgxfoAAtZJZNx8mveVTc-11j98EfuAJVcumUenA=s0-d-e1-ft#https:\\\/\\\/ssl.gstatic.com\\\/ui\\\/v1\\\/icons\\\/mail\\\/images\\\/cleardot.gif\",\"articleSection\":[\"Inl\u00e4gg\"],\"inLanguage\":\"sv-SE\"},{\"@type\":\"WebPage\",\"@id\":\"https:\\\/\\\/wp.kristdemokraterna.se\\\/sundbyberg\\\/2015\\\/10\\\/13\\\/kd-i-sundbyberg-hatar-inte-man\\\/\",\"url\":\"https:\\\/\\\/wp.kristdemokraterna.se\\\/sundbyberg\\\/2015\\\/10\\\/13\\\/kd-i-sundbyberg-hatar-inte-man\\\/\",\"name\":\"(KD) i Sundbyberg hatar inte m\u00e4n - Sundbyberg\",\"isPartOf\":{\"@id\":\"https:\\\/\\\/wp.kristdemokraterna.se\\\/sundbyberg\\\/#website\"},\"primaryImageOfPage\":{\"@id\":\"https:\\\/\\\/wp.kristdemokraterna.se\\\/sundbyberg\\\/2015\\\/10\\\/13\\\/kd-i-sundbyberg-hatar-inte-man\\\/#primaryimage\"},\"image\":{\"@id\":\"https:\\\/\\\/wp.kristdemokraterna.se\\\/sundbyberg\\\/2015\\\/10\\\/13\\\/kd-i-sundbyberg-hatar-inte-man\\\/#primaryimage\"},\"thumbnailUrl\":\"https:\\\/\\\/ci6.googleusercontent.com\\\/proxy\\\/RnNZfQn2o2xpggJQqefCOervMbPIci5mujDPJnvl43kv6Rtxjyh5gHN_JKVzeU-aaGz3pePFgxfoAAtZJZNx8mveVTc-11j98EfuAJVcumUenA=s0-d-e1-ft#https:\\\/\\\/ssl.gstatic.com\\\/ui\\\/v1\\\/icons\\\/mail\\\/images\\\/cleardot.gif\",\"datePublished\":\"2015-10-13T12:53:10+00:00\",\"dateModified\":\"2015-10-13T12:53:41+00:00\",\"author\":{\"@id\":\"https:\\\/\\\/wp.kristdemokraterna.se\\\/sundbyberg\\\/#\\\/schema\\\/person\\\/eec81caa0b56f396fe2e25427db6db7e\"},\"breadcrumb\":{\"@id\":\"https:\\\/\\\/wp.kristdemokraterna.se\\\/sundbyberg\\\/2015\\\/10\\\/13\\\/kd-i-sundbyberg-hatar-inte-man\\\/#breadcrumb\"},\"inLanguage\":\"sv-SE\",\"potentialAction\":[{\"@type\":\"ReadAction\",\"target\":[\"https:\\\/\\\/wp.kristdemokraterna.se\\\/sundbyberg\\\/2015\\\/10\\\/13\\\/kd-i-sundbyberg-hatar-inte-man\\\/\"]}]},{\"@type\":\"ImageObject\",\"inLanguage\":\"sv-SE\",\"@id\":\"https:\\\/\\\/wp.kristdemokraterna.se\\\/sundbyberg\\\/2015\\\/10\\\/13\\\/kd-i-sundbyberg-hatar-inte-man\\\/#primaryimage\",\"url\":\"https:\\\/\\\/ci6.googleusercontent.com\\\/proxy\\\/RnNZfQn2o2xpggJQqefCOervMbPIci5mujDPJnvl43kv6Rtxjyh5gHN_JKVzeU-aaGz3pePFgxfoAAtZJZNx8mveVTc-11j98EfuAJVcumUenA=s0-d-e1-ft#https:\\\/\\\/ssl.gstatic.com\\\/ui\\\/v1\\\/icons\\\/mail\\\/images\\\/cleardot.gif\",\"contentUrl\":\"https:\\\/\\\/ci6.googleusercontent.com\\\/proxy\\\/RnNZfQn2o2xpggJQqefCOervMbPIci5mujDPJnvl43kv6Rtxjyh5gHN_JKVzeU-aaGz3pePFgxfoAAtZJZNx8mveVTc-11j98EfuAJVcumUenA=s0-d-e1-ft#https:\\\/\\\/ssl.gstatic.com\\\/ui\\\/v1\\\/icons\\\/mail\\\/images\\\/cleardot.gif\"},{\"@type\":\"BreadcrumbList\",\"@id\":\"https:\\\/\\\/wp.kristdemokraterna.se\\\/sundbyberg\\\/2015\\\/10\\\/13\\\/kd-i-sundbyberg-hatar-inte-man\\\/#breadcrumb\",\"itemListElement\":[{\"@type\":\"ListItem\",\"position\":1,\"name\":\"Hem\",\"item\":\"https:\\\/\\\/wp.kristdemokraterna.se\\\/sundbyberg\\\/\"},{\"@type\":\"ListItem\",\"position\":2,\"name\":\"(KD) i Sundbyberg hatar inte m\u00e4n\"}]},{\"@type\":\"WebSite\",\"@id\":\"https:\\\/\\\/wp.kristdemokraterna.se\\\/sundbyberg\\\/#website\",\"url\":\"https:\\\/\\\/wp.kristdemokraterna.se\\\/sundbyberg\\\/\",\"name\":\"Sundbyberg\",\"description\":\"En till Kristdemokraterna webbplats\",\"inLanguage\":\"sv-SE\"},{\"@type\":\"Person\",\"@id\":\"https:\\\/\\\/wp.kristdemokraterna.se\\\/sundbyberg\\\/#\\\/schema\\\/person\\\/eec81caa0b56f396fe2e25427db6db7e\",\"name\":\"sundbyberg\",\"image\":{\"@type\":\"ImageObject\",\"inLanguage\":\"sv-SE\",\"@id\":\"https:\\\/\\\/secure.gravatar.com\\\/avatar\\\/196349f3642b0c87b871f936ab42c728ec5cbfc302876051139652ddbecb4bf8?s=96&d=mm&r=g\",\"url\":\"https:\\\/\\\/secure.gravatar.com\\\/avatar\\\/196349f3642b0c87b871f936ab42c728ec5cbfc302876051139652ddbecb4bf8?s=96&d=mm&r=g\",\"contentUrl\":\"https:\\\/\\\/secure.gravatar.com\\\/avatar\\\/196349f3642b0c87b871f936ab42c728ec5cbfc302876051139652ddbecb4bf8?s=96&d=mm&r=g\",\"caption\":\"sundbyberg\"},\"url\":\"https:\\\/\\\/wp.kristdemokraterna.se\\\/sundbyberg\\\/author\\\/sundbyberg\\\/\"}]}<\/script>\n<!-- \/ Yoast SEO plugin. -->","yoast_head_json":{"title":"(KD) i Sundbyberg hatar inte m\u00e4n - Sundbyberg","robots":{"index":"index","follow":"follow","max-snippet":"max-snippet:-1","max-image-preview":"max-image-preview:large","max-video-preview":"max-video-preview:-1"},"canonical":"https:\/\/wp.kristdemokraterna.se\/sundbyberg\/2015\/10\/13\/kd-i-sundbyberg-hatar-inte-man\/","og_locale":"sv_SE","og_type":"article","og_title":"(KD) i Sundbyberg hatar inte m\u00e4n - Sundbyberg","og_description":"Den 12-18 oktober p\u00e5g\u00e5r\u00a0&#8221;Demokrativeckan&#8221;\u00a0i Sundbyberg. Europar\u00e5det har uppmanat l\u00e4ndernas kommuner att upplysa extra om hur medborgarna kan p\u00e5verka sina lokala politiker genom att under en vecka lyfta demokratifr\u00e5gor. Delar av programmet lever inte upp till demokrativeckans syfte anser vi. Kakan Hermansson, som i sociala medier uppmanat till k\u00f6nsstympning och som hatar m\u00e4n, ska l\u00e4ra ungdomar Read More","og_url":"https:\/\/wp.kristdemokraterna.se\/sundbyberg\/2015\/10\/13\/kd-i-sundbyberg-hatar-inte-man\/","og_site_name":"Sundbyberg","article_published_time":"2015-10-13T12:53:10+00:00","article_modified_time":"2015-10-13T12:53:41+00:00","og_image":[{"url":"https:\/\/ci6.googleusercontent.com\/proxy\/RnNZfQn2o2xpggJQqefCOervMbPIci5mujDPJnvl43kv6Rtxjyh5gHN_JKVzeU-aaGz3pePFgxfoAAtZJZNx8mveVTc-11j98EfuAJVcumUenA=s0-d-e1-ft#https:\/\/ssl.gstatic.com\/ui\/v1\/icons\/mail\/images\/cleardot.gif","type":"","width":"","height":""}],"author":"sundbyberg","twitter_card":"summary_large_image","twitter_misc":{"Skriven av":"sundbyberg","Ber\u00e4knad l\u00e4stid":"1 minut"},"schema":{"@context":"https:\/\/schema.org","@graph":[{"@type":"Article","@id":"https:\/\/wp.kristdemokraterna.se\/sundbyberg\/2015\/10\/13\/kd-i-sundbyberg-hatar-inte-man\/#article","isPartOf":{"@id":"https:\/\/wp.kristdemokraterna.se\/sundbyberg\/2015\/10\/13\/kd-i-sundbyberg-hatar-inte-man\/"},"author":{"name":"sundbyberg","@id":"https:\/\/wp.kristdemokraterna.se\/sundbyberg\/#\/schema\/person\/eec81caa0b56f396fe2e25427db6db7e"},"headline":"(KD) i Sundbyberg hatar inte m\u00e4n","datePublished":"2015-10-13T12:53:10+00:00","dateModified":"2015-10-13T12:53:41+00:00","mainEntityOfPage":{"@id":"https:\/\/wp.kristdemokraterna.se\/sundbyberg\/2015\/10\/13\/kd-i-sundbyberg-hatar-inte-man\/"},"wordCount":233,"image":{"@id":"https:\/\/wp.kristdemokraterna.se\/sundbyberg\/2015\/10\/13\/kd-i-sundbyberg-hatar-inte-man\/#primaryimage"},"thumbnailUrl":"https:\/\/ci6.googleusercontent.com\/proxy\/RnNZfQn2o2xpggJQqefCOervMbPIci5mujDPJnvl43kv6Rtxjyh5gHN_JKVzeU-aaGz3pePFgxfoAAtZJZNx8mveVTc-11j98EfuAJVcumUenA=s0-d-e1-ft#https:\/\/ssl.gstatic.com\/ui\/v1\/icons\/mail\/images\/cleardot.gif","articleSection":["Inl\u00e4gg"],"inLanguage":"sv-SE"},{"@type":"WebPage","@id":"https:\/\/wp.kristdemokraterna.se\/sundbyberg\/2015\/10\/13\/kd-i-sundbyberg-hatar-inte-man\/","url":"https:\/\/wp.kristdemokraterna.se\/sundbyberg\/2015\/10\/13\/kd-i-sundbyberg-hatar-inte-man\/","name":"(KD) i Sundbyberg hatar inte m\u00e4n - Sundbyberg","isPartOf":{"@id":"https:\/\/wp.kristdemokraterna.se\/sundbyberg\/#website"},"primaryImageOfPage":{"@id":"https:\/\/wp.kristdemokraterna.se\/sundbyberg\/2015\/10\/13\/kd-i-sundbyberg-hatar-inte-man\/#primaryimage"},"image":{"@id":"https:\/\/wp.kristdemokraterna.se\/sundbyberg\/2015\/10\/13\/kd-i-sundbyberg-hatar-inte-man\/#primaryimage"},"thumbnailUrl":"https:\/\/ci6.googleusercontent.com\/proxy\/RnNZfQn2o2xpggJQqefCOervMbPIci5mujDPJnvl43kv6Rtxjyh5gHN_JKVzeU-aaGz3pePFgxfoAAtZJZNx8mveVTc-11j98EfuAJVcumUenA=s0-d-e1-ft#https:\/\/ssl.gstatic.com\/ui\/v1\/icons\/mail\/images\/cleardot.gif","datePublished":"2015-10-13T12:53:10+00:00","dateModified":"2015-10-13T12:53:41+00:00","author":{"@id":"https:\/\/wp.kristdemokraterna.se\/sundbyberg\/#\/schema\/person\/eec81caa0b56f396fe2e25427db6db7e"},"breadcrumb":{"@id":"https:\/\/wp.kristdemokraterna.se\/sundbyberg\/2015\/10\/13\/kd-i-sundbyberg-hatar-inte-man\/#breadcrumb"},"inLanguage":"sv-SE","potentialAction":[{"@type":"ReadAction","target":["https:\/\/wp.kristdemokraterna.se\/sundbyberg\/2015\/10\/13\/kd-i-sundbyberg-hatar-inte-man\/"]}]},{"@type":"ImageObject","inLanguage":"sv-SE","@id":"https:\/\/wp.kristdemokraterna.se\/sundbyberg\/2015\/10\/13\/kd-i-sundbyberg-hatar-inte-man\/#primaryimage","url":"https:\/\/ci6.googleusercontent.com\/proxy\/RnNZfQn2o2xpggJQqefCOervMbPIci5mujDPJnvl43kv6Rtxjyh5gHN_JKVzeU-aaGz3pePFgxfoAAtZJZNx8mveVTc-11j98EfuAJVcumUenA=s0-d-e1-ft#https:\/\/ssl.gstatic.com\/ui\/v1\/icons\/mail\/images\/cleardot.gif","contentUrl":"https:\/\/ci6.googleusercontent.com\/proxy\/RnNZfQn2o2xpggJQqefCOervMbPIci5mujDPJnvl43kv6Rtxjyh5gHN_JKVzeU-aaGz3pePFgxfoAAtZJZNx8mveVTc-11j98EfuAJVcumUenA=s0-d-e1-ft#https:\/\/ssl.gstatic.com\/ui\/v1\/icons\/mail\/images\/cleardot.gif"},{"@type":"BreadcrumbList","@id":"https:\/\/wp.kristdemokraterna.se\/sundbyberg\/2015\/10\/13\/kd-i-sundbyberg-hatar-inte-man\/#breadcrumb","itemListElement":[{"@type":"ListItem","position":1,"name":"Hem","item":"https:\/\/wp.kristdemokraterna.se\/sundbyberg\/"},{"@type":"ListItem","position":2,"name":"(KD) i Sundbyberg hatar inte m\u00e4n"}]},{"@type":"WebSite","@id":"https:\/\/wp.kristdemokraterna.se\/sundbyberg\/#website","url":"https:\/\/wp.kristdemokraterna.se\/sundbyberg\/","name":"Sundbyberg","description":"En till Kristdemokraterna webbplats","inLanguage":"sv-SE"},{"@type":"Person","@id":"https:\/\/wp.kristdemokraterna.se\/sundbyberg\/#\/schema\/person\/eec81caa0b56f396fe2e25427db6db7e","name":"sundbyberg","image":{"@type":"ImageObject","inLanguage":"sv-SE","@id":"https:\/\/secure.gravatar.com\/avatar\/196349f3642b0c87b871f936ab42c728ec5cbfc302876051139652ddbecb4bf8?s=96&d=mm&r=g","url":"https:\/\/secure.gravatar.com\/avatar\/196349f3642b0c87b871f936ab42c728ec5cbfc302876051139652ddbecb4bf8?s=96&d=mm&r=g","contentUrl":"https:\/\/secure.gravatar.com\/avatar\/196349f3642b0c87b871f936ab42c728ec5cbfc302876051139652ddbecb4bf8?s=96&d=mm&r=g","caption":"sundbyberg"},"url":"https:\/\/wp.kristdemokraterna.se\/sundbyberg\/author\/sundbyberg\/"}]}},"_links":{"self":[{"href":"https:\/\/wp.kristdemokraterna.se\/sundbyberg\/wp-json\/wp\/v2\/posts\/304","targetHints":{"allow":["GET"]}}],"collection":[{"href":"https:\/\/wp.kristdemokraterna.se\/sundbyberg\/wp-json\/wp\/v2\/posts"}],"about":[{"href":"https:\/\/wp.kristdemokraterna.se\/sundbyberg\/wp-json\/wp\/v2\/types\/post"}],"author":[{"embeddable":true,"href":"https:\/\/wp.kristdemokraterna.se\/sundbyberg\/wp-json\/wp\/v2\/users\/611"}],"replies":[{"embeddable":true,"href":"https:\/\/wp.kristdemokraterna.se\/sundbyberg\/wp-json\/wp\/v2\/comments?post=304"}],"version-history":[{"count":2,"href":"https:\/\/wp.kristdemokraterna.se\/sundbyberg\/wp-json\/wp\/v2\/posts\/304\/revisions"}],"predecessor-version":[{"id":306,"href":"https:\/\/wp.kristdemokraterna.se\/sundbyberg\/wp-json\/wp\/v2\/posts\/304\/revisions\/306"}],"wp:attachment":[{"href":"https:\/\/wp.kristdemokraterna.se\/sundbyberg\/wp-json\/wp\/v2\/media?parent=304"}],"wp:term":[{"taxonomy":"category","embeddable":true,"href":"https:\/\/wp.kristdemokraterna.se\/sundbyberg\/wp-json\/wp\/v2\/categories?post=304"},{"taxonomy":"post_tag","embeddable":true,"href":"https:\/\/wp.kristdemokraterna.se\/sundbyberg\/wp-json\/wp\/v2\/tags?post=304"}],"curies":[{"name":"wp","href":"https:\/\/api.w.org\/{rel}","templated":true}]}}