{"id":308,"date":"2015-11-13T14:50:20","date_gmt":"2015-11-13T13:50:20","guid":{"rendered":"http:\/\/wp.kristdemokraterna.se\/sundbyberg\/?p=308"},"modified":"2015-11-13T14:53:31","modified_gmt":"2015-11-13T13:53:31","slug":"nytt-gronblatt-styre-i-sundbyberg","status":"publish","type":"post","link":"https:\/\/wp.kristdemokraterna.se\/sundbyberg\/2015\/11\/13\/nytt-gronblatt-styre-i-sundbyberg\/","title":{"rendered":"Nytt Gr\u00f6nBl\u00e5tt styre i Sundbyberg"},"content":{"rendered":"<p>I dag tillk\u00e4nnagav Moderaterna, Milj\u00f6partiet, Folkpartiet Liberalerna, Centerpartiet och Kristdemokraterna att ett nytt gr\u00f6nbl\u00e5tt majoritetsstyre f\u00f6r Sundbyberg har formats. Detta sedan alla partier enats om en gemensam politisk plattform f\u00f6r att ta ansvar f\u00f6r Sundbybergs fortsatta utveckling.<\/p>\n<p>&#8211; H\u00f6gst prioriterat \u00e4r att \u00e5tg\u00e4rda kommunens stora ekonomiska underskott s\u00e5 att vi har r\u00e5d att st\u00e4rka v\u00e5ra k\u00e4rnverksamheter. Med ett majoritetsstyre kan vi fortsatt ha en h\u00f6g kvalitet i \u00e4ldreomsorgen och dessutom f\u00f6rb\u00e4ttra den. Vi har ocks\u00e5 kommit \u00f6verens om att bryta d\u00f6dl\u00e4get kring utbyggnaden av skolverksamheten i Duvbo. Musikskolan kommer \u00e4ven fortsatt att erbjuda verksamhet till alla barn och ungdomar som vill spela, sade Maria Bohman Kreij, gruppledare f\u00f6r Kristdemokraterna i Sundbyberg.<\/p>\n","protected":false},"excerpt":{"rendered":"<p>I dag tillk\u00e4nnagav Moderaterna, Milj\u00f6partiet, Folkpartiet Liberalerna, Centerpartiet och Kristdemokraterna att ett nytt gr\u00f6nbl\u00e5tt majoritetsstyre f\u00f6r Sundbyberg har formats. Detta sedan alla partier enats om en gemensam politisk plattform f\u00f6r att ta ansvar f\u00f6r Sundbybergs fortsatta utveckling. &#8211; H\u00f6gst prioriterat \u00e4r att \u00e5tg\u00e4rda kommunens stora ekonomiska underskott s\u00e5 att vi har r\u00e5d att st\u00e4rka v\u00e5ra <a class=\"read-more-link\" href=\"https:\/\/wp.kristdemokraterna.se\/sundbyberg\/2015\/11\/13\/nytt-gronblatt-styre-i-sundbyberg\/\">Read More<\/a><\/p>\n","protected":false},"author":611,"featured_media":0,"comment_status":"closed","ping_status":"closed","sticky":false,"template":"","format":"standard","meta":{"_acf_changed":false,"footnotes":""},"categories":[1],"tags":[],"class_list":["post-308","post","type-post","status-publish","format-standard","hentry","category-inlagg"],"acf":[],"yoast_head":"<!-- This site is optimized with the Yoast SEO plugin v27.4 - https:\/\/yoast.com\/product\/yoast-seo-wordpress\/ -->\n<title>Nytt Gr\u00f6nBl\u00e5tt styre i Sundbyberg - Sundbyberg<\/title>\n<meta name=\"robots\" content=\"index, follow, max-snippet:-1, max-image-preview:large, max-video-preview:-1\" \/>\n<link rel=\"canonical\" href=\"https:\/\/wp.kristdemokraterna.se\/sundbyberg\/2015\/11\/13\/nytt-gronblatt-styre-i-sundbyberg\/\" \/>\n<meta property=\"og:locale\" content=\"sv_SE\" \/>\n<meta property=\"og:type\" content=\"article\" \/>\n<meta property=\"og:title\" content=\"Nytt Gr\u00f6nBl\u00e5tt styre i Sundbyberg - Sundbyberg\" \/>\n<meta property=\"og:description\" content=\"I dag tillk\u00e4nnagav Moderaterna, Milj\u00f6partiet, Folkpartiet Liberalerna, Centerpartiet och Kristdemokraterna att ett nytt gr\u00f6nbl\u00e5tt majoritetsstyre f\u00f6r Sundbyberg har formats. Detta sedan alla partier enats om en gemensam politisk plattform f\u00f6r att ta ansvar f\u00f6r Sundbybergs fortsatta utveckling. &#8211; H\u00f6gst prioriterat \u00e4r att \u00e5tg\u00e4rda kommunens stora ekonomiska underskott s\u00e5 att vi har r\u00e5d att st\u00e4rka v\u00e5ra Read More\" \/>\n<meta property=\"og:url\" content=\"https:\/\/wp.kristdemokraterna.se\/sundbyberg\/2015\/11\/13\/nytt-gronblatt-styre-i-sundbyberg\/\" \/>\n<meta property=\"og:site_name\" content=\"Sundbyberg\" \/>\n<meta property=\"article:published_time\" content=\"2015-11-13T13:50:20+00:00\" \/>\n<meta property=\"article:modified_time\" content=\"2015-11-13T13:53:31+00:00\" \/>\n<meta name=\"author\" content=\"sundbyberg\" \/>\n<meta name=\"twitter:card\" content=\"summary_large_image\" \/>\n<meta name=\"twitter:label1\" content=\"Skriven av\" \/>\n\t<meta name=\"twitter:data1\" content=\"sundbyberg\" \/>\n\t<meta name=\"twitter:label2\" content=\"Ber\u00e4knad l\u00e4stid\" \/>\n\t<meta name=\"twitter:data2\" content=\"1 minut\" \/>\n<script type=\"application\/ld+json\" class=\"yoast-schema-graph\">{\"@context\":\"https:\\\/\\\/schema.org\",\"@graph\":[{\"@type\":\"Article\",\"@id\":\"https:\\\/\\\/wp.kristdemokraterna.se\\\/sundbyberg\\\/2015\\\/11\\\/13\\\/nytt-gronblatt-styre-i-sundbyberg\\\/#article\",\"isPartOf\":{\"@id\":\"https:\\\/\\\/wp.kristdemokraterna.se\\\/sundbyberg\\\/2015\\\/11\\\/13\\\/nytt-gronblatt-styre-i-sundbyberg\\\/\"},\"author\":{\"name\":\"sundbyberg\",\"@id\":\"https:\\\/\\\/wp.kristdemokraterna.se\\\/sundbyberg\\\/#\\\/schema\\\/person\\\/eec81caa0b56f396fe2e25427db6db7e\"},\"headline\":\"Nytt Gr\u00f6nBl\u00e5tt styre i Sundbyberg\",\"datePublished\":\"2015-11-13T13:50:20+00:00\",\"dateModified\":\"2015-11-13T13:53:31+00:00\",\"mainEntityOfPage\":{\"@id\":\"https:\\\/\\\/wp.kristdemokraterna.se\\\/sundbyberg\\\/2015\\\/11\\\/13\\\/nytt-gronblatt-styre-i-sundbyberg\\\/\"},\"wordCount\":137,\"articleSection\":[\"Inl\u00e4gg\"],\"inLanguage\":\"sv-SE\"},{\"@type\":\"WebPage\",\"@id\":\"https:\\\/\\\/wp.kristdemokraterna.se\\\/sundbyberg\\\/2015\\\/11\\\/13\\\/nytt-gronblatt-styre-i-sundbyberg\\\/\",\"url\":\"https:\\\/\\\/wp.kristdemokraterna.se\\\/sundbyberg\\\/2015\\\/11\\\/13\\\/nytt-gronblatt-styre-i-sundbyberg\\\/\",\"name\":\"Nytt Gr\u00f6nBl\u00e5tt styre i Sundbyberg - Sundbyberg\",\"isPartOf\":{\"@id\":\"https:\\\/\\\/wp.kristdemokraterna.se\\\/sundbyberg\\\/#website\"},\"datePublished\":\"2015-11-13T13:50:20+00:00\",\"dateModified\":\"2015-11-13T13:53:31+00:00\",\"author\":{\"@id\":\"https:\\\/\\\/wp.kristdemokraterna.se\\\/sundbyberg\\\/#\\\/schema\\\/person\\\/eec81caa0b56f396fe2e25427db6db7e\"},\"breadcrumb\":{\"@id\":\"https:\\\/\\\/wp.kristdemokraterna.se\\\/sundbyberg\\\/2015\\\/11\\\/13\\\/nytt-gronblatt-styre-i-sundbyberg\\\/#breadcrumb\"},\"inLanguage\":\"sv-SE\",\"potentialAction\":[{\"@type\":\"ReadAction\",\"target\":[\"https:\\\/\\\/wp.kristdemokraterna.se\\\/sundbyberg\\\/2015\\\/11\\\/13\\\/nytt-gronblatt-styre-i-sundbyberg\\\/\"]}]},{\"@type\":\"BreadcrumbList\",\"@id\":\"https:\\\/\\\/wp.kristdemokraterna.se\\\/sundbyberg\\\/2015\\\/11\\\/13\\\/nytt-gronblatt-styre-i-sundbyberg\\\/#breadcrumb\",\"itemListElement\":[{\"@type\":\"ListItem\",\"position\":1,\"name\":\"Hem\",\"item\":\"https:\\\/\\\/wp.kristdemokraterna.se\\\/sundbyberg\\\/\"},{\"@type\":\"ListItem\",\"position\":2,\"name\":\"Nytt Gr\u00f6nBl\u00e5tt styre i Sundbyberg\"}]},{\"@type\":\"WebSite\",\"@id\":\"https:\\\/\\\/wp.kristdemokraterna.se\\\/sundbyberg\\\/#website\",\"url\":\"https:\\\/\\\/wp.kristdemokraterna.se\\\/sundbyberg\\\/\",\"name\":\"Sundbyberg\",\"description\":\"En till Kristdemokraterna webbplats\",\"inLanguage\":\"sv-SE\"},{\"@type\":\"Person\",\"@id\":\"https:\\\/\\\/wp.kristdemokraterna.se\\\/sundbyberg\\\/#\\\/schema\\\/person\\\/eec81caa0b56f396fe2e25427db6db7e\",\"name\":\"sundbyberg\",\"image\":{\"@type\":\"ImageObject\",\"inLanguage\":\"sv-SE\",\"@id\":\"https:\\\/\\\/secure.gravatar.com\\\/avatar\\\/196349f3642b0c87b871f936ab42c728ec5cbfc302876051139652ddbecb4bf8?s=96&d=mm&r=g\",\"url\":\"https:\\\/\\\/secure.gravatar.com\\\/avatar\\\/196349f3642b0c87b871f936ab42c728ec5cbfc302876051139652ddbecb4bf8?s=96&d=mm&r=g\",\"contentUrl\":\"https:\\\/\\\/secure.gravatar.com\\\/avatar\\\/196349f3642b0c87b871f936ab42c728ec5cbfc302876051139652ddbecb4bf8?s=96&d=mm&r=g\",\"caption\":\"sundbyberg\"},\"url\":\"https:\\\/\\\/wp.kristdemokraterna.se\\\/sundbyberg\\\/author\\\/sundbyberg\\\/\"}]}<\/script>\n<!-- \/ Yoast SEO plugin. -->","yoast_head_json":{"title":"Nytt Gr\u00f6nBl\u00e5tt styre i Sundbyberg - Sundbyberg","robots":{"index":"index","follow":"follow","max-snippet":"max-snippet:-1","max-image-preview":"max-image-preview:large","max-video-preview":"max-video-preview:-1"},"canonical":"https:\/\/wp.kristdemokraterna.se\/sundbyberg\/2015\/11\/13\/nytt-gronblatt-styre-i-sundbyberg\/","og_locale":"sv_SE","og_type":"article","og_title":"Nytt Gr\u00f6nBl\u00e5tt styre i Sundbyberg - Sundbyberg","og_description":"I dag tillk\u00e4nnagav Moderaterna, Milj\u00f6partiet, Folkpartiet Liberalerna, Centerpartiet och Kristdemokraterna att ett nytt gr\u00f6nbl\u00e5tt majoritetsstyre f\u00f6r Sundbyberg har formats. Detta sedan alla partier enats om en gemensam politisk plattform f\u00f6r att ta ansvar f\u00f6r Sundbybergs fortsatta utveckling. &#8211; H\u00f6gst prioriterat \u00e4r att \u00e5tg\u00e4rda kommunens stora ekonomiska underskott s\u00e5 att vi har r\u00e5d att st\u00e4rka v\u00e5ra Read More","og_url":"https:\/\/wp.kristdemokraterna.se\/sundbyberg\/2015\/11\/13\/nytt-gronblatt-styre-i-sundbyberg\/","og_site_name":"Sundbyberg","article_published_time":"2015-11-13T13:50:20+00:00","article_modified_time":"2015-11-13T13:53:31+00:00","author":"sundbyberg","twitter_card":"summary_large_image","twitter_misc":{"Skriven av":"sundbyberg","Ber\u00e4knad l\u00e4stid":"1 minut"},"schema":{"@context":"https:\/\/schema.org","@graph":[{"@type":"Article","@id":"https:\/\/wp.kristdemokraterna.se\/sundbyberg\/2015\/11\/13\/nytt-gronblatt-styre-i-sundbyberg\/#article","isPartOf":{"@id":"https:\/\/wp.kristdemokraterna.se\/sundbyberg\/2015\/11\/13\/nytt-gronblatt-styre-i-sundbyberg\/"},"author":{"name":"sundbyberg","@id":"https:\/\/wp.kristdemokraterna.se\/sundbyberg\/#\/schema\/person\/eec81caa0b56f396fe2e25427db6db7e"},"headline":"Nytt Gr\u00f6nBl\u00e5tt styre i Sundbyberg","datePublished":"2015-11-13T13:50:20+00:00","dateModified":"2015-11-13T13:53:31+00:00","mainEntityOfPage":{"@id":"https:\/\/wp.kristdemokraterna.se\/sundbyberg\/2015\/11\/13\/nytt-gronblatt-styre-i-sundbyberg\/"},"wordCount":137,"articleSection":["Inl\u00e4gg"],"inLanguage":"sv-SE"},{"@type":"WebPage","@id":"https:\/\/wp.kristdemokraterna.se\/sundbyberg\/2015\/11\/13\/nytt-gronblatt-styre-i-sundbyberg\/","url":"https:\/\/wp.kristdemokraterna.se\/sundbyberg\/2015\/11\/13\/nytt-gronblatt-styre-i-sundbyberg\/","name":"Nytt Gr\u00f6nBl\u00e5tt styre i Sundbyberg - Sundbyberg","isPartOf":{"@id":"https:\/\/wp.kristdemokraterna.se\/sundbyberg\/#website"},"datePublished":"2015-11-13T13:50:20+00:00","dateModified":"2015-11-13T13:53:31+00:00","author":{"@id":"https:\/\/wp.kristdemokraterna.se\/sundbyberg\/#\/schema\/person\/eec81caa0b56f396fe2e25427db6db7e"},"breadcrumb":{"@id":"https:\/\/wp.kristdemokraterna.se\/sundbyberg\/2015\/11\/13\/nytt-gronblatt-styre-i-sundbyberg\/#breadcrumb"},"inLanguage":"sv-SE","potentialAction":[{"@type":"ReadAction","target":["https:\/\/wp.kristdemokraterna.se\/sundbyberg\/2015\/11\/13\/nytt-gronblatt-styre-i-sundbyberg\/"]}]},{"@type":"BreadcrumbList","@id":"https:\/\/wp.kristdemokraterna.se\/sundbyberg\/2015\/11\/13\/nytt-gronblatt-styre-i-sundbyberg\/#breadcrumb","itemListElement":[{"@type":"ListItem","position":1,"name":"Hem","item":"https:\/\/wp.kristdemokraterna.se\/sundbyberg\/"},{"@type":"ListItem","position":2,"name":"Nytt Gr\u00f6nBl\u00e5tt styre i Sundbyberg"}]},{"@type":"WebSite","@id":"https:\/\/wp.kristdemokraterna.se\/sundbyberg\/#website","url":"https:\/\/wp.kristdemokraterna.se\/sundbyberg\/","name":"Sundbyberg","description":"En till Kristdemokraterna webbplats","inLanguage":"sv-SE"},{"@type":"Person","@id":"https:\/\/wp.kristdemokraterna.se\/sundbyberg\/#\/schema\/person\/eec81caa0b56f396fe2e25427db6db7e","name":"sundbyberg","image":{"@type":"ImageObject","inLanguage":"sv-SE","@id":"https:\/\/secure.gravatar.com\/avatar\/196349f3642b0c87b871f936ab42c728ec5cbfc302876051139652ddbecb4bf8?s=96&d=mm&r=g","url":"https:\/\/secure.gravatar.com\/avatar\/196349f3642b0c87b871f936ab42c728ec5cbfc302876051139652ddbecb4bf8?s=96&d=mm&r=g","contentUrl":"https:\/\/secure.gravatar.com\/avatar\/196349f3642b0c87b871f936ab42c728ec5cbfc302876051139652ddbecb4bf8?s=96&d=mm&r=g","caption":"sundbyberg"},"url":"https:\/\/wp.kristdemokraterna.se\/sundbyberg\/author\/sundbyberg\/"}]}},"_links":{"self":[{"href":"https:\/\/wp.kristdemokraterna.se\/sundbyberg\/wp-json\/wp\/v2\/posts\/308","targetHints":{"allow":["GET"]}}],"collection":[{"href":"https:\/\/wp.kristdemokraterna.se\/sundbyberg\/wp-json\/wp\/v2\/posts"}],"about":[{"href":"https:\/\/wp.kristdemokraterna.se\/sundbyberg\/wp-json\/wp\/v2\/types\/post"}],"author":[{"embeddable":true,"href":"https:\/\/wp.kristdemokraterna.se\/sundbyberg\/wp-json\/wp\/v2\/users\/611"}],"replies":[{"embeddable":true,"href":"https:\/\/wp.kristdemokraterna.se\/sundbyberg\/wp-json\/wp\/v2\/comments?post=308"}],"version-history":[{"count":3,"href":"https:\/\/wp.kristdemokraterna.se\/sundbyberg\/wp-json\/wp\/v2\/posts\/308\/revisions"}],"predecessor-version":[{"id":311,"href":"https:\/\/wp.kristdemokraterna.se\/sundbyberg\/wp-json\/wp\/v2\/posts\/308\/revisions\/311"}],"wp:attachment":[{"href":"https:\/\/wp.kristdemokraterna.se\/sundbyberg\/wp-json\/wp\/v2\/media?parent=308"}],"wp:term":[{"taxonomy":"category","embeddable":true,"href":"https:\/\/wp.kristdemokraterna.se\/sundbyberg\/wp-json\/wp\/v2\/categories?post=308"},{"taxonomy":"post_tag","embeddable":true,"href":"https:\/\/wp.kristdemokraterna.se\/sundbyberg\/wp-json\/wp\/v2\/tags?post=308"}],"curies":[{"name":"wp","href":"https:\/\/api.w.org\/{rel}","templated":true}]}}