{"id":313,"date":"2016-02-16T15:27:57","date_gmt":"2016-02-16T14:27:57","guid":{"rendered":"http:\/\/wp.kristdemokraterna.se\/sundbyberg\/?p=313"},"modified":"2016-02-16T15:30:05","modified_gmt":"2016-02-16T14:30:05","slug":"nytt-aldreboende-i-or","status":"publish","type":"post","link":"https:\/\/wp.kristdemokraterna.se\/sundbyberg\/2016\/02\/16\/nytt-aldreboende-i-or\/","title":{"rendered":"Nytt \u00e4ldreboende i \u00d6r"},"content":{"rendered":"<p>P\u00e5 senare \u00e5r har fler och fler insett de stora v\u00e4rden som finns i <span class=\"il\">\u00d6r<\/span>. Den gr\u00f6na milj\u00f6n och n\u00e4rheten till b\u00e5de Golf\u00e4ngarna och R\u00e5stasj\u00f6n, men ocks\u00e5 n\u00e4rheten till tunnelbanan, \u00e4r en f\u00f6rklaring till \u00d6rs\u00a0popularitet.<\/p>\n<p>Kristdemokraterna arbetar f\u00f6r att\u00a0ett v\u00e5rdboende ska byggas\u00a0i centrum av \u00d6r. Det kan antingen bli ett \u00e4ldreboende, f\u00f6r de som beh\u00f6ver omsorg dygnet runt, eller ett &#8221;mellanboende&#8221; f\u00f6r de som vill komma in p\u00e5 ett boende d\u00e4r det finns m\u00f6jlighet till serviceinsatser.<\/p>\n<p>Nu har vi tagit ett f\u00f6rsta steg i och med att tv\u00e5 tomter ska sl\u00e5s ihop. \u00d6r centrum tillsammans med omgivande tomt kommer att bilda en ny fastighet, d\u00e4r en ny byggnad kan st\u00e5 klar om ett par \u00e5r.<\/p>\n<div><\/div>\n","protected":false},"excerpt":{"rendered":"<p>P\u00e5 senare \u00e5r har fler och fler insett de stora v\u00e4rden som finns i \u00d6r. Den gr\u00f6na milj\u00f6n och n\u00e4rheten till b\u00e5de Golf\u00e4ngarna och R\u00e5stasj\u00f6n, men ocks\u00e5 n\u00e4rheten till tunnelbanan, \u00e4r en f\u00f6rklaring till \u00d6rs\u00a0popularitet. Kristdemokraterna arbetar f\u00f6r att\u00a0ett v\u00e5rdboende ska byggas\u00a0i centrum av \u00d6r. Det kan antingen bli ett \u00e4ldreboende, f\u00f6r de som beh\u00f6ver <a class=\"read-more-link\" href=\"https:\/\/wp.kristdemokraterna.se\/sundbyberg\/2016\/02\/16\/nytt-aldreboende-i-or\/\">Read More<\/a><\/p>\n","protected":false},"author":611,"featured_media":0,"comment_status":"closed","ping_status":"closed","sticky":false,"template":"","format":"standard","meta":{"_acf_changed":false,"footnotes":""},"categories":[1],"tags":[],"class_list":["post-313","post","type-post","status-publish","format-standard","hentry","category-inlagg"],"acf":[],"yoast_head":"<!-- This site is optimized with the Yoast SEO plugin v27.4 - https:\/\/yoast.com\/product\/yoast-seo-wordpress\/ -->\n<title>Nytt \u00e4ldreboende i \u00d6r - Sundbyberg<\/title>\n<meta name=\"robots\" content=\"index, follow, max-snippet:-1, max-image-preview:large, max-video-preview:-1\" \/>\n<link rel=\"canonical\" href=\"https:\/\/wp.kristdemokraterna.se\/sundbyberg\/2016\/02\/16\/nytt-aldreboende-i-or\/\" \/>\n<meta property=\"og:locale\" content=\"sv_SE\" \/>\n<meta property=\"og:type\" content=\"article\" \/>\n<meta property=\"og:title\" content=\"Nytt \u00e4ldreboende i \u00d6r - Sundbyberg\" \/>\n<meta property=\"og:description\" content=\"P\u00e5 senare \u00e5r har fler och fler insett de stora v\u00e4rden som finns i \u00d6r. Den gr\u00f6na milj\u00f6n och n\u00e4rheten till b\u00e5de Golf\u00e4ngarna och R\u00e5stasj\u00f6n, men ocks\u00e5 n\u00e4rheten till tunnelbanan, \u00e4r en f\u00f6rklaring till \u00d6rs\u00a0popularitet. Kristdemokraterna arbetar f\u00f6r att\u00a0ett v\u00e5rdboende ska byggas\u00a0i centrum av \u00d6r. Det kan antingen bli ett \u00e4ldreboende, f\u00f6r de som beh\u00f6ver Read More\" \/>\n<meta property=\"og:url\" content=\"https:\/\/wp.kristdemokraterna.se\/sundbyberg\/2016\/02\/16\/nytt-aldreboende-i-or\/\" \/>\n<meta property=\"og:site_name\" content=\"Sundbyberg\" \/>\n<meta property=\"article:published_time\" content=\"2016-02-16T14:27:57+00:00\" \/>\n<meta property=\"article:modified_time\" content=\"2016-02-16T14:30:05+00:00\" \/>\n<meta name=\"author\" content=\"sundbyberg\" \/>\n<meta name=\"twitter:card\" content=\"summary_large_image\" \/>\n<meta name=\"twitter:label1\" content=\"Skriven av\" \/>\n\t<meta name=\"twitter:data1\" content=\"sundbyberg\" \/>\n\t<meta name=\"twitter:label2\" content=\"Ber\u00e4knad l\u00e4stid\" \/>\n\t<meta name=\"twitter:data2\" content=\"1 minut\" \/>\n<script type=\"application\/ld+json\" class=\"yoast-schema-graph\">{\"@context\":\"https:\\\/\\\/schema.org\",\"@graph\":[{\"@type\":\"Article\",\"@id\":\"https:\\\/\\\/wp.kristdemokraterna.se\\\/sundbyberg\\\/2016\\\/02\\\/16\\\/nytt-aldreboende-i-or\\\/#article\",\"isPartOf\":{\"@id\":\"https:\\\/\\\/wp.kristdemokraterna.se\\\/sundbyberg\\\/2016\\\/02\\\/16\\\/nytt-aldreboende-i-or\\\/\"},\"author\":{\"name\":\"sundbyberg\",\"@id\":\"https:\\\/\\\/wp.kristdemokraterna.se\\\/sundbyberg\\\/#\\\/schema\\\/person\\\/eec81caa0b56f396fe2e25427db6db7e\"},\"headline\":\"Nytt \u00e4ldreboende i \u00d6r\",\"datePublished\":\"2016-02-16T14:27:57+00:00\",\"dateModified\":\"2016-02-16T14:30:05+00:00\",\"mainEntityOfPage\":{\"@id\":\"https:\\\/\\\/wp.kristdemokraterna.se\\\/sundbyberg\\\/2016\\\/02\\\/16\\\/nytt-aldreboende-i-or\\\/\"},\"wordCount\":142,\"articleSection\":[\"Inl\u00e4gg\"],\"inLanguage\":\"sv-SE\"},{\"@type\":\"WebPage\",\"@id\":\"https:\\\/\\\/wp.kristdemokraterna.se\\\/sundbyberg\\\/2016\\\/02\\\/16\\\/nytt-aldreboende-i-or\\\/\",\"url\":\"https:\\\/\\\/wp.kristdemokraterna.se\\\/sundbyberg\\\/2016\\\/02\\\/16\\\/nytt-aldreboende-i-or\\\/\",\"name\":\"Nytt \u00e4ldreboende i \u00d6r - Sundbyberg\",\"isPartOf\":{\"@id\":\"https:\\\/\\\/wp.kristdemokraterna.se\\\/sundbyberg\\\/#website\"},\"datePublished\":\"2016-02-16T14:27:57+00:00\",\"dateModified\":\"2016-02-16T14:30:05+00:00\",\"author\":{\"@id\":\"https:\\\/\\\/wp.kristdemokraterna.se\\\/sundbyberg\\\/#\\\/schema\\\/person\\\/eec81caa0b56f396fe2e25427db6db7e\"},\"breadcrumb\":{\"@id\":\"https:\\\/\\\/wp.kristdemokraterna.se\\\/sundbyberg\\\/2016\\\/02\\\/16\\\/nytt-aldreboende-i-or\\\/#breadcrumb\"},\"inLanguage\":\"sv-SE\",\"potentialAction\":[{\"@type\":\"ReadAction\",\"target\":[\"https:\\\/\\\/wp.kristdemokraterna.se\\\/sundbyberg\\\/2016\\\/02\\\/16\\\/nytt-aldreboende-i-or\\\/\"]}]},{\"@type\":\"BreadcrumbList\",\"@id\":\"https:\\\/\\\/wp.kristdemokraterna.se\\\/sundbyberg\\\/2016\\\/02\\\/16\\\/nytt-aldreboende-i-or\\\/#breadcrumb\",\"itemListElement\":[{\"@type\":\"ListItem\",\"position\":1,\"name\":\"Hem\",\"item\":\"https:\\\/\\\/wp.kristdemokraterna.se\\\/sundbyberg\\\/\"},{\"@type\":\"ListItem\",\"position\":2,\"name\":\"Nytt \u00e4ldreboende i \u00d6r\"}]},{\"@type\":\"WebSite\",\"@id\":\"https:\\\/\\\/wp.kristdemokraterna.se\\\/sundbyberg\\\/#website\",\"url\":\"https:\\\/\\\/wp.kristdemokraterna.se\\\/sundbyberg\\\/\",\"name\":\"Sundbyberg\",\"description\":\"En till Kristdemokraterna webbplats\",\"inLanguage\":\"sv-SE\"},{\"@type\":\"Person\",\"@id\":\"https:\\\/\\\/wp.kristdemokraterna.se\\\/sundbyberg\\\/#\\\/schema\\\/person\\\/eec81caa0b56f396fe2e25427db6db7e\",\"name\":\"sundbyberg\",\"image\":{\"@type\":\"ImageObject\",\"inLanguage\":\"sv-SE\",\"@id\":\"https:\\\/\\\/secure.gravatar.com\\\/avatar\\\/196349f3642b0c87b871f936ab42c728ec5cbfc302876051139652ddbecb4bf8?s=96&d=mm&r=g\",\"url\":\"https:\\\/\\\/secure.gravatar.com\\\/avatar\\\/196349f3642b0c87b871f936ab42c728ec5cbfc302876051139652ddbecb4bf8?s=96&d=mm&r=g\",\"contentUrl\":\"https:\\\/\\\/secure.gravatar.com\\\/avatar\\\/196349f3642b0c87b871f936ab42c728ec5cbfc302876051139652ddbecb4bf8?s=96&d=mm&r=g\",\"caption\":\"sundbyberg\"},\"url\":\"https:\\\/\\\/wp.kristdemokraterna.se\\\/sundbyberg\\\/author\\\/sundbyberg\\\/\"}]}<\/script>\n<!-- \/ Yoast SEO plugin. -->","yoast_head_json":{"title":"Nytt \u00e4ldreboende i \u00d6r - Sundbyberg","robots":{"index":"index","follow":"follow","max-snippet":"max-snippet:-1","max-image-preview":"max-image-preview:large","max-video-preview":"max-video-preview:-1"},"canonical":"https:\/\/wp.kristdemokraterna.se\/sundbyberg\/2016\/02\/16\/nytt-aldreboende-i-or\/","og_locale":"sv_SE","og_type":"article","og_title":"Nytt \u00e4ldreboende i \u00d6r - Sundbyberg","og_description":"P\u00e5 senare \u00e5r har fler och fler insett de stora v\u00e4rden som finns i \u00d6r. Den gr\u00f6na milj\u00f6n och n\u00e4rheten till b\u00e5de Golf\u00e4ngarna och R\u00e5stasj\u00f6n, men ocks\u00e5 n\u00e4rheten till tunnelbanan, \u00e4r en f\u00f6rklaring till \u00d6rs\u00a0popularitet. Kristdemokraterna arbetar f\u00f6r att\u00a0ett v\u00e5rdboende ska byggas\u00a0i centrum av \u00d6r. Det kan antingen bli ett \u00e4ldreboende, f\u00f6r de som beh\u00f6ver Read More","og_url":"https:\/\/wp.kristdemokraterna.se\/sundbyberg\/2016\/02\/16\/nytt-aldreboende-i-or\/","og_site_name":"Sundbyberg","article_published_time":"2016-02-16T14:27:57+00:00","article_modified_time":"2016-02-16T14:30:05+00:00","author":"sundbyberg","twitter_card":"summary_large_image","twitter_misc":{"Skriven av":"sundbyberg","Ber\u00e4knad l\u00e4stid":"1 minut"},"schema":{"@context":"https:\/\/schema.org","@graph":[{"@type":"Article","@id":"https:\/\/wp.kristdemokraterna.se\/sundbyberg\/2016\/02\/16\/nytt-aldreboende-i-or\/#article","isPartOf":{"@id":"https:\/\/wp.kristdemokraterna.se\/sundbyberg\/2016\/02\/16\/nytt-aldreboende-i-or\/"},"author":{"name":"sundbyberg","@id":"https:\/\/wp.kristdemokraterna.se\/sundbyberg\/#\/schema\/person\/eec81caa0b56f396fe2e25427db6db7e"},"headline":"Nytt \u00e4ldreboende i \u00d6r","datePublished":"2016-02-16T14:27:57+00:00","dateModified":"2016-02-16T14:30:05+00:00","mainEntityOfPage":{"@id":"https:\/\/wp.kristdemokraterna.se\/sundbyberg\/2016\/02\/16\/nytt-aldreboende-i-or\/"},"wordCount":142,"articleSection":["Inl\u00e4gg"],"inLanguage":"sv-SE"},{"@type":"WebPage","@id":"https:\/\/wp.kristdemokraterna.se\/sundbyberg\/2016\/02\/16\/nytt-aldreboende-i-or\/","url":"https:\/\/wp.kristdemokraterna.se\/sundbyberg\/2016\/02\/16\/nytt-aldreboende-i-or\/","name":"Nytt \u00e4ldreboende i \u00d6r - Sundbyberg","isPartOf":{"@id":"https:\/\/wp.kristdemokraterna.se\/sundbyberg\/#website"},"datePublished":"2016-02-16T14:27:57+00:00","dateModified":"2016-02-16T14:30:05+00:00","author":{"@id":"https:\/\/wp.kristdemokraterna.se\/sundbyberg\/#\/schema\/person\/eec81caa0b56f396fe2e25427db6db7e"},"breadcrumb":{"@id":"https:\/\/wp.kristdemokraterna.se\/sundbyberg\/2016\/02\/16\/nytt-aldreboende-i-or\/#breadcrumb"},"inLanguage":"sv-SE","potentialAction":[{"@type":"ReadAction","target":["https:\/\/wp.kristdemokraterna.se\/sundbyberg\/2016\/02\/16\/nytt-aldreboende-i-or\/"]}]},{"@type":"BreadcrumbList","@id":"https:\/\/wp.kristdemokraterna.se\/sundbyberg\/2016\/02\/16\/nytt-aldreboende-i-or\/#breadcrumb","itemListElement":[{"@type":"ListItem","position":1,"name":"Hem","item":"https:\/\/wp.kristdemokraterna.se\/sundbyberg\/"},{"@type":"ListItem","position":2,"name":"Nytt \u00e4ldreboende i \u00d6r"}]},{"@type":"WebSite","@id":"https:\/\/wp.kristdemokraterna.se\/sundbyberg\/#website","url":"https:\/\/wp.kristdemokraterna.se\/sundbyberg\/","name":"Sundbyberg","description":"En till Kristdemokraterna webbplats","inLanguage":"sv-SE"},{"@type":"Person","@id":"https:\/\/wp.kristdemokraterna.se\/sundbyberg\/#\/schema\/person\/eec81caa0b56f396fe2e25427db6db7e","name":"sundbyberg","image":{"@type":"ImageObject","inLanguage":"sv-SE","@id":"https:\/\/secure.gravatar.com\/avatar\/196349f3642b0c87b871f936ab42c728ec5cbfc302876051139652ddbecb4bf8?s=96&d=mm&r=g","url":"https:\/\/secure.gravatar.com\/avatar\/196349f3642b0c87b871f936ab42c728ec5cbfc302876051139652ddbecb4bf8?s=96&d=mm&r=g","contentUrl":"https:\/\/secure.gravatar.com\/avatar\/196349f3642b0c87b871f936ab42c728ec5cbfc302876051139652ddbecb4bf8?s=96&d=mm&r=g","caption":"sundbyberg"},"url":"https:\/\/wp.kristdemokraterna.se\/sundbyberg\/author\/sundbyberg\/"}]}},"_links":{"self":[{"href":"https:\/\/wp.kristdemokraterna.se\/sundbyberg\/wp-json\/wp\/v2\/posts\/313","targetHints":{"allow":["GET"]}}],"collection":[{"href":"https:\/\/wp.kristdemokraterna.se\/sundbyberg\/wp-json\/wp\/v2\/posts"}],"about":[{"href":"https:\/\/wp.kristdemokraterna.se\/sundbyberg\/wp-json\/wp\/v2\/types\/post"}],"author":[{"embeddable":true,"href":"https:\/\/wp.kristdemokraterna.se\/sundbyberg\/wp-json\/wp\/v2\/users\/611"}],"replies":[{"embeddable":true,"href":"https:\/\/wp.kristdemokraterna.se\/sundbyberg\/wp-json\/wp\/v2\/comments?post=313"}],"version-history":[{"count":4,"href":"https:\/\/wp.kristdemokraterna.se\/sundbyberg\/wp-json\/wp\/v2\/posts\/313\/revisions"}],"predecessor-version":[{"id":317,"href":"https:\/\/wp.kristdemokraterna.se\/sundbyberg\/wp-json\/wp\/v2\/posts\/313\/revisions\/317"}],"wp:attachment":[{"href":"https:\/\/wp.kristdemokraterna.se\/sundbyberg\/wp-json\/wp\/v2\/media?parent=313"}],"wp:term":[{"taxonomy":"category","embeddable":true,"href":"https:\/\/wp.kristdemokraterna.se\/sundbyberg\/wp-json\/wp\/v2\/categories?post=313"},{"taxonomy":"post_tag","embeddable":true,"href":"https:\/\/wp.kristdemokraterna.se\/sundbyberg\/wp-json\/wp\/v2\/tags?post=313"}],"curies":[{"name":"wp","href":"https:\/\/api.w.org\/{rel}","templated":true}]}}