{"id":322,"date":"2016-02-18T14:07:14","date_gmt":"2016-02-18T13:07:14","guid":{"rendered":"http:\/\/wp.kristdemokraterna.se\/sundbyberg\/?p=322"},"modified":"2016-02-18T15:44:14","modified_gmt":"2016-02-18T14:44:14","slug":"nu-tar-vi-arbetslinjen-till-sundbyberg","status":"publish","type":"post","link":"https:\/\/wp.kristdemokraterna.se\/sundbyberg\/2016\/02\/18\/nu-tar-vi-arbetslinjen-till-sundbyberg\/","title":{"rendered":"Nu tar vi arbetslinjen till Sundbyberg"},"content":{"rendered":"<p>Nu l\u00e4gger vi i det gr\u00f6nbl\u00e5 styret fram v\u00e5r f\u00f6rsta gemensamma verksamhetsplan f\u00f6r jobb, integration och socialtj\u00e4nst. Utg\u00e5ngspunkten i v\u00e5r politik \u00e4r att alla som kan och vill ska ha m\u00f6jlighet att jobba. Detta \u00e4r ett ambiti\u00f6st m\u00e5l som kr\u00e4ver att politiken underl\u00e4ttar f\u00f6r m\u00e4nniskor som vill anst\u00e4lla och bli anst\u00e4llda. Alla beh\u00f6vs i arbetet att bygga ett b\u00e4ttre Sundbyberg.<\/p>\n<p><a href=\"http:\/\/wp.kristdemokraterna.se\/sundbyberg\/var-politik\/social-trygghet\/nu-tar-vi-arbetslinjen-till-sundbyberg\/\">L\u00e4s mer<\/a><\/p>\n","protected":false},"excerpt":{"rendered":"<p>Nu l\u00e4gger vi i det gr\u00f6nbl\u00e5 styret fram v\u00e5r f\u00f6rsta gemensamma verksamhetsplan f\u00f6r jobb, integration och socialtj\u00e4nst. Utg\u00e5ngspunkten i v\u00e5r politik \u00e4r att alla som kan och vill ska ha m\u00f6jlighet att jobba. Detta \u00e4r ett ambiti\u00f6st m\u00e5l som kr\u00e4ver att politiken underl\u00e4ttar f\u00f6r m\u00e4nniskor som vill anst\u00e4lla och bli anst\u00e4llda. Alla beh\u00f6vs i arbetet <a class=\"read-more-link\" href=\"https:\/\/wp.kristdemokraterna.se\/sundbyberg\/2016\/02\/18\/nu-tar-vi-arbetslinjen-till-sundbyberg\/\">Read More<\/a><\/p>\n","protected":false},"author":611,"featured_media":0,"comment_status":"closed","ping_status":"closed","sticky":false,"template":"","format":"standard","meta":{"_acf_changed":false,"footnotes":""},"categories":[1],"tags":[],"class_list":["post-322","post","type-post","status-publish","format-standard","hentry","category-inlagg"],"acf":[],"yoast_head":"<!-- This site is optimized with the Yoast SEO plugin v27.4 - https:\/\/yoast.com\/product\/yoast-seo-wordpress\/ -->\n<title>Nu tar vi arbetslinjen till Sundbyberg - Sundbyberg<\/title>\n<meta name=\"robots\" content=\"index, follow, max-snippet:-1, max-image-preview:large, max-video-preview:-1\" \/>\n<link rel=\"canonical\" href=\"https:\/\/wp.kristdemokraterna.se\/sundbyberg\/2016\/02\/18\/nu-tar-vi-arbetslinjen-till-sundbyberg\/\" \/>\n<meta property=\"og:locale\" content=\"sv_SE\" \/>\n<meta property=\"og:type\" content=\"article\" \/>\n<meta property=\"og:title\" content=\"Nu tar vi arbetslinjen till Sundbyberg - Sundbyberg\" \/>\n<meta property=\"og:description\" content=\"Nu l\u00e4gger vi i det gr\u00f6nbl\u00e5 styret fram v\u00e5r f\u00f6rsta gemensamma verksamhetsplan f\u00f6r jobb, integration och socialtj\u00e4nst. Utg\u00e5ngspunkten i v\u00e5r politik \u00e4r att alla som kan och vill ska ha m\u00f6jlighet att jobba. Detta \u00e4r ett ambiti\u00f6st m\u00e5l som kr\u00e4ver att politiken underl\u00e4ttar f\u00f6r m\u00e4nniskor som vill anst\u00e4lla och bli anst\u00e4llda. Alla beh\u00f6vs i arbetet Read More\" \/>\n<meta property=\"og:url\" content=\"https:\/\/wp.kristdemokraterna.se\/sundbyberg\/2016\/02\/18\/nu-tar-vi-arbetslinjen-till-sundbyberg\/\" \/>\n<meta property=\"og:site_name\" content=\"Sundbyberg\" \/>\n<meta property=\"article:published_time\" content=\"2016-02-18T13:07:14+00:00\" \/>\n<meta property=\"article:modified_time\" content=\"2016-02-18T14:44:14+00:00\" \/>\n<meta name=\"author\" content=\"sundbyberg\" \/>\n<meta name=\"twitter:card\" content=\"summary_large_image\" \/>\n<meta name=\"twitter:label1\" content=\"Skriven av\" \/>\n\t<meta name=\"twitter:data1\" content=\"sundbyberg\" \/>\n<script type=\"application\/ld+json\" class=\"yoast-schema-graph\">{\"@context\":\"https:\\\/\\\/schema.org\",\"@graph\":[{\"@type\":\"Article\",\"@id\":\"https:\\\/\\\/wp.kristdemokraterna.se\\\/sundbyberg\\\/2016\\\/02\\\/18\\\/nu-tar-vi-arbetslinjen-till-sundbyberg\\\/#article\",\"isPartOf\":{\"@id\":\"https:\\\/\\\/wp.kristdemokraterna.se\\\/sundbyberg\\\/2016\\\/02\\\/18\\\/nu-tar-vi-arbetslinjen-till-sundbyberg\\\/\"},\"author\":{\"name\":\"sundbyberg\",\"@id\":\"https:\\\/\\\/wp.kristdemokraterna.se\\\/sundbyberg\\\/#\\\/schema\\\/person\\\/eec81caa0b56f396fe2e25427db6db7e\"},\"headline\":\"Nu tar vi arbetslinjen till Sundbyberg\",\"datePublished\":\"2016-02-18T13:07:14+00:00\",\"dateModified\":\"2016-02-18T14:44:14+00:00\",\"mainEntityOfPage\":{\"@id\":\"https:\\\/\\\/wp.kristdemokraterna.se\\\/sundbyberg\\\/2016\\\/02\\\/18\\\/nu-tar-vi-arbetslinjen-till-sundbyberg\\\/\"},\"wordCount\":88,\"articleSection\":[\"Inl\u00e4gg\"],\"inLanguage\":\"sv-SE\"},{\"@type\":\"WebPage\",\"@id\":\"https:\\\/\\\/wp.kristdemokraterna.se\\\/sundbyberg\\\/2016\\\/02\\\/18\\\/nu-tar-vi-arbetslinjen-till-sundbyberg\\\/\",\"url\":\"https:\\\/\\\/wp.kristdemokraterna.se\\\/sundbyberg\\\/2016\\\/02\\\/18\\\/nu-tar-vi-arbetslinjen-till-sundbyberg\\\/\",\"name\":\"Nu tar vi arbetslinjen till Sundbyberg - Sundbyberg\",\"isPartOf\":{\"@id\":\"https:\\\/\\\/wp.kristdemokraterna.se\\\/sundbyberg\\\/#website\"},\"datePublished\":\"2016-02-18T13:07:14+00:00\",\"dateModified\":\"2016-02-18T14:44:14+00:00\",\"author\":{\"@id\":\"https:\\\/\\\/wp.kristdemokraterna.se\\\/sundbyberg\\\/#\\\/schema\\\/person\\\/eec81caa0b56f396fe2e25427db6db7e\"},\"breadcrumb\":{\"@id\":\"https:\\\/\\\/wp.kristdemokraterna.se\\\/sundbyberg\\\/2016\\\/02\\\/18\\\/nu-tar-vi-arbetslinjen-till-sundbyberg\\\/#breadcrumb\"},\"inLanguage\":\"sv-SE\",\"potentialAction\":[{\"@type\":\"ReadAction\",\"target\":[\"https:\\\/\\\/wp.kristdemokraterna.se\\\/sundbyberg\\\/2016\\\/02\\\/18\\\/nu-tar-vi-arbetslinjen-till-sundbyberg\\\/\"]}]},{\"@type\":\"BreadcrumbList\",\"@id\":\"https:\\\/\\\/wp.kristdemokraterna.se\\\/sundbyberg\\\/2016\\\/02\\\/18\\\/nu-tar-vi-arbetslinjen-till-sundbyberg\\\/#breadcrumb\",\"itemListElement\":[{\"@type\":\"ListItem\",\"position\":1,\"name\":\"Hem\",\"item\":\"https:\\\/\\\/wp.kristdemokraterna.se\\\/sundbyberg\\\/\"},{\"@type\":\"ListItem\",\"position\":2,\"name\":\"Nu tar vi arbetslinjen till Sundbyberg\"}]},{\"@type\":\"WebSite\",\"@id\":\"https:\\\/\\\/wp.kristdemokraterna.se\\\/sundbyberg\\\/#website\",\"url\":\"https:\\\/\\\/wp.kristdemokraterna.se\\\/sundbyberg\\\/\",\"name\":\"Sundbyberg\",\"description\":\"En till Kristdemokraterna webbplats\",\"inLanguage\":\"sv-SE\"},{\"@type\":\"Person\",\"@id\":\"https:\\\/\\\/wp.kristdemokraterna.se\\\/sundbyberg\\\/#\\\/schema\\\/person\\\/eec81caa0b56f396fe2e25427db6db7e\",\"name\":\"sundbyberg\",\"image\":{\"@type\":\"ImageObject\",\"inLanguage\":\"sv-SE\",\"@id\":\"https:\\\/\\\/secure.gravatar.com\\\/avatar\\\/196349f3642b0c87b871f936ab42c728ec5cbfc302876051139652ddbecb4bf8?s=96&d=mm&r=g\",\"url\":\"https:\\\/\\\/secure.gravatar.com\\\/avatar\\\/196349f3642b0c87b871f936ab42c728ec5cbfc302876051139652ddbecb4bf8?s=96&d=mm&r=g\",\"contentUrl\":\"https:\\\/\\\/secure.gravatar.com\\\/avatar\\\/196349f3642b0c87b871f936ab42c728ec5cbfc302876051139652ddbecb4bf8?s=96&d=mm&r=g\",\"caption\":\"sundbyberg\"},\"url\":\"https:\\\/\\\/wp.kristdemokraterna.se\\\/sundbyberg\\\/author\\\/sundbyberg\\\/\"}]}<\/script>\n<!-- \/ Yoast SEO plugin. -->","yoast_head_json":{"title":"Nu tar vi arbetslinjen till Sundbyberg - Sundbyberg","robots":{"index":"index","follow":"follow","max-snippet":"max-snippet:-1","max-image-preview":"max-image-preview:large","max-video-preview":"max-video-preview:-1"},"canonical":"https:\/\/wp.kristdemokraterna.se\/sundbyberg\/2016\/02\/18\/nu-tar-vi-arbetslinjen-till-sundbyberg\/","og_locale":"sv_SE","og_type":"article","og_title":"Nu tar vi arbetslinjen till Sundbyberg - Sundbyberg","og_description":"Nu l\u00e4gger vi i det gr\u00f6nbl\u00e5 styret fram v\u00e5r f\u00f6rsta gemensamma verksamhetsplan f\u00f6r jobb, integration och socialtj\u00e4nst. Utg\u00e5ngspunkten i v\u00e5r politik \u00e4r att alla som kan och vill ska ha m\u00f6jlighet att jobba. Detta \u00e4r ett ambiti\u00f6st m\u00e5l som kr\u00e4ver att politiken underl\u00e4ttar f\u00f6r m\u00e4nniskor som vill anst\u00e4lla och bli anst\u00e4llda. Alla beh\u00f6vs i arbetet Read More","og_url":"https:\/\/wp.kristdemokraterna.se\/sundbyberg\/2016\/02\/18\/nu-tar-vi-arbetslinjen-till-sundbyberg\/","og_site_name":"Sundbyberg","article_published_time":"2016-02-18T13:07:14+00:00","article_modified_time":"2016-02-18T14:44:14+00:00","author":"sundbyberg","twitter_card":"summary_large_image","twitter_misc":{"Skriven av":"sundbyberg"},"schema":{"@context":"https:\/\/schema.org","@graph":[{"@type":"Article","@id":"https:\/\/wp.kristdemokraterna.se\/sundbyberg\/2016\/02\/18\/nu-tar-vi-arbetslinjen-till-sundbyberg\/#article","isPartOf":{"@id":"https:\/\/wp.kristdemokraterna.se\/sundbyberg\/2016\/02\/18\/nu-tar-vi-arbetslinjen-till-sundbyberg\/"},"author":{"name":"sundbyberg","@id":"https:\/\/wp.kristdemokraterna.se\/sundbyberg\/#\/schema\/person\/eec81caa0b56f396fe2e25427db6db7e"},"headline":"Nu tar vi arbetslinjen till Sundbyberg","datePublished":"2016-02-18T13:07:14+00:00","dateModified":"2016-02-18T14:44:14+00:00","mainEntityOfPage":{"@id":"https:\/\/wp.kristdemokraterna.se\/sundbyberg\/2016\/02\/18\/nu-tar-vi-arbetslinjen-till-sundbyberg\/"},"wordCount":88,"articleSection":["Inl\u00e4gg"],"inLanguage":"sv-SE"},{"@type":"WebPage","@id":"https:\/\/wp.kristdemokraterna.se\/sundbyberg\/2016\/02\/18\/nu-tar-vi-arbetslinjen-till-sundbyberg\/","url":"https:\/\/wp.kristdemokraterna.se\/sundbyberg\/2016\/02\/18\/nu-tar-vi-arbetslinjen-till-sundbyberg\/","name":"Nu tar vi arbetslinjen till Sundbyberg - Sundbyberg","isPartOf":{"@id":"https:\/\/wp.kristdemokraterna.se\/sundbyberg\/#website"},"datePublished":"2016-02-18T13:07:14+00:00","dateModified":"2016-02-18T14:44:14+00:00","author":{"@id":"https:\/\/wp.kristdemokraterna.se\/sundbyberg\/#\/schema\/person\/eec81caa0b56f396fe2e25427db6db7e"},"breadcrumb":{"@id":"https:\/\/wp.kristdemokraterna.se\/sundbyberg\/2016\/02\/18\/nu-tar-vi-arbetslinjen-till-sundbyberg\/#breadcrumb"},"inLanguage":"sv-SE","potentialAction":[{"@type":"ReadAction","target":["https:\/\/wp.kristdemokraterna.se\/sundbyberg\/2016\/02\/18\/nu-tar-vi-arbetslinjen-till-sundbyberg\/"]}]},{"@type":"BreadcrumbList","@id":"https:\/\/wp.kristdemokraterna.se\/sundbyberg\/2016\/02\/18\/nu-tar-vi-arbetslinjen-till-sundbyberg\/#breadcrumb","itemListElement":[{"@type":"ListItem","position":1,"name":"Hem","item":"https:\/\/wp.kristdemokraterna.se\/sundbyberg\/"},{"@type":"ListItem","position":2,"name":"Nu tar vi arbetslinjen till Sundbyberg"}]},{"@type":"WebSite","@id":"https:\/\/wp.kristdemokraterna.se\/sundbyberg\/#website","url":"https:\/\/wp.kristdemokraterna.se\/sundbyberg\/","name":"Sundbyberg","description":"En till Kristdemokraterna webbplats","inLanguage":"sv-SE"},{"@type":"Person","@id":"https:\/\/wp.kristdemokraterna.se\/sundbyberg\/#\/schema\/person\/eec81caa0b56f396fe2e25427db6db7e","name":"sundbyberg","image":{"@type":"ImageObject","inLanguage":"sv-SE","@id":"https:\/\/secure.gravatar.com\/avatar\/196349f3642b0c87b871f936ab42c728ec5cbfc302876051139652ddbecb4bf8?s=96&d=mm&r=g","url":"https:\/\/secure.gravatar.com\/avatar\/196349f3642b0c87b871f936ab42c728ec5cbfc302876051139652ddbecb4bf8?s=96&d=mm&r=g","contentUrl":"https:\/\/secure.gravatar.com\/avatar\/196349f3642b0c87b871f936ab42c728ec5cbfc302876051139652ddbecb4bf8?s=96&d=mm&r=g","caption":"sundbyberg"},"url":"https:\/\/wp.kristdemokraterna.se\/sundbyberg\/author\/sundbyberg\/"}]}},"_links":{"self":[{"href":"https:\/\/wp.kristdemokraterna.se\/sundbyberg\/wp-json\/wp\/v2\/posts\/322","targetHints":{"allow":["GET"]}}],"collection":[{"href":"https:\/\/wp.kristdemokraterna.se\/sundbyberg\/wp-json\/wp\/v2\/posts"}],"about":[{"href":"https:\/\/wp.kristdemokraterna.se\/sundbyberg\/wp-json\/wp\/v2\/types\/post"}],"author":[{"embeddable":true,"href":"https:\/\/wp.kristdemokraterna.se\/sundbyberg\/wp-json\/wp\/v2\/users\/611"}],"replies":[{"embeddable":true,"href":"https:\/\/wp.kristdemokraterna.se\/sundbyberg\/wp-json\/wp\/v2\/comments?post=322"}],"version-history":[{"count":3,"href":"https:\/\/wp.kristdemokraterna.se\/sundbyberg\/wp-json\/wp\/v2\/posts\/322\/revisions"}],"predecessor-version":[{"id":327,"href":"https:\/\/wp.kristdemokraterna.se\/sundbyberg\/wp-json\/wp\/v2\/posts\/322\/revisions\/327"}],"wp:attachment":[{"href":"https:\/\/wp.kristdemokraterna.se\/sundbyberg\/wp-json\/wp\/v2\/media?parent=322"}],"wp:term":[{"taxonomy":"category","embeddable":true,"href":"https:\/\/wp.kristdemokraterna.se\/sundbyberg\/wp-json\/wp\/v2\/categories?post=322"},{"taxonomy":"post_tag","embeddable":true,"href":"https:\/\/wp.kristdemokraterna.se\/sundbyberg\/wp-json\/wp\/v2\/tags?post=322"}],"curies":[{"name":"wp","href":"https:\/\/api.w.org\/{rel}","templated":true}]}}