{"id":328,"date":"2016-03-01T14:09:04","date_gmt":"2016-03-01T13:09:04","guid":{"rendered":"http:\/\/wp.kristdemokraterna.se\/sundbyberg\/?p=328"},"modified":"2016-03-08T15:05:40","modified_gmt":"2016-03-08T14:05:40","slug":"trygghetsbil-till-sundbyberg","status":"publish","type":"post","link":"https:\/\/wp.kristdemokraterna.se\/sundbyberg\/2016\/03\/01\/trygghetsbil-till-sundbyberg\/","title":{"rendered":"Trygghetsbil till Sundbyberg"},"content":{"rendered":"<div id=\"attachment_331\" style=\"width: 310px\" class=\"wp-caption alignnone\"><a href=\"http:\/\/wp.kristdemokraterna.se\/sundbyberg\/files\/2016\/03\/img_0288.jpg\" rel=\"attachment wp-att-331\"><img loading=\"lazy\" decoding=\"async\" aria-describedby=\"caption-attachment-331\" class=\"wp-image-331 size-medium\" src=\"http:\/\/wp.kristdemokraterna.se\/sundbyberg\/files\/2016\/03\/img_0288-300x225.jpg\" alt=\"IMG_0288\" width=\"300\" height=\"225\" srcset=\"https:\/\/wp.kristdemokraterna.se\/sundbyberg\/files\/2016\/03\/img_0288-300x225.jpg 300w, https:\/\/wp.kristdemokraterna.se\/sundbyberg\/files\/2016\/03\/img_0288-768x576.jpg 768w, https:\/\/wp.kristdemokraterna.se\/sundbyberg\/files\/2016\/03\/img_0288-1024x768.jpg 1024w, https:\/\/wp.kristdemokraterna.se\/sundbyberg\/files\/2016\/03\/img_0288-461x346.jpg 461w, https:\/\/wp.kristdemokraterna.se\/sundbyberg\/files\/2016\/03\/img_0288-149x112.jpg 149w\" sizes=\"auto, (max-width: 300px) 100vw, 300px\" \/><\/a><p id=\"caption-attachment-331\" class=\"wp-caption-text\">Ett smash-and-grab inbrott i Coops butik i Hallonbergen. Vi beh\u00f6ver b\u00e4ttre trygghet!<\/p><\/div>\n<p>Vi n\u00e5s hela tiden av nyheter om st\u00f6lder, r\u00e5n och \u00f6verfall. En av politikens viktigaste uppgifter \u00e4r att se till att vanliga m\u00e4nniskor kan k\u00e4nna sig trygga n\u00e4r de g\u00e5r till arbetet eller r\u00f6r sig i bostadsomr\u00e5det p\u00e5 fritiden. S\u00e5 k\u00e4nner inte m\u00e5nga idag.\u00a0Vi Kristdemokrater har under m\u00e5nga \u00e5r arbetat f\u00f6r en vi ska f\u00e5 en trygghetsbil i Sundbyberg. Det \u00e4r en utveckling av konceptet Grannsamverkan och finns i n\u00e5gra kommuner i Storstockholm.<\/p>\n<p>Trygghetsbilen bemannas av volont\u00e4rer, ideella krafter. Genom att iaktta, rapportera och g\u00f6ra insatser ska vi f\u00f6rhindra brott och skapa trygghet i v\u00e5ra bostadsomr\u00e5den. Genom att k\u00f6ra, st\u00f6ra och g\u00f6ra insatser som att informera, prata med boende, st\u00f6dja polisens och kommunens insatser f\u00e5r vi tryggare bostadsomr\u00e5den.<\/p>\n<p>Nu har den Gr\u00f6nbl\u00e5 majoriteten beslutat att prioritera trygghetsfr\u00e5gorna i \u00e5rets budget. En trygghetsbil i Sundbyberg tycker vi vore ett bra s\u00e4tt att f\u00f6rb\u00e4ttra tryggheten i staden<\/p>\n","protected":false},"excerpt":{"rendered":"<p>Vi n\u00e5s hela tiden av nyheter om st\u00f6lder, r\u00e5n och \u00f6verfall. En av politikens viktigaste uppgifter \u00e4r att se till att vanliga m\u00e4nniskor kan k\u00e4nna sig trygga n\u00e4r de g\u00e5r till arbetet eller r\u00f6r sig i bostadsomr\u00e5det p\u00e5 fritiden. S\u00e5 k\u00e4nner inte m\u00e5nga idag.\u00a0Vi Kristdemokrater har under m\u00e5nga \u00e5r arbetat f\u00f6r en vi ska f\u00e5 <a class=\"read-more-link\" href=\"https:\/\/wp.kristdemokraterna.se\/sundbyberg\/2016\/03\/01\/trygghetsbil-till-sundbyberg\/\">Read More<\/a><\/p>\n","protected":false},"author":611,"featured_media":0,"comment_status":"closed","ping_status":"closed","sticky":false,"template":"","format":"standard","meta":{"_acf_changed":false,"footnotes":""},"categories":[1],"tags":[],"class_list":["post-328","post","type-post","status-publish","format-standard","hentry","category-inlagg"],"acf":[],"yoast_head":"<!-- This site is optimized with the Yoast SEO plugin v27.4 - https:\/\/yoast.com\/product\/yoast-seo-wordpress\/ -->\n<title>Trygghetsbil till Sundbyberg - Sundbyberg<\/title>\n<meta name=\"robots\" content=\"index, follow, max-snippet:-1, max-image-preview:large, max-video-preview:-1\" \/>\n<link rel=\"canonical\" href=\"https:\/\/wp.kristdemokraterna.se\/sundbyberg\/2016\/03\/01\/trygghetsbil-till-sundbyberg\/\" \/>\n<meta property=\"og:locale\" content=\"sv_SE\" \/>\n<meta property=\"og:type\" content=\"article\" \/>\n<meta property=\"og:title\" content=\"Trygghetsbil till Sundbyberg - Sundbyberg\" \/>\n<meta property=\"og:description\" content=\"Vi n\u00e5s hela tiden av nyheter om st\u00f6lder, r\u00e5n och \u00f6verfall. En av politikens viktigaste uppgifter \u00e4r att se till att vanliga m\u00e4nniskor kan k\u00e4nna sig trygga n\u00e4r de g\u00e5r till arbetet eller r\u00f6r sig i bostadsomr\u00e5det p\u00e5 fritiden. S\u00e5 k\u00e4nner inte m\u00e5nga idag.\u00a0Vi Kristdemokrater har under m\u00e5nga \u00e5r arbetat f\u00f6r en vi ska f\u00e5 Read More\" \/>\n<meta property=\"og:url\" content=\"https:\/\/wp.kristdemokraterna.se\/sundbyberg\/2016\/03\/01\/trygghetsbil-till-sundbyberg\/\" \/>\n<meta property=\"og:site_name\" content=\"Sundbyberg\" \/>\n<meta property=\"article:published_time\" content=\"2016-03-01T13:09:04+00:00\" \/>\n<meta property=\"article:modified_time\" content=\"2016-03-08T14:05:40+00:00\" \/>\n<meta property=\"og:image\" content=\"http:\/\/wp.kristdemokraterna.se\/sundbyberg\/files\/2016\/03\/img_0288-300x225.jpg\" \/>\n<meta name=\"author\" content=\"sundbyberg\" \/>\n<meta name=\"twitter:card\" content=\"summary_large_image\" \/>\n<meta name=\"twitter:label1\" content=\"Skriven av\" \/>\n\t<meta name=\"twitter:data1\" content=\"sundbyberg\" \/>\n\t<meta name=\"twitter:label2\" content=\"Ber\u00e4knad l\u00e4stid\" \/>\n\t<meta name=\"twitter:data2\" content=\"1 minut\" \/>\n<script type=\"application\/ld+json\" class=\"yoast-schema-graph\">{\"@context\":\"https:\\\/\\\/schema.org\",\"@graph\":[{\"@type\":\"Article\",\"@id\":\"https:\\\/\\\/wp.kristdemokraterna.se\\\/sundbyberg\\\/2016\\\/03\\\/01\\\/trygghetsbil-till-sundbyberg\\\/#article\",\"isPartOf\":{\"@id\":\"https:\\\/\\\/wp.kristdemokraterna.se\\\/sundbyberg\\\/2016\\\/03\\\/01\\\/trygghetsbil-till-sundbyberg\\\/\"},\"author\":{\"name\":\"sundbyberg\",\"@id\":\"https:\\\/\\\/wp.kristdemokraterna.se\\\/sundbyberg\\\/#\\\/schema\\\/person\\\/eec81caa0b56f396fe2e25427db6db7e\"},\"headline\":\"Trygghetsbil till Sundbyberg\",\"datePublished\":\"2016-03-01T13:09:04+00:00\",\"dateModified\":\"2016-03-08T14:05:40+00:00\",\"mainEntityOfPage\":{\"@id\":\"https:\\\/\\\/wp.kristdemokraterna.se\\\/sundbyberg\\\/2016\\\/03\\\/01\\\/trygghetsbil-till-sundbyberg\\\/\"},\"wordCount\":200,\"image\":{\"@id\":\"https:\\\/\\\/wp.kristdemokraterna.se\\\/sundbyberg\\\/2016\\\/03\\\/01\\\/trygghetsbil-till-sundbyberg\\\/#primaryimage\"},\"thumbnailUrl\":\"http:\\\/\\\/wp.kristdemokraterna.se\\\/sundbyberg\\\/files\\\/2016\\\/03\\\/img_0288-300x225.jpg\",\"articleSection\":[\"Inl\u00e4gg\"],\"inLanguage\":\"sv-SE\"},{\"@type\":\"WebPage\",\"@id\":\"https:\\\/\\\/wp.kristdemokraterna.se\\\/sundbyberg\\\/2016\\\/03\\\/01\\\/trygghetsbil-till-sundbyberg\\\/\",\"url\":\"https:\\\/\\\/wp.kristdemokraterna.se\\\/sundbyberg\\\/2016\\\/03\\\/01\\\/trygghetsbil-till-sundbyberg\\\/\",\"name\":\"Trygghetsbil till Sundbyberg - Sundbyberg\",\"isPartOf\":{\"@id\":\"https:\\\/\\\/wp.kristdemokraterna.se\\\/sundbyberg\\\/#website\"},\"primaryImageOfPage\":{\"@id\":\"https:\\\/\\\/wp.kristdemokraterna.se\\\/sundbyberg\\\/2016\\\/03\\\/01\\\/trygghetsbil-till-sundbyberg\\\/#primaryimage\"},\"image\":{\"@id\":\"https:\\\/\\\/wp.kristdemokraterna.se\\\/sundbyberg\\\/2016\\\/03\\\/01\\\/trygghetsbil-till-sundbyberg\\\/#primaryimage\"},\"thumbnailUrl\":\"http:\\\/\\\/wp.kristdemokraterna.se\\\/sundbyberg\\\/files\\\/2016\\\/03\\\/img_0288-300x225.jpg\",\"datePublished\":\"2016-03-01T13:09:04+00:00\",\"dateModified\":\"2016-03-08T14:05:40+00:00\",\"author\":{\"@id\":\"https:\\\/\\\/wp.kristdemokraterna.se\\\/sundbyberg\\\/#\\\/schema\\\/person\\\/eec81caa0b56f396fe2e25427db6db7e\"},\"breadcrumb\":{\"@id\":\"https:\\\/\\\/wp.kristdemokraterna.se\\\/sundbyberg\\\/2016\\\/03\\\/01\\\/trygghetsbil-till-sundbyberg\\\/#breadcrumb\"},\"inLanguage\":\"sv-SE\",\"potentialAction\":[{\"@type\":\"ReadAction\",\"target\":[\"https:\\\/\\\/wp.kristdemokraterna.se\\\/sundbyberg\\\/2016\\\/03\\\/01\\\/trygghetsbil-till-sundbyberg\\\/\"]}]},{\"@type\":\"ImageObject\",\"inLanguage\":\"sv-SE\",\"@id\":\"https:\\\/\\\/wp.kristdemokraterna.se\\\/sundbyberg\\\/2016\\\/03\\\/01\\\/trygghetsbil-till-sundbyberg\\\/#primaryimage\",\"url\":\"https:\\\/\\\/wp.kristdemokraterna.se\\\/sundbyberg\\\/files\\\/2016\\\/03\\\/img_0288.jpg\",\"contentUrl\":\"https:\\\/\\\/wp.kristdemokraterna.se\\\/sundbyberg\\\/files\\\/2016\\\/03\\\/img_0288.jpg\",\"width\":3264,\"height\":2448},{\"@type\":\"BreadcrumbList\",\"@id\":\"https:\\\/\\\/wp.kristdemokraterna.se\\\/sundbyberg\\\/2016\\\/03\\\/01\\\/trygghetsbil-till-sundbyberg\\\/#breadcrumb\",\"itemListElement\":[{\"@type\":\"ListItem\",\"position\":1,\"name\":\"Hem\",\"item\":\"https:\\\/\\\/wp.kristdemokraterna.se\\\/sundbyberg\\\/\"},{\"@type\":\"ListItem\",\"position\":2,\"name\":\"Trygghetsbil till Sundbyberg\"}]},{\"@type\":\"WebSite\",\"@id\":\"https:\\\/\\\/wp.kristdemokraterna.se\\\/sundbyberg\\\/#website\",\"url\":\"https:\\\/\\\/wp.kristdemokraterna.se\\\/sundbyberg\\\/\",\"name\":\"Sundbyberg\",\"description\":\"En till Kristdemokraterna webbplats\",\"inLanguage\":\"sv-SE\"},{\"@type\":\"Person\",\"@id\":\"https:\\\/\\\/wp.kristdemokraterna.se\\\/sundbyberg\\\/#\\\/schema\\\/person\\\/eec81caa0b56f396fe2e25427db6db7e\",\"name\":\"sundbyberg\",\"image\":{\"@type\":\"ImageObject\",\"inLanguage\":\"sv-SE\",\"@id\":\"https:\\\/\\\/secure.gravatar.com\\\/avatar\\\/196349f3642b0c87b871f936ab42c728ec5cbfc302876051139652ddbecb4bf8?s=96&d=mm&r=g\",\"url\":\"https:\\\/\\\/secure.gravatar.com\\\/avatar\\\/196349f3642b0c87b871f936ab42c728ec5cbfc302876051139652ddbecb4bf8?s=96&d=mm&r=g\",\"contentUrl\":\"https:\\\/\\\/secure.gravatar.com\\\/avatar\\\/196349f3642b0c87b871f936ab42c728ec5cbfc302876051139652ddbecb4bf8?s=96&d=mm&r=g\",\"caption\":\"sundbyberg\"},\"url\":\"https:\\\/\\\/wp.kristdemokraterna.se\\\/sundbyberg\\\/author\\\/sundbyberg\\\/\"}]}<\/script>\n<!-- \/ Yoast SEO plugin. -->","yoast_head_json":{"title":"Trygghetsbil till Sundbyberg - Sundbyberg","robots":{"index":"index","follow":"follow","max-snippet":"max-snippet:-1","max-image-preview":"max-image-preview:large","max-video-preview":"max-video-preview:-1"},"canonical":"https:\/\/wp.kristdemokraterna.se\/sundbyberg\/2016\/03\/01\/trygghetsbil-till-sundbyberg\/","og_locale":"sv_SE","og_type":"article","og_title":"Trygghetsbil till Sundbyberg - Sundbyberg","og_description":"Vi n\u00e5s hela tiden av nyheter om st\u00f6lder, r\u00e5n och \u00f6verfall. En av politikens viktigaste uppgifter \u00e4r att se till att vanliga m\u00e4nniskor kan k\u00e4nna sig trygga n\u00e4r de g\u00e5r till arbetet eller r\u00f6r sig i bostadsomr\u00e5det p\u00e5 fritiden. S\u00e5 k\u00e4nner inte m\u00e5nga idag.\u00a0Vi Kristdemokrater har under m\u00e5nga \u00e5r arbetat f\u00f6r en vi ska f\u00e5 Read More","og_url":"https:\/\/wp.kristdemokraterna.se\/sundbyberg\/2016\/03\/01\/trygghetsbil-till-sundbyberg\/","og_site_name":"Sundbyberg","article_published_time":"2016-03-01T13:09:04+00:00","article_modified_time":"2016-03-08T14:05:40+00:00","og_image":[{"url":"http:\/\/wp.kristdemokraterna.se\/sundbyberg\/files\/2016\/03\/img_0288-300x225.jpg","type":"","width":"","height":""}],"author":"sundbyberg","twitter_card":"summary_large_image","twitter_misc":{"Skriven av":"sundbyberg","Ber\u00e4knad l\u00e4stid":"1 minut"},"schema":{"@context":"https:\/\/schema.org","@graph":[{"@type":"Article","@id":"https:\/\/wp.kristdemokraterna.se\/sundbyberg\/2016\/03\/01\/trygghetsbil-till-sundbyberg\/#article","isPartOf":{"@id":"https:\/\/wp.kristdemokraterna.se\/sundbyberg\/2016\/03\/01\/trygghetsbil-till-sundbyberg\/"},"author":{"name":"sundbyberg","@id":"https:\/\/wp.kristdemokraterna.se\/sundbyberg\/#\/schema\/person\/eec81caa0b56f396fe2e25427db6db7e"},"headline":"Trygghetsbil till Sundbyberg","datePublished":"2016-03-01T13:09:04+00:00","dateModified":"2016-03-08T14:05:40+00:00","mainEntityOfPage":{"@id":"https:\/\/wp.kristdemokraterna.se\/sundbyberg\/2016\/03\/01\/trygghetsbil-till-sundbyberg\/"},"wordCount":200,"image":{"@id":"https:\/\/wp.kristdemokraterna.se\/sundbyberg\/2016\/03\/01\/trygghetsbil-till-sundbyberg\/#primaryimage"},"thumbnailUrl":"http:\/\/wp.kristdemokraterna.se\/sundbyberg\/files\/2016\/03\/img_0288-300x225.jpg","articleSection":["Inl\u00e4gg"],"inLanguage":"sv-SE"},{"@type":"WebPage","@id":"https:\/\/wp.kristdemokraterna.se\/sundbyberg\/2016\/03\/01\/trygghetsbil-till-sundbyberg\/","url":"https:\/\/wp.kristdemokraterna.se\/sundbyberg\/2016\/03\/01\/trygghetsbil-till-sundbyberg\/","name":"Trygghetsbil till Sundbyberg - Sundbyberg","isPartOf":{"@id":"https:\/\/wp.kristdemokraterna.se\/sundbyberg\/#website"},"primaryImageOfPage":{"@id":"https:\/\/wp.kristdemokraterna.se\/sundbyberg\/2016\/03\/01\/trygghetsbil-till-sundbyberg\/#primaryimage"},"image":{"@id":"https:\/\/wp.kristdemokraterna.se\/sundbyberg\/2016\/03\/01\/trygghetsbil-till-sundbyberg\/#primaryimage"},"thumbnailUrl":"http:\/\/wp.kristdemokraterna.se\/sundbyberg\/files\/2016\/03\/img_0288-300x225.jpg","datePublished":"2016-03-01T13:09:04+00:00","dateModified":"2016-03-08T14:05:40+00:00","author":{"@id":"https:\/\/wp.kristdemokraterna.se\/sundbyberg\/#\/schema\/person\/eec81caa0b56f396fe2e25427db6db7e"},"breadcrumb":{"@id":"https:\/\/wp.kristdemokraterna.se\/sundbyberg\/2016\/03\/01\/trygghetsbil-till-sundbyberg\/#breadcrumb"},"inLanguage":"sv-SE","potentialAction":[{"@type":"ReadAction","target":["https:\/\/wp.kristdemokraterna.se\/sundbyberg\/2016\/03\/01\/trygghetsbil-till-sundbyberg\/"]}]},{"@type":"ImageObject","inLanguage":"sv-SE","@id":"https:\/\/wp.kristdemokraterna.se\/sundbyberg\/2016\/03\/01\/trygghetsbil-till-sundbyberg\/#primaryimage","url":"https:\/\/wp.kristdemokraterna.se\/sundbyberg\/files\/2016\/03\/img_0288.jpg","contentUrl":"https:\/\/wp.kristdemokraterna.se\/sundbyberg\/files\/2016\/03\/img_0288.jpg","width":3264,"height":2448},{"@type":"BreadcrumbList","@id":"https:\/\/wp.kristdemokraterna.se\/sundbyberg\/2016\/03\/01\/trygghetsbil-till-sundbyberg\/#breadcrumb","itemListElement":[{"@type":"ListItem","position":1,"name":"Hem","item":"https:\/\/wp.kristdemokraterna.se\/sundbyberg\/"},{"@type":"ListItem","position":2,"name":"Trygghetsbil till Sundbyberg"}]},{"@type":"WebSite","@id":"https:\/\/wp.kristdemokraterna.se\/sundbyberg\/#website","url":"https:\/\/wp.kristdemokraterna.se\/sundbyberg\/","name":"Sundbyberg","description":"En till Kristdemokraterna webbplats","inLanguage":"sv-SE"},{"@type":"Person","@id":"https:\/\/wp.kristdemokraterna.se\/sundbyberg\/#\/schema\/person\/eec81caa0b56f396fe2e25427db6db7e","name":"sundbyberg","image":{"@type":"ImageObject","inLanguage":"sv-SE","@id":"https:\/\/secure.gravatar.com\/avatar\/196349f3642b0c87b871f936ab42c728ec5cbfc302876051139652ddbecb4bf8?s=96&d=mm&r=g","url":"https:\/\/secure.gravatar.com\/avatar\/196349f3642b0c87b871f936ab42c728ec5cbfc302876051139652ddbecb4bf8?s=96&d=mm&r=g","contentUrl":"https:\/\/secure.gravatar.com\/avatar\/196349f3642b0c87b871f936ab42c728ec5cbfc302876051139652ddbecb4bf8?s=96&d=mm&r=g","caption":"sundbyberg"},"url":"https:\/\/wp.kristdemokraterna.se\/sundbyberg\/author\/sundbyberg\/"}]}},"_links":{"self":[{"href":"https:\/\/wp.kristdemokraterna.se\/sundbyberg\/wp-json\/wp\/v2\/posts\/328","targetHints":{"allow":["GET"]}}],"collection":[{"href":"https:\/\/wp.kristdemokraterna.se\/sundbyberg\/wp-json\/wp\/v2\/posts"}],"about":[{"href":"https:\/\/wp.kristdemokraterna.se\/sundbyberg\/wp-json\/wp\/v2\/types\/post"}],"author":[{"embeddable":true,"href":"https:\/\/wp.kristdemokraterna.se\/sundbyberg\/wp-json\/wp\/v2\/users\/611"}],"replies":[{"embeddable":true,"href":"https:\/\/wp.kristdemokraterna.se\/sundbyberg\/wp-json\/wp\/v2\/comments?post=328"}],"version-history":[{"count":4,"href":"https:\/\/wp.kristdemokraterna.se\/sundbyberg\/wp-json\/wp\/v2\/posts\/328\/revisions"}],"predecessor-version":[{"id":334,"href":"https:\/\/wp.kristdemokraterna.se\/sundbyberg\/wp-json\/wp\/v2\/posts\/328\/revisions\/334"}],"wp:attachment":[{"href":"https:\/\/wp.kristdemokraterna.se\/sundbyberg\/wp-json\/wp\/v2\/media?parent=328"}],"wp:term":[{"taxonomy":"category","embeddable":true,"href":"https:\/\/wp.kristdemokraterna.se\/sundbyberg\/wp-json\/wp\/v2\/categories?post=328"},{"taxonomy":"post_tag","embeddable":true,"href":"https:\/\/wp.kristdemokraterna.se\/sundbyberg\/wp-json\/wp\/v2\/tags?post=328"}],"curies":[{"name":"wp","href":"https:\/\/api.w.org\/{rel}","templated":true}]}}