{"id":473,"date":"2017-04-21T10:44:55","date_gmt":"2017-04-21T08:44:55","guid":{"rendered":"http:\/\/wp.kristdemokraterna.se\/sundbyberg\/?p=473"},"modified":"2017-04-21T10:44:55","modified_gmt":"2017-04-21T08:44:55","slug":"nystart-for-sturegatan","status":"publish","type":"post","link":"https:\/\/wp.kristdemokraterna.se\/sundbyberg\/2017\/04\/21\/nystart-for-sturegatan\/","title":{"rendered":"Nystart f\u00f6r Sturegatan"},"content":{"rendered":"<p>Sundbybergs stad s\u00f6ker nu partnerskap med l\u00e5ngsiktiga, nationellt verksamma, hyresv\u00e4rdar som tillsammans med staden vill ta ansvar f\u00f6r Sturegatans utveckling. De ska, med hj\u00e4lp av sitt aff\u00e4rsn\u00e4tverk, locka k\u00e4nda varum\u00e4rken men beh\u00e5lla de unika butiksinslag som ger omr\u00e5det dess charm och l\u00e5ta Sturegatan uppleva sin fulla potential som aff\u00e4rsgata och bostadsomr\u00e5de\u201d, s\u00e4ger Maria Bohman Kreij (KD), kommunalr\u00e5d.<a href=\"http:\/\/wp.kristdemokraterna.se\/sundbyberg\/files\/2017\/04\/unnamed-1.jpg\"><img loading=\"lazy\" decoding=\"async\" class=\"alignnone size-large wp-image-474\" src=\"http:\/\/wp.kristdemokraterna.se\/sundbyberg\/files\/2017\/04\/unnamed-1-1024x550.jpg\" alt=\"\" width=\"584\" height=\"314\" srcset=\"https:\/\/wp.kristdemokraterna.se\/sundbyberg\/files\/2017\/04\/unnamed-1-1024x550.jpg 1024w, https:\/\/wp.kristdemokraterna.se\/sundbyberg\/files\/2017\/04\/unnamed-1-300x161.jpg 300w, https:\/\/wp.kristdemokraterna.se\/sundbyberg\/files\/2017\/04\/unnamed-1-768x413.jpg 768w, https:\/\/wp.kristdemokraterna.se\/sundbyberg\/files\/2017\/04\/unnamed-1-576x309.jpg 576w, https:\/\/wp.kristdemokraterna.se\/sundbyberg\/files\/2017\/04\/unnamed-1-186x100.jpg 186w, https:\/\/wp.kristdemokraterna.se\/sundbyberg\/files\/2017\/04\/unnamed-1.jpg 2048w\" sizes=\"auto, (max-width: 584px) 100vw, 584px\" \/><\/a> <a href=\"http:\/\/wp.kristdemokraterna.se\/sundbyberg\/files\/2017\/04\/unnamed.jpg\"><img loading=\"lazy\" decoding=\"async\" class=\"alignnone size-large wp-image-475\" src=\"http:\/\/wp.kristdemokraterna.se\/sundbyberg\/files\/2017\/04\/unnamed-1024x768.jpg\" alt=\"\" width=\"584\" height=\"438\" srcset=\"https:\/\/wp.kristdemokraterna.se\/sundbyberg\/files\/2017\/04\/unnamed-1024x768.jpg 1024w, https:\/\/wp.kristdemokraterna.se\/sundbyberg\/files\/2017\/04\/unnamed-300x225.jpg 300w, https:\/\/wp.kristdemokraterna.se\/sundbyberg\/files\/2017\/04\/unnamed-768x576.jpg 768w, https:\/\/wp.kristdemokraterna.se\/sundbyberg\/files\/2017\/04\/unnamed-461x346.jpg 461w, https:\/\/wp.kristdemokraterna.se\/sundbyberg\/files\/2017\/04\/unnamed-149x112.jpg 149w, https:\/\/wp.kristdemokraterna.se\/sundbyberg\/files\/2017\/04\/unnamed.jpg 2000w\" sizes=\"auto, (max-width: 584px) 100vw, 584px\" \/><\/a><\/p>\n","protected":false},"excerpt":{"rendered":"<p>Sundbybergs stad s\u00f6ker nu partnerskap med l\u00e5ngsiktiga, nationellt verksamma, hyresv\u00e4rdar som tillsammans med staden vill ta ansvar f\u00f6r Sturegatans utveckling. De ska, med hj\u00e4lp av sitt aff\u00e4rsn\u00e4tverk, locka k\u00e4nda varum\u00e4rken men beh\u00e5lla de unika butiksinslag som ger omr\u00e5det dess charm och l\u00e5ta Sturegatan uppleva sin fulla potential som aff\u00e4rsgata och bostadsomr\u00e5de\u201d, s\u00e4ger Maria Bohman Kreij <a class=\"read-more-link\" href=\"https:\/\/wp.kristdemokraterna.se\/sundbyberg\/2017\/04\/21\/nystart-for-sturegatan\/\">Read More<\/a><\/p>\n","protected":false},"author":611,"featured_media":0,"comment_status":"closed","ping_status":"closed","sticky":false,"template":"","format":"standard","meta":{"_acf_changed":false,"footnotes":""},"categories":[1],"tags":[],"class_list":["post-473","post","type-post","status-publish","format-standard","hentry","category-inlagg"],"acf":[],"yoast_head":"<!-- This site is optimized with the Yoast SEO plugin v27.4 - https:\/\/yoast.com\/product\/yoast-seo-wordpress\/ -->\n<title>Nystart f\u00f6r Sturegatan - Sundbyberg<\/title>\n<meta name=\"robots\" content=\"index, follow, max-snippet:-1, max-image-preview:large, max-video-preview:-1\" \/>\n<link rel=\"canonical\" href=\"https:\/\/wp.kristdemokraterna.se\/sundbyberg\/2017\/04\/21\/nystart-for-sturegatan\/\" \/>\n<meta property=\"og:locale\" content=\"sv_SE\" \/>\n<meta property=\"og:type\" content=\"article\" \/>\n<meta property=\"og:title\" content=\"Nystart f\u00f6r Sturegatan - Sundbyberg\" \/>\n<meta property=\"og:description\" content=\"Sundbybergs stad s\u00f6ker nu partnerskap med l\u00e5ngsiktiga, nationellt verksamma, hyresv\u00e4rdar som tillsammans med staden vill ta ansvar f\u00f6r Sturegatans utveckling. De ska, med hj\u00e4lp av sitt aff\u00e4rsn\u00e4tverk, locka k\u00e4nda varum\u00e4rken men beh\u00e5lla de unika butiksinslag som ger omr\u00e5det dess charm och l\u00e5ta Sturegatan uppleva sin fulla potential som aff\u00e4rsgata och bostadsomr\u00e5de\u201d, s\u00e4ger Maria Bohman Kreij Read More\" \/>\n<meta property=\"og:url\" content=\"https:\/\/wp.kristdemokraterna.se\/sundbyberg\/2017\/04\/21\/nystart-for-sturegatan\/\" \/>\n<meta property=\"og:site_name\" content=\"Sundbyberg\" \/>\n<meta property=\"article:published_time\" content=\"2017-04-21T08:44:55+00:00\" \/>\n<meta property=\"og:image\" content=\"http:\/\/wp.kristdemokraterna.se\/sundbyberg\/files\/2017\/04\/unnamed-1-1024x550.jpg\" \/>\n<meta name=\"author\" content=\"sundbyberg\" \/>\n<meta name=\"twitter:card\" content=\"summary_large_image\" \/>\n<meta name=\"twitter:label1\" content=\"Skriven av\" \/>\n\t<meta name=\"twitter:data1\" content=\"sundbyberg\" \/>\n<script type=\"application\/ld+json\" class=\"yoast-schema-graph\">{\"@context\":\"https:\\\/\\\/schema.org\",\"@graph\":[{\"@type\":\"Article\",\"@id\":\"https:\\\/\\\/wp.kristdemokraterna.se\\\/sundbyberg\\\/2017\\\/04\\\/21\\\/nystart-for-sturegatan\\\/#article\",\"isPartOf\":{\"@id\":\"https:\\\/\\\/wp.kristdemokraterna.se\\\/sundbyberg\\\/2017\\\/04\\\/21\\\/nystart-for-sturegatan\\\/\"},\"author\":{\"name\":\"sundbyberg\",\"@id\":\"https:\\\/\\\/wp.kristdemokraterna.se\\\/sundbyberg\\\/#\\\/schema\\\/person\\\/eec81caa0b56f396fe2e25427db6db7e\"},\"headline\":\"Nystart f\u00f6r Sturegatan\",\"datePublished\":\"2017-04-21T08:44:55+00:00\",\"mainEntityOfPage\":{\"@id\":\"https:\\\/\\\/wp.kristdemokraterna.se\\\/sundbyberg\\\/2017\\\/04\\\/21\\\/nystart-for-sturegatan\\\/\"},\"wordCount\":77,\"image\":{\"@id\":\"https:\\\/\\\/wp.kristdemokraterna.se\\\/sundbyberg\\\/2017\\\/04\\\/21\\\/nystart-for-sturegatan\\\/#primaryimage\"},\"thumbnailUrl\":\"http:\\\/\\\/wp.kristdemokraterna.se\\\/sundbyberg\\\/files\\\/2017\\\/04\\\/unnamed-1-1024x550.jpg\",\"articleSection\":[\"Inl\u00e4gg\"],\"inLanguage\":\"sv-SE\"},{\"@type\":\"WebPage\",\"@id\":\"https:\\\/\\\/wp.kristdemokraterna.se\\\/sundbyberg\\\/2017\\\/04\\\/21\\\/nystart-for-sturegatan\\\/\",\"url\":\"https:\\\/\\\/wp.kristdemokraterna.se\\\/sundbyberg\\\/2017\\\/04\\\/21\\\/nystart-for-sturegatan\\\/\",\"name\":\"Nystart f\u00f6r Sturegatan - Sundbyberg\",\"isPartOf\":{\"@id\":\"https:\\\/\\\/wp.kristdemokraterna.se\\\/sundbyberg\\\/#website\"},\"primaryImageOfPage\":{\"@id\":\"https:\\\/\\\/wp.kristdemokraterna.se\\\/sundbyberg\\\/2017\\\/04\\\/21\\\/nystart-for-sturegatan\\\/#primaryimage\"},\"image\":{\"@id\":\"https:\\\/\\\/wp.kristdemokraterna.se\\\/sundbyberg\\\/2017\\\/04\\\/21\\\/nystart-for-sturegatan\\\/#primaryimage\"},\"thumbnailUrl\":\"http:\\\/\\\/wp.kristdemokraterna.se\\\/sundbyberg\\\/files\\\/2017\\\/04\\\/unnamed-1-1024x550.jpg\",\"datePublished\":\"2017-04-21T08:44:55+00:00\",\"author\":{\"@id\":\"https:\\\/\\\/wp.kristdemokraterna.se\\\/sundbyberg\\\/#\\\/schema\\\/person\\\/eec81caa0b56f396fe2e25427db6db7e\"},\"breadcrumb\":{\"@id\":\"https:\\\/\\\/wp.kristdemokraterna.se\\\/sundbyberg\\\/2017\\\/04\\\/21\\\/nystart-for-sturegatan\\\/#breadcrumb\"},\"inLanguage\":\"sv-SE\",\"potentialAction\":[{\"@type\":\"ReadAction\",\"target\":[\"https:\\\/\\\/wp.kristdemokraterna.se\\\/sundbyberg\\\/2017\\\/04\\\/21\\\/nystart-for-sturegatan\\\/\"]}]},{\"@type\":\"ImageObject\",\"inLanguage\":\"sv-SE\",\"@id\":\"https:\\\/\\\/wp.kristdemokraterna.se\\\/sundbyberg\\\/2017\\\/04\\\/21\\\/nystart-for-sturegatan\\\/#primaryimage\",\"url\":\"https:\\\/\\\/wp.kristdemokraterna.se\\\/sundbyberg\\\/files\\\/2017\\\/04\\\/unnamed-1.jpg\",\"contentUrl\":\"https:\\\/\\\/wp.kristdemokraterna.se\\\/sundbyberg\\\/files\\\/2017\\\/04\\\/unnamed-1.jpg\",\"width\":2048,\"height\":1100},{\"@type\":\"BreadcrumbList\",\"@id\":\"https:\\\/\\\/wp.kristdemokraterna.se\\\/sundbyberg\\\/2017\\\/04\\\/21\\\/nystart-for-sturegatan\\\/#breadcrumb\",\"itemListElement\":[{\"@type\":\"ListItem\",\"position\":1,\"name\":\"Hem\",\"item\":\"https:\\\/\\\/wp.kristdemokraterna.se\\\/sundbyberg\\\/\"},{\"@type\":\"ListItem\",\"position\":2,\"name\":\"Nystart f\u00f6r Sturegatan\"}]},{\"@type\":\"WebSite\",\"@id\":\"https:\\\/\\\/wp.kristdemokraterna.se\\\/sundbyberg\\\/#website\",\"url\":\"https:\\\/\\\/wp.kristdemokraterna.se\\\/sundbyberg\\\/\",\"name\":\"Sundbyberg\",\"description\":\"En till Kristdemokraterna webbplats\",\"inLanguage\":\"sv-SE\"},{\"@type\":\"Person\",\"@id\":\"https:\\\/\\\/wp.kristdemokraterna.se\\\/sundbyberg\\\/#\\\/schema\\\/person\\\/eec81caa0b56f396fe2e25427db6db7e\",\"name\":\"sundbyberg\",\"image\":{\"@type\":\"ImageObject\",\"inLanguage\":\"sv-SE\",\"@id\":\"https:\\\/\\\/secure.gravatar.com\\\/avatar\\\/196349f3642b0c87b871f936ab42c728ec5cbfc302876051139652ddbecb4bf8?s=96&d=mm&r=g\",\"url\":\"https:\\\/\\\/secure.gravatar.com\\\/avatar\\\/196349f3642b0c87b871f936ab42c728ec5cbfc302876051139652ddbecb4bf8?s=96&d=mm&r=g\",\"contentUrl\":\"https:\\\/\\\/secure.gravatar.com\\\/avatar\\\/196349f3642b0c87b871f936ab42c728ec5cbfc302876051139652ddbecb4bf8?s=96&d=mm&r=g\",\"caption\":\"sundbyberg\"},\"url\":\"https:\\\/\\\/wp.kristdemokraterna.se\\\/sundbyberg\\\/author\\\/sundbyberg\\\/\"}]}<\/script>\n<!-- \/ Yoast SEO plugin. -->","yoast_head_json":{"title":"Nystart f\u00f6r Sturegatan - Sundbyberg","robots":{"index":"index","follow":"follow","max-snippet":"max-snippet:-1","max-image-preview":"max-image-preview:large","max-video-preview":"max-video-preview:-1"},"canonical":"https:\/\/wp.kristdemokraterna.se\/sundbyberg\/2017\/04\/21\/nystart-for-sturegatan\/","og_locale":"sv_SE","og_type":"article","og_title":"Nystart f\u00f6r Sturegatan - Sundbyberg","og_description":"Sundbybergs stad s\u00f6ker nu partnerskap med l\u00e5ngsiktiga, nationellt verksamma, hyresv\u00e4rdar som tillsammans med staden vill ta ansvar f\u00f6r Sturegatans utveckling. De ska, med hj\u00e4lp av sitt aff\u00e4rsn\u00e4tverk, locka k\u00e4nda varum\u00e4rken men beh\u00e5lla de unika butiksinslag som ger omr\u00e5det dess charm och l\u00e5ta Sturegatan uppleva sin fulla potential som aff\u00e4rsgata och bostadsomr\u00e5de\u201d, s\u00e4ger Maria Bohman Kreij Read More","og_url":"https:\/\/wp.kristdemokraterna.se\/sundbyberg\/2017\/04\/21\/nystart-for-sturegatan\/","og_site_name":"Sundbyberg","article_published_time":"2017-04-21T08:44:55+00:00","og_image":[{"url":"http:\/\/wp.kristdemokraterna.se\/sundbyberg\/files\/2017\/04\/unnamed-1-1024x550.jpg","type":"","width":"","height":""}],"author":"sundbyberg","twitter_card":"summary_large_image","twitter_misc":{"Skriven av":"sundbyberg"},"schema":{"@context":"https:\/\/schema.org","@graph":[{"@type":"Article","@id":"https:\/\/wp.kristdemokraterna.se\/sundbyberg\/2017\/04\/21\/nystart-for-sturegatan\/#article","isPartOf":{"@id":"https:\/\/wp.kristdemokraterna.se\/sundbyberg\/2017\/04\/21\/nystart-for-sturegatan\/"},"author":{"name":"sundbyberg","@id":"https:\/\/wp.kristdemokraterna.se\/sundbyberg\/#\/schema\/person\/eec81caa0b56f396fe2e25427db6db7e"},"headline":"Nystart f\u00f6r Sturegatan","datePublished":"2017-04-21T08:44:55+00:00","mainEntityOfPage":{"@id":"https:\/\/wp.kristdemokraterna.se\/sundbyberg\/2017\/04\/21\/nystart-for-sturegatan\/"},"wordCount":77,"image":{"@id":"https:\/\/wp.kristdemokraterna.se\/sundbyberg\/2017\/04\/21\/nystart-for-sturegatan\/#primaryimage"},"thumbnailUrl":"http:\/\/wp.kristdemokraterna.se\/sundbyberg\/files\/2017\/04\/unnamed-1-1024x550.jpg","articleSection":["Inl\u00e4gg"],"inLanguage":"sv-SE"},{"@type":"WebPage","@id":"https:\/\/wp.kristdemokraterna.se\/sundbyberg\/2017\/04\/21\/nystart-for-sturegatan\/","url":"https:\/\/wp.kristdemokraterna.se\/sundbyberg\/2017\/04\/21\/nystart-for-sturegatan\/","name":"Nystart f\u00f6r Sturegatan - Sundbyberg","isPartOf":{"@id":"https:\/\/wp.kristdemokraterna.se\/sundbyberg\/#website"},"primaryImageOfPage":{"@id":"https:\/\/wp.kristdemokraterna.se\/sundbyberg\/2017\/04\/21\/nystart-for-sturegatan\/#primaryimage"},"image":{"@id":"https:\/\/wp.kristdemokraterna.se\/sundbyberg\/2017\/04\/21\/nystart-for-sturegatan\/#primaryimage"},"thumbnailUrl":"http:\/\/wp.kristdemokraterna.se\/sundbyberg\/files\/2017\/04\/unnamed-1-1024x550.jpg","datePublished":"2017-04-21T08:44:55+00:00","author":{"@id":"https:\/\/wp.kristdemokraterna.se\/sundbyberg\/#\/schema\/person\/eec81caa0b56f396fe2e25427db6db7e"},"breadcrumb":{"@id":"https:\/\/wp.kristdemokraterna.se\/sundbyberg\/2017\/04\/21\/nystart-for-sturegatan\/#breadcrumb"},"inLanguage":"sv-SE","potentialAction":[{"@type":"ReadAction","target":["https:\/\/wp.kristdemokraterna.se\/sundbyberg\/2017\/04\/21\/nystart-for-sturegatan\/"]}]},{"@type":"ImageObject","inLanguage":"sv-SE","@id":"https:\/\/wp.kristdemokraterna.se\/sundbyberg\/2017\/04\/21\/nystart-for-sturegatan\/#primaryimage","url":"https:\/\/wp.kristdemokraterna.se\/sundbyberg\/files\/2017\/04\/unnamed-1.jpg","contentUrl":"https:\/\/wp.kristdemokraterna.se\/sundbyberg\/files\/2017\/04\/unnamed-1.jpg","width":2048,"height":1100},{"@type":"BreadcrumbList","@id":"https:\/\/wp.kristdemokraterna.se\/sundbyberg\/2017\/04\/21\/nystart-for-sturegatan\/#breadcrumb","itemListElement":[{"@type":"ListItem","position":1,"name":"Hem","item":"https:\/\/wp.kristdemokraterna.se\/sundbyberg\/"},{"@type":"ListItem","position":2,"name":"Nystart f\u00f6r Sturegatan"}]},{"@type":"WebSite","@id":"https:\/\/wp.kristdemokraterna.se\/sundbyberg\/#website","url":"https:\/\/wp.kristdemokraterna.se\/sundbyberg\/","name":"Sundbyberg","description":"En till Kristdemokraterna webbplats","inLanguage":"sv-SE"},{"@type":"Person","@id":"https:\/\/wp.kristdemokraterna.se\/sundbyberg\/#\/schema\/person\/eec81caa0b56f396fe2e25427db6db7e","name":"sundbyberg","image":{"@type":"ImageObject","inLanguage":"sv-SE","@id":"https:\/\/secure.gravatar.com\/avatar\/196349f3642b0c87b871f936ab42c728ec5cbfc302876051139652ddbecb4bf8?s=96&d=mm&r=g","url":"https:\/\/secure.gravatar.com\/avatar\/196349f3642b0c87b871f936ab42c728ec5cbfc302876051139652ddbecb4bf8?s=96&d=mm&r=g","contentUrl":"https:\/\/secure.gravatar.com\/avatar\/196349f3642b0c87b871f936ab42c728ec5cbfc302876051139652ddbecb4bf8?s=96&d=mm&r=g","caption":"sundbyberg"},"url":"https:\/\/wp.kristdemokraterna.se\/sundbyberg\/author\/sundbyberg\/"}]}},"_links":{"self":[{"href":"https:\/\/wp.kristdemokraterna.se\/sundbyberg\/wp-json\/wp\/v2\/posts\/473","targetHints":{"allow":["GET"]}}],"collection":[{"href":"https:\/\/wp.kristdemokraterna.se\/sundbyberg\/wp-json\/wp\/v2\/posts"}],"about":[{"href":"https:\/\/wp.kristdemokraterna.se\/sundbyberg\/wp-json\/wp\/v2\/types\/post"}],"author":[{"embeddable":true,"href":"https:\/\/wp.kristdemokraterna.se\/sundbyberg\/wp-json\/wp\/v2\/users\/611"}],"replies":[{"embeddable":true,"href":"https:\/\/wp.kristdemokraterna.se\/sundbyberg\/wp-json\/wp\/v2\/comments?post=473"}],"version-history":[{"count":1,"href":"https:\/\/wp.kristdemokraterna.se\/sundbyberg\/wp-json\/wp\/v2\/posts\/473\/revisions"}],"predecessor-version":[{"id":476,"href":"https:\/\/wp.kristdemokraterna.se\/sundbyberg\/wp-json\/wp\/v2\/posts\/473\/revisions\/476"}],"wp:attachment":[{"href":"https:\/\/wp.kristdemokraterna.se\/sundbyberg\/wp-json\/wp\/v2\/media?parent=473"}],"wp:term":[{"taxonomy":"category","embeddable":true,"href":"https:\/\/wp.kristdemokraterna.se\/sundbyberg\/wp-json\/wp\/v2\/categories?post=473"},{"taxonomy":"post_tag","embeddable":true,"href":"https:\/\/wp.kristdemokraterna.se\/sundbyberg\/wp-json\/wp\/v2\/tags?post=473"}],"curies":[{"name":"wp","href":"https:\/\/api.w.org\/{rel}","templated":true}]}}