{"id":479,"date":"2017-04-28T13:40:01","date_gmt":"2017-04-28T11:40:01","guid":{"rendered":"http:\/\/wp.kristdemokraterna.se\/sundbyberg\/?p=479"},"modified":"2017-04-28T13:40:01","modified_gmt":"2017-04-28T11:40:01","slug":"nu-blir-det-battre-sarskilda-boenden","status":"publish","type":"post","link":"https:\/\/wp.kristdemokraterna.se\/sundbyberg\/2017\/04\/28\/nu-blir-det-battre-sarskilda-boenden\/","title":{"rendered":"Nu blir det b\u00e4ttre s\u00e4rskilda boenden"},"content":{"rendered":"<div><img loading=\"lazy\" decoding=\"async\" class=\"alignnone size-large wp-image-480\" src=\"http:\/\/wp.kristdemokraterna.se\/sundbyberg\/files\/2017\/04\/img_4475-1024x683.jpg\" alt=\"\" width=\"584\" height=\"390\" srcset=\"https:\/\/wp.kristdemokraterna.se\/sundbyberg\/files\/2017\/04\/img_4475-1024x683.jpg 1024w, https:\/\/wp.kristdemokraterna.se\/sundbyberg\/files\/2017\/04\/img_4475-300x200.jpg 300w, https:\/\/wp.kristdemokraterna.se\/sundbyberg\/files\/2017\/04\/img_4475-768x512.jpg 768w, https:\/\/wp.kristdemokraterna.se\/sundbyberg\/files\/2017\/04\/img_4475-519x346.jpg 519w, https:\/\/wp.kristdemokraterna.se\/sundbyberg\/files\/2017\/04\/img_4475-168x112.jpg 168w\" sizes=\"auto, (max-width: 584px) 100vw, 584px\" \/><\/div>\n<div>\u00c4ldren\u00e4mnden beslutade den 27 april om vad som ska g\u00e4lla f\u00f6r att f\u00e5 delta i upphandlingar med LOV, Lagen om valfrihetssystem, inom s\u00e4rskilt boende. Det nya j\u00e4mf\u00f6rt med dagens system LOU \u00e4r att utf\u00f6rarna \u00e4r garanterade ett fast pris. D\u00e4rf\u00f6r \u00e4r det alltid h\u00f6gst kvalitet som vinner och inte som idag, d\u00e5 l\u00e4gsta pris \u00e4r utslagsgivande. Detta kommer att h\u00f6ja kvalit\u00e9n inom s\u00e4rskilt boende p\u00e5 sikt, och vi kan agera mycket snabbare vid eventuella missf\u00f6rh\u00e5llanden.<\/div>\n<div><\/div>\n<div>Kort information om skillnader mellan LOV och LOU:<\/div>\n<div><\/div>\n<div>LOU<\/div>\n<div>\n<div>Fasta avtalstider med utf\u00f6rarna.<\/div>\n<div>Avtalat pris d\u00e4r l\u00e4gsta pris \u00e4r utslagsgivande.<\/div>\n<div>Stora upphandlingar<\/div>\n<div>Kostnad f\u00f6r platser enligt avtal<\/div>\n<div>Beviskrav och system med viten om kraven inte uppfylls<\/div>\n<\/div>\n<div><\/div>\n<div>LOV<br \/>\nM\u00f6jlighet att \u00e4ndra i avtalet hela tiden, vi kan \u00e4ndra och avsluta n\u00e4r som helst.<\/p>\n<div>Fast pris<\/div>\n<div>M\u00f6jlighet med avtal med ett f\u00e5tal platser, flexibelt.<\/div>\n<div>Kostnad f\u00f6r antal utnyttjade platser<\/div>\n<div>M\u00f6jlighet till att avsluta avtalet n\u00e4r som helst om vi bed\u00f6mer att kvalitetskraven inte uppfylls.<\/div>\n<div><\/div>\n<\/div>\n","protected":false},"excerpt":{"rendered":"<p>\u00c4ldren\u00e4mnden beslutade den 27 april om vad som ska g\u00e4lla f\u00f6r att f\u00e5 delta i upphandlingar med LOV, Lagen om valfrihetssystem, inom s\u00e4rskilt boende. Det nya j\u00e4mf\u00f6rt med dagens system LOU \u00e4r att utf\u00f6rarna \u00e4r garanterade ett fast pris. D\u00e4rf\u00f6r \u00e4r det alltid h\u00f6gst kvalitet som vinner och inte som idag, d\u00e5 l\u00e4gsta pris \u00e4r <a class=\"read-more-link\" href=\"https:\/\/wp.kristdemokraterna.se\/sundbyberg\/2017\/04\/28\/nu-blir-det-battre-sarskilda-boenden\/\">Read More<\/a><\/p>\n","protected":false},"author":611,"featured_media":0,"comment_status":"closed","ping_status":"closed","sticky":false,"template":"","format":"standard","meta":{"_acf_changed":false,"footnotes":""},"categories":[1],"tags":[],"class_list":["post-479","post","type-post","status-publish","format-standard","hentry","category-inlagg"],"acf":[],"yoast_head":"<!-- This site is optimized with the Yoast SEO plugin v27.4 - https:\/\/yoast.com\/product\/yoast-seo-wordpress\/ -->\n<title>Nu blir det b\u00e4ttre s\u00e4rskilda boenden - Sundbyberg<\/title>\n<meta name=\"robots\" content=\"index, follow, max-snippet:-1, max-image-preview:large, max-video-preview:-1\" \/>\n<link rel=\"canonical\" href=\"https:\/\/wp.kristdemokraterna.se\/sundbyberg\/2017\/04\/28\/nu-blir-det-battre-sarskilda-boenden\/\" \/>\n<meta property=\"og:locale\" content=\"sv_SE\" \/>\n<meta property=\"og:type\" content=\"article\" \/>\n<meta property=\"og:title\" content=\"Nu blir det b\u00e4ttre s\u00e4rskilda boenden - Sundbyberg\" \/>\n<meta property=\"og:description\" content=\"\u00c4ldren\u00e4mnden beslutade den 27 april om vad som ska g\u00e4lla f\u00f6r att f\u00e5 delta i upphandlingar med LOV, Lagen om valfrihetssystem, inom s\u00e4rskilt boende. Det nya j\u00e4mf\u00f6rt med dagens system LOU \u00e4r att utf\u00f6rarna \u00e4r garanterade ett fast pris. D\u00e4rf\u00f6r \u00e4r det alltid h\u00f6gst kvalitet som vinner och inte som idag, d\u00e5 l\u00e4gsta pris \u00e4r Read More\" \/>\n<meta property=\"og:url\" content=\"https:\/\/wp.kristdemokraterna.se\/sundbyberg\/2017\/04\/28\/nu-blir-det-battre-sarskilda-boenden\/\" \/>\n<meta property=\"og:site_name\" content=\"Sundbyberg\" \/>\n<meta property=\"article:published_time\" content=\"2017-04-28T11:40:01+00:00\" \/>\n<meta property=\"og:image\" content=\"http:\/\/wp.kristdemokraterna.se\/sundbyberg\/files\/2017\/04\/img_4475-1024x683.jpg\" \/>\n<meta name=\"author\" content=\"sundbyberg\" \/>\n<meta name=\"twitter:card\" content=\"summary_large_image\" \/>\n<meta name=\"twitter:label1\" content=\"Skriven av\" \/>\n\t<meta name=\"twitter:data1\" content=\"sundbyberg\" \/>\n\t<meta name=\"twitter:label2\" content=\"Ber\u00e4knad l\u00e4stid\" \/>\n\t<meta name=\"twitter:data2\" content=\"1 minut\" \/>\n<script type=\"application\/ld+json\" class=\"yoast-schema-graph\">{\"@context\":\"https:\\\/\\\/schema.org\",\"@graph\":[{\"@type\":\"Article\",\"@id\":\"https:\\\/\\\/wp.kristdemokraterna.se\\\/sundbyberg\\\/2017\\\/04\\\/28\\\/nu-blir-det-battre-sarskilda-boenden\\\/#article\",\"isPartOf\":{\"@id\":\"https:\\\/\\\/wp.kristdemokraterna.se\\\/sundbyberg\\\/2017\\\/04\\\/28\\\/nu-blir-det-battre-sarskilda-boenden\\\/\"},\"author\":{\"name\":\"sundbyberg\",\"@id\":\"https:\\\/\\\/wp.kristdemokraterna.se\\\/sundbyberg\\\/#\\\/schema\\\/person\\\/eec81caa0b56f396fe2e25427db6db7e\"},\"headline\":\"Nu blir det b\u00e4ttre s\u00e4rskilda boenden\",\"datePublished\":\"2017-04-28T11:40:01+00:00\",\"mainEntityOfPage\":{\"@id\":\"https:\\\/\\\/wp.kristdemokraterna.se\\\/sundbyberg\\\/2017\\\/04\\\/28\\\/nu-blir-det-battre-sarskilda-boenden\\\/\"},\"wordCount\":192,\"image\":{\"@id\":\"https:\\\/\\\/wp.kristdemokraterna.se\\\/sundbyberg\\\/2017\\\/04\\\/28\\\/nu-blir-det-battre-sarskilda-boenden\\\/#primaryimage\"},\"thumbnailUrl\":\"http:\\\/\\\/wp.kristdemokraterna.se\\\/sundbyberg\\\/files\\\/2017\\\/04\\\/img_4475-1024x683.jpg\",\"articleSection\":[\"Inl\u00e4gg\"],\"inLanguage\":\"sv-SE\"},{\"@type\":\"WebPage\",\"@id\":\"https:\\\/\\\/wp.kristdemokraterna.se\\\/sundbyberg\\\/2017\\\/04\\\/28\\\/nu-blir-det-battre-sarskilda-boenden\\\/\",\"url\":\"https:\\\/\\\/wp.kristdemokraterna.se\\\/sundbyberg\\\/2017\\\/04\\\/28\\\/nu-blir-det-battre-sarskilda-boenden\\\/\",\"name\":\"Nu blir det b\u00e4ttre s\u00e4rskilda boenden - Sundbyberg\",\"isPartOf\":{\"@id\":\"https:\\\/\\\/wp.kristdemokraterna.se\\\/sundbyberg\\\/#website\"},\"primaryImageOfPage\":{\"@id\":\"https:\\\/\\\/wp.kristdemokraterna.se\\\/sundbyberg\\\/2017\\\/04\\\/28\\\/nu-blir-det-battre-sarskilda-boenden\\\/#primaryimage\"},\"image\":{\"@id\":\"https:\\\/\\\/wp.kristdemokraterna.se\\\/sundbyberg\\\/2017\\\/04\\\/28\\\/nu-blir-det-battre-sarskilda-boenden\\\/#primaryimage\"},\"thumbnailUrl\":\"http:\\\/\\\/wp.kristdemokraterna.se\\\/sundbyberg\\\/files\\\/2017\\\/04\\\/img_4475-1024x683.jpg\",\"datePublished\":\"2017-04-28T11:40:01+00:00\",\"author\":{\"@id\":\"https:\\\/\\\/wp.kristdemokraterna.se\\\/sundbyberg\\\/#\\\/schema\\\/person\\\/eec81caa0b56f396fe2e25427db6db7e\"},\"breadcrumb\":{\"@id\":\"https:\\\/\\\/wp.kristdemokraterna.se\\\/sundbyberg\\\/2017\\\/04\\\/28\\\/nu-blir-det-battre-sarskilda-boenden\\\/#breadcrumb\"},\"inLanguage\":\"sv-SE\",\"potentialAction\":[{\"@type\":\"ReadAction\",\"target\":[\"https:\\\/\\\/wp.kristdemokraterna.se\\\/sundbyberg\\\/2017\\\/04\\\/28\\\/nu-blir-det-battre-sarskilda-boenden\\\/\"]}]},{\"@type\":\"ImageObject\",\"inLanguage\":\"sv-SE\",\"@id\":\"https:\\\/\\\/wp.kristdemokraterna.se\\\/sundbyberg\\\/2017\\\/04\\\/28\\\/nu-blir-det-battre-sarskilda-boenden\\\/#primaryimage\",\"url\":\"https:\\\/\\\/wp.kristdemokraterna.se\\\/sundbyberg\\\/files\\\/2017\\\/04\\\/img_4475.jpg\",\"contentUrl\":\"https:\\\/\\\/wp.kristdemokraterna.se\\\/sundbyberg\\\/files\\\/2017\\\/04\\\/img_4475.jpg\",\"width\":5184,\"height\":3456},{\"@type\":\"BreadcrumbList\",\"@id\":\"https:\\\/\\\/wp.kristdemokraterna.se\\\/sundbyberg\\\/2017\\\/04\\\/28\\\/nu-blir-det-battre-sarskilda-boenden\\\/#breadcrumb\",\"itemListElement\":[{\"@type\":\"ListItem\",\"position\":1,\"name\":\"Hem\",\"item\":\"https:\\\/\\\/wp.kristdemokraterna.se\\\/sundbyberg\\\/\"},{\"@type\":\"ListItem\",\"position\":2,\"name\":\"Nu blir det b\u00e4ttre s\u00e4rskilda boenden\"}]},{\"@type\":\"WebSite\",\"@id\":\"https:\\\/\\\/wp.kristdemokraterna.se\\\/sundbyberg\\\/#website\",\"url\":\"https:\\\/\\\/wp.kristdemokraterna.se\\\/sundbyberg\\\/\",\"name\":\"Sundbyberg\",\"description\":\"En till Kristdemokraterna webbplats\",\"inLanguage\":\"sv-SE\"},{\"@type\":\"Person\",\"@id\":\"https:\\\/\\\/wp.kristdemokraterna.se\\\/sundbyberg\\\/#\\\/schema\\\/person\\\/eec81caa0b56f396fe2e25427db6db7e\",\"name\":\"sundbyberg\",\"image\":{\"@type\":\"ImageObject\",\"inLanguage\":\"sv-SE\",\"@id\":\"https:\\\/\\\/secure.gravatar.com\\\/avatar\\\/196349f3642b0c87b871f936ab42c728ec5cbfc302876051139652ddbecb4bf8?s=96&d=mm&r=g\",\"url\":\"https:\\\/\\\/secure.gravatar.com\\\/avatar\\\/196349f3642b0c87b871f936ab42c728ec5cbfc302876051139652ddbecb4bf8?s=96&d=mm&r=g\",\"contentUrl\":\"https:\\\/\\\/secure.gravatar.com\\\/avatar\\\/196349f3642b0c87b871f936ab42c728ec5cbfc302876051139652ddbecb4bf8?s=96&d=mm&r=g\",\"caption\":\"sundbyberg\"},\"url\":\"https:\\\/\\\/wp.kristdemokraterna.se\\\/sundbyberg\\\/author\\\/sundbyberg\\\/\"}]}<\/script>\n<!-- \/ Yoast SEO plugin. -->","yoast_head_json":{"title":"Nu blir det b\u00e4ttre s\u00e4rskilda boenden - Sundbyberg","robots":{"index":"index","follow":"follow","max-snippet":"max-snippet:-1","max-image-preview":"max-image-preview:large","max-video-preview":"max-video-preview:-1"},"canonical":"https:\/\/wp.kristdemokraterna.se\/sundbyberg\/2017\/04\/28\/nu-blir-det-battre-sarskilda-boenden\/","og_locale":"sv_SE","og_type":"article","og_title":"Nu blir det b\u00e4ttre s\u00e4rskilda boenden - Sundbyberg","og_description":"\u00c4ldren\u00e4mnden beslutade den 27 april om vad som ska g\u00e4lla f\u00f6r att f\u00e5 delta i upphandlingar med LOV, Lagen om valfrihetssystem, inom s\u00e4rskilt boende. Det nya j\u00e4mf\u00f6rt med dagens system LOU \u00e4r att utf\u00f6rarna \u00e4r garanterade ett fast pris. D\u00e4rf\u00f6r \u00e4r det alltid h\u00f6gst kvalitet som vinner och inte som idag, d\u00e5 l\u00e4gsta pris \u00e4r Read More","og_url":"https:\/\/wp.kristdemokraterna.se\/sundbyberg\/2017\/04\/28\/nu-blir-det-battre-sarskilda-boenden\/","og_site_name":"Sundbyberg","article_published_time":"2017-04-28T11:40:01+00:00","og_image":[{"url":"http:\/\/wp.kristdemokraterna.se\/sundbyberg\/files\/2017\/04\/img_4475-1024x683.jpg","type":"","width":"","height":""}],"author":"sundbyberg","twitter_card":"summary_large_image","twitter_misc":{"Skriven av":"sundbyberg","Ber\u00e4knad l\u00e4stid":"1 minut"},"schema":{"@context":"https:\/\/schema.org","@graph":[{"@type":"Article","@id":"https:\/\/wp.kristdemokraterna.se\/sundbyberg\/2017\/04\/28\/nu-blir-det-battre-sarskilda-boenden\/#article","isPartOf":{"@id":"https:\/\/wp.kristdemokraterna.se\/sundbyberg\/2017\/04\/28\/nu-blir-det-battre-sarskilda-boenden\/"},"author":{"name":"sundbyberg","@id":"https:\/\/wp.kristdemokraterna.se\/sundbyberg\/#\/schema\/person\/eec81caa0b56f396fe2e25427db6db7e"},"headline":"Nu blir det b\u00e4ttre s\u00e4rskilda boenden","datePublished":"2017-04-28T11:40:01+00:00","mainEntityOfPage":{"@id":"https:\/\/wp.kristdemokraterna.se\/sundbyberg\/2017\/04\/28\/nu-blir-det-battre-sarskilda-boenden\/"},"wordCount":192,"image":{"@id":"https:\/\/wp.kristdemokraterna.se\/sundbyberg\/2017\/04\/28\/nu-blir-det-battre-sarskilda-boenden\/#primaryimage"},"thumbnailUrl":"http:\/\/wp.kristdemokraterna.se\/sundbyberg\/files\/2017\/04\/img_4475-1024x683.jpg","articleSection":["Inl\u00e4gg"],"inLanguage":"sv-SE"},{"@type":"WebPage","@id":"https:\/\/wp.kristdemokraterna.se\/sundbyberg\/2017\/04\/28\/nu-blir-det-battre-sarskilda-boenden\/","url":"https:\/\/wp.kristdemokraterna.se\/sundbyberg\/2017\/04\/28\/nu-blir-det-battre-sarskilda-boenden\/","name":"Nu blir det b\u00e4ttre s\u00e4rskilda boenden - Sundbyberg","isPartOf":{"@id":"https:\/\/wp.kristdemokraterna.se\/sundbyberg\/#website"},"primaryImageOfPage":{"@id":"https:\/\/wp.kristdemokraterna.se\/sundbyberg\/2017\/04\/28\/nu-blir-det-battre-sarskilda-boenden\/#primaryimage"},"image":{"@id":"https:\/\/wp.kristdemokraterna.se\/sundbyberg\/2017\/04\/28\/nu-blir-det-battre-sarskilda-boenden\/#primaryimage"},"thumbnailUrl":"http:\/\/wp.kristdemokraterna.se\/sundbyberg\/files\/2017\/04\/img_4475-1024x683.jpg","datePublished":"2017-04-28T11:40:01+00:00","author":{"@id":"https:\/\/wp.kristdemokraterna.se\/sundbyberg\/#\/schema\/person\/eec81caa0b56f396fe2e25427db6db7e"},"breadcrumb":{"@id":"https:\/\/wp.kristdemokraterna.se\/sundbyberg\/2017\/04\/28\/nu-blir-det-battre-sarskilda-boenden\/#breadcrumb"},"inLanguage":"sv-SE","potentialAction":[{"@type":"ReadAction","target":["https:\/\/wp.kristdemokraterna.se\/sundbyberg\/2017\/04\/28\/nu-blir-det-battre-sarskilda-boenden\/"]}]},{"@type":"ImageObject","inLanguage":"sv-SE","@id":"https:\/\/wp.kristdemokraterna.se\/sundbyberg\/2017\/04\/28\/nu-blir-det-battre-sarskilda-boenden\/#primaryimage","url":"https:\/\/wp.kristdemokraterna.se\/sundbyberg\/files\/2017\/04\/img_4475.jpg","contentUrl":"https:\/\/wp.kristdemokraterna.se\/sundbyberg\/files\/2017\/04\/img_4475.jpg","width":5184,"height":3456},{"@type":"BreadcrumbList","@id":"https:\/\/wp.kristdemokraterna.se\/sundbyberg\/2017\/04\/28\/nu-blir-det-battre-sarskilda-boenden\/#breadcrumb","itemListElement":[{"@type":"ListItem","position":1,"name":"Hem","item":"https:\/\/wp.kristdemokraterna.se\/sundbyberg\/"},{"@type":"ListItem","position":2,"name":"Nu blir det b\u00e4ttre s\u00e4rskilda boenden"}]},{"@type":"WebSite","@id":"https:\/\/wp.kristdemokraterna.se\/sundbyberg\/#website","url":"https:\/\/wp.kristdemokraterna.se\/sundbyberg\/","name":"Sundbyberg","description":"En till Kristdemokraterna webbplats","inLanguage":"sv-SE"},{"@type":"Person","@id":"https:\/\/wp.kristdemokraterna.se\/sundbyberg\/#\/schema\/person\/eec81caa0b56f396fe2e25427db6db7e","name":"sundbyberg","image":{"@type":"ImageObject","inLanguage":"sv-SE","@id":"https:\/\/secure.gravatar.com\/avatar\/196349f3642b0c87b871f936ab42c728ec5cbfc302876051139652ddbecb4bf8?s=96&d=mm&r=g","url":"https:\/\/secure.gravatar.com\/avatar\/196349f3642b0c87b871f936ab42c728ec5cbfc302876051139652ddbecb4bf8?s=96&d=mm&r=g","contentUrl":"https:\/\/secure.gravatar.com\/avatar\/196349f3642b0c87b871f936ab42c728ec5cbfc302876051139652ddbecb4bf8?s=96&d=mm&r=g","caption":"sundbyberg"},"url":"https:\/\/wp.kristdemokraterna.se\/sundbyberg\/author\/sundbyberg\/"}]}},"_links":{"self":[{"href":"https:\/\/wp.kristdemokraterna.se\/sundbyberg\/wp-json\/wp\/v2\/posts\/479","targetHints":{"allow":["GET"]}}],"collection":[{"href":"https:\/\/wp.kristdemokraterna.se\/sundbyberg\/wp-json\/wp\/v2\/posts"}],"about":[{"href":"https:\/\/wp.kristdemokraterna.se\/sundbyberg\/wp-json\/wp\/v2\/types\/post"}],"author":[{"embeddable":true,"href":"https:\/\/wp.kristdemokraterna.se\/sundbyberg\/wp-json\/wp\/v2\/users\/611"}],"replies":[{"embeddable":true,"href":"https:\/\/wp.kristdemokraterna.se\/sundbyberg\/wp-json\/wp\/v2\/comments?post=479"}],"version-history":[{"count":1,"href":"https:\/\/wp.kristdemokraterna.se\/sundbyberg\/wp-json\/wp\/v2\/posts\/479\/revisions"}],"predecessor-version":[{"id":481,"href":"https:\/\/wp.kristdemokraterna.se\/sundbyberg\/wp-json\/wp\/v2\/posts\/479\/revisions\/481"}],"wp:attachment":[{"href":"https:\/\/wp.kristdemokraterna.se\/sundbyberg\/wp-json\/wp\/v2\/media?parent=479"}],"wp:term":[{"taxonomy":"category","embeddable":true,"href":"https:\/\/wp.kristdemokraterna.se\/sundbyberg\/wp-json\/wp\/v2\/categories?post=479"},{"taxonomy":"post_tag","embeddable":true,"href":"https:\/\/wp.kristdemokraterna.se\/sundbyberg\/wp-json\/wp\/v2\/tags?post=479"}],"curies":[{"name":"wp","href":"https:\/\/api.w.org\/{rel}","templated":true}]}}