{"id":483,"date":"2017-05-11T11:01:03","date_gmt":"2017-05-11T09:01:03","guid":{"rendered":"http:\/\/wp.kristdemokraterna.se\/sundbyberg\/?p=483"},"modified":"2017-05-11T11:01:03","modified_gmt":"2017-05-11T09:01:03","slug":"sundbyberg-ar-arets-superkommun-igen","status":"publish","type":"post","link":"https:\/\/wp.kristdemokraterna.se\/sundbyberg\/2017\/05\/11\/sundbyberg-ar-arets-superkommun-igen\/","title":{"rendered":"Sundbyberg \u00e4r \u00c5rets Superkommun \u2013 igen!"},"content":{"rendered":"<p>2015 blev Sundbyberg utsedd till \u00c5rets Superkommun, 2016 blev staden tv\u00e5a och i \u00e5r st\u00e5r Sundbyberg \u00f6verst p\u00e5 prispallen igen. Kristdemokraterna representerades av Maria Bohman.<a href=\"http:\/\/wp.kristdemokraterna.se\/sundbyberg\/files\/2017\/05\/ae4355d71466c77b_800x800ar.jpg\"><img loading=\"lazy\" decoding=\"async\" class=\"alignnone size-full wp-image-484\" src=\"http:\/\/wp.kristdemokraterna.se\/sundbyberg\/files\/2017\/05\/ae4355d71466c77b_800x800ar.jpg\" alt=\"\" width=\"800\" height=\"533\" srcset=\"https:\/\/wp.kristdemokraterna.se\/sundbyberg\/files\/2017\/05\/ae4355d71466c77b_800x800ar.jpg 800w, https:\/\/wp.kristdemokraterna.se\/sundbyberg\/files\/2017\/05\/ae4355d71466c77b_800x800ar-300x200.jpg 300w, https:\/\/wp.kristdemokraterna.se\/sundbyberg\/files\/2017\/05\/ae4355d71466c77b_800x800ar-768x512.jpg 768w, https:\/\/wp.kristdemokraterna.se\/sundbyberg\/files\/2017\/05\/ae4355d71466c77b_800x800ar-519x346.jpg 519w, https:\/\/wp.kristdemokraterna.se\/sundbyberg\/files\/2017\/05\/ae4355d71466c77b_800x800ar-168x112.jpg 168w\" sizes=\"auto, (max-width: 800px) 100vw, 800px\" \/><\/a><\/p>\n","protected":false},"excerpt":{"rendered":"<p>2015 blev Sundbyberg utsedd till \u00c5rets Superkommun, 2016 blev staden tv\u00e5a och i \u00e5r st\u00e5r Sundbyberg \u00f6verst p\u00e5 prispallen igen. Kristdemokraterna representerades av Maria Bohman.<\/p>\n","protected":false},"author":611,"featured_media":0,"comment_status":"closed","ping_status":"closed","sticky":false,"template":"","format":"standard","meta":{"_acf_changed":false,"footnotes":""},"categories":[1],"tags":[],"class_list":["post-483","post","type-post","status-publish","format-standard","hentry","category-inlagg"],"acf":[],"yoast_head":"<!-- This site is optimized with the Yoast SEO plugin v27.4 - https:\/\/yoast.com\/product\/yoast-seo-wordpress\/ -->\n<title>Sundbyberg \u00e4r \u00c5rets Superkommun \u2013 igen! - Sundbyberg<\/title>\n<meta name=\"robots\" content=\"index, follow, max-snippet:-1, max-image-preview:large, max-video-preview:-1\" \/>\n<link rel=\"canonical\" href=\"https:\/\/wp.kristdemokraterna.se\/sundbyberg\/2017\/05\/11\/sundbyberg-ar-arets-superkommun-igen\/\" \/>\n<meta property=\"og:locale\" content=\"sv_SE\" \/>\n<meta property=\"og:type\" content=\"article\" \/>\n<meta property=\"og:title\" content=\"Sundbyberg \u00e4r \u00c5rets Superkommun \u2013 igen! - Sundbyberg\" \/>\n<meta property=\"og:description\" content=\"2015 blev Sundbyberg utsedd till \u00c5rets Superkommun, 2016 blev staden tv\u00e5a och i \u00e5r st\u00e5r Sundbyberg \u00f6verst p\u00e5 prispallen igen. Kristdemokraterna representerades av Maria Bohman.\" \/>\n<meta property=\"og:url\" content=\"https:\/\/wp.kristdemokraterna.se\/sundbyberg\/2017\/05\/11\/sundbyberg-ar-arets-superkommun-igen\/\" \/>\n<meta property=\"og:site_name\" content=\"Sundbyberg\" \/>\n<meta property=\"article:published_time\" content=\"2017-05-11T09:01:03+00:00\" \/>\n<meta property=\"og:image\" content=\"http:\/\/wp.kristdemokraterna.se\/sundbyberg\/files\/2017\/05\/ae4355d71466c77b_800x800ar.jpg\" \/>\n<meta name=\"author\" content=\"sundbyberg\" \/>\n<meta name=\"twitter:card\" content=\"summary_large_image\" \/>\n<meta name=\"twitter:label1\" content=\"Skriven av\" \/>\n\t<meta name=\"twitter:data1\" content=\"sundbyberg\" \/>\n<script type=\"application\/ld+json\" class=\"yoast-schema-graph\">{\"@context\":\"https:\\\/\\\/schema.org\",\"@graph\":[{\"@type\":\"Article\",\"@id\":\"https:\\\/\\\/wp.kristdemokraterna.se\\\/sundbyberg\\\/2017\\\/05\\\/11\\\/sundbyberg-ar-arets-superkommun-igen\\\/#article\",\"isPartOf\":{\"@id\":\"https:\\\/\\\/wp.kristdemokraterna.se\\\/sundbyberg\\\/2017\\\/05\\\/11\\\/sundbyberg-ar-arets-superkommun-igen\\\/\"},\"author\":{\"name\":\"sundbyberg\",\"@id\":\"https:\\\/\\\/wp.kristdemokraterna.se\\\/sundbyberg\\\/#\\\/schema\\\/person\\\/eec81caa0b56f396fe2e25427db6db7e\"},\"headline\":\"Sundbyberg \u00e4r \u00c5rets Superkommun \u2013 igen!\",\"datePublished\":\"2017-05-11T09:01:03+00:00\",\"mainEntityOfPage\":{\"@id\":\"https:\\\/\\\/wp.kristdemokraterna.se\\\/sundbyberg\\\/2017\\\/05\\\/11\\\/sundbyberg-ar-arets-superkommun-igen\\\/\"},\"wordCount\":30,\"image\":{\"@id\":\"https:\\\/\\\/wp.kristdemokraterna.se\\\/sundbyberg\\\/2017\\\/05\\\/11\\\/sundbyberg-ar-arets-superkommun-igen\\\/#primaryimage\"},\"thumbnailUrl\":\"http:\\\/\\\/wp.kristdemokraterna.se\\\/sundbyberg\\\/files\\\/2017\\\/05\\\/ae4355d71466c77b_800x800ar.jpg\",\"articleSection\":[\"Inl\u00e4gg\"],\"inLanguage\":\"sv-SE\"},{\"@type\":\"WebPage\",\"@id\":\"https:\\\/\\\/wp.kristdemokraterna.se\\\/sundbyberg\\\/2017\\\/05\\\/11\\\/sundbyberg-ar-arets-superkommun-igen\\\/\",\"url\":\"https:\\\/\\\/wp.kristdemokraterna.se\\\/sundbyberg\\\/2017\\\/05\\\/11\\\/sundbyberg-ar-arets-superkommun-igen\\\/\",\"name\":\"Sundbyberg \u00e4r \u00c5rets Superkommun \u2013 igen! - Sundbyberg\",\"isPartOf\":{\"@id\":\"https:\\\/\\\/wp.kristdemokraterna.se\\\/sundbyberg\\\/#website\"},\"primaryImageOfPage\":{\"@id\":\"https:\\\/\\\/wp.kristdemokraterna.se\\\/sundbyberg\\\/2017\\\/05\\\/11\\\/sundbyberg-ar-arets-superkommun-igen\\\/#primaryimage\"},\"image\":{\"@id\":\"https:\\\/\\\/wp.kristdemokraterna.se\\\/sundbyberg\\\/2017\\\/05\\\/11\\\/sundbyberg-ar-arets-superkommun-igen\\\/#primaryimage\"},\"thumbnailUrl\":\"http:\\\/\\\/wp.kristdemokraterna.se\\\/sundbyberg\\\/files\\\/2017\\\/05\\\/ae4355d71466c77b_800x800ar.jpg\",\"datePublished\":\"2017-05-11T09:01:03+00:00\",\"author\":{\"@id\":\"https:\\\/\\\/wp.kristdemokraterna.se\\\/sundbyberg\\\/#\\\/schema\\\/person\\\/eec81caa0b56f396fe2e25427db6db7e\"},\"breadcrumb\":{\"@id\":\"https:\\\/\\\/wp.kristdemokraterna.se\\\/sundbyberg\\\/2017\\\/05\\\/11\\\/sundbyberg-ar-arets-superkommun-igen\\\/#breadcrumb\"},\"inLanguage\":\"sv-SE\",\"potentialAction\":[{\"@type\":\"ReadAction\",\"target\":[\"https:\\\/\\\/wp.kristdemokraterna.se\\\/sundbyberg\\\/2017\\\/05\\\/11\\\/sundbyberg-ar-arets-superkommun-igen\\\/\"]}]},{\"@type\":\"ImageObject\",\"inLanguage\":\"sv-SE\",\"@id\":\"https:\\\/\\\/wp.kristdemokraterna.se\\\/sundbyberg\\\/2017\\\/05\\\/11\\\/sundbyberg-ar-arets-superkommun-igen\\\/#primaryimage\",\"url\":\"https:\\\/\\\/wp.kristdemokraterna.se\\\/sundbyberg\\\/files\\\/2017\\\/05\\\/ae4355d71466c77b_800x800ar.jpg\",\"contentUrl\":\"https:\\\/\\\/wp.kristdemokraterna.se\\\/sundbyberg\\\/files\\\/2017\\\/05\\\/ae4355d71466c77b_800x800ar.jpg\",\"width\":800,\"height\":533},{\"@type\":\"BreadcrumbList\",\"@id\":\"https:\\\/\\\/wp.kristdemokraterna.se\\\/sundbyberg\\\/2017\\\/05\\\/11\\\/sundbyberg-ar-arets-superkommun-igen\\\/#breadcrumb\",\"itemListElement\":[{\"@type\":\"ListItem\",\"position\":1,\"name\":\"Hem\",\"item\":\"https:\\\/\\\/wp.kristdemokraterna.se\\\/sundbyberg\\\/\"},{\"@type\":\"ListItem\",\"position\":2,\"name\":\"Sundbyberg \u00e4r \u00c5rets Superkommun \u2013 igen!\"}]},{\"@type\":\"WebSite\",\"@id\":\"https:\\\/\\\/wp.kristdemokraterna.se\\\/sundbyberg\\\/#website\",\"url\":\"https:\\\/\\\/wp.kristdemokraterna.se\\\/sundbyberg\\\/\",\"name\":\"Sundbyberg\",\"description\":\"En till Kristdemokraterna webbplats\",\"inLanguage\":\"sv-SE\"},{\"@type\":\"Person\",\"@id\":\"https:\\\/\\\/wp.kristdemokraterna.se\\\/sundbyberg\\\/#\\\/schema\\\/person\\\/eec81caa0b56f396fe2e25427db6db7e\",\"name\":\"sundbyberg\",\"image\":{\"@type\":\"ImageObject\",\"inLanguage\":\"sv-SE\",\"@id\":\"https:\\\/\\\/secure.gravatar.com\\\/avatar\\\/196349f3642b0c87b871f936ab42c728ec5cbfc302876051139652ddbecb4bf8?s=96&d=mm&r=g\",\"url\":\"https:\\\/\\\/secure.gravatar.com\\\/avatar\\\/196349f3642b0c87b871f936ab42c728ec5cbfc302876051139652ddbecb4bf8?s=96&d=mm&r=g\",\"contentUrl\":\"https:\\\/\\\/secure.gravatar.com\\\/avatar\\\/196349f3642b0c87b871f936ab42c728ec5cbfc302876051139652ddbecb4bf8?s=96&d=mm&r=g\",\"caption\":\"sundbyberg\"},\"url\":\"https:\\\/\\\/wp.kristdemokraterna.se\\\/sundbyberg\\\/author\\\/sundbyberg\\\/\"}]}<\/script>\n<!-- \/ Yoast SEO plugin. -->","yoast_head_json":{"title":"Sundbyberg \u00e4r \u00c5rets Superkommun \u2013 igen! - Sundbyberg","robots":{"index":"index","follow":"follow","max-snippet":"max-snippet:-1","max-image-preview":"max-image-preview:large","max-video-preview":"max-video-preview:-1"},"canonical":"https:\/\/wp.kristdemokraterna.se\/sundbyberg\/2017\/05\/11\/sundbyberg-ar-arets-superkommun-igen\/","og_locale":"sv_SE","og_type":"article","og_title":"Sundbyberg \u00e4r \u00c5rets Superkommun \u2013 igen! - Sundbyberg","og_description":"2015 blev Sundbyberg utsedd till \u00c5rets Superkommun, 2016 blev staden tv\u00e5a och i \u00e5r st\u00e5r Sundbyberg \u00f6verst p\u00e5 prispallen igen. Kristdemokraterna representerades av Maria Bohman.","og_url":"https:\/\/wp.kristdemokraterna.se\/sundbyberg\/2017\/05\/11\/sundbyberg-ar-arets-superkommun-igen\/","og_site_name":"Sundbyberg","article_published_time":"2017-05-11T09:01:03+00:00","og_image":[{"url":"http:\/\/wp.kristdemokraterna.se\/sundbyberg\/files\/2017\/05\/ae4355d71466c77b_800x800ar.jpg","type":"","width":"","height":""}],"author":"sundbyberg","twitter_card":"summary_large_image","twitter_misc":{"Skriven av":"sundbyberg"},"schema":{"@context":"https:\/\/schema.org","@graph":[{"@type":"Article","@id":"https:\/\/wp.kristdemokraterna.se\/sundbyberg\/2017\/05\/11\/sundbyberg-ar-arets-superkommun-igen\/#article","isPartOf":{"@id":"https:\/\/wp.kristdemokraterna.se\/sundbyberg\/2017\/05\/11\/sundbyberg-ar-arets-superkommun-igen\/"},"author":{"name":"sundbyberg","@id":"https:\/\/wp.kristdemokraterna.se\/sundbyberg\/#\/schema\/person\/eec81caa0b56f396fe2e25427db6db7e"},"headline":"Sundbyberg \u00e4r \u00c5rets Superkommun \u2013 igen!","datePublished":"2017-05-11T09:01:03+00:00","mainEntityOfPage":{"@id":"https:\/\/wp.kristdemokraterna.se\/sundbyberg\/2017\/05\/11\/sundbyberg-ar-arets-superkommun-igen\/"},"wordCount":30,"image":{"@id":"https:\/\/wp.kristdemokraterna.se\/sundbyberg\/2017\/05\/11\/sundbyberg-ar-arets-superkommun-igen\/#primaryimage"},"thumbnailUrl":"http:\/\/wp.kristdemokraterna.se\/sundbyberg\/files\/2017\/05\/ae4355d71466c77b_800x800ar.jpg","articleSection":["Inl\u00e4gg"],"inLanguage":"sv-SE"},{"@type":"WebPage","@id":"https:\/\/wp.kristdemokraterna.se\/sundbyberg\/2017\/05\/11\/sundbyberg-ar-arets-superkommun-igen\/","url":"https:\/\/wp.kristdemokraterna.se\/sundbyberg\/2017\/05\/11\/sundbyberg-ar-arets-superkommun-igen\/","name":"Sundbyberg \u00e4r \u00c5rets Superkommun \u2013 igen! - Sundbyberg","isPartOf":{"@id":"https:\/\/wp.kristdemokraterna.se\/sundbyberg\/#website"},"primaryImageOfPage":{"@id":"https:\/\/wp.kristdemokraterna.se\/sundbyberg\/2017\/05\/11\/sundbyberg-ar-arets-superkommun-igen\/#primaryimage"},"image":{"@id":"https:\/\/wp.kristdemokraterna.se\/sundbyberg\/2017\/05\/11\/sundbyberg-ar-arets-superkommun-igen\/#primaryimage"},"thumbnailUrl":"http:\/\/wp.kristdemokraterna.se\/sundbyberg\/files\/2017\/05\/ae4355d71466c77b_800x800ar.jpg","datePublished":"2017-05-11T09:01:03+00:00","author":{"@id":"https:\/\/wp.kristdemokraterna.se\/sundbyberg\/#\/schema\/person\/eec81caa0b56f396fe2e25427db6db7e"},"breadcrumb":{"@id":"https:\/\/wp.kristdemokraterna.se\/sundbyberg\/2017\/05\/11\/sundbyberg-ar-arets-superkommun-igen\/#breadcrumb"},"inLanguage":"sv-SE","potentialAction":[{"@type":"ReadAction","target":["https:\/\/wp.kristdemokraterna.se\/sundbyberg\/2017\/05\/11\/sundbyberg-ar-arets-superkommun-igen\/"]}]},{"@type":"ImageObject","inLanguage":"sv-SE","@id":"https:\/\/wp.kristdemokraterna.se\/sundbyberg\/2017\/05\/11\/sundbyberg-ar-arets-superkommun-igen\/#primaryimage","url":"https:\/\/wp.kristdemokraterna.se\/sundbyberg\/files\/2017\/05\/ae4355d71466c77b_800x800ar.jpg","contentUrl":"https:\/\/wp.kristdemokraterna.se\/sundbyberg\/files\/2017\/05\/ae4355d71466c77b_800x800ar.jpg","width":800,"height":533},{"@type":"BreadcrumbList","@id":"https:\/\/wp.kristdemokraterna.se\/sundbyberg\/2017\/05\/11\/sundbyberg-ar-arets-superkommun-igen\/#breadcrumb","itemListElement":[{"@type":"ListItem","position":1,"name":"Hem","item":"https:\/\/wp.kristdemokraterna.se\/sundbyberg\/"},{"@type":"ListItem","position":2,"name":"Sundbyberg \u00e4r \u00c5rets Superkommun \u2013 igen!"}]},{"@type":"WebSite","@id":"https:\/\/wp.kristdemokraterna.se\/sundbyberg\/#website","url":"https:\/\/wp.kristdemokraterna.se\/sundbyberg\/","name":"Sundbyberg","description":"En till Kristdemokraterna webbplats","inLanguage":"sv-SE"},{"@type":"Person","@id":"https:\/\/wp.kristdemokraterna.se\/sundbyberg\/#\/schema\/person\/eec81caa0b56f396fe2e25427db6db7e","name":"sundbyberg","image":{"@type":"ImageObject","inLanguage":"sv-SE","@id":"https:\/\/secure.gravatar.com\/avatar\/196349f3642b0c87b871f936ab42c728ec5cbfc302876051139652ddbecb4bf8?s=96&d=mm&r=g","url":"https:\/\/secure.gravatar.com\/avatar\/196349f3642b0c87b871f936ab42c728ec5cbfc302876051139652ddbecb4bf8?s=96&d=mm&r=g","contentUrl":"https:\/\/secure.gravatar.com\/avatar\/196349f3642b0c87b871f936ab42c728ec5cbfc302876051139652ddbecb4bf8?s=96&d=mm&r=g","caption":"sundbyberg"},"url":"https:\/\/wp.kristdemokraterna.se\/sundbyberg\/author\/sundbyberg\/"}]}},"_links":{"self":[{"href":"https:\/\/wp.kristdemokraterna.se\/sundbyberg\/wp-json\/wp\/v2\/posts\/483","targetHints":{"allow":["GET"]}}],"collection":[{"href":"https:\/\/wp.kristdemokraterna.se\/sundbyberg\/wp-json\/wp\/v2\/posts"}],"about":[{"href":"https:\/\/wp.kristdemokraterna.se\/sundbyberg\/wp-json\/wp\/v2\/types\/post"}],"author":[{"embeddable":true,"href":"https:\/\/wp.kristdemokraterna.se\/sundbyberg\/wp-json\/wp\/v2\/users\/611"}],"replies":[{"embeddable":true,"href":"https:\/\/wp.kristdemokraterna.se\/sundbyberg\/wp-json\/wp\/v2\/comments?post=483"}],"version-history":[{"count":1,"href":"https:\/\/wp.kristdemokraterna.se\/sundbyberg\/wp-json\/wp\/v2\/posts\/483\/revisions"}],"predecessor-version":[{"id":485,"href":"https:\/\/wp.kristdemokraterna.se\/sundbyberg\/wp-json\/wp\/v2\/posts\/483\/revisions\/485"}],"wp:attachment":[{"href":"https:\/\/wp.kristdemokraterna.se\/sundbyberg\/wp-json\/wp\/v2\/media?parent=483"}],"wp:term":[{"taxonomy":"category","embeddable":true,"href":"https:\/\/wp.kristdemokraterna.se\/sundbyberg\/wp-json\/wp\/v2\/categories?post=483"},{"taxonomy":"post_tag","embeddable":true,"href":"https:\/\/wp.kristdemokraterna.se\/sundbyberg\/wp-json\/wp\/v2\/tags?post=483"}],"curies":[{"name":"wp","href":"https:\/\/api.w.org\/{rel}","templated":true}]}}