{"id":490,"date":"2017-06-20T12:21:31","date_gmt":"2017-06-20T10:21:31","guid":{"rendered":"http:\/\/wp.kristdemokraterna.se\/sundbyberg\/?p=490"},"modified":"2018-05-04T13:40:43","modified_gmt":"2018-05-04T11:40:43","slug":"cykling-utan-alder-nu-i-sundbyberg","status":"publish","type":"post","link":"https:\/\/wp.kristdemokraterna.se\/sundbyberg\/2017\/06\/20\/cykling-utan-alder-nu-i-sundbyberg\/","title":{"rendered":"Cykling utan \u00e5lder &#8211; nu i Sundbyberg!"},"content":{"rendered":"<p>Cykling utan \u00e5lder \u00e4r ett ideellt projekt d\u00e4r frivilliga cykelpiloter tillsammans med stadens \u00e4ldreboenden ser till att \u00e4ldre kommer ut p\u00e5 cykelturer och f\u00e5r m\u00f6jlighet att k\u00e4nna vinden i h\u00e5ret. Med anpassade lastcyklar upplever vi tillsammans staden, bes\u00f6ker parker eller njuter av utsikten l\u00e4ngs kusten. Id\u00e9n kommer fr\u00e5n den danska cykelkulturen d\u00e4r ingen oavsett \u00e5lder ska g\u00e5 miste om friheten som cykeln erbjuder. H\u00e4ng med du ocks\u00e5!<br \/>\nVi invigde cykling utan \u00e5lder i Sundbyberg utanf\u00f6r Ekbacken. Sommarjobbande ungdomar i \u00e4ldref\u00f6rvaltningen spelade och sj\u00f6ng traditionella s\u00e5nger och visor. Maria Bohman invigde!<\/p>\n<p><a href=\"http:\/\/wp.kristdemokraterna.se\/sundbyberg\/files\/2017\/06\/20170619_140457.jpg\"><img loading=\"lazy\" decoding=\"async\" class=\"alignnone size-large wp-image-491\" src=\"http:\/\/wp.kristdemokraterna.se\/sundbyberg\/files\/2017\/06\/20170619_140457-1024x576.jpg\" alt=\"\" width=\"584\" height=\"329\" srcset=\"https:\/\/wp.kristdemokraterna.se\/sundbyberg\/files\/2017\/06\/20170619_140457-1024x576.jpg 1024w, https:\/\/wp.kristdemokraterna.se\/sundbyberg\/files\/2017\/06\/20170619_140457-300x169.jpg 300w, https:\/\/wp.kristdemokraterna.se\/sundbyberg\/files\/2017\/06\/20170619_140457-768x432.jpg 768w, https:\/\/wp.kristdemokraterna.se\/sundbyberg\/files\/2017\/06\/20170619_140457-576x324.jpg 576w, https:\/\/wp.kristdemokraterna.se\/sundbyberg\/files\/2017\/06\/20170619_140457-186x105.jpg 186w\" sizes=\"auto, (max-width: 584px) 100vw, 584px\" \/><\/a><\/p>\n<p><a href=\"http:\/\/wp.kristdemokraterna.se\/sundbyberg\/files\/2017\/06\/20170619_141625.jpg\"><img loading=\"lazy\" decoding=\"async\" class=\"alignnone size-large wp-image-492\" src=\"http:\/\/wp.kristdemokraterna.se\/sundbyberg\/files\/2017\/06\/20170619_141625-1024x576.jpg\" alt=\"\" width=\"584\" height=\"329\" srcset=\"https:\/\/wp.kristdemokraterna.se\/sundbyberg\/files\/2017\/06\/20170619_141625-1024x576.jpg 1024w, https:\/\/wp.kristdemokraterna.se\/sundbyberg\/files\/2017\/06\/20170619_141625-300x169.jpg 300w, https:\/\/wp.kristdemokraterna.se\/sundbyberg\/files\/2017\/06\/20170619_141625-768x432.jpg 768w, https:\/\/wp.kristdemokraterna.se\/sundbyberg\/files\/2017\/06\/20170619_141625-576x324.jpg 576w, https:\/\/wp.kristdemokraterna.se\/sundbyberg\/files\/2017\/06\/20170619_141625-186x105.jpg 186w\" sizes=\"auto, (max-width: 584px) 100vw, 584px\" \/><\/a><\/p>\n","protected":false},"excerpt":{"rendered":"<p>Cykling utan \u00e5lder \u00e4r ett ideellt projekt d\u00e4r frivilliga cykelpiloter tillsammans med stadens \u00e4ldreboenden ser till att \u00e4ldre kommer ut p\u00e5 cykelturer och f\u00e5r m\u00f6jlighet att k\u00e4nna vinden i h\u00e5ret. Med anpassade lastcyklar upplever vi tillsammans staden, bes\u00f6ker parker eller njuter av utsikten l\u00e4ngs kusten. Id\u00e9n kommer fr\u00e5n den danska cykelkulturen d\u00e4r ingen oavsett \u00e5lder <a class=\"read-more-link\" href=\"https:\/\/wp.kristdemokraterna.se\/sundbyberg\/2017\/06\/20\/cykling-utan-alder-nu-i-sundbyberg\/\">Read More<\/a><\/p>\n","protected":false},"author":611,"featured_media":0,"comment_status":"closed","ping_status":"closed","sticky":false,"template":"","format":"standard","meta":{"_acf_changed":false,"footnotes":""},"categories":[1],"tags":[],"class_list":["post-490","post","type-post","status-publish","format-standard","hentry","category-inlagg"],"acf":[],"yoast_head":"<!-- This site is optimized with the Yoast SEO plugin v27.4 - https:\/\/yoast.com\/product\/yoast-seo-wordpress\/ -->\n<title>Cykling utan \u00e5lder - nu i Sundbyberg! - Sundbyberg<\/title>\n<meta name=\"robots\" content=\"index, follow, max-snippet:-1, max-image-preview:large, max-video-preview:-1\" \/>\n<link rel=\"canonical\" href=\"https:\/\/wp.kristdemokraterna.se\/sundbyberg\/2017\/06\/20\/cykling-utan-alder-nu-i-sundbyberg\/\" \/>\n<meta property=\"og:locale\" content=\"sv_SE\" \/>\n<meta property=\"og:type\" content=\"article\" \/>\n<meta property=\"og:title\" content=\"Cykling utan \u00e5lder - nu i Sundbyberg! - Sundbyberg\" \/>\n<meta property=\"og:description\" content=\"Cykling utan \u00e5lder \u00e4r ett ideellt projekt d\u00e4r frivilliga cykelpiloter tillsammans med stadens \u00e4ldreboenden ser till att \u00e4ldre kommer ut p\u00e5 cykelturer och f\u00e5r m\u00f6jlighet att k\u00e4nna vinden i h\u00e5ret. Med anpassade lastcyklar upplever vi tillsammans staden, bes\u00f6ker parker eller njuter av utsikten l\u00e4ngs kusten. Id\u00e9n kommer fr\u00e5n den danska cykelkulturen d\u00e4r ingen oavsett \u00e5lder Read More\" \/>\n<meta property=\"og:url\" content=\"https:\/\/wp.kristdemokraterna.se\/sundbyberg\/2017\/06\/20\/cykling-utan-alder-nu-i-sundbyberg\/\" \/>\n<meta property=\"og:site_name\" content=\"Sundbyberg\" \/>\n<meta property=\"article:published_time\" content=\"2017-06-20T10:21:31+00:00\" \/>\n<meta property=\"article:modified_time\" content=\"2018-05-04T11:40:43+00:00\" \/>\n<meta property=\"og:image\" content=\"http:\/\/wp.kristdemokraterna.se\/sundbyberg\/files\/2017\/06\/20170619_140457-1024x576.jpg\" \/>\n<meta name=\"author\" content=\"sundbyberg\" \/>\n<meta name=\"twitter:card\" content=\"summary_large_image\" \/>\n<meta name=\"twitter:label1\" content=\"Skriven av\" \/>\n\t<meta name=\"twitter:data1\" content=\"sundbyberg\" \/>\n\t<meta name=\"twitter:label2\" content=\"Ber\u00e4knad l\u00e4stid\" \/>\n\t<meta name=\"twitter:data2\" content=\"1 minut\" \/>\n<script type=\"application\/ld+json\" class=\"yoast-schema-graph\">{\"@context\":\"https:\\\/\\\/schema.org\",\"@graph\":[{\"@type\":\"Article\",\"@id\":\"https:\\\/\\\/wp.kristdemokraterna.se\\\/sundbyberg\\\/2017\\\/06\\\/20\\\/cykling-utan-alder-nu-i-sundbyberg\\\/#article\",\"isPartOf\":{\"@id\":\"https:\\\/\\\/wp.kristdemokraterna.se\\\/sundbyberg\\\/2017\\\/06\\\/20\\\/cykling-utan-alder-nu-i-sundbyberg\\\/\"},\"author\":{\"name\":\"sundbyberg\",\"@id\":\"https:\\\/\\\/wp.kristdemokraterna.se\\\/sundbyberg\\\/#\\\/schema\\\/person\\\/eec81caa0b56f396fe2e25427db6db7e\"},\"headline\":\"Cykling utan \u00e5lder &#8211; nu i Sundbyberg!\",\"datePublished\":\"2017-06-20T10:21:31+00:00\",\"dateModified\":\"2018-05-04T11:40:43+00:00\",\"mainEntityOfPage\":{\"@id\":\"https:\\\/\\\/wp.kristdemokraterna.se\\\/sundbyberg\\\/2017\\\/06\\\/20\\\/cykling-utan-alder-nu-i-sundbyberg\\\/\"},\"wordCount\":112,\"image\":{\"@id\":\"https:\\\/\\\/wp.kristdemokraterna.se\\\/sundbyberg\\\/2017\\\/06\\\/20\\\/cykling-utan-alder-nu-i-sundbyberg\\\/#primaryimage\"},\"thumbnailUrl\":\"http:\\\/\\\/wp.kristdemokraterna.se\\\/sundbyberg\\\/files\\\/2017\\\/06\\\/20170619_140457-1024x576.jpg\",\"articleSection\":[\"Inl\u00e4gg\"],\"inLanguage\":\"sv-SE\"},{\"@type\":\"WebPage\",\"@id\":\"https:\\\/\\\/wp.kristdemokraterna.se\\\/sundbyberg\\\/2017\\\/06\\\/20\\\/cykling-utan-alder-nu-i-sundbyberg\\\/\",\"url\":\"https:\\\/\\\/wp.kristdemokraterna.se\\\/sundbyberg\\\/2017\\\/06\\\/20\\\/cykling-utan-alder-nu-i-sundbyberg\\\/\",\"name\":\"Cykling utan \u00e5lder - nu i Sundbyberg! - Sundbyberg\",\"isPartOf\":{\"@id\":\"https:\\\/\\\/wp.kristdemokraterna.se\\\/sundbyberg\\\/#website\"},\"primaryImageOfPage\":{\"@id\":\"https:\\\/\\\/wp.kristdemokraterna.se\\\/sundbyberg\\\/2017\\\/06\\\/20\\\/cykling-utan-alder-nu-i-sundbyberg\\\/#primaryimage\"},\"image\":{\"@id\":\"https:\\\/\\\/wp.kristdemokraterna.se\\\/sundbyberg\\\/2017\\\/06\\\/20\\\/cykling-utan-alder-nu-i-sundbyberg\\\/#primaryimage\"},\"thumbnailUrl\":\"http:\\\/\\\/wp.kristdemokraterna.se\\\/sundbyberg\\\/files\\\/2017\\\/06\\\/20170619_140457-1024x576.jpg\",\"datePublished\":\"2017-06-20T10:21:31+00:00\",\"dateModified\":\"2018-05-04T11:40:43+00:00\",\"author\":{\"@id\":\"https:\\\/\\\/wp.kristdemokraterna.se\\\/sundbyberg\\\/#\\\/schema\\\/person\\\/eec81caa0b56f396fe2e25427db6db7e\"},\"breadcrumb\":{\"@id\":\"https:\\\/\\\/wp.kristdemokraterna.se\\\/sundbyberg\\\/2017\\\/06\\\/20\\\/cykling-utan-alder-nu-i-sundbyberg\\\/#breadcrumb\"},\"inLanguage\":\"sv-SE\",\"potentialAction\":[{\"@type\":\"ReadAction\",\"target\":[\"https:\\\/\\\/wp.kristdemokraterna.se\\\/sundbyberg\\\/2017\\\/06\\\/20\\\/cykling-utan-alder-nu-i-sundbyberg\\\/\"]}]},{\"@type\":\"ImageObject\",\"inLanguage\":\"sv-SE\",\"@id\":\"https:\\\/\\\/wp.kristdemokraterna.se\\\/sundbyberg\\\/2017\\\/06\\\/20\\\/cykling-utan-alder-nu-i-sundbyberg\\\/#primaryimage\",\"url\":\"https:\\\/\\\/wp.kristdemokraterna.se\\\/sundbyberg\\\/files\\\/2017\\\/06\\\/20170619_140457.jpg\",\"contentUrl\":\"https:\\\/\\\/wp.kristdemokraterna.se\\\/sundbyberg\\\/files\\\/2017\\\/06\\\/20170619_140457.jpg\",\"width\":2560,\"height\":1440},{\"@type\":\"BreadcrumbList\",\"@id\":\"https:\\\/\\\/wp.kristdemokraterna.se\\\/sundbyberg\\\/2017\\\/06\\\/20\\\/cykling-utan-alder-nu-i-sundbyberg\\\/#breadcrumb\",\"itemListElement\":[{\"@type\":\"ListItem\",\"position\":1,\"name\":\"Hem\",\"item\":\"https:\\\/\\\/wp.kristdemokraterna.se\\\/sundbyberg\\\/\"},{\"@type\":\"ListItem\",\"position\":2,\"name\":\"Cykling utan \u00e5lder &#8211; nu i Sundbyberg!\"}]},{\"@type\":\"WebSite\",\"@id\":\"https:\\\/\\\/wp.kristdemokraterna.se\\\/sundbyberg\\\/#website\",\"url\":\"https:\\\/\\\/wp.kristdemokraterna.se\\\/sundbyberg\\\/\",\"name\":\"Sundbyberg\",\"description\":\"En till Kristdemokraterna webbplats\",\"inLanguage\":\"sv-SE\"},{\"@type\":\"Person\",\"@id\":\"https:\\\/\\\/wp.kristdemokraterna.se\\\/sundbyberg\\\/#\\\/schema\\\/person\\\/eec81caa0b56f396fe2e25427db6db7e\",\"name\":\"sundbyberg\",\"image\":{\"@type\":\"ImageObject\",\"inLanguage\":\"sv-SE\",\"@id\":\"https:\\\/\\\/secure.gravatar.com\\\/avatar\\\/196349f3642b0c87b871f936ab42c728ec5cbfc302876051139652ddbecb4bf8?s=96&d=mm&r=g\",\"url\":\"https:\\\/\\\/secure.gravatar.com\\\/avatar\\\/196349f3642b0c87b871f936ab42c728ec5cbfc302876051139652ddbecb4bf8?s=96&d=mm&r=g\",\"contentUrl\":\"https:\\\/\\\/secure.gravatar.com\\\/avatar\\\/196349f3642b0c87b871f936ab42c728ec5cbfc302876051139652ddbecb4bf8?s=96&d=mm&r=g\",\"caption\":\"sundbyberg\"},\"url\":\"https:\\\/\\\/wp.kristdemokraterna.se\\\/sundbyberg\\\/author\\\/sundbyberg\\\/\"}]}<\/script>\n<!-- \/ Yoast SEO plugin. -->","yoast_head_json":{"title":"Cykling utan \u00e5lder - nu i Sundbyberg! - Sundbyberg","robots":{"index":"index","follow":"follow","max-snippet":"max-snippet:-1","max-image-preview":"max-image-preview:large","max-video-preview":"max-video-preview:-1"},"canonical":"https:\/\/wp.kristdemokraterna.se\/sundbyberg\/2017\/06\/20\/cykling-utan-alder-nu-i-sundbyberg\/","og_locale":"sv_SE","og_type":"article","og_title":"Cykling utan \u00e5lder - nu i Sundbyberg! - Sundbyberg","og_description":"Cykling utan \u00e5lder \u00e4r ett ideellt projekt d\u00e4r frivilliga cykelpiloter tillsammans med stadens \u00e4ldreboenden ser till att \u00e4ldre kommer ut p\u00e5 cykelturer och f\u00e5r m\u00f6jlighet att k\u00e4nna vinden i h\u00e5ret. Med anpassade lastcyklar upplever vi tillsammans staden, bes\u00f6ker parker eller njuter av utsikten l\u00e4ngs kusten. Id\u00e9n kommer fr\u00e5n den danska cykelkulturen d\u00e4r ingen oavsett \u00e5lder Read More","og_url":"https:\/\/wp.kristdemokraterna.se\/sundbyberg\/2017\/06\/20\/cykling-utan-alder-nu-i-sundbyberg\/","og_site_name":"Sundbyberg","article_published_time":"2017-06-20T10:21:31+00:00","article_modified_time":"2018-05-04T11:40:43+00:00","og_image":[{"url":"http:\/\/wp.kristdemokraterna.se\/sundbyberg\/files\/2017\/06\/20170619_140457-1024x576.jpg","type":"","width":"","height":""}],"author":"sundbyberg","twitter_card":"summary_large_image","twitter_misc":{"Skriven av":"sundbyberg","Ber\u00e4knad l\u00e4stid":"1 minut"},"schema":{"@context":"https:\/\/schema.org","@graph":[{"@type":"Article","@id":"https:\/\/wp.kristdemokraterna.se\/sundbyberg\/2017\/06\/20\/cykling-utan-alder-nu-i-sundbyberg\/#article","isPartOf":{"@id":"https:\/\/wp.kristdemokraterna.se\/sundbyberg\/2017\/06\/20\/cykling-utan-alder-nu-i-sundbyberg\/"},"author":{"name":"sundbyberg","@id":"https:\/\/wp.kristdemokraterna.se\/sundbyberg\/#\/schema\/person\/eec81caa0b56f396fe2e25427db6db7e"},"headline":"Cykling utan \u00e5lder &#8211; nu i Sundbyberg!","datePublished":"2017-06-20T10:21:31+00:00","dateModified":"2018-05-04T11:40:43+00:00","mainEntityOfPage":{"@id":"https:\/\/wp.kristdemokraterna.se\/sundbyberg\/2017\/06\/20\/cykling-utan-alder-nu-i-sundbyberg\/"},"wordCount":112,"image":{"@id":"https:\/\/wp.kristdemokraterna.se\/sundbyberg\/2017\/06\/20\/cykling-utan-alder-nu-i-sundbyberg\/#primaryimage"},"thumbnailUrl":"http:\/\/wp.kristdemokraterna.se\/sundbyberg\/files\/2017\/06\/20170619_140457-1024x576.jpg","articleSection":["Inl\u00e4gg"],"inLanguage":"sv-SE"},{"@type":"WebPage","@id":"https:\/\/wp.kristdemokraterna.se\/sundbyberg\/2017\/06\/20\/cykling-utan-alder-nu-i-sundbyberg\/","url":"https:\/\/wp.kristdemokraterna.se\/sundbyberg\/2017\/06\/20\/cykling-utan-alder-nu-i-sundbyberg\/","name":"Cykling utan \u00e5lder - nu i Sundbyberg! - Sundbyberg","isPartOf":{"@id":"https:\/\/wp.kristdemokraterna.se\/sundbyberg\/#website"},"primaryImageOfPage":{"@id":"https:\/\/wp.kristdemokraterna.se\/sundbyberg\/2017\/06\/20\/cykling-utan-alder-nu-i-sundbyberg\/#primaryimage"},"image":{"@id":"https:\/\/wp.kristdemokraterna.se\/sundbyberg\/2017\/06\/20\/cykling-utan-alder-nu-i-sundbyberg\/#primaryimage"},"thumbnailUrl":"http:\/\/wp.kristdemokraterna.se\/sundbyberg\/files\/2017\/06\/20170619_140457-1024x576.jpg","datePublished":"2017-06-20T10:21:31+00:00","dateModified":"2018-05-04T11:40:43+00:00","author":{"@id":"https:\/\/wp.kristdemokraterna.se\/sundbyberg\/#\/schema\/person\/eec81caa0b56f396fe2e25427db6db7e"},"breadcrumb":{"@id":"https:\/\/wp.kristdemokraterna.se\/sundbyberg\/2017\/06\/20\/cykling-utan-alder-nu-i-sundbyberg\/#breadcrumb"},"inLanguage":"sv-SE","potentialAction":[{"@type":"ReadAction","target":["https:\/\/wp.kristdemokraterna.se\/sundbyberg\/2017\/06\/20\/cykling-utan-alder-nu-i-sundbyberg\/"]}]},{"@type":"ImageObject","inLanguage":"sv-SE","@id":"https:\/\/wp.kristdemokraterna.se\/sundbyberg\/2017\/06\/20\/cykling-utan-alder-nu-i-sundbyberg\/#primaryimage","url":"https:\/\/wp.kristdemokraterna.se\/sundbyberg\/files\/2017\/06\/20170619_140457.jpg","contentUrl":"https:\/\/wp.kristdemokraterna.se\/sundbyberg\/files\/2017\/06\/20170619_140457.jpg","width":2560,"height":1440},{"@type":"BreadcrumbList","@id":"https:\/\/wp.kristdemokraterna.se\/sundbyberg\/2017\/06\/20\/cykling-utan-alder-nu-i-sundbyberg\/#breadcrumb","itemListElement":[{"@type":"ListItem","position":1,"name":"Hem","item":"https:\/\/wp.kristdemokraterna.se\/sundbyberg\/"},{"@type":"ListItem","position":2,"name":"Cykling utan \u00e5lder &#8211; nu i Sundbyberg!"}]},{"@type":"WebSite","@id":"https:\/\/wp.kristdemokraterna.se\/sundbyberg\/#website","url":"https:\/\/wp.kristdemokraterna.se\/sundbyberg\/","name":"Sundbyberg","description":"En till Kristdemokraterna webbplats","inLanguage":"sv-SE"},{"@type":"Person","@id":"https:\/\/wp.kristdemokraterna.se\/sundbyberg\/#\/schema\/person\/eec81caa0b56f396fe2e25427db6db7e","name":"sundbyberg","image":{"@type":"ImageObject","inLanguage":"sv-SE","@id":"https:\/\/secure.gravatar.com\/avatar\/196349f3642b0c87b871f936ab42c728ec5cbfc302876051139652ddbecb4bf8?s=96&d=mm&r=g","url":"https:\/\/secure.gravatar.com\/avatar\/196349f3642b0c87b871f936ab42c728ec5cbfc302876051139652ddbecb4bf8?s=96&d=mm&r=g","contentUrl":"https:\/\/secure.gravatar.com\/avatar\/196349f3642b0c87b871f936ab42c728ec5cbfc302876051139652ddbecb4bf8?s=96&d=mm&r=g","caption":"sundbyberg"},"url":"https:\/\/wp.kristdemokraterna.se\/sundbyberg\/author\/sundbyberg\/"}]}},"_links":{"self":[{"href":"https:\/\/wp.kristdemokraterna.se\/sundbyberg\/wp-json\/wp\/v2\/posts\/490","targetHints":{"allow":["GET"]}}],"collection":[{"href":"https:\/\/wp.kristdemokraterna.se\/sundbyberg\/wp-json\/wp\/v2\/posts"}],"about":[{"href":"https:\/\/wp.kristdemokraterna.se\/sundbyberg\/wp-json\/wp\/v2\/types\/post"}],"author":[{"embeddable":true,"href":"https:\/\/wp.kristdemokraterna.se\/sundbyberg\/wp-json\/wp\/v2\/users\/611"}],"replies":[{"embeddable":true,"href":"https:\/\/wp.kristdemokraterna.se\/sundbyberg\/wp-json\/wp\/v2\/comments?post=490"}],"version-history":[{"count":2,"href":"https:\/\/wp.kristdemokraterna.se\/sundbyberg\/wp-json\/wp\/v2\/posts\/490\/revisions"}],"predecessor-version":[{"id":580,"href":"https:\/\/wp.kristdemokraterna.se\/sundbyberg\/wp-json\/wp\/v2\/posts\/490\/revisions\/580"}],"wp:attachment":[{"href":"https:\/\/wp.kristdemokraterna.se\/sundbyberg\/wp-json\/wp\/v2\/media?parent=490"}],"wp:term":[{"taxonomy":"category","embeddable":true,"href":"https:\/\/wp.kristdemokraterna.se\/sundbyberg\/wp-json\/wp\/v2\/categories?post=490"},{"taxonomy":"post_tag","embeddable":true,"href":"https:\/\/wp.kristdemokraterna.se\/sundbyberg\/wp-json\/wp\/v2\/tags?post=490"}],"curies":[{"name":"wp","href":"https:\/\/api.w.org\/{rel}","templated":true}]}}