{"id":497,"date":"2017-10-26T15:27:34","date_gmt":"2017-10-26T13:27:34","guid":{"rendered":"http:\/\/wp.kristdemokraterna.se\/sundbyberg\/?p=497"},"modified":"2018-03-26T16:35:37","modified_gmt":"2018-03-26T14:35:37","slug":"sundbyberg-avslutar-samarbetet-med-frosunda","status":"publish","type":"post","link":"https:\/\/wp.kristdemokraterna.se\/sundbyberg\/2017\/10\/26\/sundbyberg-avslutar-samarbetet-med-frosunda\/","title":{"rendered":"Sundbyberg avslutar samarbetet med Fr\u00f6sunda"},"content":{"rendered":"<p><strong>\u00c4ldren\u00e4mnden kallas till ett extra insatt sammantr\u00e4de p\u00e5 torsdag den 2 november d\u00e4r den f\u00f6rv\u00e4ntas besluta om att avsluta samarbetet med Fr\u00f6sunda Omsorg. Gr\u00e4nsen \u00e4r nu n\u00e5dd efter diskussioner som har p\u00e5g\u00e5tt sedan i mars.<\/strong><\/p>\n<ul>\n<li>Det som fick oss att ta det slutgiltiga beslutet var de allvarliga v\u00e5rdskador som dokumenterats och som resulterat i Lex Maria anm\u00e4lningar, s\u00e4ger Maria Bohman Kreij, \u00e4ldrekommunalr\u00e5d (KD).<\/li>\n<li>N\u00e4r Fr\u00f6sunda Omsorg tilltr\u00e4dde den 1 april i \u00e5r fanns det problem med bemanningen. Fortfarande, ett halv\u00e5r senare, har problemet med sjuksk\u00f6terskebemanningen inte l\u00f6sts.<\/li>\n<li>Ett vackert anbud och ett fint avtal p\u00e5 papperet har tyv\u00e4rr inte resulterat i att v\u00e5ra \u00e4ldre har f\u00e5tt den v\u00e5rd de har r\u00e4tt till. V\u00e5rt f\u00f6rtroende f\u00f6r Fr\u00f6sunda Omsorg \u00e4r f\u00f6rbrukat. Vi har ett stort ansvar f\u00f6r v\u00e5ra boende, deras anh\u00f6riga och personalen, forts\u00e4tter Maria Bohman Kreij.<\/li>\n<li>Alla partier i det gr\u00f6nbl\u00e5 styret har kommit \u00f6verens om att vi m\u00e5ste avsluta samarbetet med Fr\u00f6sunda Omsorg. Det blir ist\u00e4llet Sundbybergs stad som kommer att ansvara f\u00f6r boendet i hus H, d\u00e4r Fr\u00f6sunda Omsorg idag bedriver verksamhet, avslutar Maria Bohman Kreij<b>.<\/b><\/li>\n<\/ul>\n","protected":false},"excerpt":{"rendered":"<p>\u00c4ldren\u00e4mnden kallas till ett extra insatt sammantr\u00e4de p\u00e5 torsdag den 2 november d\u00e4r den f\u00f6rv\u00e4ntas besluta om att avsluta samarbetet med Fr\u00f6sunda Omsorg. Gr\u00e4nsen \u00e4r nu n\u00e5dd efter diskussioner som har p\u00e5g\u00e5tt sedan i mars. Det som fick oss att ta det slutgiltiga beslutet var de allvarliga v\u00e5rdskador som dokumenterats och som resulterat i Lex <a class=\"read-more-link\" href=\"https:\/\/wp.kristdemokraterna.se\/sundbyberg\/2017\/10\/26\/sundbyberg-avslutar-samarbetet-med-frosunda\/\">Read More<\/a><\/p>\n","protected":false},"author":611,"featured_media":0,"comment_status":"closed","ping_status":"closed","sticky":false,"template":"","format":"standard","meta":{"_acf_changed":false,"footnotes":""},"categories":[1],"tags":[],"class_list":["post-497","post","type-post","status-publish","format-standard","hentry","category-inlagg"],"acf":[],"yoast_head":"<!-- This site is optimized with the Yoast SEO plugin v27.4 - https:\/\/yoast.com\/product\/yoast-seo-wordpress\/ -->\n<title>Sundbyberg avslutar samarbetet med Fr\u00f6sunda - Sundbyberg<\/title>\n<meta name=\"robots\" content=\"index, follow, max-snippet:-1, max-image-preview:large, max-video-preview:-1\" \/>\n<link rel=\"canonical\" href=\"https:\/\/wp.kristdemokraterna.se\/sundbyberg\/2017\/10\/26\/sundbyberg-avslutar-samarbetet-med-frosunda\/\" \/>\n<meta property=\"og:locale\" content=\"sv_SE\" \/>\n<meta property=\"og:type\" content=\"article\" \/>\n<meta property=\"og:title\" content=\"Sundbyberg avslutar samarbetet med Fr\u00f6sunda - Sundbyberg\" \/>\n<meta property=\"og:description\" content=\"\u00c4ldren\u00e4mnden kallas till ett extra insatt sammantr\u00e4de p\u00e5 torsdag den 2 november d\u00e4r den f\u00f6rv\u00e4ntas besluta om att avsluta samarbetet med Fr\u00f6sunda Omsorg. Gr\u00e4nsen \u00e4r nu n\u00e5dd efter diskussioner som har p\u00e5g\u00e5tt sedan i mars. Det som fick oss att ta det slutgiltiga beslutet var de allvarliga v\u00e5rdskador som dokumenterats och som resulterat i Lex Read More\" \/>\n<meta property=\"og:url\" content=\"https:\/\/wp.kristdemokraterna.se\/sundbyberg\/2017\/10\/26\/sundbyberg-avslutar-samarbetet-med-frosunda\/\" \/>\n<meta property=\"og:site_name\" content=\"Sundbyberg\" \/>\n<meta property=\"article:published_time\" content=\"2017-10-26T13:27:34+00:00\" \/>\n<meta property=\"article:modified_time\" content=\"2018-03-26T14:35:37+00:00\" \/>\n<meta name=\"author\" content=\"sundbyberg\" \/>\n<meta name=\"twitter:card\" content=\"summary_large_image\" \/>\n<meta name=\"twitter:label1\" content=\"Skriven av\" \/>\n\t<meta name=\"twitter:data1\" content=\"sundbyberg\" \/>\n\t<meta name=\"twitter:label2\" content=\"Ber\u00e4knad l\u00e4stid\" \/>\n\t<meta name=\"twitter:data2\" content=\"1 minut\" \/>\n<script type=\"application\/ld+json\" class=\"yoast-schema-graph\">{\"@context\":\"https:\\\/\\\/schema.org\",\"@graph\":[{\"@type\":\"Article\",\"@id\":\"https:\\\/\\\/wp.kristdemokraterna.se\\\/sundbyberg\\\/2017\\\/10\\\/26\\\/sundbyberg-avslutar-samarbetet-med-frosunda\\\/#article\",\"isPartOf\":{\"@id\":\"https:\\\/\\\/wp.kristdemokraterna.se\\\/sundbyberg\\\/2017\\\/10\\\/26\\\/sundbyberg-avslutar-samarbetet-med-frosunda\\\/\"},\"author\":{\"name\":\"sundbyberg\",\"@id\":\"https:\\\/\\\/wp.kristdemokraterna.se\\\/sundbyberg\\\/#\\\/schema\\\/person\\\/eec81caa0b56f396fe2e25427db6db7e\"},\"headline\":\"Sundbyberg avslutar samarbetet med Fr\u00f6sunda\",\"datePublished\":\"2017-10-26T13:27:34+00:00\",\"dateModified\":\"2018-03-26T14:35:37+00:00\",\"mainEntityOfPage\":{\"@id\":\"https:\\\/\\\/wp.kristdemokraterna.se\\\/sundbyberg\\\/2017\\\/10\\\/26\\\/sundbyberg-avslutar-samarbetet-med-frosunda\\\/\"},\"wordCount\":222,\"articleSection\":[\"Inl\u00e4gg\"],\"inLanguage\":\"sv-SE\"},{\"@type\":\"WebPage\",\"@id\":\"https:\\\/\\\/wp.kristdemokraterna.se\\\/sundbyberg\\\/2017\\\/10\\\/26\\\/sundbyberg-avslutar-samarbetet-med-frosunda\\\/\",\"url\":\"https:\\\/\\\/wp.kristdemokraterna.se\\\/sundbyberg\\\/2017\\\/10\\\/26\\\/sundbyberg-avslutar-samarbetet-med-frosunda\\\/\",\"name\":\"Sundbyberg avslutar samarbetet med Fr\u00f6sunda - Sundbyberg\",\"isPartOf\":{\"@id\":\"https:\\\/\\\/wp.kristdemokraterna.se\\\/sundbyberg\\\/#website\"},\"datePublished\":\"2017-10-26T13:27:34+00:00\",\"dateModified\":\"2018-03-26T14:35:37+00:00\",\"author\":{\"@id\":\"https:\\\/\\\/wp.kristdemokraterna.se\\\/sundbyberg\\\/#\\\/schema\\\/person\\\/eec81caa0b56f396fe2e25427db6db7e\"},\"breadcrumb\":{\"@id\":\"https:\\\/\\\/wp.kristdemokraterna.se\\\/sundbyberg\\\/2017\\\/10\\\/26\\\/sundbyberg-avslutar-samarbetet-med-frosunda\\\/#breadcrumb\"},\"inLanguage\":\"sv-SE\",\"potentialAction\":[{\"@type\":\"ReadAction\",\"target\":[\"https:\\\/\\\/wp.kristdemokraterna.se\\\/sundbyberg\\\/2017\\\/10\\\/26\\\/sundbyberg-avslutar-samarbetet-med-frosunda\\\/\"]}]},{\"@type\":\"BreadcrumbList\",\"@id\":\"https:\\\/\\\/wp.kristdemokraterna.se\\\/sundbyberg\\\/2017\\\/10\\\/26\\\/sundbyberg-avslutar-samarbetet-med-frosunda\\\/#breadcrumb\",\"itemListElement\":[{\"@type\":\"ListItem\",\"position\":1,\"name\":\"Hem\",\"item\":\"https:\\\/\\\/wp.kristdemokraterna.se\\\/sundbyberg\\\/\"},{\"@type\":\"ListItem\",\"position\":2,\"name\":\"Sundbyberg avslutar samarbetet med Fr\u00f6sunda\"}]},{\"@type\":\"WebSite\",\"@id\":\"https:\\\/\\\/wp.kristdemokraterna.se\\\/sundbyberg\\\/#website\",\"url\":\"https:\\\/\\\/wp.kristdemokraterna.se\\\/sundbyberg\\\/\",\"name\":\"Sundbyberg\",\"description\":\"En till Kristdemokraterna webbplats\",\"inLanguage\":\"sv-SE\"},{\"@type\":\"Person\",\"@id\":\"https:\\\/\\\/wp.kristdemokraterna.se\\\/sundbyberg\\\/#\\\/schema\\\/person\\\/eec81caa0b56f396fe2e25427db6db7e\",\"name\":\"sundbyberg\",\"image\":{\"@type\":\"ImageObject\",\"inLanguage\":\"sv-SE\",\"@id\":\"https:\\\/\\\/secure.gravatar.com\\\/avatar\\\/196349f3642b0c87b871f936ab42c728ec5cbfc302876051139652ddbecb4bf8?s=96&d=mm&r=g\",\"url\":\"https:\\\/\\\/secure.gravatar.com\\\/avatar\\\/196349f3642b0c87b871f936ab42c728ec5cbfc302876051139652ddbecb4bf8?s=96&d=mm&r=g\",\"contentUrl\":\"https:\\\/\\\/secure.gravatar.com\\\/avatar\\\/196349f3642b0c87b871f936ab42c728ec5cbfc302876051139652ddbecb4bf8?s=96&d=mm&r=g\",\"caption\":\"sundbyberg\"},\"url\":\"https:\\\/\\\/wp.kristdemokraterna.se\\\/sundbyberg\\\/author\\\/sundbyberg\\\/\"}]}<\/script>\n<!-- \/ Yoast SEO plugin. -->","yoast_head_json":{"title":"Sundbyberg avslutar samarbetet med Fr\u00f6sunda - Sundbyberg","robots":{"index":"index","follow":"follow","max-snippet":"max-snippet:-1","max-image-preview":"max-image-preview:large","max-video-preview":"max-video-preview:-1"},"canonical":"https:\/\/wp.kristdemokraterna.se\/sundbyberg\/2017\/10\/26\/sundbyberg-avslutar-samarbetet-med-frosunda\/","og_locale":"sv_SE","og_type":"article","og_title":"Sundbyberg avslutar samarbetet med Fr\u00f6sunda - Sundbyberg","og_description":"\u00c4ldren\u00e4mnden kallas till ett extra insatt sammantr\u00e4de p\u00e5 torsdag den 2 november d\u00e4r den f\u00f6rv\u00e4ntas besluta om att avsluta samarbetet med Fr\u00f6sunda Omsorg. Gr\u00e4nsen \u00e4r nu n\u00e5dd efter diskussioner som har p\u00e5g\u00e5tt sedan i mars. Det som fick oss att ta det slutgiltiga beslutet var de allvarliga v\u00e5rdskador som dokumenterats och som resulterat i Lex Read More","og_url":"https:\/\/wp.kristdemokraterna.se\/sundbyberg\/2017\/10\/26\/sundbyberg-avslutar-samarbetet-med-frosunda\/","og_site_name":"Sundbyberg","article_published_time":"2017-10-26T13:27:34+00:00","article_modified_time":"2018-03-26T14:35:37+00:00","author":"sundbyberg","twitter_card":"summary_large_image","twitter_misc":{"Skriven av":"sundbyberg","Ber\u00e4knad l\u00e4stid":"1 minut"},"schema":{"@context":"https:\/\/schema.org","@graph":[{"@type":"Article","@id":"https:\/\/wp.kristdemokraterna.se\/sundbyberg\/2017\/10\/26\/sundbyberg-avslutar-samarbetet-med-frosunda\/#article","isPartOf":{"@id":"https:\/\/wp.kristdemokraterna.se\/sundbyberg\/2017\/10\/26\/sundbyberg-avslutar-samarbetet-med-frosunda\/"},"author":{"name":"sundbyberg","@id":"https:\/\/wp.kristdemokraterna.se\/sundbyberg\/#\/schema\/person\/eec81caa0b56f396fe2e25427db6db7e"},"headline":"Sundbyberg avslutar samarbetet med Fr\u00f6sunda","datePublished":"2017-10-26T13:27:34+00:00","dateModified":"2018-03-26T14:35:37+00:00","mainEntityOfPage":{"@id":"https:\/\/wp.kristdemokraterna.se\/sundbyberg\/2017\/10\/26\/sundbyberg-avslutar-samarbetet-med-frosunda\/"},"wordCount":222,"articleSection":["Inl\u00e4gg"],"inLanguage":"sv-SE"},{"@type":"WebPage","@id":"https:\/\/wp.kristdemokraterna.se\/sundbyberg\/2017\/10\/26\/sundbyberg-avslutar-samarbetet-med-frosunda\/","url":"https:\/\/wp.kristdemokraterna.se\/sundbyberg\/2017\/10\/26\/sundbyberg-avslutar-samarbetet-med-frosunda\/","name":"Sundbyberg avslutar samarbetet med Fr\u00f6sunda - Sundbyberg","isPartOf":{"@id":"https:\/\/wp.kristdemokraterna.se\/sundbyberg\/#website"},"datePublished":"2017-10-26T13:27:34+00:00","dateModified":"2018-03-26T14:35:37+00:00","author":{"@id":"https:\/\/wp.kristdemokraterna.se\/sundbyberg\/#\/schema\/person\/eec81caa0b56f396fe2e25427db6db7e"},"breadcrumb":{"@id":"https:\/\/wp.kristdemokraterna.se\/sundbyberg\/2017\/10\/26\/sundbyberg-avslutar-samarbetet-med-frosunda\/#breadcrumb"},"inLanguage":"sv-SE","potentialAction":[{"@type":"ReadAction","target":["https:\/\/wp.kristdemokraterna.se\/sundbyberg\/2017\/10\/26\/sundbyberg-avslutar-samarbetet-med-frosunda\/"]}]},{"@type":"BreadcrumbList","@id":"https:\/\/wp.kristdemokraterna.se\/sundbyberg\/2017\/10\/26\/sundbyberg-avslutar-samarbetet-med-frosunda\/#breadcrumb","itemListElement":[{"@type":"ListItem","position":1,"name":"Hem","item":"https:\/\/wp.kristdemokraterna.se\/sundbyberg\/"},{"@type":"ListItem","position":2,"name":"Sundbyberg avslutar samarbetet med Fr\u00f6sunda"}]},{"@type":"WebSite","@id":"https:\/\/wp.kristdemokraterna.se\/sundbyberg\/#website","url":"https:\/\/wp.kristdemokraterna.se\/sundbyberg\/","name":"Sundbyberg","description":"En till Kristdemokraterna webbplats","inLanguage":"sv-SE"},{"@type":"Person","@id":"https:\/\/wp.kristdemokraterna.se\/sundbyberg\/#\/schema\/person\/eec81caa0b56f396fe2e25427db6db7e","name":"sundbyberg","image":{"@type":"ImageObject","inLanguage":"sv-SE","@id":"https:\/\/secure.gravatar.com\/avatar\/196349f3642b0c87b871f936ab42c728ec5cbfc302876051139652ddbecb4bf8?s=96&d=mm&r=g","url":"https:\/\/secure.gravatar.com\/avatar\/196349f3642b0c87b871f936ab42c728ec5cbfc302876051139652ddbecb4bf8?s=96&d=mm&r=g","contentUrl":"https:\/\/secure.gravatar.com\/avatar\/196349f3642b0c87b871f936ab42c728ec5cbfc302876051139652ddbecb4bf8?s=96&d=mm&r=g","caption":"sundbyberg"},"url":"https:\/\/wp.kristdemokraterna.se\/sundbyberg\/author\/sundbyberg\/"}]}},"_links":{"self":[{"href":"https:\/\/wp.kristdemokraterna.se\/sundbyberg\/wp-json\/wp\/v2\/posts\/497","targetHints":{"allow":["GET"]}}],"collection":[{"href":"https:\/\/wp.kristdemokraterna.se\/sundbyberg\/wp-json\/wp\/v2\/posts"}],"about":[{"href":"https:\/\/wp.kristdemokraterna.se\/sundbyberg\/wp-json\/wp\/v2\/types\/post"}],"author":[{"embeddable":true,"href":"https:\/\/wp.kristdemokraterna.se\/sundbyberg\/wp-json\/wp\/v2\/users\/611"}],"replies":[{"embeddable":true,"href":"https:\/\/wp.kristdemokraterna.se\/sundbyberg\/wp-json\/wp\/v2\/comments?post=497"}],"version-history":[{"count":2,"href":"https:\/\/wp.kristdemokraterna.se\/sundbyberg\/wp-json\/wp\/v2\/posts\/497\/revisions"}],"predecessor-version":[{"id":578,"href":"https:\/\/wp.kristdemokraterna.se\/sundbyberg\/wp-json\/wp\/v2\/posts\/497\/revisions\/578"}],"wp:attachment":[{"href":"https:\/\/wp.kristdemokraterna.se\/sundbyberg\/wp-json\/wp\/v2\/media?parent=497"}],"wp:term":[{"taxonomy":"category","embeddable":true,"href":"https:\/\/wp.kristdemokraterna.se\/sundbyberg\/wp-json\/wp\/v2\/categories?post=497"},{"taxonomy":"post_tag","embeddable":true,"href":"https:\/\/wp.kristdemokraterna.se\/sundbyberg\/wp-json\/wp\/v2\/tags?post=497"}],"curies":[{"name":"wp","href":"https:\/\/api.w.org\/{rel}","templated":true}]}}