{"id":815,"date":"2019-02-21T13:48:07","date_gmt":"2019-02-21T12:48:07","guid":{"rendered":"http:\/\/wp.kristdemokraterna.se\/sundbyberg\/?p=815"},"modified":"2019-02-21T14:10:34","modified_gmt":"2019-02-21T13:10:34","slug":"marcus-jonsson-blir-ny-gruppledare-kristdemokraterna","status":"publish","type":"post","link":"https:\/\/wp.kristdemokraterna.se\/sundbyberg\/2019\/02\/21\/marcus-jonsson-blir-ny-gruppledare-kristdemokraterna\/","title":{"rendered":"Marcus Jonsson blir ny gruppledare"},"content":{"rendered":"<p><span style=\"float: none;background-color: transparent;color: #111111;font-family: 'Open Sans',sans-serif;font-size: 20px;font-style: normal;font-variant: normal;font-weight: bold;letter-spacing: -0.4px;text-align: left;text-decoration: none;text-indent: 0px\">Maria Bohman Kreij l\u00e4mnar posten som gruppledare f\u00f6r Kristdemokraterna i Sundbyberg efter \u00e5tta \u00e5r.<\/span><br \/>\n<span style=\"float: none;background-color: transparent;color: #111111;font-family: 'Open Sans',sans-serif;font-size: 20px;font-style: normal;font-variant: normal;font-weight: bold;letter-spacing: -0.4px;text-align: left;text-decoration: none;text-indent: 0px\"> I st\u00e4llet tar Marcus Jonsson \u00f6ver. Med sig i bagaget har han jobb inom b\u00e5de Europaparlamentet och regeringen.<\/span><\/p>\n<p>Maria Bohman Kreij l\u00e4mnar posten som gruppledare f\u00f6r Kristdemokraterna i Sundbyberg efter \u00e5tta \u00e5r. Stafettpinnen l\u00e4mnar hon \u00f6ver till\u00a0\u00a0Marcus Jonsson, 38 \u00e5r.<\/p>\n<p>\u2013 Han \u00e4r en ny person lokalt i Sundbyberg men har gedigna partikunskaper och en l\u00e5ng bakgrund inom Kristdemokraterna, s\u00e4ger\u00a0Maria Bohman Kreij.<\/p>\n<p>Marcus Jonsson\u00a0har\u00a0tidigare varit medarbetare till Alf Svensson i Europaparlamentet och \u00e4ven pressekreterare p\u00e5 regeringskansliet i Fredrik Reinfeldts regering till d\u00e5varande barn-och \u00e4ldreminister Maria Larsson.<\/p>\n<p>\u2013\u00a0Detta \u00e4r ett stort f\u00f6rtroendeuppdrag och det \u00e4r en f\u00f6rm\u00e5n att f\u00e5 arbeta f\u00f6r en starkare samh\u00e4llsgemenskap i v\u00e5r stad. Kristdemokraterna i Sundbyberg \u00e4r k\u00e4nt f\u00f6r att ta ansvar och \u00e4ven som ett oppositionsparti vill vi vara en konstruktiv kraft. Min m\u00e5lbild \u00e4r att ingen ska h\u00e5llas tillbaka och ingen ska l\u00e4mnas efter, s\u00e4ger Marcus Jonsson.<\/p>\n<p>Paulos Abraha, 26 \u00e5r, blir ny politisk sekreterare. Han \u00e4r f\u00f6dd och uppvuxen i Hallonbergen och kommer n\u00e4rmast fr\u00e5n ett jobb inom IT-sektorn.<\/p>\n<p>Maria Bohman Kreij fyllde 65 \u00e5r i januari och kommer nu delvis att g\u00e5 i pension.<\/p>\n<p>\u2013 Jag har suttit p\u00e5\u00a0posten i \u00e5tta \u00e5r. Jag tror inte man ska sitta f\u00f6r l\u00e4nge, s\u00e5 det f\u00f6ll sig naturligt att l\u00e4mna \u00f6ver nu, s\u00e4ger hon.<\/p>\n<p>Hon beh\u00e5ller sin plats i kommunfullm\u00e4ktige och kommer \u00e4ven ta plats som andre vice ordf\u00f6rande i f\u00f6rskolen\u00e4mnden.\u00a0Tidigare satt hon som ordf\u00f6rande i \u00e4ldren\u00e4mnden.<\/p>\n<p>\u2013 Det k\u00e4nns naturligt att l\u00e4mna \u00e4ven den posten. Det \u00e4r inget bra att s\u00e4tta sig i opposition, risken \u00e4r att jag f\u00e5r kritisera beslut som jag sj\u00e4lv tagit.\u00a0 Jag g\u00e5r nu fr\u00e5n gamla barn till unga barn, det k\u00e4nns j\u00e4ttekul, s\u00e4ger hon.<\/p>\n<p>Hon kommer \u00e4ven ha mer tid till lugn och ro, \u00e4n tidigare.<\/p>\n<p>\u2013 Livet har g\u00e5tt i fullknyck. Jag har nu tid att resa lite grann och ocks\u00e5 att sitta ner och bara glo en stund och reflektera \u00f6ver livet, det ser jag fram emot, s\u00e4ger hon.<\/p>\n","protected":false},"excerpt":{"rendered":"<p>Maria Bohman Kreij l\u00e4mnar posten som gruppledare f\u00f6r Kristdemokraterna i Sundbyberg efter \u00e5tta \u00e5r. I st\u00e4llet tar Marcus Jonsson \u00f6ver. Med sig i bagaget har han jobb inom b\u00e5de Europaparlamentet och regeringen. Maria Bohman Kreij l\u00e4mnar posten som gruppledare f\u00f6r Kristdemokraterna i Sundbyberg efter \u00e5tta \u00e5r. Stafettpinnen l\u00e4mnar hon \u00f6ver till\u00a0\u00a0Marcus Jonsson, 38 \u00e5r. \u2013 <a class=\"read-more-link\" href=\"https:\/\/wp.kristdemokraterna.se\/sundbyberg\/2019\/02\/21\/marcus-jonsson-blir-ny-gruppledare-kristdemokraterna\/\">Read More<\/a><\/p>\n","protected":false},"author":611,"featured_media":0,"comment_status":"closed","ping_status":"closed","sticky":false,"template":"","format":"standard","meta":{"_acf_changed":false,"footnotes":""},"categories":[1],"tags":[],"class_list":["post-815","post","type-post","status-publish","format-standard","hentry","category-inlagg"],"acf":[],"yoast_head":"<!-- This site is optimized with the Yoast SEO plugin v27.4 - https:\/\/yoast.com\/product\/yoast-seo-wordpress\/ -->\n<title>Marcus Jonsson blir ny gruppledare - Sundbyberg<\/title>\n<meta name=\"robots\" content=\"index, follow, max-snippet:-1, max-image-preview:large, max-video-preview:-1\" \/>\n<link rel=\"canonical\" href=\"https:\/\/wp.kristdemokraterna.se\/sundbyberg\/2019\/02\/21\/marcus-jonsson-blir-ny-gruppledare-kristdemokraterna\/\" \/>\n<meta property=\"og:locale\" content=\"sv_SE\" \/>\n<meta property=\"og:type\" content=\"article\" \/>\n<meta property=\"og:title\" content=\"Marcus Jonsson blir ny gruppledare - Sundbyberg\" \/>\n<meta property=\"og:description\" content=\"Maria Bohman Kreij l\u00e4mnar posten som gruppledare f\u00f6r Kristdemokraterna i Sundbyberg efter \u00e5tta \u00e5r. I st\u00e4llet tar Marcus Jonsson \u00f6ver. Med sig i bagaget har han jobb inom b\u00e5de Europaparlamentet och regeringen. Maria Bohman Kreij l\u00e4mnar posten som gruppledare f\u00f6r Kristdemokraterna i Sundbyberg efter \u00e5tta \u00e5r. Stafettpinnen l\u00e4mnar hon \u00f6ver till\u00a0\u00a0Marcus Jonsson, 38 \u00e5r. \u2013 Read More\" \/>\n<meta property=\"og:url\" content=\"https:\/\/wp.kristdemokraterna.se\/sundbyberg\/2019\/02\/21\/marcus-jonsson-blir-ny-gruppledare-kristdemokraterna\/\" \/>\n<meta property=\"og:site_name\" content=\"Sundbyberg\" \/>\n<meta property=\"article:published_time\" content=\"2019-02-21T12:48:07+00:00\" \/>\n<meta property=\"article:modified_time\" content=\"2019-02-21T13:10:34+00:00\" \/>\n<meta name=\"author\" content=\"sundbyberg\" \/>\n<meta name=\"twitter:card\" content=\"summary_large_image\" \/>\n<meta name=\"twitter:label1\" content=\"Skriven av\" \/>\n\t<meta name=\"twitter:data1\" content=\"sundbyberg\" \/>\n\t<meta name=\"twitter:label2\" content=\"Ber\u00e4knad l\u00e4stid\" \/>\n\t<meta name=\"twitter:data2\" content=\"2 minuter\" \/>\n<script type=\"application\/ld+json\" class=\"yoast-schema-graph\">{\"@context\":\"https:\\\/\\\/schema.org\",\"@graph\":[{\"@type\":\"Article\",\"@id\":\"https:\\\/\\\/wp.kristdemokraterna.se\\\/sundbyberg\\\/2019\\\/02\\\/21\\\/marcus-jonsson-blir-ny-gruppledare-kristdemokraterna\\\/#article\",\"isPartOf\":{\"@id\":\"https:\\\/\\\/wp.kristdemokraterna.se\\\/sundbyberg\\\/2019\\\/02\\\/21\\\/marcus-jonsson-blir-ny-gruppledare-kristdemokraterna\\\/\"},\"author\":{\"name\":\"sundbyberg\",\"@id\":\"https:\\\/\\\/wp.kristdemokraterna.se\\\/sundbyberg\\\/#\\\/schema\\\/person\\\/eec81caa0b56f396fe2e25427db6db7e\"},\"headline\":\"Marcus Jonsson blir ny gruppledare\",\"datePublished\":\"2019-02-21T12:48:07+00:00\",\"dateModified\":\"2019-02-21T13:10:34+00:00\",\"mainEntityOfPage\":{\"@id\":\"https:\\\/\\\/wp.kristdemokraterna.se\\\/sundbyberg\\\/2019\\\/02\\\/21\\\/marcus-jonsson-blir-ny-gruppledare-kristdemokraterna\\\/\"},\"wordCount\":388,\"articleSection\":[\"Inl\u00e4gg\"],\"inLanguage\":\"sv-SE\"},{\"@type\":\"WebPage\",\"@id\":\"https:\\\/\\\/wp.kristdemokraterna.se\\\/sundbyberg\\\/2019\\\/02\\\/21\\\/marcus-jonsson-blir-ny-gruppledare-kristdemokraterna\\\/\",\"url\":\"https:\\\/\\\/wp.kristdemokraterna.se\\\/sundbyberg\\\/2019\\\/02\\\/21\\\/marcus-jonsson-blir-ny-gruppledare-kristdemokraterna\\\/\",\"name\":\"Marcus Jonsson blir ny gruppledare - Sundbyberg\",\"isPartOf\":{\"@id\":\"https:\\\/\\\/wp.kristdemokraterna.se\\\/sundbyberg\\\/#website\"},\"datePublished\":\"2019-02-21T12:48:07+00:00\",\"dateModified\":\"2019-02-21T13:10:34+00:00\",\"author\":{\"@id\":\"https:\\\/\\\/wp.kristdemokraterna.se\\\/sundbyberg\\\/#\\\/schema\\\/person\\\/eec81caa0b56f396fe2e25427db6db7e\"},\"breadcrumb\":{\"@id\":\"https:\\\/\\\/wp.kristdemokraterna.se\\\/sundbyberg\\\/2019\\\/02\\\/21\\\/marcus-jonsson-blir-ny-gruppledare-kristdemokraterna\\\/#breadcrumb\"},\"inLanguage\":\"sv-SE\",\"potentialAction\":[{\"@type\":\"ReadAction\",\"target\":[\"https:\\\/\\\/wp.kristdemokraterna.se\\\/sundbyberg\\\/2019\\\/02\\\/21\\\/marcus-jonsson-blir-ny-gruppledare-kristdemokraterna\\\/\"]}]},{\"@type\":\"BreadcrumbList\",\"@id\":\"https:\\\/\\\/wp.kristdemokraterna.se\\\/sundbyberg\\\/2019\\\/02\\\/21\\\/marcus-jonsson-blir-ny-gruppledare-kristdemokraterna\\\/#breadcrumb\",\"itemListElement\":[{\"@type\":\"ListItem\",\"position\":1,\"name\":\"Hem\",\"item\":\"https:\\\/\\\/wp.kristdemokraterna.se\\\/sundbyberg\\\/\"},{\"@type\":\"ListItem\",\"position\":2,\"name\":\"Marcus Jonsson blir ny gruppledare\"}]},{\"@type\":\"WebSite\",\"@id\":\"https:\\\/\\\/wp.kristdemokraterna.se\\\/sundbyberg\\\/#website\",\"url\":\"https:\\\/\\\/wp.kristdemokraterna.se\\\/sundbyberg\\\/\",\"name\":\"Sundbyberg\",\"description\":\"En till Kristdemokraterna webbplats\",\"inLanguage\":\"sv-SE\"},{\"@type\":\"Person\",\"@id\":\"https:\\\/\\\/wp.kristdemokraterna.se\\\/sundbyberg\\\/#\\\/schema\\\/person\\\/eec81caa0b56f396fe2e25427db6db7e\",\"name\":\"sundbyberg\",\"image\":{\"@type\":\"ImageObject\",\"inLanguage\":\"sv-SE\",\"@id\":\"https:\\\/\\\/secure.gravatar.com\\\/avatar\\\/196349f3642b0c87b871f936ab42c728ec5cbfc302876051139652ddbecb4bf8?s=96&d=mm&r=g\",\"url\":\"https:\\\/\\\/secure.gravatar.com\\\/avatar\\\/196349f3642b0c87b871f936ab42c728ec5cbfc302876051139652ddbecb4bf8?s=96&d=mm&r=g\",\"contentUrl\":\"https:\\\/\\\/secure.gravatar.com\\\/avatar\\\/196349f3642b0c87b871f936ab42c728ec5cbfc302876051139652ddbecb4bf8?s=96&d=mm&r=g\",\"caption\":\"sundbyberg\"},\"url\":\"https:\\\/\\\/wp.kristdemokraterna.se\\\/sundbyberg\\\/author\\\/sundbyberg\\\/\"}]}<\/script>\n<!-- \/ Yoast SEO plugin. -->","yoast_head_json":{"title":"Marcus Jonsson blir ny gruppledare - Sundbyberg","robots":{"index":"index","follow":"follow","max-snippet":"max-snippet:-1","max-image-preview":"max-image-preview:large","max-video-preview":"max-video-preview:-1"},"canonical":"https:\/\/wp.kristdemokraterna.se\/sundbyberg\/2019\/02\/21\/marcus-jonsson-blir-ny-gruppledare-kristdemokraterna\/","og_locale":"sv_SE","og_type":"article","og_title":"Marcus Jonsson blir ny gruppledare - Sundbyberg","og_description":"Maria Bohman Kreij l\u00e4mnar posten som gruppledare f\u00f6r Kristdemokraterna i Sundbyberg efter \u00e5tta \u00e5r. I st\u00e4llet tar Marcus Jonsson \u00f6ver. Med sig i bagaget har han jobb inom b\u00e5de Europaparlamentet och regeringen. Maria Bohman Kreij l\u00e4mnar posten som gruppledare f\u00f6r Kristdemokraterna i Sundbyberg efter \u00e5tta \u00e5r. Stafettpinnen l\u00e4mnar hon \u00f6ver till\u00a0\u00a0Marcus Jonsson, 38 \u00e5r. \u2013 Read More","og_url":"https:\/\/wp.kristdemokraterna.se\/sundbyberg\/2019\/02\/21\/marcus-jonsson-blir-ny-gruppledare-kristdemokraterna\/","og_site_name":"Sundbyberg","article_published_time":"2019-02-21T12:48:07+00:00","article_modified_time":"2019-02-21T13:10:34+00:00","author":"sundbyberg","twitter_card":"summary_large_image","twitter_misc":{"Skriven av":"sundbyberg","Ber\u00e4knad l\u00e4stid":"2 minuter"},"schema":{"@context":"https:\/\/schema.org","@graph":[{"@type":"Article","@id":"https:\/\/wp.kristdemokraterna.se\/sundbyberg\/2019\/02\/21\/marcus-jonsson-blir-ny-gruppledare-kristdemokraterna\/#article","isPartOf":{"@id":"https:\/\/wp.kristdemokraterna.se\/sundbyberg\/2019\/02\/21\/marcus-jonsson-blir-ny-gruppledare-kristdemokraterna\/"},"author":{"name":"sundbyberg","@id":"https:\/\/wp.kristdemokraterna.se\/sundbyberg\/#\/schema\/person\/eec81caa0b56f396fe2e25427db6db7e"},"headline":"Marcus Jonsson blir ny gruppledare","datePublished":"2019-02-21T12:48:07+00:00","dateModified":"2019-02-21T13:10:34+00:00","mainEntityOfPage":{"@id":"https:\/\/wp.kristdemokraterna.se\/sundbyberg\/2019\/02\/21\/marcus-jonsson-blir-ny-gruppledare-kristdemokraterna\/"},"wordCount":388,"articleSection":["Inl\u00e4gg"],"inLanguage":"sv-SE"},{"@type":"WebPage","@id":"https:\/\/wp.kristdemokraterna.se\/sundbyberg\/2019\/02\/21\/marcus-jonsson-blir-ny-gruppledare-kristdemokraterna\/","url":"https:\/\/wp.kristdemokraterna.se\/sundbyberg\/2019\/02\/21\/marcus-jonsson-blir-ny-gruppledare-kristdemokraterna\/","name":"Marcus Jonsson blir ny gruppledare - Sundbyberg","isPartOf":{"@id":"https:\/\/wp.kristdemokraterna.se\/sundbyberg\/#website"},"datePublished":"2019-02-21T12:48:07+00:00","dateModified":"2019-02-21T13:10:34+00:00","author":{"@id":"https:\/\/wp.kristdemokraterna.se\/sundbyberg\/#\/schema\/person\/eec81caa0b56f396fe2e25427db6db7e"},"breadcrumb":{"@id":"https:\/\/wp.kristdemokraterna.se\/sundbyberg\/2019\/02\/21\/marcus-jonsson-blir-ny-gruppledare-kristdemokraterna\/#breadcrumb"},"inLanguage":"sv-SE","potentialAction":[{"@type":"ReadAction","target":["https:\/\/wp.kristdemokraterna.se\/sundbyberg\/2019\/02\/21\/marcus-jonsson-blir-ny-gruppledare-kristdemokraterna\/"]}]},{"@type":"BreadcrumbList","@id":"https:\/\/wp.kristdemokraterna.se\/sundbyberg\/2019\/02\/21\/marcus-jonsson-blir-ny-gruppledare-kristdemokraterna\/#breadcrumb","itemListElement":[{"@type":"ListItem","position":1,"name":"Hem","item":"https:\/\/wp.kristdemokraterna.se\/sundbyberg\/"},{"@type":"ListItem","position":2,"name":"Marcus Jonsson blir ny gruppledare"}]},{"@type":"WebSite","@id":"https:\/\/wp.kristdemokraterna.se\/sundbyberg\/#website","url":"https:\/\/wp.kristdemokraterna.se\/sundbyberg\/","name":"Sundbyberg","description":"En till Kristdemokraterna webbplats","inLanguage":"sv-SE"},{"@type":"Person","@id":"https:\/\/wp.kristdemokraterna.se\/sundbyberg\/#\/schema\/person\/eec81caa0b56f396fe2e25427db6db7e","name":"sundbyberg","image":{"@type":"ImageObject","inLanguage":"sv-SE","@id":"https:\/\/secure.gravatar.com\/avatar\/196349f3642b0c87b871f936ab42c728ec5cbfc302876051139652ddbecb4bf8?s=96&d=mm&r=g","url":"https:\/\/secure.gravatar.com\/avatar\/196349f3642b0c87b871f936ab42c728ec5cbfc302876051139652ddbecb4bf8?s=96&d=mm&r=g","contentUrl":"https:\/\/secure.gravatar.com\/avatar\/196349f3642b0c87b871f936ab42c728ec5cbfc302876051139652ddbecb4bf8?s=96&d=mm&r=g","caption":"sundbyberg"},"url":"https:\/\/wp.kristdemokraterna.se\/sundbyberg\/author\/sundbyberg\/"}]}},"_links":{"self":[{"href":"https:\/\/wp.kristdemokraterna.se\/sundbyberg\/wp-json\/wp\/v2\/posts\/815","targetHints":{"allow":["GET"]}}],"collection":[{"href":"https:\/\/wp.kristdemokraterna.se\/sundbyberg\/wp-json\/wp\/v2\/posts"}],"about":[{"href":"https:\/\/wp.kristdemokraterna.se\/sundbyberg\/wp-json\/wp\/v2\/types\/post"}],"author":[{"embeddable":true,"href":"https:\/\/wp.kristdemokraterna.se\/sundbyberg\/wp-json\/wp\/v2\/users\/611"}],"replies":[{"embeddable":true,"href":"https:\/\/wp.kristdemokraterna.se\/sundbyberg\/wp-json\/wp\/v2\/comments?post=815"}],"version-history":[{"count":9,"href":"https:\/\/wp.kristdemokraterna.se\/sundbyberg\/wp-json\/wp\/v2\/posts\/815\/revisions"}],"predecessor-version":[{"id":827,"href":"https:\/\/wp.kristdemokraterna.se\/sundbyberg\/wp-json\/wp\/v2\/posts\/815\/revisions\/827"}],"wp:attachment":[{"href":"https:\/\/wp.kristdemokraterna.se\/sundbyberg\/wp-json\/wp\/v2\/media?parent=815"}],"wp:term":[{"taxonomy":"category","embeddable":true,"href":"https:\/\/wp.kristdemokraterna.se\/sundbyberg\/wp-json\/wp\/v2\/categories?post=815"},{"taxonomy":"post_tag","embeddable":true,"href":"https:\/\/wp.kristdemokraterna.se\/sundbyberg\/wp-json\/wp\/v2\/tags?post=815"}],"curies":[{"name":"wp","href":"https:\/\/api.w.org\/{rel}","templated":true}]}}