{"id":840,"date":"2019-09-10T15:52:38","date_gmt":"2019-09-10T13:52:38","guid":{"rendered":"http:\/\/wp.kristdemokraterna.se\/sundbyberg\/?p=840"},"modified":"2019-09-10T15:52:38","modified_gmt":"2019-09-10T13:52:38","slug":"ursvik-behover-utbyggd-kollektivtrafik","status":"publish","type":"post","link":"https:\/\/wp.kristdemokraterna.se\/sundbyberg\/2019\/09\/10\/ursvik-behover-utbyggd-kollektivtrafik\/","title":{"rendered":"Ursvik beh\u00f6ver utbyggd kollektivtrafik"},"content":{"rendered":"<p style=\"margin: 0px 0px 15px;color: #111111;font-family: 'Open Sans', sans-serif;font-size: 17px;font-style: normal;font-weight: 400;letter-spacing: normal;text-align: start;text-indent: 0px;text-transform: none;background-color: #ffffff\"><b>Ursvik \u00e4r stadens mest snabbv\u00e4xande stadsdel och \u00e4r i stort behov av en utbyggd kollektivtrafik. F\u00e4rdigst\u00e4llandet av tv\u00e4rbanan samt nya busslinjer m\u00e5ste prioriteras f\u00f6re att testa sj\u00e4lvk\u00f6rande bussar, som mittenstyret jobbar f\u00f6r.<\/b><\/p>\n<p><span style=\"font-size: 13.0pt;font-family: 'Arial',sans-serif\">S-C-L styret i Sundbyberg s\u00e4tter stort hopp till att tv\u00e4rbanan som ber\u00e4knas st\u00e5 klar 2022, ska bli ett uppsving f\u00f6r Ursvik. Tv\u00e4rbanan var senast ber\u00e4knad att st\u00e5 klar 2021 men f\u00f6rsenas nu till 2022.<br \/>\nUnder tiden vill S-C-L styret fokusera p\u00e5 andra l\u00f6sningar, vilket KD anser \u00e4r en felprioritering.<\/span><\/p>\n<p style=\"background: white;text-align: start;margin: 0cm 0cm 11.25pt 0cm\"><span style=\"font-size: 13.0pt;font-family: 'Arial',sans-serif;color: #111111\">Sundbybergs stadsmilj\u00f6- och tekniskan\u00e4mndens ordf\u00f6rande jobbar f\u00f6r att staden ska bli en av de f\u00f6rsta kommunerna som f\u00e5r sj\u00e4lvk\u00f6rande bussar.<\/span><\/p>\n<p style=\"background: white;text-align: start;margin: 0cm 0cm 11.25pt 0cm\"><span style=\"font-size: 13.0pt;font-family: 'Arial',sans-serif;color: #111111\">Marcus Jonsson, gruppledare f\u00f6r Kristdemokraterna, h\u00e5ller med om att tv\u00e4rbanan m\u00e5ste prioriteras. Men att bli f\u00f6rst med sj\u00e4lvk\u00f6rande bussar \u00e4r dock f\u00f6r sent, menar han.<\/span><\/p>\n<p class=\"p1\" style=\"background: white;text-align: start;margin: 0cm 0cm 11.25pt 0cm\"><span class=\"s1\"><span style=\"font-size: 13.0pt;font-family: 'Arial',sans-serif;color: #111111\">\u2013 Det \u00e4r bra med stora ambitioner men J\u00e4rf\u00e4lla har redan k\u00f6rt f\u00f6rbi oss n\u00e4r g\u00e4ller att bli den f\u00f6rsta kommunen med sj\u00e4lvk\u00f6rande bussar. En utbyggd kollektivtrafik m\u00e5ste inneb\u00e4ra att fler kan \u00e5ka med den, d\u00e4rf\u00f6r \u00e4r det en felprioritering med sj\u00e4lvk\u00f6rande bussar som begr\u00e4nsar antalet passagerare.<\/span><\/span><\/p>\n<p><span class=\"s1\"><span style=\"font-size: 13.0pt;font-family: 'Arial',sans-serif\">\u2013 Vi tillsammans med Moderaterna och Milj\u00f6partiet vill att tv\u00e4rbanan till Ursvik ska f\u00e4rdigst\u00e4llas s\u00e5 snart som m\u00f6jligt, s\u00e4ger Marcus Jonsson.<\/span><\/span><\/p>\n<p>&nbsp;<\/p>\n","protected":false},"excerpt":{"rendered":"<p>Ursvik \u00e4r stadens mest snabbv\u00e4xande stadsdel och \u00e4r i stort behov av en utbyggd kollektivtrafik. F\u00e4rdigst\u00e4llandet av tv\u00e4rbanan samt nya busslinjer m\u00e5ste prioriteras f\u00f6re att testa sj\u00e4lvk\u00f6rande bussar, som mittenstyret jobbar f\u00f6r. S-C-L styret i Sundbyberg s\u00e4tter stort hopp till att tv\u00e4rbanan som ber\u00e4knas st\u00e5 klar 2022, ska bli ett uppsving f\u00f6r Ursvik. Tv\u00e4rbanan var <a class=\"read-more-link\" href=\"https:\/\/wp.kristdemokraterna.se\/sundbyberg\/2019\/09\/10\/ursvik-behover-utbyggd-kollektivtrafik\/\">Read More<\/a><\/p>\n","protected":false},"author":611,"featured_media":0,"comment_status":"closed","ping_status":"closed","sticky":false,"template":"","format":"standard","meta":{"_acf_changed":false,"footnotes":""},"categories":[1],"tags":[],"class_list":["post-840","post","type-post","status-publish","format-standard","hentry","category-inlagg"],"acf":[],"yoast_head":"<!-- This site is optimized with the Yoast SEO plugin v27.4 - https:\/\/yoast.com\/product\/yoast-seo-wordpress\/ -->\n<title>Ursvik beh\u00f6ver utbyggd kollektivtrafik - Sundbyberg<\/title>\n<meta name=\"robots\" content=\"index, follow, max-snippet:-1, max-image-preview:large, max-video-preview:-1\" \/>\n<link rel=\"canonical\" href=\"https:\/\/wp.kristdemokraterna.se\/sundbyberg\/2019\/09\/10\/ursvik-behover-utbyggd-kollektivtrafik\/\" \/>\n<meta property=\"og:locale\" content=\"sv_SE\" \/>\n<meta property=\"og:type\" content=\"article\" \/>\n<meta property=\"og:title\" content=\"Ursvik beh\u00f6ver utbyggd kollektivtrafik - Sundbyberg\" \/>\n<meta property=\"og:description\" content=\"Ursvik \u00e4r stadens mest snabbv\u00e4xande stadsdel och \u00e4r i stort behov av en utbyggd kollektivtrafik. F\u00e4rdigst\u00e4llandet av tv\u00e4rbanan samt nya busslinjer m\u00e5ste prioriteras f\u00f6re att testa sj\u00e4lvk\u00f6rande bussar, som mittenstyret jobbar f\u00f6r. S-C-L styret i Sundbyberg s\u00e4tter stort hopp till att tv\u00e4rbanan som ber\u00e4knas st\u00e5 klar 2022, ska bli ett uppsving f\u00f6r Ursvik. Tv\u00e4rbanan var Read More\" \/>\n<meta property=\"og:url\" content=\"https:\/\/wp.kristdemokraterna.se\/sundbyberg\/2019\/09\/10\/ursvik-behover-utbyggd-kollektivtrafik\/\" \/>\n<meta property=\"og:site_name\" content=\"Sundbyberg\" \/>\n<meta property=\"article:published_time\" content=\"2019-09-10T13:52:38+00:00\" \/>\n<meta name=\"author\" content=\"sundbyberg\" \/>\n<meta name=\"twitter:card\" content=\"summary_large_image\" \/>\n<meta name=\"twitter:label1\" content=\"Skriven av\" \/>\n\t<meta name=\"twitter:data1\" content=\"sundbyberg\" \/>\n\t<meta name=\"twitter:label2\" content=\"Ber\u00e4knad l\u00e4stid\" \/>\n\t<meta name=\"twitter:data2\" content=\"1 minut\" \/>\n<script type=\"application\/ld+json\" class=\"yoast-schema-graph\">{\"@context\":\"https:\\\/\\\/schema.org\",\"@graph\":[{\"@type\":\"Article\",\"@id\":\"https:\\\/\\\/wp.kristdemokraterna.se\\\/sundbyberg\\\/2019\\\/09\\\/10\\\/ursvik-behover-utbyggd-kollektivtrafik\\\/#article\",\"isPartOf\":{\"@id\":\"https:\\\/\\\/wp.kristdemokraterna.se\\\/sundbyberg\\\/2019\\\/09\\\/10\\\/ursvik-behover-utbyggd-kollektivtrafik\\\/\"},\"author\":{\"name\":\"sundbyberg\",\"@id\":\"https:\\\/\\\/wp.kristdemokraterna.se\\\/sundbyberg\\\/#\\\/schema\\\/person\\\/eec81caa0b56f396fe2e25427db6db7e\"},\"headline\":\"Ursvik beh\u00f6ver utbyggd kollektivtrafik\",\"datePublished\":\"2019-09-10T13:52:38+00:00\",\"mainEntityOfPage\":{\"@id\":\"https:\\\/\\\/wp.kristdemokraterna.se\\\/sundbyberg\\\/2019\\\/09\\\/10\\\/ursvik-behover-utbyggd-kollektivtrafik\\\/\"},\"wordCount\":250,\"articleSection\":[\"Inl\u00e4gg\"],\"inLanguage\":\"sv-SE\"},{\"@type\":\"WebPage\",\"@id\":\"https:\\\/\\\/wp.kristdemokraterna.se\\\/sundbyberg\\\/2019\\\/09\\\/10\\\/ursvik-behover-utbyggd-kollektivtrafik\\\/\",\"url\":\"https:\\\/\\\/wp.kristdemokraterna.se\\\/sundbyberg\\\/2019\\\/09\\\/10\\\/ursvik-behover-utbyggd-kollektivtrafik\\\/\",\"name\":\"Ursvik beh\u00f6ver utbyggd kollektivtrafik - Sundbyberg\",\"isPartOf\":{\"@id\":\"https:\\\/\\\/wp.kristdemokraterna.se\\\/sundbyberg\\\/#website\"},\"datePublished\":\"2019-09-10T13:52:38+00:00\",\"author\":{\"@id\":\"https:\\\/\\\/wp.kristdemokraterna.se\\\/sundbyberg\\\/#\\\/schema\\\/person\\\/eec81caa0b56f396fe2e25427db6db7e\"},\"breadcrumb\":{\"@id\":\"https:\\\/\\\/wp.kristdemokraterna.se\\\/sundbyberg\\\/2019\\\/09\\\/10\\\/ursvik-behover-utbyggd-kollektivtrafik\\\/#breadcrumb\"},\"inLanguage\":\"sv-SE\",\"potentialAction\":[{\"@type\":\"ReadAction\",\"target\":[\"https:\\\/\\\/wp.kristdemokraterna.se\\\/sundbyberg\\\/2019\\\/09\\\/10\\\/ursvik-behover-utbyggd-kollektivtrafik\\\/\"]}]},{\"@type\":\"BreadcrumbList\",\"@id\":\"https:\\\/\\\/wp.kristdemokraterna.se\\\/sundbyberg\\\/2019\\\/09\\\/10\\\/ursvik-behover-utbyggd-kollektivtrafik\\\/#breadcrumb\",\"itemListElement\":[{\"@type\":\"ListItem\",\"position\":1,\"name\":\"Hem\",\"item\":\"https:\\\/\\\/wp.kristdemokraterna.se\\\/sundbyberg\\\/\"},{\"@type\":\"ListItem\",\"position\":2,\"name\":\"Ursvik beh\u00f6ver utbyggd kollektivtrafik\"}]},{\"@type\":\"WebSite\",\"@id\":\"https:\\\/\\\/wp.kristdemokraterna.se\\\/sundbyberg\\\/#website\",\"url\":\"https:\\\/\\\/wp.kristdemokraterna.se\\\/sundbyberg\\\/\",\"name\":\"Sundbyberg\",\"description\":\"En till Kristdemokraterna webbplats\",\"inLanguage\":\"sv-SE\"},{\"@type\":\"Person\",\"@id\":\"https:\\\/\\\/wp.kristdemokraterna.se\\\/sundbyberg\\\/#\\\/schema\\\/person\\\/eec81caa0b56f396fe2e25427db6db7e\",\"name\":\"sundbyberg\",\"image\":{\"@type\":\"ImageObject\",\"inLanguage\":\"sv-SE\",\"@id\":\"https:\\\/\\\/secure.gravatar.com\\\/avatar\\\/196349f3642b0c87b871f936ab42c728ec5cbfc302876051139652ddbecb4bf8?s=96&d=mm&r=g\",\"url\":\"https:\\\/\\\/secure.gravatar.com\\\/avatar\\\/196349f3642b0c87b871f936ab42c728ec5cbfc302876051139652ddbecb4bf8?s=96&d=mm&r=g\",\"contentUrl\":\"https:\\\/\\\/secure.gravatar.com\\\/avatar\\\/196349f3642b0c87b871f936ab42c728ec5cbfc302876051139652ddbecb4bf8?s=96&d=mm&r=g\",\"caption\":\"sundbyberg\"},\"url\":\"https:\\\/\\\/wp.kristdemokraterna.se\\\/sundbyberg\\\/author\\\/sundbyberg\\\/\"}]}<\/script>\n<!-- \/ Yoast SEO plugin. -->","yoast_head_json":{"title":"Ursvik beh\u00f6ver utbyggd kollektivtrafik - Sundbyberg","robots":{"index":"index","follow":"follow","max-snippet":"max-snippet:-1","max-image-preview":"max-image-preview:large","max-video-preview":"max-video-preview:-1"},"canonical":"https:\/\/wp.kristdemokraterna.se\/sundbyberg\/2019\/09\/10\/ursvik-behover-utbyggd-kollektivtrafik\/","og_locale":"sv_SE","og_type":"article","og_title":"Ursvik beh\u00f6ver utbyggd kollektivtrafik - Sundbyberg","og_description":"Ursvik \u00e4r stadens mest snabbv\u00e4xande stadsdel och \u00e4r i stort behov av en utbyggd kollektivtrafik. F\u00e4rdigst\u00e4llandet av tv\u00e4rbanan samt nya busslinjer m\u00e5ste prioriteras f\u00f6re att testa sj\u00e4lvk\u00f6rande bussar, som mittenstyret jobbar f\u00f6r. S-C-L styret i Sundbyberg s\u00e4tter stort hopp till att tv\u00e4rbanan som ber\u00e4knas st\u00e5 klar 2022, ska bli ett uppsving f\u00f6r Ursvik. Tv\u00e4rbanan var Read More","og_url":"https:\/\/wp.kristdemokraterna.se\/sundbyberg\/2019\/09\/10\/ursvik-behover-utbyggd-kollektivtrafik\/","og_site_name":"Sundbyberg","article_published_time":"2019-09-10T13:52:38+00:00","author":"sundbyberg","twitter_card":"summary_large_image","twitter_misc":{"Skriven av":"sundbyberg","Ber\u00e4knad l\u00e4stid":"1 minut"},"schema":{"@context":"https:\/\/schema.org","@graph":[{"@type":"Article","@id":"https:\/\/wp.kristdemokraterna.se\/sundbyberg\/2019\/09\/10\/ursvik-behover-utbyggd-kollektivtrafik\/#article","isPartOf":{"@id":"https:\/\/wp.kristdemokraterna.se\/sundbyberg\/2019\/09\/10\/ursvik-behover-utbyggd-kollektivtrafik\/"},"author":{"name":"sundbyberg","@id":"https:\/\/wp.kristdemokraterna.se\/sundbyberg\/#\/schema\/person\/eec81caa0b56f396fe2e25427db6db7e"},"headline":"Ursvik beh\u00f6ver utbyggd kollektivtrafik","datePublished":"2019-09-10T13:52:38+00:00","mainEntityOfPage":{"@id":"https:\/\/wp.kristdemokraterna.se\/sundbyberg\/2019\/09\/10\/ursvik-behover-utbyggd-kollektivtrafik\/"},"wordCount":250,"articleSection":["Inl\u00e4gg"],"inLanguage":"sv-SE"},{"@type":"WebPage","@id":"https:\/\/wp.kristdemokraterna.se\/sundbyberg\/2019\/09\/10\/ursvik-behover-utbyggd-kollektivtrafik\/","url":"https:\/\/wp.kristdemokraterna.se\/sundbyberg\/2019\/09\/10\/ursvik-behover-utbyggd-kollektivtrafik\/","name":"Ursvik beh\u00f6ver utbyggd kollektivtrafik - Sundbyberg","isPartOf":{"@id":"https:\/\/wp.kristdemokraterna.se\/sundbyberg\/#website"},"datePublished":"2019-09-10T13:52:38+00:00","author":{"@id":"https:\/\/wp.kristdemokraterna.se\/sundbyberg\/#\/schema\/person\/eec81caa0b56f396fe2e25427db6db7e"},"breadcrumb":{"@id":"https:\/\/wp.kristdemokraterna.se\/sundbyberg\/2019\/09\/10\/ursvik-behover-utbyggd-kollektivtrafik\/#breadcrumb"},"inLanguage":"sv-SE","potentialAction":[{"@type":"ReadAction","target":["https:\/\/wp.kristdemokraterna.se\/sundbyberg\/2019\/09\/10\/ursvik-behover-utbyggd-kollektivtrafik\/"]}]},{"@type":"BreadcrumbList","@id":"https:\/\/wp.kristdemokraterna.se\/sundbyberg\/2019\/09\/10\/ursvik-behover-utbyggd-kollektivtrafik\/#breadcrumb","itemListElement":[{"@type":"ListItem","position":1,"name":"Hem","item":"https:\/\/wp.kristdemokraterna.se\/sundbyberg\/"},{"@type":"ListItem","position":2,"name":"Ursvik beh\u00f6ver utbyggd kollektivtrafik"}]},{"@type":"WebSite","@id":"https:\/\/wp.kristdemokraterna.se\/sundbyberg\/#website","url":"https:\/\/wp.kristdemokraterna.se\/sundbyberg\/","name":"Sundbyberg","description":"En till Kristdemokraterna webbplats","inLanguage":"sv-SE"},{"@type":"Person","@id":"https:\/\/wp.kristdemokraterna.se\/sundbyberg\/#\/schema\/person\/eec81caa0b56f396fe2e25427db6db7e","name":"sundbyberg","image":{"@type":"ImageObject","inLanguage":"sv-SE","@id":"https:\/\/secure.gravatar.com\/avatar\/196349f3642b0c87b871f936ab42c728ec5cbfc302876051139652ddbecb4bf8?s=96&d=mm&r=g","url":"https:\/\/secure.gravatar.com\/avatar\/196349f3642b0c87b871f936ab42c728ec5cbfc302876051139652ddbecb4bf8?s=96&d=mm&r=g","contentUrl":"https:\/\/secure.gravatar.com\/avatar\/196349f3642b0c87b871f936ab42c728ec5cbfc302876051139652ddbecb4bf8?s=96&d=mm&r=g","caption":"sundbyberg"},"url":"https:\/\/wp.kristdemokraterna.se\/sundbyberg\/author\/sundbyberg\/"}]}},"_links":{"self":[{"href":"https:\/\/wp.kristdemokraterna.se\/sundbyberg\/wp-json\/wp\/v2\/posts\/840","targetHints":{"allow":["GET"]}}],"collection":[{"href":"https:\/\/wp.kristdemokraterna.se\/sundbyberg\/wp-json\/wp\/v2\/posts"}],"about":[{"href":"https:\/\/wp.kristdemokraterna.se\/sundbyberg\/wp-json\/wp\/v2\/types\/post"}],"author":[{"embeddable":true,"href":"https:\/\/wp.kristdemokraterna.se\/sundbyberg\/wp-json\/wp\/v2\/users\/611"}],"replies":[{"embeddable":true,"href":"https:\/\/wp.kristdemokraterna.se\/sundbyberg\/wp-json\/wp\/v2\/comments?post=840"}],"version-history":[{"count":7,"href":"https:\/\/wp.kristdemokraterna.se\/sundbyberg\/wp-json\/wp\/v2\/posts\/840\/revisions"}],"predecessor-version":[{"id":848,"href":"https:\/\/wp.kristdemokraterna.se\/sundbyberg\/wp-json\/wp\/v2\/posts\/840\/revisions\/848"}],"wp:attachment":[{"href":"https:\/\/wp.kristdemokraterna.se\/sundbyberg\/wp-json\/wp\/v2\/media?parent=840"}],"wp:term":[{"taxonomy":"category","embeddable":true,"href":"https:\/\/wp.kristdemokraterna.se\/sundbyberg\/wp-json\/wp\/v2\/categories?post=840"},{"taxonomy":"post_tag","embeddable":true,"href":"https:\/\/wp.kristdemokraterna.se\/sundbyberg\/wp-json\/wp\/v2\/tags?post=840"}],"curies":[{"name":"wp","href":"https:\/\/api.w.org\/{rel}","templated":true}]}}