{"id":860,"date":"2019-10-24T14:29:15","date_gmt":"2019-10-24T12:29:15","guid":{"rendered":"http:\/\/wp.kristdemokraterna.se\/sundbyberg\/?p=860"},"modified":"2019-10-25T11:55:49","modified_gmt":"2019-10-25T09:55:49","slug":"budget-2020-trygghetscentrum-i-hallonbergen-och-hojda-lararloner","status":"publish","type":"post","link":"https:\/\/wp.kristdemokraterna.se\/sundbyberg\/2019\/10\/24\/budget-2020-trygghetscentrum-i-hallonbergen-och-hojda-lararloner\/","title":{"rendered":"BUDGET 2020: Trygghetscentrum i Hallonbergen och h\u00f6jda l\u00e4rarl\u00f6ner"},"content":{"rendered":"<p><strong>Trygghet g\u00e5r som en r\u00f6d tr\u00e5d genom den gr\u00f6nbl\u00e5a oppositionens budgetf\u00f6rslag. De gr\u00f6nbl\u00e5a vill \u00e4ven f\u00e5 stopp p\u00e5 l\u00e4rarflykten i Sundbyberg. D\u00e4rf\u00f6r l\u00e4gger de sex miljoner p\u00e5 h\u00f6jda l\u00e4rar- och rektorsl\u00f6ner i sitt budgetf\u00f6rslag f\u00f6r 2020.<\/strong><\/p>\n<p>\u2013 Vi vill inr\u00e4tta en skolkommission med uppdraget att hitta en st\u00f6rre l\u00e5ngsiktighet i Sundbybergs skolpolitik. Vi avs\u00e4tter \u00e4ven 6 miljoner kronor till h\u00f6gre rektors- och l\u00e4rarl\u00f6ner. Alla elever ska ges f\u00f6ruts\u00e4ttningar att b\u00e5de n\u00e5 och \u00f6vertr\u00e4ffa kunskapsm\u00e5len i skolan. Elevh\u00e4lsan ska forts\u00e4tta st\u00e4rkas f\u00f6r att s\u00e4kerst\u00e4lla elevernas v\u00e4lm\u00e5ende och l\u00e4rarassistenter ska avlasta pedagogerna. Barn och unga i Sundbyberg f\u00f6rtj\u00e4nar en b\u00e4ttre skola, s\u00e4ger\u00a0<a class=\"profileLink\" title=\"Marcus Jonsson\" href=\"https:\/\/www.facebook.com\/profile.php?id=100009660249605&amp;__tn__=K-R&amp;eid=ARCgc4tF4Shru0aTxw1DLPMVsWmBJIn_xhV4zgxqtnzOP9c3m4srtlMVF1jjuyVe1ZULgnhgXO5mfr-Z&amp;fref=mentions&amp;__xts__%5B0%5D=68.ARAzephaOSYqUjzjucki-KKhu5v83w8HipySW06x6K91c2lvaffzEcxz9j5M2Z8icd-OmQlY8nzGNTDhk9VuFibL9T5wKT6ryWcYHlZGZJ2bVCQml0eUzg8-elwgiGb4uNowp9k4n4gEstPFwe2SWhD3sR0jCHG52ynXi7RjQxIJjb_5i0XS_TXu9z9jDSVqDBiIhMyp9saDsluE1io5vmqb18c1zG8-KWPeviaC41KQ4shRgLZsidAbeWy_aEeJ6zu1O-pktV1raNmi6Yxy9iHzPI4MK5AkePBgPX6633RruOp0PBStAPD4WEGZm2E_BXdeiMFAwIqoDJT4iwkQ8E0O8w\" data-hovercard=\"\/ajax\/hovercard\/user.php?id=100009660249605&amp;extragetparams=%7B%22__tn__%22%3A%22%2CdK-R-R%22%2C%22eid%22%3A%22ARCgc4tF4Shru0aTxw1DLPMVsWmBJIn_xhV4zgxqtnzOP9c3m4srtlMVF1jjuyVe1ZULgnhgXO5mfr-Z%22%2C%22fref%22%3A%22mentions%22%7D\" data-hovercard-prefer-more-content-show=\"1\">Marcus Jonsson<\/a>, oppositionsr\u00e5d (KD).<\/p>\n<p>Oppositionen vill \u00e4ven lansera ett trygghetspaket som bland annat best\u00e5r av en avhopparjour f\u00f6r kriminella och ett f\u00f6rst\u00e4rkt arbete mot hedersf\u00f6rtryck.<br \/>\nDessutom vill partierna att ett fysiskt trygghetscentrum blir verklighet i Hallonbergen.<\/p>\n<p>\u2013 Det \u00e4r en modell som finns p\u00e5 andra st\u00e4llen i Sverige, h\u00e4r n\u00e4rmast i Sigtuna kommun, s\u00e4ger Marcus Jonsson (KD).<\/p>\n<p>I trygghetscentret finns bland annat socialtj\u00e4nsten och polisen.<\/p>\n<p>\u2013 G\u00e5r man till polisen ser alla att man g\u00e5r dit, men det blir inte lika uppenbart om man g\u00e5r in p\u00e5 det h\u00e4r st\u00e4llet, avslutar Marcus Jonsson (KD).<\/p>\n","protected":false},"excerpt":{"rendered":"<p>Trygghet g\u00e5r som en r\u00f6d tr\u00e5d genom den gr\u00f6nbl\u00e5a oppositionens budgetf\u00f6rslag. De gr\u00f6nbl\u00e5a vill \u00e4ven f\u00e5 stopp p\u00e5 l\u00e4rarflykten i Sundbyberg. D\u00e4rf\u00f6r l\u00e4gger de sex miljoner p\u00e5 h\u00f6jda l\u00e4rar- och rektorsl\u00f6ner i sitt budgetf\u00f6rslag f\u00f6r 2020. \u2013 Vi vill inr\u00e4tta en skolkommission med uppdraget att hitta en st\u00f6rre l\u00e5ngsiktighet i Sundbybergs skolpolitik. Vi avs\u00e4tter \u00e4ven <a class=\"read-more-link\" href=\"https:\/\/wp.kristdemokraterna.se\/sundbyberg\/2019\/10\/24\/budget-2020-trygghetscentrum-i-hallonbergen-och-hojda-lararloner\/\">Read More<\/a><\/p>\n","protected":false},"author":611,"featured_media":0,"comment_status":"closed","ping_status":"closed","sticky":false,"template":"","format":"standard","meta":{"_acf_changed":false,"footnotes":""},"categories":[1],"tags":[],"class_list":["post-860","post","type-post","status-publish","format-standard","hentry","category-inlagg"],"acf":[],"yoast_head":"<!-- This site is optimized with the Yoast SEO plugin v27.4 - https:\/\/yoast.com\/product\/yoast-seo-wordpress\/ -->\n<title>BUDGET 2020: Trygghetscentrum i Hallonbergen och h\u00f6jda l\u00e4rarl\u00f6ner - Sundbyberg<\/title>\n<meta name=\"robots\" content=\"index, follow, max-snippet:-1, max-image-preview:large, max-video-preview:-1\" \/>\n<link rel=\"canonical\" href=\"https:\/\/wp.kristdemokraterna.se\/sundbyberg\/2019\/10\/24\/budget-2020-trygghetscentrum-i-hallonbergen-och-hojda-lararloner\/\" \/>\n<meta property=\"og:locale\" content=\"sv_SE\" \/>\n<meta property=\"og:type\" content=\"article\" \/>\n<meta property=\"og:title\" content=\"BUDGET 2020: Trygghetscentrum i Hallonbergen och h\u00f6jda l\u00e4rarl\u00f6ner - Sundbyberg\" \/>\n<meta property=\"og:description\" content=\"Trygghet g\u00e5r som en r\u00f6d tr\u00e5d genom den gr\u00f6nbl\u00e5a oppositionens budgetf\u00f6rslag. De gr\u00f6nbl\u00e5a vill \u00e4ven f\u00e5 stopp p\u00e5 l\u00e4rarflykten i Sundbyberg. D\u00e4rf\u00f6r l\u00e4gger de sex miljoner p\u00e5 h\u00f6jda l\u00e4rar- och rektorsl\u00f6ner i sitt budgetf\u00f6rslag f\u00f6r 2020. \u2013 Vi vill inr\u00e4tta en skolkommission med uppdraget att hitta en st\u00f6rre l\u00e5ngsiktighet i Sundbybergs skolpolitik. Vi avs\u00e4tter \u00e4ven Read More\" \/>\n<meta property=\"og:url\" content=\"https:\/\/wp.kristdemokraterna.se\/sundbyberg\/2019\/10\/24\/budget-2020-trygghetscentrum-i-hallonbergen-och-hojda-lararloner\/\" \/>\n<meta property=\"og:site_name\" content=\"Sundbyberg\" \/>\n<meta property=\"article:published_time\" content=\"2019-10-24T12:29:15+00:00\" \/>\n<meta property=\"article:modified_time\" content=\"2019-10-25T09:55:49+00:00\" \/>\n<meta name=\"author\" content=\"sundbyberg\" \/>\n<meta name=\"twitter:card\" content=\"summary_large_image\" \/>\n<meta name=\"twitter:label1\" content=\"Skriven av\" \/>\n\t<meta name=\"twitter:data1\" content=\"sundbyberg\" \/>\n\t<meta name=\"twitter:label2\" content=\"Ber\u00e4knad l\u00e4stid\" \/>\n\t<meta name=\"twitter:data2\" content=\"1 minut\" \/>\n<script type=\"application\/ld+json\" class=\"yoast-schema-graph\">{\"@context\":\"https:\\\/\\\/schema.org\",\"@graph\":[{\"@type\":\"Article\",\"@id\":\"https:\\\/\\\/wp.kristdemokraterna.se\\\/sundbyberg\\\/2019\\\/10\\\/24\\\/budget-2020-trygghetscentrum-i-hallonbergen-och-hojda-lararloner\\\/#article\",\"isPartOf\":{\"@id\":\"https:\\\/\\\/wp.kristdemokraterna.se\\\/sundbyberg\\\/2019\\\/10\\\/24\\\/budget-2020-trygghetscentrum-i-hallonbergen-och-hojda-lararloner\\\/\"},\"author\":{\"name\":\"sundbyberg\",\"@id\":\"https:\\\/\\\/wp.kristdemokraterna.se\\\/sundbyberg\\\/#\\\/schema\\\/person\\\/eec81caa0b56f396fe2e25427db6db7e\"},\"headline\":\"BUDGET 2020: Trygghetscentrum i Hallonbergen och h\u00f6jda l\u00e4rarl\u00f6ner\",\"datePublished\":\"2019-10-24T12:29:15+00:00\",\"dateModified\":\"2019-10-25T09:55:49+00:00\",\"mainEntityOfPage\":{\"@id\":\"https:\\\/\\\/wp.kristdemokraterna.se\\\/sundbyberg\\\/2019\\\/10\\\/24\\\/budget-2020-trygghetscentrum-i-hallonbergen-och-hojda-lararloner\\\/\"},\"wordCount\":257,\"articleSection\":[\"Inl\u00e4gg\"],\"inLanguage\":\"sv-SE\"},{\"@type\":\"WebPage\",\"@id\":\"https:\\\/\\\/wp.kristdemokraterna.se\\\/sundbyberg\\\/2019\\\/10\\\/24\\\/budget-2020-trygghetscentrum-i-hallonbergen-och-hojda-lararloner\\\/\",\"url\":\"https:\\\/\\\/wp.kristdemokraterna.se\\\/sundbyberg\\\/2019\\\/10\\\/24\\\/budget-2020-trygghetscentrum-i-hallonbergen-och-hojda-lararloner\\\/\",\"name\":\"BUDGET 2020: Trygghetscentrum i Hallonbergen och h\u00f6jda l\u00e4rarl\u00f6ner - Sundbyberg\",\"isPartOf\":{\"@id\":\"https:\\\/\\\/wp.kristdemokraterna.se\\\/sundbyberg\\\/#website\"},\"datePublished\":\"2019-10-24T12:29:15+00:00\",\"dateModified\":\"2019-10-25T09:55:49+00:00\",\"author\":{\"@id\":\"https:\\\/\\\/wp.kristdemokraterna.se\\\/sundbyberg\\\/#\\\/schema\\\/person\\\/eec81caa0b56f396fe2e25427db6db7e\"},\"breadcrumb\":{\"@id\":\"https:\\\/\\\/wp.kristdemokraterna.se\\\/sundbyberg\\\/2019\\\/10\\\/24\\\/budget-2020-trygghetscentrum-i-hallonbergen-och-hojda-lararloner\\\/#breadcrumb\"},\"inLanguage\":\"sv-SE\",\"potentialAction\":[{\"@type\":\"ReadAction\",\"target\":[\"https:\\\/\\\/wp.kristdemokraterna.se\\\/sundbyberg\\\/2019\\\/10\\\/24\\\/budget-2020-trygghetscentrum-i-hallonbergen-och-hojda-lararloner\\\/\"]}]},{\"@type\":\"BreadcrumbList\",\"@id\":\"https:\\\/\\\/wp.kristdemokraterna.se\\\/sundbyberg\\\/2019\\\/10\\\/24\\\/budget-2020-trygghetscentrum-i-hallonbergen-och-hojda-lararloner\\\/#breadcrumb\",\"itemListElement\":[{\"@type\":\"ListItem\",\"position\":1,\"name\":\"Hem\",\"item\":\"https:\\\/\\\/wp.kristdemokraterna.se\\\/sundbyberg\\\/\"},{\"@type\":\"ListItem\",\"position\":2,\"name\":\"BUDGET 2020: Trygghetscentrum i Hallonbergen och h\u00f6jda l\u00e4rarl\u00f6ner\"}]},{\"@type\":\"WebSite\",\"@id\":\"https:\\\/\\\/wp.kristdemokraterna.se\\\/sundbyberg\\\/#website\",\"url\":\"https:\\\/\\\/wp.kristdemokraterna.se\\\/sundbyberg\\\/\",\"name\":\"Sundbyberg\",\"description\":\"En till Kristdemokraterna webbplats\",\"inLanguage\":\"sv-SE\"},{\"@type\":\"Person\",\"@id\":\"https:\\\/\\\/wp.kristdemokraterna.se\\\/sundbyberg\\\/#\\\/schema\\\/person\\\/eec81caa0b56f396fe2e25427db6db7e\",\"name\":\"sundbyberg\",\"image\":{\"@type\":\"ImageObject\",\"inLanguage\":\"sv-SE\",\"@id\":\"https:\\\/\\\/secure.gravatar.com\\\/avatar\\\/196349f3642b0c87b871f936ab42c728ec5cbfc302876051139652ddbecb4bf8?s=96&d=mm&r=g\",\"url\":\"https:\\\/\\\/secure.gravatar.com\\\/avatar\\\/196349f3642b0c87b871f936ab42c728ec5cbfc302876051139652ddbecb4bf8?s=96&d=mm&r=g\",\"contentUrl\":\"https:\\\/\\\/secure.gravatar.com\\\/avatar\\\/196349f3642b0c87b871f936ab42c728ec5cbfc302876051139652ddbecb4bf8?s=96&d=mm&r=g\",\"caption\":\"sundbyberg\"},\"url\":\"https:\\\/\\\/wp.kristdemokraterna.se\\\/sundbyberg\\\/author\\\/sundbyberg\\\/\"}]}<\/script>\n<!-- \/ Yoast SEO plugin. -->","yoast_head_json":{"title":"BUDGET 2020: Trygghetscentrum i Hallonbergen och h\u00f6jda l\u00e4rarl\u00f6ner - Sundbyberg","robots":{"index":"index","follow":"follow","max-snippet":"max-snippet:-1","max-image-preview":"max-image-preview:large","max-video-preview":"max-video-preview:-1"},"canonical":"https:\/\/wp.kristdemokraterna.se\/sundbyberg\/2019\/10\/24\/budget-2020-trygghetscentrum-i-hallonbergen-och-hojda-lararloner\/","og_locale":"sv_SE","og_type":"article","og_title":"BUDGET 2020: Trygghetscentrum i Hallonbergen och h\u00f6jda l\u00e4rarl\u00f6ner - Sundbyberg","og_description":"Trygghet g\u00e5r som en r\u00f6d tr\u00e5d genom den gr\u00f6nbl\u00e5a oppositionens budgetf\u00f6rslag. De gr\u00f6nbl\u00e5a vill \u00e4ven f\u00e5 stopp p\u00e5 l\u00e4rarflykten i Sundbyberg. D\u00e4rf\u00f6r l\u00e4gger de sex miljoner p\u00e5 h\u00f6jda l\u00e4rar- och rektorsl\u00f6ner i sitt budgetf\u00f6rslag f\u00f6r 2020. \u2013 Vi vill inr\u00e4tta en skolkommission med uppdraget att hitta en st\u00f6rre l\u00e5ngsiktighet i Sundbybergs skolpolitik. Vi avs\u00e4tter \u00e4ven Read More","og_url":"https:\/\/wp.kristdemokraterna.se\/sundbyberg\/2019\/10\/24\/budget-2020-trygghetscentrum-i-hallonbergen-och-hojda-lararloner\/","og_site_name":"Sundbyberg","article_published_time":"2019-10-24T12:29:15+00:00","article_modified_time":"2019-10-25T09:55:49+00:00","author":"sundbyberg","twitter_card":"summary_large_image","twitter_misc":{"Skriven av":"sundbyberg","Ber\u00e4knad l\u00e4stid":"1 minut"},"schema":{"@context":"https:\/\/schema.org","@graph":[{"@type":"Article","@id":"https:\/\/wp.kristdemokraterna.se\/sundbyberg\/2019\/10\/24\/budget-2020-trygghetscentrum-i-hallonbergen-och-hojda-lararloner\/#article","isPartOf":{"@id":"https:\/\/wp.kristdemokraterna.se\/sundbyberg\/2019\/10\/24\/budget-2020-trygghetscentrum-i-hallonbergen-och-hojda-lararloner\/"},"author":{"name":"sundbyberg","@id":"https:\/\/wp.kristdemokraterna.se\/sundbyberg\/#\/schema\/person\/eec81caa0b56f396fe2e25427db6db7e"},"headline":"BUDGET 2020: Trygghetscentrum i Hallonbergen och h\u00f6jda l\u00e4rarl\u00f6ner","datePublished":"2019-10-24T12:29:15+00:00","dateModified":"2019-10-25T09:55:49+00:00","mainEntityOfPage":{"@id":"https:\/\/wp.kristdemokraterna.se\/sundbyberg\/2019\/10\/24\/budget-2020-trygghetscentrum-i-hallonbergen-och-hojda-lararloner\/"},"wordCount":257,"articleSection":["Inl\u00e4gg"],"inLanguage":"sv-SE"},{"@type":"WebPage","@id":"https:\/\/wp.kristdemokraterna.se\/sundbyberg\/2019\/10\/24\/budget-2020-trygghetscentrum-i-hallonbergen-och-hojda-lararloner\/","url":"https:\/\/wp.kristdemokraterna.se\/sundbyberg\/2019\/10\/24\/budget-2020-trygghetscentrum-i-hallonbergen-och-hojda-lararloner\/","name":"BUDGET 2020: Trygghetscentrum i Hallonbergen och h\u00f6jda l\u00e4rarl\u00f6ner - Sundbyberg","isPartOf":{"@id":"https:\/\/wp.kristdemokraterna.se\/sundbyberg\/#website"},"datePublished":"2019-10-24T12:29:15+00:00","dateModified":"2019-10-25T09:55:49+00:00","author":{"@id":"https:\/\/wp.kristdemokraterna.se\/sundbyberg\/#\/schema\/person\/eec81caa0b56f396fe2e25427db6db7e"},"breadcrumb":{"@id":"https:\/\/wp.kristdemokraterna.se\/sundbyberg\/2019\/10\/24\/budget-2020-trygghetscentrum-i-hallonbergen-och-hojda-lararloner\/#breadcrumb"},"inLanguage":"sv-SE","potentialAction":[{"@type":"ReadAction","target":["https:\/\/wp.kristdemokraterna.se\/sundbyberg\/2019\/10\/24\/budget-2020-trygghetscentrum-i-hallonbergen-och-hojda-lararloner\/"]}]},{"@type":"BreadcrumbList","@id":"https:\/\/wp.kristdemokraterna.se\/sundbyberg\/2019\/10\/24\/budget-2020-trygghetscentrum-i-hallonbergen-och-hojda-lararloner\/#breadcrumb","itemListElement":[{"@type":"ListItem","position":1,"name":"Hem","item":"https:\/\/wp.kristdemokraterna.se\/sundbyberg\/"},{"@type":"ListItem","position":2,"name":"BUDGET 2020: Trygghetscentrum i Hallonbergen och h\u00f6jda l\u00e4rarl\u00f6ner"}]},{"@type":"WebSite","@id":"https:\/\/wp.kristdemokraterna.se\/sundbyberg\/#website","url":"https:\/\/wp.kristdemokraterna.se\/sundbyberg\/","name":"Sundbyberg","description":"En till Kristdemokraterna webbplats","inLanguage":"sv-SE"},{"@type":"Person","@id":"https:\/\/wp.kristdemokraterna.se\/sundbyberg\/#\/schema\/person\/eec81caa0b56f396fe2e25427db6db7e","name":"sundbyberg","image":{"@type":"ImageObject","inLanguage":"sv-SE","@id":"https:\/\/secure.gravatar.com\/avatar\/196349f3642b0c87b871f936ab42c728ec5cbfc302876051139652ddbecb4bf8?s=96&d=mm&r=g","url":"https:\/\/secure.gravatar.com\/avatar\/196349f3642b0c87b871f936ab42c728ec5cbfc302876051139652ddbecb4bf8?s=96&d=mm&r=g","contentUrl":"https:\/\/secure.gravatar.com\/avatar\/196349f3642b0c87b871f936ab42c728ec5cbfc302876051139652ddbecb4bf8?s=96&d=mm&r=g","caption":"sundbyberg"},"url":"https:\/\/wp.kristdemokraterna.se\/sundbyberg\/author\/sundbyberg\/"}]}},"_links":{"self":[{"href":"https:\/\/wp.kristdemokraterna.se\/sundbyberg\/wp-json\/wp\/v2\/posts\/860","targetHints":{"allow":["GET"]}}],"collection":[{"href":"https:\/\/wp.kristdemokraterna.se\/sundbyberg\/wp-json\/wp\/v2\/posts"}],"about":[{"href":"https:\/\/wp.kristdemokraterna.se\/sundbyberg\/wp-json\/wp\/v2\/types\/post"}],"author":[{"embeddable":true,"href":"https:\/\/wp.kristdemokraterna.se\/sundbyberg\/wp-json\/wp\/v2\/users\/611"}],"replies":[{"embeddable":true,"href":"https:\/\/wp.kristdemokraterna.se\/sundbyberg\/wp-json\/wp\/v2\/comments?post=860"}],"version-history":[{"count":7,"href":"https:\/\/wp.kristdemokraterna.se\/sundbyberg\/wp-json\/wp\/v2\/posts\/860\/revisions"}],"predecessor-version":[{"id":874,"href":"https:\/\/wp.kristdemokraterna.se\/sundbyberg\/wp-json\/wp\/v2\/posts\/860\/revisions\/874"}],"wp:attachment":[{"href":"https:\/\/wp.kristdemokraterna.se\/sundbyberg\/wp-json\/wp\/v2\/media?parent=860"}],"wp:term":[{"taxonomy":"category","embeddable":true,"href":"https:\/\/wp.kristdemokraterna.se\/sundbyberg\/wp-json\/wp\/v2\/categories?post=860"},{"taxonomy":"post_tag","embeddable":true,"href":"https:\/\/wp.kristdemokraterna.se\/sundbyberg\/wp-json\/wp\/v2\/tags?post=860"}],"curies":[{"name":"wp","href":"https:\/\/api.w.org\/{rel}","templated":true}]}}