{"id":942,"date":"2021-03-18T11:32:01","date_gmt":"2021-03-18T10:32:01","guid":{"rendered":"https:\/\/wp.kristdemokraterna.se\/sundbyberg\/?p=942"},"modified":"2021-03-18T11:32:01","modified_gmt":"2021-03-18T10:32:01","slug":"kd-vill-se-fler-granskningar-av-aldreboenden-i-sundbyberg-och-stockholms-lan-for-att-dra-lardomar","status":"publish","type":"post","link":"https:\/\/wp.kristdemokraterna.se\/sundbyberg\/2021\/03\/18\/kd-vill-se-fler-granskningar-av-aldreboenden-i-sundbyberg-och-stockholms-lan-for-att-dra-lardomar\/","title":{"rendered":"KD vill se fler granskningar av \u00e4ldreboenden i Sundbyberg och Stockholms l\u00e4n f\u00f6r att dra l\u00e4rdomar"},"content":{"rendered":"<p><b>Inspektionen f\u00f6r v\u00e5rd och omsorg, IVO, har funnit brister p\u00e5 ett av Sundbybergs \u00e4ldreboenden n\u00e4r det g\u00e4ller hanteringen av Covid-19. Kristdemokraterna vill att samtliga \u00e4ldreboenden i Sundbyberg granskas och att det g\u00f6rs en j\u00e4mf\u00f6rande studie mellan kommunerna inom Stockholms l\u00e4n f\u00f6r att se varf\u00f6r vissa kommuner \u00e4r h\u00e5rdare drabbade \u00e4n andra.<\/b><\/p>\n<p><span style=\"font-weight: 400\">IVO skriver f\u00f6ljande i sin granskning av det s\u00e4rskilda boendet B\u00e4llstahfof i Sundbyberg:<\/span><span style=\"font-weight: 400\"><br \/>\n<\/span><span style=\"font-weight: 400\">\u201c<\/span><i><span style=\"font-weight: 400\">Tillsynen har visat att det i granskade journaler saknas uppgifter som beh\u00f6vs f\u00f6r att s\u00e4kerst\u00e4lla en god v\u00e5rd. Exempel p\u00e5 uppgifter som saknas \u00e4r uppf\u00f6ljning av positivt covid-prov samt uppgifter om patientens aktuella h\u00e4lsotillst\u00e5nd, och det \u00e4r sv\u00e5rt att f\u00f6lja sjukdomsf\u00f6rloppet.\u201d<\/span><\/i><\/p>\n<p><span style=\"font-weight: 400\">&#8211; Detta m\u00e5ste vi ta p\u00e5 st\u00f6rsta allvar. Det \u00e4r oroande att det inte har g\u00e5tt att f\u00f6lja de \u00e4ldres h\u00e4lsotillst\u00e5nd och att ingen har f\u00f6ljt upp positiva covid-prov. Ett test utan uppf\u00f6ljning \u00e4r meningsl\u00f6st, s\u00e4ger Marcus Jonsson, Kristdemokraternas gruppledare i Sundbyberg.\u00a0<\/span><\/p>\n<p><span style=\"font-weight: 400\">Kristdemokraterna vill att IVO eller L\u00e4nsstyrelsen g\u00f6r en j\u00e4mf\u00f6rande studie mellan kommunerna inom Stockholms l\u00e4n f\u00f6r att dels se vad som har varit de avg\u00f6rande faktorerna f\u00f6r att vissa s\u00e4rskilda boenden har klarat sig b\u00e4ttre \u00e4n andra, dels se vilka orsakerna varit f\u00f6r att vissa s\u00e4rskilda boenden drabbats h\u00e5rdare \u00e4n andra.<\/span><\/p>\n<p><span style=\"font-weight: 400\">&#8211; Region Stockholm best\u00e5r av olika kommuner och erfarenheterna fr\u00e5n dem skulle kunna bli till nytta f\u00f6r b\u00e5de oss och \u00f6vriga kommuner i Sverige. Pandemin \u00e4r inte \u00f6ver och jag tror att det finns goda exempel att h\u00e4mta fr\u00e5n andra kommuner som bidrar till att \u00e4ldreomsorgen blir b\u00e4ttre p\u00e5 att skydda s\u00e5v\u00e4l \u00e4ldre som personal fr\u00e5n att uts\u00e4ttas f\u00f6r en allvarlig risk att insjukna i Covid-19, s\u00e4ger Marcus Jonsson.\u00a0<\/span><\/p>\n","protected":false},"excerpt":{"rendered":"<p>Inspektionen f\u00f6r v\u00e5rd och omsorg, IVO, har funnit brister p\u00e5 ett av Sundbybergs \u00e4ldreboenden n\u00e4r det g\u00e4ller hanteringen av Covid-19. Kristdemokraterna vill att samtliga \u00e4ldreboenden i Sundbyberg granskas och att det g\u00f6rs en j\u00e4mf\u00f6rande studie mellan kommunerna inom Stockholms l\u00e4n f\u00f6r att se varf\u00f6r vissa kommuner \u00e4r h\u00e5rdare drabbade \u00e4n andra. IVO skriver f\u00f6ljande i <a class=\"read-more-link\" href=\"https:\/\/wp.kristdemokraterna.se\/sundbyberg\/2021\/03\/18\/kd-vill-se-fler-granskningar-av-aldreboenden-i-sundbyberg-och-stockholms-lan-for-att-dra-lardomar\/\">Read More<\/a><\/p>\n","protected":false},"author":611,"featured_media":0,"comment_status":"closed","ping_status":"closed","sticky":false,"template":"","format":"standard","meta":{"_acf_changed":false,"footnotes":""},"categories":[1],"tags":[],"class_list":["post-942","post","type-post","status-publish","format-standard","hentry","category-inlagg"],"acf":[],"yoast_head":"<!-- This site is optimized with the Yoast SEO plugin v27.4 - https:\/\/yoast.com\/product\/yoast-seo-wordpress\/ -->\n<title>KD vill se fler granskningar av \u00e4ldreboenden i Sundbyberg och Stockholms l\u00e4n f\u00f6r att dra l\u00e4rdomar - Sundbyberg<\/title>\n<meta name=\"robots\" content=\"index, follow, max-snippet:-1, max-image-preview:large, max-video-preview:-1\" \/>\n<link rel=\"canonical\" href=\"https:\/\/wp.kristdemokraterna.se\/sundbyberg\/2021\/03\/18\/kd-vill-se-fler-granskningar-av-aldreboenden-i-sundbyberg-och-stockholms-lan-for-att-dra-lardomar\/\" \/>\n<meta property=\"og:locale\" content=\"sv_SE\" \/>\n<meta property=\"og:type\" content=\"article\" \/>\n<meta property=\"og:title\" content=\"KD vill se fler granskningar av \u00e4ldreboenden i Sundbyberg och Stockholms l\u00e4n f\u00f6r att dra l\u00e4rdomar - Sundbyberg\" \/>\n<meta property=\"og:description\" content=\"Inspektionen f\u00f6r v\u00e5rd och omsorg, IVO, har funnit brister p\u00e5 ett av Sundbybergs \u00e4ldreboenden n\u00e4r det g\u00e4ller hanteringen av Covid-19. Kristdemokraterna vill att samtliga \u00e4ldreboenden i Sundbyberg granskas och att det g\u00f6rs en j\u00e4mf\u00f6rande studie mellan kommunerna inom Stockholms l\u00e4n f\u00f6r att se varf\u00f6r vissa kommuner \u00e4r h\u00e5rdare drabbade \u00e4n andra. IVO skriver f\u00f6ljande i Read More\" \/>\n<meta property=\"og:url\" content=\"https:\/\/wp.kristdemokraterna.se\/sundbyberg\/2021\/03\/18\/kd-vill-se-fler-granskningar-av-aldreboenden-i-sundbyberg-och-stockholms-lan-for-att-dra-lardomar\/\" \/>\n<meta property=\"og:site_name\" content=\"Sundbyberg\" \/>\n<meta property=\"article:published_time\" content=\"2021-03-18T10:32:01+00:00\" \/>\n<meta name=\"author\" content=\"sundbyberg\" \/>\n<meta name=\"twitter:card\" content=\"summary_large_image\" \/>\n<meta name=\"twitter:label1\" content=\"Skriven av\" \/>\n\t<meta name=\"twitter:data1\" content=\"sundbyberg\" \/>\n\t<meta name=\"twitter:label2\" content=\"Ber\u00e4knad l\u00e4stid\" \/>\n\t<meta name=\"twitter:data2\" content=\"2 minuter\" \/>\n<script type=\"application\/ld+json\" class=\"yoast-schema-graph\">{\"@context\":\"https:\\\/\\\/schema.org\",\"@graph\":[{\"@type\":\"Article\",\"@id\":\"https:\\\/\\\/wp.kristdemokraterna.se\\\/sundbyberg\\\/2021\\\/03\\\/18\\\/kd-vill-se-fler-granskningar-av-aldreboenden-i-sundbyberg-och-stockholms-lan-for-att-dra-lardomar\\\/#article\",\"isPartOf\":{\"@id\":\"https:\\\/\\\/wp.kristdemokraterna.se\\\/sundbyberg\\\/2021\\\/03\\\/18\\\/kd-vill-se-fler-granskningar-av-aldreboenden-i-sundbyberg-och-stockholms-lan-for-att-dra-lardomar\\\/\"},\"author\":{\"name\":\"sundbyberg\",\"@id\":\"https:\\\/\\\/wp.kristdemokraterna.se\\\/sundbyberg\\\/#\\\/schema\\\/person\\\/eec81caa0b56f396fe2e25427db6db7e\"},\"headline\":\"KD vill se fler granskningar av \u00e4ldreboenden i Sundbyberg och Stockholms l\u00e4n f\u00f6r att dra l\u00e4rdomar\",\"datePublished\":\"2021-03-18T10:32:01+00:00\",\"mainEntityOfPage\":{\"@id\":\"https:\\\/\\\/wp.kristdemokraterna.se\\\/sundbyberg\\\/2021\\\/03\\\/18\\\/kd-vill-se-fler-granskningar-av-aldreboenden-i-sundbyberg-och-stockholms-lan-for-att-dra-lardomar\\\/\"},\"wordCount\":347,\"articleSection\":[\"Inl\u00e4gg\"],\"inLanguage\":\"sv-SE\"},{\"@type\":\"WebPage\",\"@id\":\"https:\\\/\\\/wp.kristdemokraterna.se\\\/sundbyberg\\\/2021\\\/03\\\/18\\\/kd-vill-se-fler-granskningar-av-aldreboenden-i-sundbyberg-och-stockholms-lan-for-att-dra-lardomar\\\/\",\"url\":\"https:\\\/\\\/wp.kristdemokraterna.se\\\/sundbyberg\\\/2021\\\/03\\\/18\\\/kd-vill-se-fler-granskningar-av-aldreboenden-i-sundbyberg-och-stockholms-lan-for-att-dra-lardomar\\\/\",\"name\":\"KD vill se fler granskningar av \u00e4ldreboenden i Sundbyberg och Stockholms l\u00e4n f\u00f6r att dra l\u00e4rdomar - Sundbyberg\",\"isPartOf\":{\"@id\":\"https:\\\/\\\/wp.kristdemokraterna.se\\\/sundbyberg\\\/#website\"},\"datePublished\":\"2021-03-18T10:32:01+00:00\",\"author\":{\"@id\":\"https:\\\/\\\/wp.kristdemokraterna.se\\\/sundbyberg\\\/#\\\/schema\\\/person\\\/eec81caa0b56f396fe2e25427db6db7e\"},\"breadcrumb\":{\"@id\":\"https:\\\/\\\/wp.kristdemokraterna.se\\\/sundbyberg\\\/2021\\\/03\\\/18\\\/kd-vill-se-fler-granskningar-av-aldreboenden-i-sundbyberg-och-stockholms-lan-for-att-dra-lardomar\\\/#breadcrumb\"},\"inLanguage\":\"sv-SE\",\"potentialAction\":[{\"@type\":\"ReadAction\",\"target\":[\"https:\\\/\\\/wp.kristdemokraterna.se\\\/sundbyberg\\\/2021\\\/03\\\/18\\\/kd-vill-se-fler-granskningar-av-aldreboenden-i-sundbyberg-och-stockholms-lan-for-att-dra-lardomar\\\/\"]}]},{\"@type\":\"BreadcrumbList\",\"@id\":\"https:\\\/\\\/wp.kristdemokraterna.se\\\/sundbyberg\\\/2021\\\/03\\\/18\\\/kd-vill-se-fler-granskningar-av-aldreboenden-i-sundbyberg-och-stockholms-lan-for-att-dra-lardomar\\\/#breadcrumb\",\"itemListElement\":[{\"@type\":\"ListItem\",\"position\":1,\"name\":\"Hem\",\"item\":\"https:\\\/\\\/wp.kristdemokraterna.se\\\/sundbyberg\\\/\"},{\"@type\":\"ListItem\",\"position\":2,\"name\":\"KD vill se fler granskningar av \u00e4ldreboenden i Sundbyberg och Stockholms l\u00e4n f\u00f6r att dra l\u00e4rdomar\"}]},{\"@type\":\"WebSite\",\"@id\":\"https:\\\/\\\/wp.kristdemokraterna.se\\\/sundbyberg\\\/#website\",\"url\":\"https:\\\/\\\/wp.kristdemokraterna.se\\\/sundbyberg\\\/\",\"name\":\"Sundbyberg\",\"description\":\"En till Kristdemokraterna webbplats\",\"inLanguage\":\"sv-SE\"},{\"@type\":\"Person\",\"@id\":\"https:\\\/\\\/wp.kristdemokraterna.se\\\/sundbyberg\\\/#\\\/schema\\\/person\\\/eec81caa0b56f396fe2e25427db6db7e\",\"name\":\"sundbyberg\",\"image\":{\"@type\":\"ImageObject\",\"inLanguage\":\"sv-SE\",\"@id\":\"https:\\\/\\\/secure.gravatar.com\\\/avatar\\\/196349f3642b0c87b871f936ab42c728ec5cbfc302876051139652ddbecb4bf8?s=96&d=mm&r=g\",\"url\":\"https:\\\/\\\/secure.gravatar.com\\\/avatar\\\/196349f3642b0c87b871f936ab42c728ec5cbfc302876051139652ddbecb4bf8?s=96&d=mm&r=g\",\"contentUrl\":\"https:\\\/\\\/secure.gravatar.com\\\/avatar\\\/196349f3642b0c87b871f936ab42c728ec5cbfc302876051139652ddbecb4bf8?s=96&d=mm&r=g\",\"caption\":\"sundbyberg\"},\"url\":\"https:\\\/\\\/wp.kristdemokraterna.se\\\/sundbyberg\\\/author\\\/sundbyberg\\\/\"}]}<\/script>\n<!-- \/ Yoast SEO plugin. -->","yoast_head_json":{"title":"KD vill se fler granskningar av \u00e4ldreboenden i Sundbyberg och Stockholms l\u00e4n f\u00f6r att dra l\u00e4rdomar - Sundbyberg","robots":{"index":"index","follow":"follow","max-snippet":"max-snippet:-1","max-image-preview":"max-image-preview:large","max-video-preview":"max-video-preview:-1"},"canonical":"https:\/\/wp.kristdemokraterna.se\/sundbyberg\/2021\/03\/18\/kd-vill-se-fler-granskningar-av-aldreboenden-i-sundbyberg-och-stockholms-lan-for-att-dra-lardomar\/","og_locale":"sv_SE","og_type":"article","og_title":"KD vill se fler granskningar av \u00e4ldreboenden i Sundbyberg och Stockholms l\u00e4n f\u00f6r att dra l\u00e4rdomar - Sundbyberg","og_description":"Inspektionen f\u00f6r v\u00e5rd och omsorg, IVO, har funnit brister p\u00e5 ett av Sundbybergs \u00e4ldreboenden n\u00e4r det g\u00e4ller hanteringen av Covid-19. Kristdemokraterna vill att samtliga \u00e4ldreboenden i Sundbyberg granskas och att det g\u00f6rs en j\u00e4mf\u00f6rande studie mellan kommunerna inom Stockholms l\u00e4n f\u00f6r att se varf\u00f6r vissa kommuner \u00e4r h\u00e5rdare drabbade \u00e4n andra. IVO skriver f\u00f6ljande i Read More","og_url":"https:\/\/wp.kristdemokraterna.se\/sundbyberg\/2021\/03\/18\/kd-vill-se-fler-granskningar-av-aldreboenden-i-sundbyberg-och-stockholms-lan-for-att-dra-lardomar\/","og_site_name":"Sundbyberg","article_published_time":"2021-03-18T10:32:01+00:00","author":"sundbyberg","twitter_card":"summary_large_image","twitter_misc":{"Skriven av":"sundbyberg","Ber\u00e4knad l\u00e4stid":"2 minuter"},"schema":{"@context":"https:\/\/schema.org","@graph":[{"@type":"Article","@id":"https:\/\/wp.kristdemokraterna.se\/sundbyberg\/2021\/03\/18\/kd-vill-se-fler-granskningar-av-aldreboenden-i-sundbyberg-och-stockholms-lan-for-att-dra-lardomar\/#article","isPartOf":{"@id":"https:\/\/wp.kristdemokraterna.se\/sundbyberg\/2021\/03\/18\/kd-vill-se-fler-granskningar-av-aldreboenden-i-sundbyberg-och-stockholms-lan-for-att-dra-lardomar\/"},"author":{"name":"sundbyberg","@id":"https:\/\/wp.kristdemokraterna.se\/sundbyberg\/#\/schema\/person\/eec81caa0b56f396fe2e25427db6db7e"},"headline":"KD vill se fler granskningar av \u00e4ldreboenden i Sundbyberg och Stockholms l\u00e4n f\u00f6r att dra l\u00e4rdomar","datePublished":"2021-03-18T10:32:01+00:00","mainEntityOfPage":{"@id":"https:\/\/wp.kristdemokraterna.se\/sundbyberg\/2021\/03\/18\/kd-vill-se-fler-granskningar-av-aldreboenden-i-sundbyberg-och-stockholms-lan-for-att-dra-lardomar\/"},"wordCount":347,"articleSection":["Inl\u00e4gg"],"inLanguage":"sv-SE"},{"@type":"WebPage","@id":"https:\/\/wp.kristdemokraterna.se\/sundbyberg\/2021\/03\/18\/kd-vill-se-fler-granskningar-av-aldreboenden-i-sundbyberg-och-stockholms-lan-for-att-dra-lardomar\/","url":"https:\/\/wp.kristdemokraterna.se\/sundbyberg\/2021\/03\/18\/kd-vill-se-fler-granskningar-av-aldreboenden-i-sundbyberg-och-stockholms-lan-for-att-dra-lardomar\/","name":"KD vill se fler granskningar av \u00e4ldreboenden i Sundbyberg och Stockholms l\u00e4n f\u00f6r att dra l\u00e4rdomar - Sundbyberg","isPartOf":{"@id":"https:\/\/wp.kristdemokraterna.se\/sundbyberg\/#website"},"datePublished":"2021-03-18T10:32:01+00:00","author":{"@id":"https:\/\/wp.kristdemokraterna.se\/sundbyberg\/#\/schema\/person\/eec81caa0b56f396fe2e25427db6db7e"},"breadcrumb":{"@id":"https:\/\/wp.kristdemokraterna.se\/sundbyberg\/2021\/03\/18\/kd-vill-se-fler-granskningar-av-aldreboenden-i-sundbyberg-och-stockholms-lan-for-att-dra-lardomar\/#breadcrumb"},"inLanguage":"sv-SE","potentialAction":[{"@type":"ReadAction","target":["https:\/\/wp.kristdemokraterna.se\/sundbyberg\/2021\/03\/18\/kd-vill-se-fler-granskningar-av-aldreboenden-i-sundbyberg-och-stockholms-lan-for-att-dra-lardomar\/"]}]},{"@type":"BreadcrumbList","@id":"https:\/\/wp.kristdemokraterna.se\/sundbyberg\/2021\/03\/18\/kd-vill-se-fler-granskningar-av-aldreboenden-i-sundbyberg-och-stockholms-lan-for-att-dra-lardomar\/#breadcrumb","itemListElement":[{"@type":"ListItem","position":1,"name":"Hem","item":"https:\/\/wp.kristdemokraterna.se\/sundbyberg\/"},{"@type":"ListItem","position":2,"name":"KD vill se fler granskningar av \u00e4ldreboenden i Sundbyberg och Stockholms l\u00e4n f\u00f6r att dra l\u00e4rdomar"}]},{"@type":"WebSite","@id":"https:\/\/wp.kristdemokraterna.se\/sundbyberg\/#website","url":"https:\/\/wp.kristdemokraterna.se\/sundbyberg\/","name":"Sundbyberg","description":"En till Kristdemokraterna webbplats","inLanguage":"sv-SE"},{"@type":"Person","@id":"https:\/\/wp.kristdemokraterna.se\/sundbyberg\/#\/schema\/person\/eec81caa0b56f396fe2e25427db6db7e","name":"sundbyberg","image":{"@type":"ImageObject","inLanguage":"sv-SE","@id":"https:\/\/secure.gravatar.com\/avatar\/196349f3642b0c87b871f936ab42c728ec5cbfc302876051139652ddbecb4bf8?s=96&d=mm&r=g","url":"https:\/\/secure.gravatar.com\/avatar\/196349f3642b0c87b871f936ab42c728ec5cbfc302876051139652ddbecb4bf8?s=96&d=mm&r=g","contentUrl":"https:\/\/secure.gravatar.com\/avatar\/196349f3642b0c87b871f936ab42c728ec5cbfc302876051139652ddbecb4bf8?s=96&d=mm&r=g","caption":"sundbyberg"},"url":"https:\/\/wp.kristdemokraterna.se\/sundbyberg\/author\/sundbyberg\/"}]}},"_links":{"self":[{"href":"https:\/\/wp.kristdemokraterna.se\/sundbyberg\/wp-json\/wp\/v2\/posts\/942","targetHints":{"allow":["GET"]}}],"collection":[{"href":"https:\/\/wp.kristdemokraterna.se\/sundbyberg\/wp-json\/wp\/v2\/posts"}],"about":[{"href":"https:\/\/wp.kristdemokraterna.se\/sundbyberg\/wp-json\/wp\/v2\/types\/post"}],"author":[{"embeddable":true,"href":"https:\/\/wp.kristdemokraterna.se\/sundbyberg\/wp-json\/wp\/v2\/users\/611"}],"replies":[{"embeddable":true,"href":"https:\/\/wp.kristdemokraterna.se\/sundbyberg\/wp-json\/wp\/v2\/comments?post=942"}],"version-history":[{"count":4,"href":"https:\/\/wp.kristdemokraterna.se\/sundbyberg\/wp-json\/wp\/v2\/posts\/942\/revisions"}],"predecessor-version":[{"id":967,"href":"https:\/\/wp.kristdemokraterna.se\/sundbyberg\/wp-json\/wp\/v2\/posts\/942\/revisions\/967"}],"wp:attachment":[{"href":"https:\/\/wp.kristdemokraterna.se\/sundbyberg\/wp-json\/wp\/v2\/media?parent=942"}],"wp:term":[{"taxonomy":"category","embeddable":true,"href":"https:\/\/wp.kristdemokraterna.se\/sundbyberg\/wp-json\/wp\/v2\/categories?post=942"},{"taxonomy":"post_tag","embeddable":true,"href":"https:\/\/wp.kristdemokraterna.se\/sundbyberg\/wp-json\/wp\/v2\/tags?post=942"}],"curies":[{"name":"wp","href":"https:\/\/api.w.org\/{rel}","templated":true}]}}