{"id":971,"date":"2021-04-01T09:30:59","date_gmt":"2021-04-01T07:30:59","guid":{"rendered":"https:\/\/wp.kristdemokraterna.se\/sundbyberg\/?p=971"},"modified":"2021-04-01T09:32:44","modified_gmt":"2021-04-01T07:32:44","slug":"solomon-fran-hallonbergen-far-kd-s-vitsippspris","status":"publish","type":"post","link":"https:\/\/wp.kristdemokraterna.se\/sundbyberg\/2021\/04\/01\/solomon-fran-hallonbergen-far-kd-s-vitsippspris\/","title":{"rendered":"Solomon fr\u00e5n Hallonbergen f\u00e5r KD:s Vitsippspris"},"content":{"rendered":"<p><strong>Solomon Ghirmay har under flera \u00e5r gjort det som ingen kr\u00e4vt av honom. P\u00e5 sin fritid har han anordnat fotbollstr\u00e4ningarna och turneringar f\u00f6r unga i staden. Han har tidigare nominerats till Mitt i:s lokala hj\u00e4lte och nu f\u00e5r han ta emot Kristdemokraternas Vitsippspris.<\/strong><\/p>\n<p>Vitsippspriset delas ut av Kristdemokraterna i Sundbyberg f\u00f6r att uppm\u00e4rksamma personer och organisationer som gjort viktiga insatser f\u00f6r v\u00e5rt samh\u00e4lle. Solomon Ghirmay har under flera \u00e5r gjort det som ingen kr\u00e4vt av honom. P\u00e5 sin fritid har han anordnat fotbollstr\u00e4ningarna och fotbollsturneringar f\u00f6r unga i \u00e5ldrarna 8-12 \u00e5r och gjort det m\u00f6jligt f\u00f6r alla att ha en meningsfull fritid, oberoende av ekonomiska och sociala f\u00f6ruts\u00e4ttningarna.<\/p>\n<p>&#8211; Det \u00e4r en stor \u00e4ra f\u00f6r Kristdemokraterna i Sundbyberg att f\u00e5 dela ut det h\u00e4r priset till Solomon Ghirmay. Hans engagemang betyder oerh\u00f6rt mycket, inte minst f\u00f6r barnen i Hallonbergen. Han \u00e4r en f\u00f6rebild som f\u00f6rtj\u00e4nar priset och uppm\u00e4rksamheten, s\u00e4ger Maria Bohman Kreij, Kristdemokraternas ordf\u00f6rande i Sundbyberg.<\/p>\n<p><a href=\"http:\/\/wp.kristdemokraterna.se\/sundbyberg\/files\/2021\/03\/solomon-2-scaled.jpeg\"><img loading=\"lazy\" decoding=\"async\" class=\"alignnone size-medium wp-image-974\" src=\"http:\/\/wp.kristdemokraterna.se\/sundbyberg\/files\/2021\/03\/solomon-2-300x200.jpeg\" alt=\"\" width=\"300\" height=\"200\" srcset=\"https:\/\/wp.kristdemokraterna.se\/sundbyberg\/files\/2021\/03\/solomon-2-300x200.jpeg 300w, https:\/\/wp.kristdemokraterna.se\/sundbyberg\/files\/2021\/03\/solomon-2-1024x683.jpeg 1024w, https:\/\/wp.kristdemokraterna.se\/sundbyberg\/files\/2021\/03\/solomon-2-768x512.jpeg 768w, https:\/\/wp.kristdemokraterna.se\/sundbyberg\/files\/2021\/03\/solomon-2-1536x1024.jpeg 1536w, https:\/\/wp.kristdemokraterna.se\/sundbyberg\/files\/2021\/03\/solomon-2-2048x1365.jpeg 2048w, https:\/\/wp.kristdemokraterna.se\/sundbyberg\/files\/2021\/03\/solomon-2-370x247.jpeg 370w, https:\/\/wp.kristdemokraterna.se\/sundbyberg\/files\/2021\/03\/solomon-2-770x513.jpeg 770w, https:\/\/wp.kristdemokraterna.se\/sundbyberg\/files\/2021\/03\/solomon-2-450x300.jpeg 450w, https:\/\/wp.kristdemokraterna.se\/sundbyberg\/files\/2021\/03\/solomon-2-280x187.jpeg 280w, https:\/\/wp.kristdemokraterna.se\/sundbyberg\/files\/2021\/03\/solomon-2-340x227.jpeg 340w, https:\/\/wp.kristdemokraterna.se\/sundbyberg\/files\/2021\/03\/solomon-2-200x133.jpeg 200w, https:\/\/wp.kristdemokraterna.se\/sundbyberg\/files\/2021\/03\/solomon-2-84x56.jpeg 84w\" sizes=\"auto, (max-width: 300px) 100vw, 300px\" \/><\/a><\/p>\n<p>Vitsippspriset best\u00e5r av ett diplom, en karaff och en g\u00e5va p\u00e5 3 000 kronor. S\u00e5 h\u00e4r lyder Kristdemokraternas motivering:<\/p>\n<p><em>\u201cSolomon har genom sitt engagemang bidragit till att skapa en meningsfull fritid f\u00f6r flera unga barn i staden. Idrotten har varit hans verktyg men barnens gl\u00e4dje har varit hans drivkraft. Solomons insatser betyder mycket f\u00f6r v\u00e5rt samh\u00e4lle och bidrar till en god samh\u00e4llsgemenskap. Det \u00e4r en \u00e4ra f\u00f6r oss att f\u00e5 dela ut \u00e5rets Vitsippspris till Solomon Ghirmay.\u201d<\/em><\/p>\n<p><a href=\"http:\/\/wp.kristdemokraterna.se\/sundbyberg\/files\/2021\/04\/solomon-3-scaled.jpeg\"><img loading=\"lazy\" decoding=\"async\" class=\"alignnone wp-image-975 size-medium\" src=\"http:\/\/wp.kristdemokraterna.se\/sundbyberg\/files\/2021\/04\/solomon-3-300x200.jpeg\" alt=\"\" width=\"300\" height=\"200\" srcset=\"https:\/\/wp.kristdemokraterna.se\/sundbyberg\/files\/2021\/04\/solomon-3-300x200.jpeg 300w, https:\/\/wp.kristdemokraterna.se\/sundbyberg\/files\/2021\/04\/solomon-3-1024x683.jpeg 1024w, https:\/\/wp.kristdemokraterna.se\/sundbyberg\/files\/2021\/04\/solomon-3-768x512.jpeg 768w, https:\/\/wp.kristdemokraterna.se\/sundbyberg\/files\/2021\/04\/solomon-3-1536x1024.jpeg 1536w, https:\/\/wp.kristdemokraterna.se\/sundbyberg\/files\/2021\/04\/solomon-3-2048x1365.jpeg 2048w, https:\/\/wp.kristdemokraterna.se\/sundbyberg\/files\/2021\/04\/solomon-3-370x247.jpeg 370w, https:\/\/wp.kristdemokraterna.se\/sundbyberg\/files\/2021\/04\/solomon-3-770x513.jpeg 770w, https:\/\/wp.kristdemokraterna.se\/sundbyberg\/files\/2021\/04\/solomon-3-450x300.jpeg 450w, https:\/\/wp.kristdemokraterna.se\/sundbyberg\/files\/2021\/04\/solomon-3-280x187.jpeg 280w, https:\/\/wp.kristdemokraterna.se\/sundbyberg\/files\/2021\/04\/solomon-3-340x227.jpeg 340w, https:\/\/wp.kristdemokraterna.se\/sundbyberg\/files\/2021\/04\/solomon-3-200x133.jpeg 200w, https:\/\/wp.kristdemokraterna.se\/sundbyberg\/files\/2021\/04\/solomon-3-84x56.jpeg 84w\" sizes=\"auto, (max-width: 300px) 100vw, 300px\" \/><\/a><\/p>\n<p>Han nominerades \u00e4ven 2017 till Mitt i:s lokala hj\u00e4lte och hans engagemang har \u00e4n idag inte avtagit.<\/p>\n<p>&#8211; Tack f\u00f6r priset och era ord. All tid jag l\u00e4gger ner \u00e4r v\u00e4rt det, \u00e4ven om jag inte f\u00e5r ett pris eller n\u00e5gon uppm\u00e4rksamhet. Jag vill att barnen ska ha en meningsfull fritid och inte k\u00e4nna sig rastl\u00f6sa, s\u00e4ger Solomon Ghirmay.<\/p>\n","protected":false},"excerpt":{"rendered":"<p>Solomon Ghirmay har under flera \u00e5r gjort det som ingen kr\u00e4vt av honom. P\u00e5 sin fritid har han anordnat fotbollstr\u00e4ningarna och turneringar f\u00f6r unga i staden. Han har tidigare nominerats till Mitt i:s lokala hj\u00e4lte och nu f\u00e5r han ta emot Kristdemokraternas Vitsippspris. Vitsippspriset delas ut av Kristdemokraterna i Sundbyberg f\u00f6r att uppm\u00e4rksamma personer och <a class=\"read-more-link\" href=\"https:\/\/wp.kristdemokraterna.se\/sundbyberg\/2021\/04\/01\/solomon-fran-hallonbergen-far-kd-s-vitsippspris\/\">Read More<\/a><\/p>\n","protected":false},"author":611,"featured_media":0,"comment_status":"closed","ping_status":"closed","sticky":false,"template":"","format":"standard","meta":{"_acf_changed":false,"footnotes":""},"categories":[1],"tags":[],"class_list":["post-971","post","type-post","status-publish","format-standard","hentry","category-inlagg"],"acf":[],"yoast_head":"<!-- This site is optimized with the Yoast SEO plugin v27.4 - https:\/\/yoast.com\/product\/yoast-seo-wordpress\/ -->\n<title>Solomon fr\u00e5n Hallonbergen f\u00e5r KD:s Vitsippspris - Sundbyberg<\/title>\n<meta name=\"robots\" content=\"index, follow, max-snippet:-1, max-image-preview:large, max-video-preview:-1\" \/>\n<link rel=\"canonical\" href=\"https:\/\/wp.kristdemokraterna.se\/sundbyberg\/2021\/04\/01\/solomon-fran-hallonbergen-far-kd-s-vitsippspris\/\" \/>\n<meta property=\"og:locale\" content=\"sv_SE\" \/>\n<meta property=\"og:type\" content=\"article\" \/>\n<meta property=\"og:title\" content=\"Solomon fr\u00e5n Hallonbergen f\u00e5r KD:s Vitsippspris - Sundbyberg\" \/>\n<meta property=\"og:description\" content=\"Solomon Ghirmay har under flera \u00e5r gjort det som ingen kr\u00e4vt av honom. P\u00e5 sin fritid har han anordnat fotbollstr\u00e4ningarna och turneringar f\u00f6r unga i staden. Han har tidigare nominerats till Mitt i:s lokala hj\u00e4lte och nu f\u00e5r han ta emot Kristdemokraternas Vitsippspris. Vitsippspriset delas ut av Kristdemokraterna i Sundbyberg f\u00f6r att uppm\u00e4rksamma personer och Read More\" \/>\n<meta property=\"og:url\" content=\"https:\/\/wp.kristdemokraterna.se\/sundbyberg\/2021\/04\/01\/solomon-fran-hallonbergen-far-kd-s-vitsippspris\/\" \/>\n<meta property=\"og:site_name\" content=\"Sundbyberg\" \/>\n<meta property=\"article:published_time\" content=\"2021-04-01T07:30:59+00:00\" \/>\n<meta property=\"article:modified_time\" content=\"2021-04-01T07:32:44+00:00\" \/>\n<meta property=\"og:image\" content=\"http:\/\/wp.kristdemokraterna.se\/sundbyberg\/files\/2021\/03\/solomon-2-300x200.jpeg\" \/>\n<meta name=\"author\" content=\"sundbyberg\" \/>\n<meta name=\"twitter:card\" content=\"summary_large_image\" \/>\n<meta name=\"twitter:label1\" content=\"Skriven av\" \/>\n\t<meta name=\"twitter:data1\" content=\"sundbyberg\" \/>\n\t<meta name=\"twitter:label2\" content=\"Ber\u00e4knad l\u00e4stid\" \/>\n\t<meta name=\"twitter:data2\" content=\"2 minuter\" \/>\n<script type=\"application\/ld+json\" class=\"yoast-schema-graph\">{\"@context\":\"https:\\\/\\\/schema.org\",\"@graph\":[{\"@type\":\"Article\",\"@id\":\"https:\\\/\\\/wp.kristdemokraterna.se\\\/sundbyberg\\\/2021\\\/04\\\/01\\\/solomon-fran-hallonbergen-far-kd-s-vitsippspris\\\/#article\",\"isPartOf\":{\"@id\":\"https:\\\/\\\/wp.kristdemokraterna.se\\\/sundbyberg\\\/2021\\\/04\\\/01\\\/solomon-fran-hallonbergen-far-kd-s-vitsippspris\\\/\"},\"author\":{\"name\":\"sundbyberg\",\"@id\":\"https:\\\/\\\/wp.kristdemokraterna.se\\\/sundbyberg\\\/#\\\/schema\\\/person\\\/eec81caa0b56f396fe2e25427db6db7e\"},\"headline\":\"Solomon fr\u00e5n Hallonbergen f\u00e5r KD:s Vitsippspris\",\"datePublished\":\"2021-04-01T07:30:59+00:00\",\"dateModified\":\"2021-04-01T07:32:44+00:00\",\"mainEntityOfPage\":{\"@id\":\"https:\\\/\\\/wp.kristdemokraterna.se\\\/sundbyberg\\\/2021\\\/04\\\/01\\\/solomon-fran-hallonbergen-far-kd-s-vitsippspris\\\/\"},\"wordCount\":347,\"image\":{\"@id\":\"https:\\\/\\\/wp.kristdemokraterna.se\\\/sundbyberg\\\/2021\\\/04\\\/01\\\/solomon-fran-hallonbergen-far-kd-s-vitsippspris\\\/#primaryimage\"},\"thumbnailUrl\":\"http:\\\/\\\/wp.kristdemokraterna.se\\\/sundbyberg\\\/files\\\/2021\\\/03\\\/solomon-2-300x200.jpeg\",\"articleSection\":[\"Inl\u00e4gg\"],\"inLanguage\":\"sv-SE\"},{\"@type\":\"WebPage\",\"@id\":\"https:\\\/\\\/wp.kristdemokraterna.se\\\/sundbyberg\\\/2021\\\/04\\\/01\\\/solomon-fran-hallonbergen-far-kd-s-vitsippspris\\\/\",\"url\":\"https:\\\/\\\/wp.kristdemokraterna.se\\\/sundbyberg\\\/2021\\\/04\\\/01\\\/solomon-fran-hallonbergen-far-kd-s-vitsippspris\\\/\",\"name\":\"Solomon fr\u00e5n Hallonbergen f\u00e5r KD:s Vitsippspris - Sundbyberg\",\"isPartOf\":{\"@id\":\"https:\\\/\\\/wp.kristdemokraterna.se\\\/sundbyberg\\\/#website\"},\"primaryImageOfPage\":{\"@id\":\"https:\\\/\\\/wp.kristdemokraterna.se\\\/sundbyberg\\\/2021\\\/04\\\/01\\\/solomon-fran-hallonbergen-far-kd-s-vitsippspris\\\/#primaryimage\"},\"image\":{\"@id\":\"https:\\\/\\\/wp.kristdemokraterna.se\\\/sundbyberg\\\/2021\\\/04\\\/01\\\/solomon-fran-hallonbergen-far-kd-s-vitsippspris\\\/#primaryimage\"},\"thumbnailUrl\":\"http:\\\/\\\/wp.kristdemokraterna.se\\\/sundbyberg\\\/files\\\/2021\\\/03\\\/solomon-2-300x200.jpeg\",\"datePublished\":\"2021-04-01T07:30:59+00:00\",\"dateModified\":\"2021-04-01T07:32:44+00:00\",\"author\":{\"@id\":\"https:\\\/\\\/wp.kristdemokraterna.se\\\/sundbyberg\\\/#\\\/schema\\\/person\\\/eec81caa0b56f396fe2e25427db6db7e\"},\"breadcrumb\":{\"@id\":\"https:\\\/\\\/wp.kristdemokraterna.se\\\/sundbyberg\\\/2021\\\/04\\\/01\\\/solomon-fran-hallonbergen-far-kd-s-vitsippspris\\\/#breadcrumb\"},\"inLanguage\":\"sv-SE\",\"potentialAction\":[{\"@type\":\"ReadAction\",\"target\":[\"https:\\\/\\\/wp.kristdemokraterna.se\\\/sundbyberg\\\/2021\\\/04\\\/01\\\/solomon-fran-hallonbergen-far-kd-s-vitsippspris\\\/\"]}]},{\"@type\":\"ImageObject\",\"inLanguage\":\"sv-SE\",\"@id\":\"https:\\\/\\\/wp.kristdemokraterna.se\\\/sundbyberg\\\/2021\\\/04\\\/01\\\/solomon-fran-hallonbergen-far-kd-s-vitsippspris\\\/#primaryimage\",\"url\":\"http:\\\/\\\/wp.kristdemokraterna.se\\\/sundbyberg\\\/files\\\/2021\\\/03\\\/solomon-2-300x200.jpeg\",\"contentUrl\":\"http:\\\/\\\/wp.kristdemokraterna.se\\\/sundbyberg\\\/files\\\/2021\\\/03\\\/solomon-2-300x200.jpeg\"},{\"@type\":\"BreadcrumbList\",\"@id\":\"https:\\\/\\\/wp.kristdemokraterna.se\\\/sundbyberg\\\/2021\\\/04\\\/01\\\/solomon-fran-hallonbergen-far-kd-s-vitsippspris\\\/#breadcrumb\",\"itemListElement\":[{\"@type\":\"ListItem\",\"position\":1,\"name\":\"Hem\",\"item\":\"https:\\\/\\\/wp.kristdemokraterna.se\\\/sundbyberg\\\/\"},{\"@type\":\"ListItem\",\"position\":2,\"name\":\"Solomon fr\u00e5n Hallonbergen f\u00e5r KD:s Vitsippspris\"}]},{\"@type\":\"WebSite\",\"@id\":\"https:\\\/\\\/wp.kristdemokraterna.se\\\/sundbyberg\\\/#website\",\"url\":\"https:\\\/\\\/wp.kristdemokraterna.se\\\/sundbyberg\\\/\",\"name\":\"Sundbyberg\",\"description\":\"En till Kristdemokraterna webbplats\",\"inLanguage\":\"sv-SE\"},{\"@type\":\"Person\",\"@id\":\"https:\\\/\\\/wp.kristdemokraterna.se\\\/sundbyberg\\\/#\\\/schema\\\/person\\\/eec81caa0b56f396fe2e25427db6db7e\",\"name\":\"sundbyberg\",\"image\":{\"@type\":\"ImageObject\",\"inLanguage\":\"sv-SE\",\"@id\":\"https:\\\/\\\/secure.gravatar.com\\\/avatar\\\/196349f3642b0c87b871f936ab42c728ec5cbfc302876051139652ddbecb4bf8?s=96&d=mm&r=g\",\"url\":\"https:\\\/\\\/secure.gravatar.com\\\/avatar\\\/196349f3642b0c87b871f936ab42c728ec5cbfc302876051139652ddbecb4bf8?s=96&d=mm&r=g\",\"contentUrl\":\"https:\\\/\\\/secure.gravatar.com\\\/avatar\\\/196349f3642b0c87b871f936ab42c728ec5cbfc302876051139652ddbecb4bf8?s=96&d=mm&r=g\",\"caption\":\"sundbyberg\"},\"url\":\"https:\\\/\\\/wp.kristdemokraterna.se\\\/sundbyberg\\\/author\\\/sundbyberg\\\/\"}]}<\/script>\n<!-- \/ Yoast SEO plugin. -->","yoast_head_json":{"title":"Solomon fr\u00e5n Hallonbergen f\u00e5r KD:s Vitsippspris - Sundbyberg","robots":{"index":"index","follow":"follow","max-snippet":"max-snippet:-1","max-image-preview":"max-image-preview:large","max-video-preview":"max-video-preview:-1"},"canonical":"https:\/\/wp.kristdemokraterna.se\/sundbyberg\/2021\/04\/01\/solomon-fran-hallonbergen-far-kd-s-vitsippspris\/","og_locale":"sv_SE","og_type":"article","og_title":"Solomon fr\u00e5n Hallonbergen f\u00e5r KD:s Vitsippspris - Sundbyberg","og_description":"Solomon Ghirmay har under flera \u00e5r gjort det som ingen kr\u00e4vt av honom. P\u00e5 sin fritid har han anordnat fotbollstr\u00e4ningarna och turneringar f\u00f6r unga i staden. Han har tidigare nominerats till Mitt i:s lokala hj\u00e4lte och nu f\u00e5r han ta emot Kristdemokraternas Vitsippspris. Vitsippspriset delas ut av Kristdemokraterna i Sundbyberg f\u00f6r att uppm\u00e4rksamma personer och Read More","og_url":"https:\/\/wp.kristdemokraterna.se\/sundbyberg\/2021\/04\/01\/solomon-fran-hallonbergen-far-kd-s-vitsippspris\/","og_site_name":"Sundbyberg","article_published_time":"2021-04-01T07:30:59+00:00","article_modified_time":"2021-04-01T07:32:44+00:00","og_image":[{"url":"http:\/\/wp.kristdemokraterna.se\/sundbyberg\/files\/2021\/03\/solomon-2-300x200.jpeg","type":"","width":"","height":""}],"author":"sundbyberg","twitter_card":"summary_large_image","twitter_misc":{"Skriven av":"sundbyberg","Ber\u00e4knad l\u00e4stid":"2 minuter"},"schema":{"@context":"https:\/\/schema.org","@graph":[{"@type":"Article","@id":"https:\/\/wp.kristdemokraterna.se\/sundbyberg\/2021\/04\/01\/solomon-fran-hallonbergen-far-kd-s-vitsippspris\/#article","isPartOf":{"@id":"https:\/\/wp.kristdemokraterna.se\/sundbyberg\/2021\/04\/01\/solomon-fran-hallonbergen-far-kd-s-vitsippspris\/"},"author":{"name":"sundbyberg","@id":"https:\/\/wp.kristdemokraterna.se\/sundbyberg\/#\/schema\/person\/eec81caa0b56f396fe2e25427db6db7e"},"headline":"Solomon fr\u00e5n Hallonbergen f\u00e5r KD:s Vitsippspris","datePublished":"2021-04-01T07:30:59+00:00","dateModified":"2021-04-01T07:32:44+00:00","mainEntityOfPage":{"@id":"https:\/\/wp.kristdemokraterna.se\/sundbyberg\/2021\/04\/01\/solomon-fran-hallonbergen-far-kd-s-vitsippspris\/"},"wordCount":347,"image":{"@id":"https:\/\/wp.kristdemokraterna.se\/sundbyberg\/2021\/04\/01\/solomon-fran-hallonbergen-far-kd-s-vitsippspris\/#primaryimage"},"thumbnailUrl":"http:\/\/wp.kristdemokraterna.se\/sundbyberg\/files\/2021\/03\/solomon-2-300x200.jpeg","articleSection":["Inl\u00e4gg"],"inLanguage":"sv-SE"},{"@type":"WebPage","@id":"https:\/\/wp.kristdemokraterna.se\/sundbyberg\/2021\/04\/01\/solomon-fran-hallonbergen-far-kd-s-vitsippspris\/","url":"https:\/\/wp.kristdemokraterna.se\/sundbyberg\/2021\/04\/01\/solomon-fran-hallonbergen-far-kd-s-vitsippspris\/","name":"Solomon fr\u00e5n Hallonbergen f\u00e5r KD:s Vitsippspris - Sundbyberg","isPartOf":{"@id":"https:\/\/wp.kristdemokraterna.se\/sundbyberg\/#website"},"primaryImageOfPage":{"@id":"https:\/\/wp.kristdemokraterna.se\/sundbyberg\/2021\/04\/01\/solomon-fran-hallonbergen-far-kd-s-vitsippspris\/#primaryimage"},"image":{"@id":"https:\/\/wp.kristdemokraterna.se\/sundbyberg\/2021\/04\/01\/solomon-fran-hallonbergen-far-kd-s-vitsippspris\/#primaryimage"},"thumbnailUrl":"http:\/\/wp.kristdemokraterna.se\/sundbyberg\/files\/2021\/03\/solomon-2-300x200.jpeg","datePublished":"2021-04-01T07:30:59+00:00","dateModified":"2021-04-01T07:32:44+00:00","author":{"@id":"https:\/\/wp.kristdemokraterna.se\/sundbyberg\/#\/schema\/person\/eec81caa0b56f396fe2e25427db6db7e"},"breadcrumb":{"@id":"https:\/\/wp.kristdemokraterna.se\/sundbyberg\/2021\/04\/01\/solomon-fran-hallonbergen-far-kd-s-vitsippspris\/#breadcrumb"},"inLanguage":"sv-SE","potentialAction":[{"@type":"ReadAction","target":["https:\/\/wp.kristdemokraterna.se\/sundbyberg\/2021\/04\/01\/solomon-fran-hallonbergen-far-kd-s-vitsippspris\/"]}]},{"@type":"ImageObject","inLanguage":"sv-SE","@id":"https:\/\/wp.kristdemokraterna.se\/sundbyberg\/2021\/04\/01\/solomon-fran-hallonbergen-far-kd-s-vitsippspris\/#primaryimage","url":"http:\/\/wp.kristdemokraterna.se\/sundbyberg\/files\/2021\/03\/solomon-2-300x200.jpeg","contentUrl":"http:\/\/wp.kristdemokraterna.se\/sundbyberg\/files\/2021\/03\/solomon-2-300x200.jpeg"},{"@type":"BreadcrumbList","@id":"https:\/\/wp.kristdemokraterna.se\/sundbyberg\/2021\/04\/01\/solomon-fran-hallonbergen-far-kd-s-vitsippspris\/#breadcrumb","itemListElement":[{"@type":"ListItem","position":1,"name":"Hem","item":"https:\/\/wp.kristdemokraterna.se\/sundbyberg\/"},{"@type":"ListItem","position":2,"name":"Solomon fr\u00e5n Hallonbergen f\u00e5r KD:s Vitsippspris"}]},{"@type":"WebSite","@id":"https:\/\/wp.kristdemokraterna.se\/sundbyberg\/#website","url":"https:\/\/wp.kristdemokraterna.se\/sundbyberg\/","name":"Sundbyberg","description":"En till Kristdemokraterna webbplats","inLanguage":"sv-SE"},{"@type":"Person","@id":"https:\/\/wp.kristdemokraterna.se\/sundbyberg\/#\/schema\/person\/eec81caa0b56f396fe2e25427db6db7e","name":"sundbyberg","image":{"@type":"ImageObject","inLanguage":"sv-SE","@id":"https:\/\/secure.gravatar.com\/avatar\/196349f3642b0c87b871f936ab42c728ec5cbfc302876051139652ddbecb4bf8?s=96&d=mm&r=g","url":"https:\/\/secure.gravatar.com\/avatar\/196349f3642b0c87b871f936ab42c728ec5cbfc302876051139652ddbecb4bf8?s=96&d=mm&r=g","contentUrl":"https:\/\/secure.gravatar.com\/avatar\/196349f3642b0c87b871f936ab42c728ec5cbfc302876051139652ddbecb4bf8?s=96&d=mm&r=g","caption":"sundbyberg"},"url":"https:\/\/wp.kristdemokraterna.se\/sundbyberg\/author\/sundbyberg\/"}]}},"_links":{"self":[{"href":"https:\/\/wp.kristdemokraterna.se\/sundbyberg\/wp-json\/wp\/v2\/posts\/971","targetHints":{"allow":["GET"]}}],"collection":[{"href":"https:\/\/wp.kristdemokraterna.se\/sundbyberg\/wp-json\/wp\/v2\/posts"}],"about":[{"href":"https:\/\/wp.kristdemokraterna.se\/sundbyberg\/wp-json\/wp\/v2\/types\/post"}],"author":[{"embeddable":true,"href":"https:\/\/wp.kristdemokraterna.se\/sundbyberg\/wp-json\/wp\/v2\/users\/611"}],"replies":[{"embeddable":true,"href":"https:\/\/wp.kristdemokraterna.se\/sundbyberg\/wp-json\/wp\/v2\/comments?post=971"}],"version-history":[{"count":5,"href":"https:\/\/wp.kristdemokraterna.se\/sundbyberg\/wp-json\/wp\/v2\/posts\/971\/revisions"}],"predecessor-version":[{"id":980,"href":"https:\/\/wp.kristdemokraterna.se\/sundbyberg\/wp-json\/wp\/v2\/posts\/971\/revisions\/980"}],"wp:attachment":[{"href":"https:\/\/wp.kristdemokraterna.se\/sundbyberg\/wp-json\/wp\/v2\/media?parent=971"}],"wp:term":[{"taxonomy":"category","embeddable":true,"href":"https:\/\/wp.kristdemokraterna.se\/sundbyberg\/wp-json\/wp\/v2\/categories?post=971"},{"taxonomy":"post_tag","embeddable":true,"href":"https:\/\/wp.kristdemokraterna.se\/sundbyberg\/wp-json\/wp\/v2\/tags?post=971"}],"curies":[{"name":"wp","href":"https:\/\/api.w.org\/{rel}","templated":true}]}}