{"id":981,"date":"2021-04-30T15:47:12","date_gmt":"2021-04-30T13:47:12","guid":{"rendered":"https:\/\/wp.kristdemokraterna.se\/sundbyberg\/?p=981"},"modified":"2021-04-30T16:10:27","modified_gmt":"2021-04-30T14:10:27","slug":"kan-nyproduktion-byggas-i-klassisk-stil","status":"publish","type":"post","link":"https:\/\/wp.kristdemokraterna.se\/sundbyberg\/2021\/04\/30\/kan-nyproduktion-byggas-i-klassisk-stil\/","title":{"rendered":"Kan nyproduktion byggas i klassisk stil?"},"content":{"rendered":"<p><strong>Kristdemokraterna i Sundbybergs gruppledare, Marcus Jonsson och Paulos Abraha, politisk sekreterare, \u00e5kte till Upplands V\u00e4sby f\u00f6r att f\u00e5 svar p\u00e5 fr\u00e5gan som st\u00e4lls ovan. De togs emot av Kristdemokraternas kommunalr\u00e5d i Upplands V\u00e4sby, Maria F\u00e4lth och kommunstyrelsens ordf\u00f6rande och moderaten Oskar Weinmar. Digitalt fanns \u00e4ven Jens Manell, gruppledare f\u00f6r Kristdemokraterna i Sundbybergs exploateringsutskottet och Tomas Kreij som sitter i F\u00f6rvaltarens styrelse.\u00a0<\/strong><\/p>\n<p>Upplands V\u00e4sby har genomf\u00f6rt en markanvisningst\u00e4vling och efter att ha lyssnat in kommuninv\u00e5narnas \u00f6nskem\u00e5l kommer det nya bostadskvarteret att byggas i klassisk stil. Responsen fr\u00e5n de boende har varit positiv och \u00f6ver 1 000 kommuninv\u00e5narna deltog i enk\u00e4tunders\u00f6kningen.<\/p>\n<p><a href=\"http:\/\/wp.kristdemokraterna.se\/sundbyberg\/files\/2021\/04\/studiebesok-vasby-3.jpg\"><img loading=\"lazy\" decoding=\"async\" class=\"alignnone size-medium wp-image-983\" src=\"http:\/\/wp.kristdemokraterna.se\/sundbyberg\/files\/2021\/04\/studiebesok-vasby-3-300x292.jpg\" alt=\"\" width=\"300\" height=\"292\" srcset=\"https:\/\/wp.kristdemokraterna.se\/sundbyberg\/files\/2021\/04\/studiebesok-vasby-3-300x292.jpg 300w, https:\/\/wp.kristdemokraterna.se\/sundbyberg\/files\/2021\/04\/studiebesok-vasby-3-1024x996.jpg 1024w, https:\/\/wp.kristdemokraterna.se\/sundbyberg\/files\/2021\/04\/studiebesok-vasby-3-768x747.jpg 768w, https:\/\/wp.kristdemokraterna.se\/sundbyberg\/files\/2021\/04\/studiebesok-vasby-3-206x200.jpg 206w, https:\/\/wp.kristdemokraterna.se\/sundbyberg\/files\/2021\/04\/studiebesok-vasby-3-370x360.jpg 370w, https:\/\/wp.kristdemokraterna.se\/sundbyberg\/files\/2021\/04\/studiebesok-vasby-3-770x749.jpg 770w, https:\/\/wp.kristdemokraterna.se\/sundbyberg\/files\/2021\/04\/studiebesok-vasby-3-450x438.jpg 450w, https:\/\/wp.kristdemokraterna.se\/sundbyberg\/files\/2021\/04\/studiebesok-vasby-3-280x272.jpg 280w, https:\/\/wp.kristdemokraterna.se\/sundbyberg\/files\/2021\/04\/studiebesok-vasby-3-340x331.jpg 340w, https:\/\/wp.kristdemokraterna.se\/sundbyberg\/files\/2021\/04\/studiebesok-vasby-3-200x195.jpg 200w, https:\/\/wp.kristdemokraterna.se\/sundbyberg\/files\/2021\/04\/studiebesok-vasby-3-58x56.jpg 58w, https:\/\/wp.kristdemokraterna.se\/sundbyberg\/files\/2021\/04\/studiebesok-vasby-3.jpg 1440w\" sizes=\"auto, (max-width: 300px) 100vw, 300px\" \/><\/a><\/p>\n<p>Under studiebes\u00f6ket fick v\u00e5r delegation fr\u00e5n Sundbyberg ta del av V\u00e4sby resa, fr\u00e5n ax till limpa. Oskar Weinmar och Maria F\u00e4lth redogjorde f\u00f6r hur markanvisningst\u00e4vlingen gick till och studiebes\u00f6ket avslutades med att Maria F\u00e4lth visade hur marken, d\u00e4r kvarteret ska byggas, s\u00e5g ut.<\/p>\n<div id=\"attachment_984\" style=\"width: 310px\" class=\"wp-caption alignnone\"><a href=\"http:\/\/wp.kristdemokraterna.se\/sundbyberg\/files\/2021\/04\/studiebesok-vasby-2.jpg\"><img loading=\"lazy\" decoding=\"async\" aria-describedby=\"caption-attachment-984\" class=\"wp-image-984 size-medium\" src=\"http:\/\/wp.kristdemokraterna.se\/sundbyberg\/files\/2021\/04\/studiebesok-vasby-2-300x292.jpg\" alt=\"\" width=\"300\" height=\"292\" srcset=\"https:\/\/wp.kristdemokraterna.se\/sundbyberg\/files\/2021\/04\/studiebesok-vasby-2-300x292.jpg 300w, https:\/\/wp.kristdemokraterna.se\/sundbyberg\/files\/2021\/04\/studiebesok-vasby-2-1024x996.jpg 1024w, https:\/\/wp.kristdemokraterna.se\/sundbyberg\/files\/2021\/04\/studiebesok-vasby-2-768x747.jpg 768w, https:\/\/wp.kristdemokraterna.se\/sundbyberg\/files\/2021\/04\/studiebesok-vasby-2-206x200.jpg 206w, https:\/\/wp.kristdemokraterna.se\/sundbyberg\/files\/2021\/04\/studiebesok-vasby-2-370x360.jpg 370w, https:\/\/wp.kristdemokraterna.se\/sundbyberg\/files\/2021\/04\/studiebesok-vasby-2-770x749.jpg 770w, https:\/\/wp.kristdemokraterna.se\/sundbyberg\/files\/2021\/04\/studiebesok-vasby-2-450x438.jpg 450w, https:\/\/wp.kristdemokraterna.se\/sundbyberg\/files\/2021\/04\/studiebesok-vasby-2-280x272.jpg 280w, https:\/\/wp.kristdemokraterna.se\/sundbyberg\/files\/2021\/04\/studiebesok-vasby-2-340x331.jpg 340w, https:\/\/wp.kristdemokraterna.se\/sundbyberg\/files\/2021\/04\/studiebesok-vasby-2-200x195.jpg 200w, https:\/\/wp.kristdemokraterna.se\/sundbyberg\/files\/2021\/04\/studiebesok-vasby-2-58x56.jpg 58w, https:\/\/wp.kristdemokraterna.se\/sundbyberg\/files\/2021\/04\/studiebesok-vasby-2.jpg 1440w\" sizes=\"auto, (max-width: 300px) 100vw, 300px\" \/><\/a><p id=\"caption-attachment-984\" class=\"wp-caption-text\">Oskar Weinmar (M) och Marcus Jonsson (KD)<\/p><\/div>\n<p>&nbsp;<\/p>\n<p>Kristdemokraterna i Sundbyberg hoppas att f\u00e5 se liknande bostadsprojekt fram\u00f6ver i kommunen, om inv\u00e5narna \u00f6nskar det. Kristdemokraterna vill v\u00e4rna om att bevara sm\u00e5stadsk\u00e4nslan i Sundbyberg och nyproduktion i klassisk stil kan minst sagt bidra till det.<\/p>\n<p>Vad tycker du? Vill du ha fler nybyggnationer i klassisk stil?<\/p>\n<p>Bli medlem i KD!<br \/>\n<a href=\"http:\/\/KD.nu.\/blimedlem\">KD.nu.\/blimedlem<\/a><\/p>\n<p>&nbsp;<\/p>\n","protected":false},"excerpt":{"rendered":"<p>Kristdemokraterna i Sundbybergs gruppledare, Marcus Jonsson och Paulos Abraha, politisk sekreterare, \u00e5kte till Upplands V\u00e4sby f\u00f6r att f\u00e5 svar p\u00e5 fr\u00e5gan som st\u00e4lls ovan. De togs emot av Kristdemokraternas kommunalr\u00e5d i Upplands V\u00e4sby, Maria F\u00e4lth och kommunstyrelsens ordf\u00f6rande och moderaten Oskar Weinmar. Digitalt fanns \u00e4ven Jens Manell, gruppledare f\u00f6r Kristdemokraterna i Sundbybergs exploateringsutskottet och Tomas <a class=\"read-more-link\" href=\"https:\/\/wp.kristdemokraterna.se\/sundbyberg\/2021\/04\/30\/kan-nyproduktion-byggas-i-klassisk-stil\/\">Read More<\/a><\/p>\n","protected":false},"author":611,"featured_media":0,"comment_status":"closed","ping_status":"closed","sticky":false,"template":"","format":"standard","meta":{"_acf_changed":false,"footnotes":""},"categories":[1],"tags":[],"class_list":["post-981","post","type-post","status-publish","format-standard","hentry","category-inlagg"],"acf":[],"yoast_head":"<!-- This site is optimized with the Yoast SEO plugin v27.4 - https:\/\/yoast.com\/product\/yoast-seo-wordpress\/ -->\n<title>Kan nyproduktion byggas i klassisk stil? - Sundbyberg<\/title>\n<meta name=\"robots\" content=\"index, follow, max-snippet:-1, max-image-preview:large, max-video-preview:-1\" \/>\n<link rel=\"canonical\" href=\"https:\/\/wp.kristdemokraterna.se\/sundbyberg\/2021\/04\/30\/kan-nyproduktion-byggas-i-klassisk-stil\/\" \/>\n<meta property=\"og:locale\" content=\"sv_SE\" \/>\n<meta property=\"og:type\" content=\"article\" \/>\n<meta property=\"og:title\" content=\"Kan nyproduktion byggas i klassisk stil? - Sundbyberg\" \/>\n<meta property=\"og:description\" content=\"Kristdemokraterna i Sundbybergs gruppledare, Marcus Jonsson och Paulos Abraha, politisk sekreterare, \u00e5kte till Upplands V\u00e4sby f\u00f6r att f\u00e5 svar p\u00e5 fr\u00e5gan som st\u00e4lls ovan. De togs emot av Kristdemokraternas kommunalr\u00e5d i Upplands V\u00e4sby, Maria F\u00e4lth och kommunstyrelsens ordf\u00f6rande och moderaten Oskar Weinmar. Digitalt fanns \u00e4ven Jens Manell, gruppledare f\u00f6r Kristdemokraterna i Sundbybergs exploateringsutskottet och Tomas Read More\" \/>\n<meta property=\"og:url\" content=\"https:\/\/wp.kristdemokraterna.se\/sundbyberg\/2021\/04\/30\/kan-nyproduktion-byggas-i-klassisk-stil\/\" \/>\n<meta property=\"og:site_name\" content=\"Sundbyberg\" \/>\n<meta property=\"article:published_time\" content=\"2021-04-30T13:47:12+00:00\" \/>\n<meta property=\"article:modified_time\" content=\"2021-04-30T14:10:27+00:00\" \/>\n<meta property=\"og:image\" content=\"http:\/\/wp.kristdemokraterna.se\/sundbyberg\/files\/2021\/04\/studiebesok-vasby-3-300x292.jpg\" \/>\n<meta name=\"author\" content=\"sundbyberg\" \/>\n<meta name=\"twitter:card\" content=\"summary_large_image\" \/>\n<meta name=\"twitter:label1\" content=\"Skriven av\" \/>\n\t<meta name=\"twitter:data1\" content=\"sundbyberg\" \/>\n\t<meta name=\"twitter:label2\" content=\"Ber\u00e4knad l\u00e4stid\" \/>\n\t<meta name=\"twitter:data2\" content=\"2 minuter\" \/>\n<script type=\"application\/ld+json\" class=\"yoast-schema-graph\">{\"@context\":\"https:\\\/\\\/schema.org\",\"@graph\":[{\"@type\":\"Article\",\"@id\":\"https:\\\/\\\/wp.kristdemokraterna.se\\\/sundbyberg\\\/2021\\\/04\\\/30\\\/kan-nyproduktion-byggas-i-klassisk-stil\\\/#article\",\"isPartOf\":{\"@id\":\"https:\\\/\\\/wp.kristdemokraterna.se\\\/sundbyberg\\\/2021\\\/04\\\/30\\\/kan-nyproduktion-byggas-i-klassisk-stil\\\/\"},\"author\":{\"name\":\"sundbyberg\",\"@id\":\"https:\\\/\\\/wp.kristdemokraterna.se\\\/sundbyberg\\\/#\\\/schema\\\/person\\\/eec81caa0b56f396fe2e25427db6db7e\"},\"headline\":\"Kan nyproduktion byggas i klassisk stil?\",\"datePublished\":\"2021-04-30T13:47:12+00:00\",\"dateModified\":\"2021-04-30T14:10:27+00:00\",\"mainEntityOfPage\":{\"@id\":\"https:\\\/\\\/wp.kristdemokraterna.se\\\/sundbyberg\\\/2021\\\/04\\\/30\\\/kan-nyproduktion-byggas-i-klassisk-stil\\\/\"},\"wordCount\":252,\"image\":{\"@id\":\"https:\\\/\\\/wp.kristdemokraterna.se\\\/sundbyberg\\\/2021\\\/04\\\/30\\\/kan-nyproduktion-byggas-i-klassisk-stil\\\/#primaryimage\"},\"thumbnailUrl\":\"http:\\\/\\\/wp.kristdemokraterna.se\\\/sundbyberg\\\/files\\\/2021\\\/04\\\/studiebesok-vasby-3-300x292.jpg\",\"articleSection\":[\"Inl\u00e4gg\"],\"inLanguage\":\"sv-SE\"},{\"@type\":\"WebPage\",\"@id\":\"https:\\\/\\\/wp.kristdemokraterna.se\\\/sundbyberg\\\/2021\\\/04\\\/30\\\/kan-nyproduktion-byggas-i-klassisk-stil\\\/\",\"url\":\"https:\\\/\\\/wp.kristdemokraterna.se\\\/sundbyberg\\\/2021\\\/04\\\/30\\\/kan-nyproduktion-byggas-i-klassisk-stil\\\/\",\"name\":\"Kan nyproduktion byggas i klassisk stil? - Sundbyberg\",\"isPartOf\":{\"@id\":\"https:\\\/\\\/wp.kristdemokraterna.se\\\/sundbyberg\\\/#website\"},\"primaryImageOfPage\":{\"@id\":\"https:\\\/\\\/wp.kristdemokraterna.se\\\/sundbyberg\\\/2021\\\/04\\\/30\\\/kan-nyproduktion-byggas-i-klassisk-stil\\\/#primaryimage\"},\"image\":{\"@id\":\"https:\\\/\\\/wp.kristdemokraterna.se\\\/sundbyberg\\\/2021\\\/04\\\/30\\\/kan-nyproduktion-byggas-i-klassisk-stil\\\/#primaryimage\"},\"thumbnailUrl\":\"http:\\\/\\\/wp.kristdemokraterna.se\\\/sundbyberg\\\/files\\\/2021\\\/04\\\/studiebesok-vasby-3-300x292.jpg\",\"datePublished\":\"2021-04-30T13:47:12+00:00\",\"dateModified\":\"2021-04-30T14:10:27+00:00\",\"author\":{\"@id\":\"https:\\\/\\\/wp.kristdemokraterna.se\\\/sundbyberg\\\/#\\\/schema\\\/person\\\/eec81caa0b56f396fe2e25427db6db7e\"},\"breadcrumb\":{\"@id\":\"https:\\\/\\\/wp.kristdemokraterna.se\\\/sundbyberg\\\/2021\\\/04\\\/30\\\/kan-nyproduktion-byggas-i-klassisk-stil\\\/#breadcrumb\"},\"inLanguage\":\"sv-SE\",\"potentialAction\":[{\"@type\":\"ReadAction\",\"target\":[\"https:\\\/\\\/wp.kristdemokraterna.se\\\/sundbyberg\\\/2021\\\/04\\\/30\\\/kan-nyproduktion-byggas-i-klassisk-stil\\\/\"]}]},{\"@type\":\"ImageObject\",\"inLanguage\":\"sv-SE\",\"@id\":\"https:\\\/\\\/wp.kristdemokraterna.se\\\/sundbyberg\\\/2021\\\/04\\\/30\\\/kan-nyproduktion-byggas-i-klassisk-stil\\\/#primaryimage\",\"url\":\"http:\\\/\\\/wp.kristdemokraterna.se\\\/sundbyberg\\\/files\\\/2021\\\/04\\\/studiebesok-vasby-3-300x292.jpg\",\"contentUrl\":\"http:\\\/\\\/wp.kristdemokraterna.se\\\/sundbyberg\\\/files\\\/2021\\\/04\\\/studiebesok-vasby-3-300x292.jpg\"},{\"@type\":\"BreadcrumbList\",\"@id\":\"https:\\\/\\\/wp.kristdemokraterna.se\\\/sundbyberg\\\/2021\\\/04\\\/30\\\/kan-nyproduktion-byggas-i-klassisk-stil\\\/#breadcrumb\",\"itemListElement\":[{\"@type\":\"ListItem\",\"position\":1,\"name\":\"Hem\",\"item\":\"https:\\\/\\\/wp.kristdemokraterna.se\\\/sundbyberg\\\/\"},{\"@type\":\"ListItem\",\"position\":2,\"name\":\"Kan nyproduktion byggas i klassisk stil?\"}]},{\"@type\":\"WebSite\",\"@id\":\"https:\\\/\\\/wp.kristdemokraterna.se\\\/sundbyberg\\\/#website\",\"url\":\"https:\\\/\\\/wp.kristdemokraterna.se\\\/sundbyberg\\\/\",\"name\":\"Sundbyberg\",\"description\":\"En till Kristdemokraterna webbplats\",\"inLanguage\":\"sv-SE\"},{\"@type\":\"Person\",\"@id\":\"https:\\\/\\\/wp.kristdemokraterna.se\\\/sundbyberg\\\/#\\\/schema\\\/person\\\/eec81caa0b56f396fe2e25427db6db7e\",\"name\":\"sundbyberg\",\"image\":{\"@type\":\"ImageObject\",\"inLanguage\":\"sv-SE\",\"@id\":\"https:\\\/\\\/secure.gravatar.com\\\/avatar\\\/196349f3642b0c87b871f936ab42c728ec5cbfc302876051139652ddbecb4bf8?s=96&d=mm&r=g\",\"url\":\"https:\\\/\\\/secure.gravatar.com\\\/avatar\\\/196349f3642b0c87b871f936ab42c728ec5cbfc302876051139652ddbecb4bf8?s=96&d=mm&r=g\",\"contentUrl\":\"https:\\\/\\\/secure.gravatar.com\\\/avatar\\\/196349f3642b0c87b871f936ab42c728ec5cbfc302876051139652ddbecb4bf8?s=96&d=mm&r=g\",\"caption\":\"sundbyberg\"},\"url\":\"https:\\\/\\\/wp.kristdemokraterna.se\\\/sundbyberg\\\/author\\\/sundbyberg\\\/\"}]}<\/script>\n<!-- \/ Yoast SEO plugin. -->","yoast_head_json":{"title":"Kan nyproduktion byggas i klassisk stil? - Sundbyberg","robots":{"index":"index","follow":"follow","max-snippet":"max-snippet:-1","max-image-preview":"max-image-preview:large","max-video-preview":"max-video-preview:-1"},"canonical":"https:\/\/wp.kristdemokraterna.se\/sundbyberg\/2021\/04\/30\/kan-nyproduktion-byggas-i-klassisk-stil\/","og_locale":"sv_SE","og_type":"article","og_title":"Kan nyproduktion byggas i klassisk stil? - Sundbyberg","og_description":"Kristdemokraterna i Sundbybergs gruppledare, Marcus Jonsson och Paulos Abraha, politisk sekreterare, \u00e5kte till Upplands V\u00e4sby f\u00f6r att f\u00e5 svar p\u00e5 fr\u00e5gan som st\u00e4lls ovan. De togs emot av Kristdemokraternas kommunalr\u00e5d i Upplands V\u00e4sby, Maria F\u00e4lth och kommunstyrelsens ordf\u00f6rande och moderaten Oskar Weinmar. Digitalt fanns \u00e4ven Jens Manell, gruppledare f\u00f6r Kristdemokraterna i Sundbybergs exploateringsutskottet och Tomas Read More","og_url":"https:\/\/wp.kristdemokraterna.se\/sundbyberg\/2021\/04\/30\/kan-nyproduktion-byggas-i-klassisk-stil\/","og_site_name":"Sundbyberg","article_published_time":"2021-04-30T13:47:12+00:00","article_modified_time":"2021-04-30T14:10:27+00:00","og_image":[{"url":"http:\/\/wp.kristdemokraterna.se\/sundbyberg\/files\/2021\/04\/studiebesok-vasby-3-300x292.jpg","type":"","width":"","height":""}],"author":"sundbyberg","twitter_card":"summary_large_image","twitter_misc":{"Skriven av":"sundbyberg","Ber\u00e4knad l\u00e4stid":"2 minuter"},"schema":{"@context":"https:\/\/schema.org","@graph":[{"@type":"Article","@id":"https:\/\/wp.kristdemokraterna.se\/sundbyberg\/2021\/04\/30\/kan-nyproduktion-byggas-i-klassisk-stil\/#article","isPartOf":{"@id":"https:\/\/wp.kristdemokraterna.se\/sundbyberg\/2021\/04\/30\/kan-nyproduktion-byggas-i-klassisk-stil\/"},"author":{"name":"sundbyberg","@id":"https:\/\/wp.kristdemokraterna.se\/sundbyberg\/#\/schema\/person\/eec81caa0b56f396fe2e25427db6db7e"},"headline":"Kan nyproduktion byggas i klassisk stil?","datePublished":"2021-04-30T13:47:12+00:00","dateModified":"2021-04-30T14:10:27+00:00","mainEntityOfPage":{"@id":"https:\/\/wp.kristdemokraterna.se\/sundbyberg\/2021\/04\/30\/kan-nyproduktion-byggas-i-klassisk-stil\/"},"wordCount":252,"image":{"@id":"https:\/\/wp.kristdemokraterna.se\/sundbyberg\/2021\/04\/30\/kan-nyproduktion-byggas-i-klassisk-stil\/#primaryimage"},"thumbnailUrl":"http:\/\/wp.kristdemokraterna.se\/sundbyberg\/files\/2021\/04\/studiebesok-vasby-3-300x292.jpg","articleSection":["Inl\u00e4gg"],"inLanguage":"sv-SE"},{"@type":"WebPage","@id":"https:\/\/wp.kristdemokraterna.se\/sundbyberg\/2021\/04\/30\/kan-nyproduktion-byggas-i-klassisk-stil\/","url":"https:\/\/wp.kristdemokraterna.se\/sundbyberg\/2021\/04\/30\/kan-nyproduktion-byggas-i-klassisk-stil\/","name":"Kan nyproduktion byggas i klassisk stil? - Sundbyberg","isPartOf":{"@id":"https:\/\/wp.kristdemokraterna.se\/sundbyberg\/#website"},"primaryImageOfPage":{"@id":"https:\/\/wp.kristdemokraterna.se\/sundbyberg\/2021\/04\/30\/kan-nyproduktion-byggas-i-klassisk-stil\/#primaryimage"},"image":{"@id":"https:\/\/wp.kristdemokraterna.se\/sundbyberg\/2021\/04\/30\/kan-nyproduktion-byggas-i-klassisk-stil\/#primaryimage"},"thumbnailUrl":"http:\/\/wp.kristdemokraterna.se\/sundbyberg\/files\/2021\/04\/studiebesok-vasby-3-300x292.jpg","datePublished":"2021-04-30T13:47:12+00:00","dateModified":"2021-04-30T14:10:27+00:00","author":{"@id":"https:\/\/wp.kristdemokraterna.se\/sundbyberg\/#\/schema\/person\/eec81caa0b56f396fe2e25427db6db7e"},"breadcrumb":{"@id":"https:\/\/wp.kristdemokraterna.se\/sundbyberg\/2021\/04\/30\/kan-nyproduktion-byggas-i-klassisk-stil\/#breadcrumb"},"inLanguage":"sv-SE","potentialAction":[{"@type":"ReadAction","target":["https:\/\/wp.kristdemokraterna.se\/sundbyberg\/2021\/04\/30\/kan-nyproduktion-byggas-i-klassisk-stil\/"]}]},{"@type":"ImageObject","inLanguage":"sv-SE","@id":"https:\/\/wp.kristdemokraterna.se\/sundbyberg\/2021\/04\/30\/kan-nyproduktion-byggas-i-klassisk-stil\/#primaryimage","url":"http:\/\/wp.kristdemokraterna.se\/sundbyberg\/files\/2021\/04\/studiebesok-vasby-3-300x292.jpg","contentUrl":"http:\/\/wp.kristdemokraterna.se\/sundbyberg\/files\/2021\/04\/studiebesok-vasby-3-300x292.jpg"},{"@type":"BreadcrumbList","@id":"https:\/\/wp.kristdemokraterna.se\/sundbyberg\/2021\/04\/30\/kan-nyproduktion-byggas-i-klassisk-stil\/#breadcrumb","itemListElement":[{"@type":"ListItem","position":1,"name":"Hem","item":"https:\/\/wp.kristdemokraterna.se\/sundbyberg\/"},{"@type":"ListItem","position":2,"name":"Kan nyproduktion byggas i klassisk stil?"}]},{"@type":"WebSite","@id":"https:\/\/wp.kristdemokraterna.se\/sundbyberg\/#website","url":"https:\/\/wp.kristdemokraterna.se\/sundbyberg\/","name":"Sundbyberg","description":"En till Kristdemokraterna webbplats","inLanguage":"sv-SE"},{"@type":"Person","@id":"https:\/\/wp.kristdemokraterna.se\/sundbyberg\/#\/schema\/person\/eec81caa0b56f396fe2e25427db6db7e","name":"sundbyberg","image":{"@type":"ImageObject","inLanguage":"sv-SE","@id":"https:\/\/secure.gravatar.com\/avatar\/196349f3642b0c87b871f936ab42c728ec5cbfc302876051139652ddbecb4bf8?s=96&d=mm&r=g","url":"https:\/\/secure.gravatar.com\/avatar\/196349f3642b0c87b871f936ab42c728ec5cbfc302876051139652ddbecb4bf8?s=96&d=mm&r=g","contentUrl":"https:\/\/secure.gravatar.com\/avatar\/196349f3642b0c87b871f936ab42c728ec5cbfc302876051139652ddbecb4bf8?s=96&d=mm&r=g","caption":"sundbyberg"},"url":"https:\/\/wp.kristdemokraterna.se\/sundbyberg\/author\/sundbyberg\/"}]}},"_links":{"self":[{"href":"https:\/\/wp.kristdemokraterna.se\/sundbyberg\/wp-json\/wp\/v2\/posts\/981","targetHints":{"allow":["GET"]}}],"collection":[{"href":"https:\/\/wp.kristdemokraterna.se\/sundbyberg\/wp-json\/wp\/v2\/posts"}],"about":[{"href":"https:\/\/wp.kristdemokraterna.se\/sundbyberg\/wp-json\/wp\/v2\/types\/post"}],"author":[{"embeddable":true,"href":"https:\/\/wp.kristdemokraterna.se\/sundbyberg\/wp-json\/wp\/v2\/users\/611"}],"replies":[{"embeddable":true,"href":"https:\/\/wp.kristdemokraterna.se\/sundbyberg\/wp-json\/wp\/v2\/comments?post=981"}],"version-history":[{"count":11,"href":"https:\/\/wp.kristdemokraterna.se\/sundbyberg\/wp-json\/wp\/v2\/posts\/981\/revisions"}],"predecessor-version":[{"id":996,"href":"https:\/\/wp.kristdemokraterna.se\/sundbyberg\/wp-json\/wp\/v2\/posts\/981\/revisions\/996"}],"wp:attachment":[{"href":"https:\/\/wp.kristdemokraterna.se\/sundbyberg\/wp-json\/wp\/v2\/media?parent=981"}],"wp:term":[{"taxonomy":"category","embeddable":true,"href":"https:\/\/wp.kristdemokraterna.se\/sundbyberg\/wp-json\/wp\/v2\/categories?post=981"},{"taxonomy":"post_tag","embeddable":true,"href":"https:\/\/wp.kristdemokraterna.se\/sundbyberg\/wp-json\/wp\/v2\/tags?post=981"}],"curies":[{"name":"wp","href":"https:\/\/api.w.org\/{rel}","templated":true}]}}