{"id":999,"date":"2021-05-10T15:59:30","date_gmt":"2021-05-10T13:59:30","guid":{"rendered":"https:\/\/wp.kristdemokraterna.se\/sundbyberg\/?p=999"},"modified":"2021-05-10T15:59:30","modified_gmt":"2021-05-10T13:59:30","slug":"de-kraver-att-en-fritidsgard-oppnar-i-rissne","status":"publish","type":"post","link":"https:\/\/wp.kristdemokraterna.se\/sundbyberg\/2021\/05\/10\/de-kraver-att-en-fritidsgard-oppnar-i-rissne\/","title":{"rendered":"De kr\u00e4ver att en fritidsg\u00e5rd \u00f6ppnar i Rissne"},"content":{"rendered":"<p><strong>I februari st\u00e4ngde fritidsg\u00e5rden i Rissne p\u00e5 grund av d\u00e5lig ventilation. Det fick politikerna reda p\u00e5 f\u00f6rst i april och nu kr\u00e4ver oppositionen att nya lokaler och anst\u00e4lldas h\u00e4lsa utreds.<\/strong><\/p>\n<p>I februari st\u00e4ngde Rissnes fritidsg\u00e5rd Hundra74:an \u2013 det var f\u00f6r kallt i lokalerna. I samma veva larmade personalen om d\u00e5lig luft. Nu l\u00e4r fritidsg\u00e5rden l\u00e4r inte \u00f6ppna f\u00f6rr\u00e4n i h\u00f6st.<\/p>\n<p>Problemen med luften har enligt kultur- och fritidsf\u00f6rvaltningen p\u00e5g\u00e5tt i flera \u00e5r, men inte \u00e5tg\u00e4rdats tillr\u00e4ckligt av staden och fastighets\u00e4garen.<\/p>\n<p>Politikerna i kultur- och fritidsn\u00e4mnden fick k\u00e4nnedom om st\u00e4ngningen f\u00f6rst i april \u2013 \u00f6ver tv\u00e5 m\u00e5nader efter\u00e5t. Att n\u00e4mnden inte informerats om problemen med arbetsmilj\u00f6n g\u00f6r Paulos Abraha, gruppledare f\u00f6r Kristdemokraterna i kultur- och fritidsn\u00e4mnden, uppr\u00f6rd.<\/p>\n<p>\u2013 Rissne \u00e4r ett riskomr\u00e5de och nu har man inte haft en m\u00f6tesplats i flera m\u00e5nader. Hade arbetsmilj\u00f6problemen varit i Ursvik hade man \u00e5tg\u00e4rdat det h\u00e4r direkt, men nu har man f\u00f6rs\u00f6kt sopa det under mattan, s\u00e4ger han.<\/p>\n<h3>Vill utreda nya lokaler<\/h3>\n<p>Milj\u00f6partiet, Moderaterna och Kristdemokraterna i kultur- och fritidsn\u00e4mnden vill nu att staden snabbt f\u00e5r nya lokaler p\u00e5 plats och att b\u00e5de anst\u00e4llda och ungdomar som vistats p\u00e5 fritidsg\u00e5rden erbjuds h\u00e4lsokontroller.<\/p>\n<p>\u2013 I grund och botten handlar det om att staden brustit i sitt arbetsgivaransvar och att det f\u00e5r allvarliga konsekvenser f\u00f6r alla som vistats p\u00e5 fritidsg\u00e5rden, s\u00e4ger Max Roseneld, Moderaternas gruppledare i kultur- och fritidsn\u00e4mnden.<\/p>\n<h3>&#8221;Har inte varit tillr\u00e4ckligt&#8221;<\/h3>\n<p>Johan Malmgren, f\u00f6rvaltningschef p\u00e5 kultur- och fritidsf\u00f6rvaltningen medger att\u00a0det har tagit alldeles f\u00f6r l\u00e5ng tid f\u00f6r staden och fastighets\u00e4garna att ordna ventilationsproblemen.<\/p>\n<p>&#8221;Min bild \u00e4r att en del gjorts, men att det tyv\u00e4rr inte varit tillr\u00e4ckligt. F\u00f6rvaltningen har gjort ett antal felanm\u00e4lningar under de h\u00e4r \u00e5ren och fastighets\u00e4garna har f\u00f6rs\u00f6kt med olika \u00e5tg\u00e4rder, men det \u00e4r ju uppenbart att det inte har r\u00e4ckt till. Nu ska vi f\u00e5 det h\u00e4r \u00e5tg\u00e4rdat en g\u00e5ng f\u00f6r alla.&#8221; S\u00e5 skriver han i ett mejl till Mitt i.<\/p>\n<p><b>Varf\u00f6r har inte detta framg\u00e5tt till n\u00e4mnden f\u00f6rr\u00e4n nu?<\/b><\/p>\n<p>&#8221;F\u00f6rvaltningen informerade n\u00e4mnden den 15 april i och med ett m\u00f6te om verksamheterna. Det var f\u00f6rst den sista mars som f\u00f6rvaltningen fattade beslut om att lokalen inte kommer att \u00f6ppna upp f\u00f6rr\u00e4n till h\u00f6sten.&#8221;<\/p>\n<p>Johan Malmgren lovar att fritidsg\u00e5rden ska \u00f6ppna till h\u00f6sten. I mitten av maj hoppas han att verksamheten som de senaste \u00e5ren har bedrivits vid Rissne IP kan \u00f6ppna igen.\u00a0&#8221;Samtidigt ska n\u00e4mnas att f\u00f6rvaltningen arbetar med fr\u00e5gan att hitta en ny lokal till verksamheten&#8221;, skriver Johan Malmgren.<\/p>\n<p><a href=\"https:\/\/www.mitti.se\/sundbybergdirekt\/de-kraver-att-en-fritidsgard-oppnar-i-rissne\/repudz!q7oi4pRa38JaKVvvb9tlBw\/\">Nyhetsartikel, Mitt i Sundbyberg 3 maj 2021<\/a><\/p>\n","protected":false},"excerpt":{"rendered":"<p>I februari st\u00e4ngde fritidsg\u00e5rden i Rissne p\u00e5 grund av d\u00e5lig ventilation. Det fick politikerna reda p\u00e5 f\u00f6rst i april och nu kr\u00e4ver oppositionen att nya lokaler och anst\u00e4lldas h\u00e4lsa utreds. I februari st\u00e4ngde Rissnes fritidsg\u00e5rd Hundra74:an \u2013 det var f\u00f6r kallt i lokalerna. I samma veva larmade personalen om d\u00e5lig luft. Nu l\u00e4r fritidsg\u00e5rden l\u00e4r <a class=\"read-more-link\" href=\"https:\/\/wp.kristdemokraterna.se\/sundbyberg\/2021\/05\/10\/de-kraver-att-en-fritidsgard-oppnar-i-rissne\/\">Read More<\/a><\/p>\n","protected":false},"author":611,"featured_media":0,"comment_status":"closed","ping_status":"closed","sticky":false,"template":"","format":"standard","meta":{"_acf_changed":false,"footnotes":""},"categories":[1],"tags":[],"class_list":["post-999","post","type-post","status-publish","format-standard","hentry","category-inlagg"],"acf":[],"yoast_head":"<!-- This site is optimized with the Yoast SEO plugin v27.4 - https:\/\/yoast.com\/product\/yoast-seo-wordpress\/ -->\n<title>De kr\u00e4ver att en fritidsg\u00e5rd \u00f6ppnar i Rissne - Sundbyberg<\/title>\n<meta name=\"robots\" content=\"index, follow, max-snippet:-1, max-image-preview:large, max-video-preview:-1\" \/>\n<link rel=\"canonical\" href=\"https:\/\/wp.kristdemokraterna.se\/sundbyberg\/2021\/05\/10\/de-kraver-att-en-fritidsgard-oppnar-i-rissne\/\" \/>\n<meta property=\"og:locale\" content=\"sv_SE\" \/>\n<meta property=\"og:type\" content=\"article\" \/>\n<meta property=\"og:title\" content=\"De kr\u00e4ver att en fritidsg\u00e5rd \u00f6ppnar i Rissne - Sundbyberg\" \/>\n<meta property=\"og:description\" content=\"I februari st\u00e4ngde fritidsg\u00e5rden i Rissne p\u00e5 grund av d\u00e5lig ventilation. Det fick politikerna reda p\u00e5 f\u00f6rst i april och nu kr\u00e4ver oppositionen att nya lokaler och anst\u00e4lldas h\u00e4lsa utreds. I februari st\u00e4ngde Rissnes fritidsg\u00e5rd Hundra74:an \u2013 det var f\u00f6r kallt i lokalerna. I samma veva larmade personalen om d\u00e5lig luft. Nu l\u00e4r fritidsg\u00e5rden l\u00e4r Read More\" \/>\n<meta property=\"og:url\" content=\"https:\/\/wp.kristdemokraterna.se\/sundbyberg\/2021\/05\/10\/de-kraver-att-en-fritidsgard-oppnar-i-rissne\/\" \/>\n<meta property=\"og:site_name\" content=\"Sundbyberg\" \/>\n<meta property=\"article:published_time\" content=\"2021-05-10T13:59:30+00:00\" \/>\n<meta name=\"author\" content=\"sundbyberg\" \/>\n<meta name=\"twitter:card\" content=\"summary_large_image\" \/>\n<meta name=\"twitter:label1\" content=\"Skriven av\" \/>\n\t<meta name=\"twitter:data1\" content=\"sundbyberg\" \/>\n\t<meta name=\"twitter:label2\" content=\"Ber\u00e4knad l\u00e4stid\" \/>\n\t<meta name=\"twitter:data2\" content=\"2 minuter\" \/>\n<script type=\"application\/ld+json\" class=\"yoast-schema-graph\">{\"@context\":\"https:\\\/\\\/schema.org\",\"@graph\":[{\"@type\":\"Article\",\"@id\":\"https:\\\/\\\/wp.kristdemokraterna.se\\\/sundbyberg\\\/2021\\\/05\\\/10\\\/de-kraver-att-en-fritidsgard-oppnar-i-rissne\\\/#article\",\"isPartOf\":{\"@id\":\"https:\\\/\\\/wp.kristdemokraterna.se\\\/sundbyberg\\\/2021\\\/05\\\/10\\\/de-kraver-att-en-fritidsgard-oppnar-i-rissne\\\/\"},\"author\":{\"name\":\"sundbyberg\",\"@id\":\"https:\\\/\\\/wp.kristdemokraterna.se\\\/sundbyberg\\\/#\\\/schema\\\/person\\\/eec81caa0b56f396fe2e25427db6db7e\"},\"headline\":\"De kr\u00e4ver att en fritidsg\u00e5rd \u00f6ppnar i Rissne\",\"datePublished\":\"2021-05-10T13:59:30+00:00\",\"mainEntityOfPage\":{\"@id\":\"https:\\\/\\\/wp.kristdemokraterna.se\\\/sundbyberg\\\/2021\\\/05\\\/10\\\/de-kraver-att-en-fritidsgard-oppnar-i-rissne\\\/\"},\"wordCount\":508,\"articleSection\":[\"Inl\u00e4gg\"],\"inLanguage\":\"sv-SE\"},{\"@type\":\"WebPage\",\"@id\":\"https:\\\/\\\/wp.kristdemokraterna.se\\\/sundbyberg\\\/2021\\\/05\\\/10\\\/de-kraver-att-en-fritidsgard-oppnar-i-rissne\\\/\",\"url\":\"https:\\\/\\\/wp.kristdemokraterna.se\\\/sundbyberg\\\/2021\\\/05\\\/10\\\/de-kraver-att-en-fritidsgard-oppnar-i-rissne\\\/\",\"name\":\"De kr\u00e4ver att en fritidsg\u00e5rd \u00f6ppnar i Rissne - Sundbyberg\",\"isPartOf\":{\"@id\":\"https:\\\/\\\/wp.kristdemokraterna.se\\\/sundbyberg\\\/#website\"},\"datePublished\":\"2021-05-10T13:59:30+00:00\",\"author\":{\"@id\":\"https:\\\/\\\/wp.kristdemokraterna.se\\\/sundbyberg\\\/#\\\/schema\\\/person\\\/eec81caa0b56f396fe2e25427db6db7e\"},\"breadcrumb\":{\"@id\":\"https:\\\/\\\/wp.kristdemokraterna.se\\\/sundbyberg\\\/2021\\\/05\\\/10\\\/de-kraver-att-en-fritidsgard-oppnar-i-rissne\\\/#breadcrumb\"},\"inLanguage\":\"sv-SE\",\"potentialAction\":[{\"@type\":\"ReadAction\",\"target\":[\"https:\\\/\\\/wp.kristdemokraterna.se\\\/sundbyberg\\\/2021\\\/05\\\/10\\\/de-kraver-att-en-fritidsgard-oppnar-i-rissne\\\/\"]}]},{\"@type\":\"BreadcrumbList\",\"@id\":\"https:\\\/\\\/wp.kristdemokraterna.se\\\/sundbyberg\\\/2021\\\/05\\\/10\\\/de-kraver-att-en-fritidsgard-oppnar-i-rissne\\\/#breadcrumb\",\"itemListElement\":[{\"@type\":\"ListItem\",\"position\":1,\"name\":\"Hem\",\"item\":\"https:\\\/\\\/wp.kristdemokraterna.se\\\/sundbyberg\\\/\"},{\"@type\":\"ListItem\",\"position\":2,\"name\":\"De kr\u00e4ver att en fritidsg\u00e5rd \u00f6ppnar i Rissne\"}]},{\"@type\":\"WebSite\",\"@id\":\"https:\\\/\\\/wp.kristdemokraterna.se\\\/sundbyberg\\\/#website\",\"url\":\"https:\\\/\\\/wp.kristdemokraterna.se\\\/sundbyberg\\\/\",\"name\":\"Sundbyberg\",\"description\":\"En till Kristdemokraterna webbplats\",\"inLanguage\":\"sv-SE\"},{\"@type\":\"Person\",\"@id\":\"https:\\\/\\\/wp.kristdemokraterna.se\\\/sundbyberg\\\/#\\\/schema\\\/person\\\/eec81caa0b56f396fe2e25427db6db7e\",\"name\":\"sundbyberg\",\"image\":{\"@type\":\"ImageObject\",\"inLanguage\":\"sv-SE\",\"@id\":\"https:\\\/\\\/secure.gravatar.com\\\/avatar\\\/196349f3642b0c87b871f936ab42c728ec5cbfc302876051139652ddbecb4bf8?s=96&d=mm&r=g\",\"url\":\"https:\\\/\\\/secure.gravatar.com\\\/avatar\\\/196349f3642b0c87b871f936ab42c728ec5cbfc302876051139652ddbecb4bf8?s=96&d=mm&r=g\",\"contentUrl\":\"https:\\\/\\\/secure.gravatar.com\\\/avatar\\\/196349f3642b0c87b871f936ab42c728ec5cbfc302876051139652ddbecb4bf8?s=96&d=mm&r=g\",\"caption\":\"sundbyberg\"},\"url\":\"https:\\\/\\\/wp.kristdemokraterna.se\\\/sundbyberg\\\/author\\\/sundbyberg\\\/\"}]}<\/script>\n<!-- \/ Yoast SEO plugin. -->","yoast_head_json":{"title":"De kr\u00e4ver att en fritidsg\u00e5rd \u00f6ppnar i Rissne - Sundbyberg","robots":{"index":"index","follow":"follow","max-snippet":"max-snippet:-1","max-image-preview":"max-image-preview:large","max-video-preview":"max-video-preview:-1"},"canonical":"https:\/\/wp.kristdemokraterna.se\/sundbyberg\/2021\/05\/10\/de-kraver-att-en-fritidsgard-oppnar-i-rissne\/","og_locale":"sv_SE","og_type":"article","og_title":"De kr\u00e4ver att en fritidsg\u00e5rd \u00f6ppnar i Rissne - Sundbyberg","og_description":"I februari st\u00e4ngde fritidsg\u00e5rden i Rissne p\u00e5 grund av d\u00e5lig ventilation. Det fick politikerna reda p\u00e5 f\u00f6rst i april och nu kr\u00e4ver oppositionen att nya lokaler och anst\u00e4lldas h\u00e4lsa utreds. I februari st\u00e4ngde Rissnes fritidsg\u00e5rd Hundra74:an \u2013 det var f\u00f6r kallt i lokalerna. I samma veva larmade personalen om d\u00e5lig luft. Nu l\u00e4r fritidsg\u00e5rden l\u00e4r Read More","og_url":"https:\/\/wp.kristdemokraterna.se\/sundbyberg\/2021\/05\/10\/de-kraver-att-en-fritidsgard-oppnar-i-rissne\/","og_site_name":"Sundbyberg","article_published_time":"2021-05-10T13:59:30+00:00","author":"sundbyberg","twitter_card":"summary_large_image","twitter_misc":{"Skriven av":"sundbyberg","Ber\u00e4knad l\u00e4stid":"2 minuter"},"schema":{"@context":"https:\/\/schema.org","@graph":[{"@type":"Article","@id":"https:\/\/wp.kristdemokraterna.se\/sundbyberg\/2021\/05\/10\/de-kraver-att-en-fritidsgard-oppnar-i-rissne\/#article","isPartOf":{"@id":"https:\/\/wp.kristdemokraterna.se\/sundbyberg\/2021\/05\/10\/de-kraver-att-en-fritidsgard-oppnar-i-rissne\/"},"author":{"name":"sundbyberg","@id":"https:\/\/wp.kristdemokraterna.se\/sundbyberg\/#\/schema\/person\/eec81caa0b56f396fe2e25427db6db7e"},"headline":"De kr\u00e4ver att en fritidsg\u00e5rd \u00f6ppnar i Rissne","datePublished":"2021-05-10T13:59:30+00:00","mainEntityOfPage":{"@id":"https:\/\/wp.kristdemokraterna.se\/sundbyberg\/2021\/05\/10\/de-kraver-att-en-fritidsgard-oppnar-i-rissne\/"},"wordCount":508,"articleSection":["Inl\u00e4gg"],"inLanguage":"sv-SE"},{"@type":"WebPage","@id":"https:\/\/wp.kristdemokraterna.se\/sundbyberg\/2021\/05\/10\/de-kraver-att-en-fritidsgard-oppnar-i-rissne\/","url":"https:\/\/wp.kristdemokraterna.se\/sundbyberg\/2021\/05\/10\/de-kraver-att-en-fritidsgard-oppnar-i-rissne\/","name":"De kr\u00e4ver att en fritidsg\u00e5rd \u00f6ppnar i Rissne - Sundbyberg","isPartOf":{"@id":"https:\/\/wp.kristdemokraterna.se\/sundbyberg\/#website"},"datePublished":"2021-05-10T13:59:30+00:00","author":{"@id":"https:\/\/wp.kristdemokraterna.se\/sundbyberg\/#\/schema\/person\/eec81caa0b56f396fe2e25427db6db7e"},"breadcrumb":{"@id":"https:\/\/wp.kristdemokraterna.se\/sundbyberg\/2021\/05\/10\/de-kraver-att-en-fritidsgard-oppnar-i-rissne\/#breadcrumb"},"inLanguage":"sv-SE","potentialAction":[{"@type":"ReadAction","target":["https:\/\/wp.kristdemokraterna.se\/sundbyberg\/2021\/05\/10\/de-kraver-att-en-fritidsgard-oppnar-i-rissne\/"]}]},{"@type":"BreadcrumbList","@id":"https:\/\/wp.kristdemokraterna.se\/sundbyberg\/2021\/05\/10\/de-kraver-att-en-fritidsgard-oppnar-i-rissne\/#breadcrumb","itemListElement":[{"@type":"ListItem","position":1,"name":"Hem","item":"https:\/\/wp.kristdemokraterna.se\/sundbyberg\/"},{"@type":"ListItem","position":2,"name":"De kr\u00e4ver att en fritidsg\u00e5rd \u00f6ppnar i Rissne"}]},{"@type":"WebSite","@id":"https:\/\/wp.kristdemokraterna.se\/sundbyberg\/#website","url":"https:\/\/wp.kristdemokraterna.se\/sundbyberg\/","name":"Sundbyberg","description":"En till Kristdemokraterna webbplats","inLanguage":"sv-SE"},{"@type":"Person","@id":"https:\/\/wp.kristdemokraterna.se\/sundbyberg\/#\/schema\/person\/eec81caa0b56f396fe2e25427db6db7e","name":"sundbyberg","image":{"@type":"ImageObject","inLanguage":"sv-SE","@id":"https:\/\/secure.gravatar.com\/avatar\/196349f3642b0c87b871f936ab42c728ec5cbfc302876051139652ddbecb4bf8?s=96&d=mm&r=g","url":"https:\/\/secure.gravatar.com\/avatar\/196349f3642b0c87b871f936ab42c728ec5cbfc302876051139652ddbecb4bf8?s=96&d=mm&r=g","contentUrl":"https:\/\/secure.gravatar.com\/avatar\/196349f3642b0c87b871f936ab42c728ec5cbfc302876051139652ddbecb4bf8?s=96&d=mm&r=g","caption":"sundbyberg"},"url":"https:\/\/wp.kristdemokraterna.se\/sundbyberg\/author\/sundbyberg\/"}]}},"_links":{"self":[{"href":"https:\/\/wp.kristdemokraterna.se\/sundbyberg\/wp-json\/wp\/v2\/posts\/999","targetHints":{"allow":["GET"]}}],"collection":[{"href":"https:\/\/wp.kristdemokraterna.se\/sundbyberg\/wp-json\/wp\/v2\/posts"}],"about":[{"href":"https:\/\/wp.kristdemokraterna.se\/sundbyberg\/wp-json\/wp\/v2\/types\/post"}],"author":[{"embeddable":true,"href":"https:\/\/wp.kristdemokraterna.se\/sundbyberg\/wp-json\/wp\/v2\/users\/611"}],"replies":[{"embeddable":true,"href":"https:\/\/wp.kristdemokraterna.se\/sundbyberg\/wp-json\/wp\/v2\/comments?post=999"}],"version-history":[{"count":5,"href":"https:\/\/wp.kristdemokraterna.se\/sundbyberg\/wp-json\/wp\/v2\/posts\/999\/revisions"}],"predecessor-version":[{"id":1006,"href":"https:\/\/wp.kristdemokraterna.se\/sundbyberg\/wp-json\/wp\/v2\/posts\/999\/revisions\/1006"}],"wp:attachment":[{"href":"https:\/\/wp.kristdemokraterna.se\/sundbyberg\/wp-json\/wp\/v2\/media?parent=999"}],"wp:term":[{"taxonomy":"category","embeddable":true,"href":"https:\/\/wp.kristdemokraterna.se\/sundbyberg\/wp-json\/wp\/v2\/categories?post=999"},{"taxonomy":"post_tag","embeddable":true,"href":"https:\/\/wp.kristdemokraterna.se\/sundbyberg\/wp-json\/wp\/v2\/tags?post=999"}],"curies":[{"name":"wp","href":"https:\/\/api.w.org\/{rel}","templated":true}]}}